{"id":100017,"date":"2022-11-29T17:00:21","date_gmt":"2022-11-29T15:00:21","guid":{"rendered":"http:\/\/www.reunion68.se\/?p=100017"},"modified":"2022-11-25T08:55:38","modified_gmt":"2022-11-25T06:55:38","slug":"29-00-74","status":"publish","type":"post","link":"https:\/\/www.reunion68.se\/?p=100017","title":{"rendered":"Dzie\u0144 Niepodleg\u0142o\u015bci Izraela [film]"},"content":{"rendered":"<h5 style=\"text-align: center;\"><a href=\"https:\/\/youtu.be\/\" target=\"_blank\" rel=\"noopener noreferrer\"><img decoding=\"async\" class=\"center alignleft\" src=\"http:\/\/www.reunion68.com\/Biuletyn\/img\/zih-1.png\" alt=\"\" width=\"35%\" \/><\/a><span style=\"text-decoration: underline; color: #000080;\"><span style=\"text-decoration: underline;\"><strong><a style=\"color: #000080; text-decoration: underline;\" href=\"https:\/\/youtu.be\/0_ka83fBdno\" target=\"_blank\" rel=\"noopener noreferrer\">Dzie\u0144 Niepodleg\u0142o\u015bci Izraela [film]<\/a><\/strong><\/span><\/span><\/h5>\n<p style=\"text-align: center;\"><span style=\"color: #000000;\"><strong>\u017bydowski Instytut Historyczny<br \/>\n<\/strong><\/span><\/p>\n<hr style=\"height: 15px; background: #d0e6fa; width: 100%;\" \/>\n<h4 style=\"text-align: center;\"><span style=\"color: #808080;\"><strong>Od wczorajszego wieczoru (14.04) w Izraelu trwa Jom haAcmaut, czyli Dzie\u0144 Niepodleg\u0142o\u015bci Izraela. Dzie\u0144 wcze\u015bniej zako\u0144czy\u0142o si\u0119 \u015bwi\u0119to Jom haZikaron, upami\u0119tniaj\u0105ce poleg\u0142ych \u017co\u0142nierzy izraelskich.<\/strong><\/span><\/h4>\n<p style=\"text-align: center;\"><img decoding=\"async\" class=\"aligncenter\" src=\"https:\/\/www.jhi.pl\/storage\/image\/core_files\/2021\/4\/15\/36eede6d87ac34ee8e1dc8578e27ee14\/jpg\/jhi\/normal_big\/Declaration_of_State_of_Israel_1948_wiki.jpg\" alt=\"Declaration_of_State_of_Israel_1948_wiki.jpg\" width=\"100%\" data-title=\"\" \/><em><span style=\"color: #808080;\">14 maja 1948 r. Premier Dawid Ben-Gurion og\u0142asza niepodleg\u0142o\u015b\u0107 Izraela. W tle portret Theodora Herzla. Ministerstwo Spraw Zagranicznych Izraela\/Wikipedia, domena publiczna<\/span><\/em><\/p>\n<p style=\"text-align: left;\"><span style=\"color: #000080;\">Z tej okazji przypominamy nagranie z seminarium naukowego \u201eTrzy wizje pa\u0144stwa, trzy wizje armii. Organizacje zbrojne ruchu syjonistycznego przed 1948 r.\u201d, podczas kt\u00f3rego Joanna Zych opowiada\u0142a o organizacjach, kt\u00f3re walczy\u0142y o niepodleg\u0142o\u015b\u0107 Izraela, a kt\u00f3re dzieli\u0142o niemal wszystko: od podej\u015bcia do walki zbrojnej, poprzez ideologi\u0119 polityczn\u0105, a\u017c do wizji przysz\u0142ego pa\u0144stwa \u017cydowskiego.<\/span><\/p>\n<div id=\"content\" class=\"content-alignment\">\n<div id=\"watch-description\" class=\"yt-uix-button-panel\">\n<div id=\"watch-description-text\" style=\"text-align: center;\">\n<p><iframe loading=\"lazy\" title=\"Trzy wizje pa\u0144stwa, trzy wizje armii. Organizacje zbrojne ruchu syjonistycznego przed 1948 r.\" src=\"https:\/\/www.youtube.com\/embed\/0_ka83fBdno\" width=\"680\" height=\"400\" frameborder=\"0\" allowfullscreen=\"allowfullscreen\"><\/iframe><\/p>\n<\/div>\n<\/div>\n<\/div>\n<hr style=\"height: 15px; background: #d0e6fa; width: 100%;\" \/>\n<div id=\"content\" class=\"content-alignment\">\n<div id=\"watch-description\" class=\"yt-uix-button-panel\">\n<div id=\"watch-description-text\" style=\"text-align: center;\">\n<p><em>Zawarto\u015b\u0107 publikowanych artyku\u0142\u00f3w i materia\u0142\u00f3w nie reprezentuje pogl\u0105d\u00f3w ani opinii Reunion&#8217;68,<\/em><em><br \/>\nani te\u017c webmastera Blogu Reunion&#8217;68, chyba ze jest to wyra\u017anie zaznaczone.<br \/>\nTwoje uwagi, linki, w\u0142asne artyku\u0142y lub wiadomo\u015bci prze\u015blij na adres:<br \/>\n<\/em><span style=\"color: #000080;\"><strong><em><a style=\"color: #000080;\" href=\"mailto:webmaster@reunion68.com\"><span style=\"text-decoration: underline;\">webmaster@reunion68.com<\/span><\/a><\/em><\/strong><\/span><\/p>\n<\/div>\n<\/div>\n<\/div>\n<hr style=\"width: 100%;\" \/>\n","protected":false},"excerpt":{"rendered":"<p>Dzie\u0144 Niepodleg\u0142o\u015bci Izraela [film] \u017bydowski Instytut Historyczny Od wczorajszego wieczoru (14.04) w Izraelu trwa Jom haAcmaut, czyli Dzie\u0144 Niepodleg\u0142o\u015bci Izraela. Dzie\u0144 wcze\u015bniej zako\u0144czy\u0142o si\u0119 \u015bwi\u0119to Jom haZikaron, upami\u0119tniaj\u0105ce poleg\u0142ych \u017co\u0142nierzy izraelskich. 14 maja 1948 r. Premier Dawid Ben-Gurion og\u0142asza niepodleg\u0142o\u015b\u0107 Izraela. W tle portret Theodora Herzla. Ministerstwo Spraw Zagranicznych Izraela\/Wikipedia, domena publiczna Z tej okazji [&hellip;]<\/p>\n","protected":false},"author":1,"featured_media":0,"comment_status":"closed","ping_status":"closed","sticky":false,"template":"","format":"standard","meta":[],"categories":[6],"tags":[26,24],"_links":{"self":[{"href":"https:\/\/www.reunion68.se\/index.php?rest_route=\/wp\/v2\/posts\/100017"}],"collection":[{"href":"https:\/\/www.reunion68.se\/index.php?rest_route=\/wp\/v2\/posts"}],"about":[{"href":"https:\/\/www.reunion68.se\/index.php?rest_route=\/wp\/v2\/types\/post"}],"author":[{"embeddable":true,"href":"https:\/\/www.reunion68.se\/index.php?rest_route=\/wp\/v2\/users\/1"}],"replies":[{"embeddable":true,"href":"https:\/\/www.reunion68.se\/index.php?rest_route=%2Fwp%2Fv2%2Fcomments&post=100017"}],"version-history":[{"count":7,"href":"https:\/\/www.reunion68.se\/index.php?rest_route=\/wp\/v2\/posts\/100017\/revisions"}],"predecessor-version":[{"id":100024,"href":"https:\/\/www.reunion68.se\/index.php?rest_route=\/wp\/v2\/posts\/100017\/revisions\/100024"}],"wp:attachment":[{"href":"https:\/\/www.reunion68.se\/index.php?rest_route=%2Fwp%2Fv2%2Fmedia&parent=100017"}],"wp:term":[{"taxonomy":"category","embeddable":true,"href":"https:\/\/www.reunion68.se\/index.php?rest_route=%2Fwp%2Fv2%2Fcategories&post=100017"},{"taxonomy":"post_tag","embeddable":true,"href":"https:\/\/www.reunion68.se\/index.php?rest_route=%2Fwp%2Fv2%2Ftags&post=100017"}],"curies":[{"name":"wp","href":"https:\/\/api.w.org\/{rel}","templated":true}]}}