{"id":100083,"date":"2022-12-14T17:09:43","date_gmt":"2022-12-14T15:09:43","guid":{"rendered":"http:\/\/www.reunion68.se\/?p=100083"},"modified":"2022-12-10T10:29:50","modified_gmt":"2022-12-10T08:29:50","slug":"02-09-78","status":"publish","type":"post","link":"https:\/\/www.reunion68.se\/?p=100083","title":{"rendered":"Jak przeciwdzia\u0142a\u0107 przejawom antysemityzmu? Rozmawiano w Nowej Synagodze"},"content":{"rendered":"<p style=\"text-align: center;\"><img decoding=\"async\" class=\"aligncenter\" src=\"https:\/\/www.gdansk.pl\/download\/2019-03\/125231.jpg\" width=\"100%\"><span style=\"color: #808080;\"><em>\u201eLedaber. Rozmowa o&#8230;\u201d to cykl debat w Nowej Synagodze, prowadzonych przez Micha\u0142a Ruckiego (na zdj\u0119ciu) \/&nbsp; Fot. Grzegorz Mehring \/ www.gdansk.pl<\/em><\/span><\/p>\n<hr>\n<h5 style=\"text-align: center;\"><a href=\"https:\/\/www.gdansk.pl\/\" target=\"_blank\" rel=\"noopener noreferrer\"><img decoding=\"async\" class=\"center alignleft\" src=\"https:\/\/www.gdansk.pl\/images\/logo-www-ukraina2.svg\" alt=\"\" width=\"35%\"><\/a><span style=\"text-decoration: underline; color: #000080;\"><strong><a style=\"color: #000080; text-decoration: underline;\" href=\"https:\/\/www.gdansk.pl\/wiadomosci\/Antysemityzm-w-Polsce-jest-zle-W-Gdansku-rozmawiali-o-problemie,a,142262\" target=\"_blank\" rel=\"noopener noreferrer\">Jak przeciwdzia\u0142a\u0107 przejawom antysemityzmu? Rozmawiano w Nowej Synagodze<\/a><\/strong><\/span><\/h5>\n<p style=\"text-align: center;\"><span style=\"color: #000000;\"><strong>Agata Olszewska<\/strong><\/span><\/p>\n<hr style=\"height: 15px; background: #d0e6fa; width: 100%;\">\n<h4 style=\"text-align: center;\"><span style=\"color: #808080;\"><strong>Jaki jest poziom antysemityzmu w Polsce i Europie, jakie zagro\u017cenia z niego wynikaj\u0105 i jakie istniej\u0105 sposoby, by im przeciwdzia\u0142a\u0107 &#8211; o tym rozmawiali socjologowie i historycy w Nowej Synagodze w Gda\u0144sku podczas debaty w ramach cyklu \u201eLedaber. Rozmowa o&#8230;\u201d. Go\u015b\u0107mi Micha\u0142a Ruckiego byli dr Helena Datner i dr Micha\u0142 Bilewicz.<\/strong><\/span><\/h4>\n<p style=\"text-align: left;\">.<br \/>\n<span style=\"color: #000080;\">W grudniu ubieg\u0142ego roku Komisja Europejska opublikowa\u0142a wyniki raportu wykonanego z inicjatywy Agencji Praw Podstawowych Unii Europejskiej (FRA) nt. do\u015bwiadcze\u0144 spo\u0142eczno\u015bci \u017cydowskiej w Europie z antysemityzmem.By\u0142o to najwi\u0119ksze badanie tego typu zrealizowane w Europie. Udzia\u0142 w nim wzi\u0119\u0142o ponad 16 tys. 300. respondent\u00f3w z 12. kraj\u00f3w: Austrii, Belgii, Danii, Francji, Niemiec, W\u0119gier, W\u0142och, Hiszpanii, Holandii, Szwecji, Wielkiej Brytanii i Polski.<\/span><\/p>\n<div style=\"text-align: left;\"><span style=\"color: #000080;\">Wyniki okaza\u0142y si\u0119 alarmuj\u0105ce: 9. na 10. respondent\u00f3w by\u0142o zdania, \u017ce w ostatnim czasie poziom antysemityzmu wzr\u00f3s\u0142 (dok\u0142adnie w ci\u0105gu ostatnich pi\u0119ciu lat). 85% europejskich \u017byd\u00f3w uwa\u017ca antysemityzm za najwi\u0119kszy problem spo\u0142eczny lub polityczny w ich ojczy\u017anie.<\/span><\/div>\n<p style=\"text-align: center;\"><img decoding=\"async\" class=\"aligncenter\" src=\"https:\/\/www.gdansk.pl\/download\/2019-03\/125232.jpg\" width=\"100%\"><span style=\"color: #808080;\"><em>Dr Helena Datner \/ Fot. Grzegorz Mehring \/ www.gdansk.pl<\/em><\/span><\/p>\n<div style=\"text-align: left;\"><span style=\"color: #000080;\">Raport om\u00f3wiono w Nowej Synagodze w Gda\u0144sku, podczas debaty w ramach cyklu \u201eLedaber. Rozmowa o&#8230;\u201d, w niedziel\u0119, 24 marca. Go\u015b\u0107mi Micha\u0142a Ruckiego &#8211; wiceprzewodnicz\u0105cego Zarz\u0105du Gminy Wyznaniowej \u017bydowskiej w Gda\u0144sku by\u0142a Helena Datner &#8211; historyk i socjolog z \u017bydowskiego Instytutu Historycznego oraz Micha\u0142 Bilewicz &#8211; socjolog z Uniwersytetu Warszawskiego.<\/span><\/div>\n<div style=\"text-align: left;\"><\/div>\n<div style=\"text-align: left;\"><span style=\"color: #000080;\">&#8211; Antysemityzm ma troch\u0119 inny charakter w r\u00f3\u017cnych krajach Unii Europejskiej &#8211; t\u0142umaczy\u0142 dr Bilewicz. &#8211; Polacy deklaruj\u0105, \u017ce bardzo cz\u0119sto spotykaj\u0105 si\u0119 z wypowiedziami typu antysemickiego. 70 procent polskich \u017byd\u00f3w us\u0142ysza\u0142o, \u017ce \u201e\u017bydzi posiadaj\u0105 zbyt du\u017cy wp\u0142yw na nasz\u0105 polityk\u0119\u201d. To pokazuje panuj\u0105ce w Polsce przekonanie o tym, \u017ce \u017bydzi maj\u0105 wp\u0142yw na w\u0142adz\u0119.<\/span><\/div>\n<div style=\"text-align: left;\"><\/div>\n<div style=\"text-align: left;\"><span style=\"color: #000080;\">Zdaniem dr Datner ten przyk\u0142ad \u201eidzie z g\u00f3ry\u201d &#8211; obywatele ucz\u0105 si\u0119 mowy nienawi\u015bci od polityk\u00f3w. Wyra\u017anie widoczne jest to szczeg\u00f3lnie w ostatnim czasie, poniewa\u017c osoby g\u0142osz\u0105ce pogl\u0105dy antysemickie, a tak\u017ce ksenofobiczne i rasistowskie, s\u0105 szczeg\u00f3lnie widoczne i g\u0142o\u015bne w obecnym rozdaniu politycznym<\/span><\/div>\n<p style=\"text-align: center;\"><img decoding=\"async\" class=\"aligncenter\" src=\"https:\/\/www.gdansk.pl\/download\/2019-03\/125233.jpg\" width=\"100%\"><span style=\"color: #808080;\"><em>Debata z udzia\u0142em publiczno\u015bci ma s\u0142u\u017cy\u0107 znalezieniu rozwi\u0105za\u0144 i wymianie my\u015bli \/ Fot. Grzegorz Mehring \/ www.gdansk.pl<\/em><\/span><\/p>\n<div style=\"text-align: left;\"><span style=\"color: #000080;\">Socjolog ostrzeg\u0142a, \u017ce je\u015bli nie zostanie zaznaczony wyra\u017any sprzeciw wobec takich zachowa\u0144, b\u0119d\u0105 si\u0119 one nasila\u0107.<\/span><\/div>\n<div style=\"text-align: left;\"><\/div>\n<div style=\"text-align: left;\"><span style=\"color: #000080;\">&#8211; Nie zdajemy sobie sprawy z tego, \u017ce antysemityzm mo\u017ce by\u0107 gro\u017any, dlatego, \u017ce nikt nas tego nie uczy\u0142. Poniewa\u017c zaprzeczamy istnieniu antysemityzmu, to to jest zjawisko, kt\u00f3re jest swoistym perpetuum mobile &#8211; podkre\u015bla\u0142a. &#8211; Kiedy ONR maszeruje z flag\u0105 falangi, protesty s\u0105 nieadekwatne do si\u0142y ra\u017cenia. Nie reagujemy i nie edukujemy si\u0119. Sk\u0105d jest to nasze lekcewa\u017cenie antysemityzmu? Prawdziwi antysemici m\u00f3wi\u0105 wprost, \u017ce go nie ma. A bardzo wielu ludzi zwyk\u0142o m\u00f3wi\u0107: to jest margines.<\/span><\/div>\n<div style=\"text-align: left;\"><\/div>\n<div style=\"text-align: left;\"><span style=\"color: #000080;\">Tymczasem w raporcie FRA to w\u0142a\u015bnie Polska znalaz\u0142a si\u0119 w niechlubnej czo\u0142\u00f3wce Europy, obok Belgii czy Francji. Co wi\u0119cej, mo\u017cna zaobserwowa\u0107, \u017ce jest tendecj\u0119 wzrostow\u0105, nie tylko w naszym kraju, ale w ca\u0142ej Unii. Jak sprawa wygl\u0105da w innych krajach &#8211; nie do ko\u0144ca wiadomo, ale prawdopodobnie niewiele lepiej.<\/span><br \/>\n<span style=\"color: #000080;\">&#8211; Mamy stosunkowo ma\u0142o bada\u0144 poza UE &#8211; przyznaje dr Bilewicz. &#8211; Na Ukrainie poziom deklarowanego antysmemityzmu jest na wysokim poziomie, ale nie ma on tak du\u017cej si\u0142y politycznej. W g\u0142\u00f3wnym nurcie polityki komentarze antysemickie nie odgrywaj\u0105 roli, w Polsce natomiast jest to nadal silnie wykorzystywane.<\/span><\/p>\n<p style=\"text-align: center;\"><img decoding=\"async\" class=\"aligncenter\" src=\"https:\/\/www.gdansk.pl\/download\/2019-03\/125234.jpg\" width=\"100%\"><span style=\"color: #808080;\"><em>Od lewej: dr Micha\u0142 Bilewicz i Micha\u0142 Rucki \/ Fot. Grzegorz Mehring \/ www.gdansk.pl<\/em><\/span><\/p>\n<div><span style=\"color: #000080;\">Debata w Nowej Synagodze s\u0142u\u017cy\u0142a m.in temu, by zastanowi\u0107 si\u0119, jak przeciwdzia\u0142a\u0107 przejawom antysemityzmu, poza zmian\u0105 zachowania w\u015br\u00f3d polskich polityk\u00f3w i przyw\u00f3dc\u00f3w. Okazuje si\u0119 jednak, \u017ce na dzia\u0142ania oddolnych inicjatyw na niewiele si\u0119 zdadz\u0105.<\/span><\/div>\n<div><\/div>\n<div><span style=\"color: #000080;\">&#8211; Od wielu lat w Polsce realizowany jest program Szko\u0142y Dialogu &#8211; programu edukacyjnego przygotowanego i realizowanego przez Fundacj\u0119 Forum Dialogu Mi\u0119dzy Narodami. W jego ramach trenerzy Forum prowadz\u0105 zaj\u0119cia z uczniami w miejscowo\u015bciach, w kt\u00f3rych kiedy\u015b by\u0142y du\u017ce spo\u0142eczno\u015bci \u017cydowskie. Trenerzy sk\u0142aniaj\u0105 do tego, \u017ceby uczniowie sami stali si\u0119 specjalistami od historii \u017byd\u00f3w w tych miejscowo\u015bciach &#8211; m\u00f3wi dr Bilewicz. &#8211; Ci\u0105gle jest to jednak dzia\u0142anie marginalne, oddolne. Nigdy nie mia\u0142o bezpo\u015bredniego wsparcia z Ministerstwa Edukacji. Co wi\u0119cej, coraz cz\u0119\u015bciej docieraj\u0105 do nas sygna\u0142y, \u017ce nauczyciele boj\u0105 si\u0119 wzi\u0105\u0107 w tym udzia\u0142. Nagle zrobi\u0142 si\u0119 to temat polityczny. Smutne, \u017ce ten temat zacz\u0105\u0142 by\u0107 tak traktowany.&nbsp;<\/span><\/div>\n<div><\/div>\n<div><span style=\"color: #000080;\">Zgodzi\u0142a si\u0119 z nim dr Datner. &#8211; Je\u015bli chodzi o skal\u0119, to jest to cha\u0142punictwo. Bez wsparcia pa\u0144stwa, bez zrobienia tego spraw\u0105 nies\u0142ychanie wa\u017cn\u0105 przez pa\u0144stwo, wreszcie bez wsparcia Ko\u015bcio\u0142a &#8211; bo to s\u0105 dwie najpot\u0119\u017cniejsze agendy, kt\u00f3re maj\u0105 wszelkie \u015brodki, \u017ceby edukowa\u0107 spo\u0142ecze\u0144stwo, to si\u0119 nie uda. Niemcom uda\u0142o sie wyedukowac spo\u0142ecze\u0144stwo tylko dlatego, \u017ce pa\u0144stwo od lat 60. zaanga\u017cowa\u0142o si\u0119 w edukacj\u0119. W Polsce temat stosunku do \u017byd\u00f3w zawsze byl tematem politycznym, trudnym, dra\u017cliwym.<\/span><\/div>\n<hr style=\"height: 15px; background: #d0e6fa; width: 100%;\">\n<div id=\"content\" class=\"content-alignment\">\n<div id=\"watch-description\" class=\"yt-uix-button-panel\">\n<div id=\"watch-description-text\" style=\"text-align: center;\">\n<p><em>Zawarto\u015b\u0107 publikowanych artyku\u0142\u00f3w i materia\u0142\u00f3w nie reprezentuje pogl\u0105d\u00f3w ani opinii Reunion&#8217;68,<\/em><em><br \/>\nani te\u017c webmastera Blogu Reunion&#8217;68, chyba ze jest to wyra\u017anie zaznaczone.<br \/>\nTwoje uwagi, linki, w\u0142asne artyku\u0142y lub wiadomo\u015bci prze\u015blij na adres:<br \/>\n<\/em><span style=\"color: #000080;\"><strong><em><a style=\"color: #000080;\" href=\"mailto:webmaster@reunion68.com\"><span style=\"text-decoration: underline;\">webmaster@reunion68.com<\/span><\/a><\/em><\/strong><\/span><\/p>\n<\/div>\n<\/div>\n<\/div>\n<hr style=\"width: 100%;\">\n<\/div>\n","protected":false},"excerpt":{"rendered":"<p>\u201eLedaber. Rozmowa o&#8230;\u201d to cykl debat w Nowej Synagodze, prowadzonych przez Micha\u0142a Ruckiego (na zdj\u0119ciu) \/&nbsp; Fot. Grzegorz Mehring \/ www.gdansk.pl Jak przeciwdzia\u0142a\u0107 przejawom antysemityzmu? Rozmawiano w Nowej Synagodze Agata Olszewska Jaki jest poziom antysemityzmu w Polsce i Europie, jakie zagro\u017cenia z niego wynikaj\u0105 i jakie istniej\u0105 sposoby, by im przeciwdzia\u0142a\u0107 &#8211; o tym rozmawiali [&hellip;]<\/p>\n","protected":false},"author":1,"featured_media":0,"comment_status":"closed","ping_status":"closed","sticky":false,"template":"","format":"standard","meta":[],"categories":[6],"tags":[26,24],"_links":{"self":[{"href":"https:\/\/www.reunion68.se\/index.php?rest_route=\/wp\/v2\/posts\/100083"}],"collection":[{"href":"https:\/\/www.reunion68.se\/index.php?rest_route=\/wp\/v2\/posts"}],"about":[{"href":"https:\/\/www.reunion68.se\/index.php?rest_route=\/wp\/v2\/types\/post"}],"author":[{"embeddable":true,"href":"https:\/\/www.reunion68.se\/index.php?rest_route=\/wp\/v2\/users\/1"}],"replies":[{"embeddable":true,"href":"https:\/\/www.reunion68.se\/index.php?rest_route=%2Fwp%2Fv2%2Fcomments&post=100083"}],"version-history":[{"count":11,"href":"https:\/\/www.reunion68.se\/index.php?rest_route=\/wp\/v2\/posts\/100083\/revisions"}],"predecessor-version":[{"id":100196,"href":"https:\/\/www.reunion68.se\/index.php?rest_route=\/wp\/v2\/posts\/100083\/revisions\/100196"}],"wp:attachment":[{"href":"https:\/\/www.reunion68.se\/index.php?rest_route=%2Fwp%2Fv2%2Fmedia&parent=100083"}],"wp:term":[{"taxonomy":"category","embeddable":true,"href":"https:\/\/www.reunion68.se\/index.php?rest_route=%2Fwp%2Fv2%2Fcategories&post=100083"},{"taxonomy":"post_tag","embeddable":true,"href":"https:\/\/www.reunion68.se\/index.php?rest_route=%2Fwp%2Fv2%2Ftags&post=100083"}],"curies":[{"name":"wp","href":"https:\/\/api.w.org\/{rel}","templated":true}]}}