{"id":100139,"date":"2022-12-01T17:09:50","date_gmt":"2022-12-01T15:09:50","guid":{"rendered":"http:\/\/www.reunion68.se\/?p=100139"},"modified":"2022-11-30T13:40:19","modified_gmt":"2022-11-30T11:40:19","slug":"04-09-78","status":"publish","type":"post","link":"https:\/\/www.reunion68.se\/?p=100139","title":{"rendered":"LISTOPAD KOSZERNY"},"content":{"rendered":"<p style=\"text-align: center;\"><img decoding=\"async\" class=\"aligncenter\" src=\"https:\/\/studioopinii.pl\/wp-content\/uploads\/2022\/11\/obraz-zawierajacy-tekst-opis-wygenerowany-automat.jpeg\" width=\"100%\"><span style=\"color: #808080;\"><em>Juliusz KOSSAK (1824 Nowy Wi\u015bnicz &#8211; 1899 Krak\u00f3w)<\/em><\/span><\/p>\n<hr>\n<h5 style=\"text-align: center;\"><a href=\"https:\/\/studioopinii.pl\/\" target=\"_blank\" rel=\"noopener noreferrer\"><img decoding=\"async\" class=\"center alignleft\" src=\"http:\/\/www.reunion68.com\/Biuletyn\/img\/studio.png\" alt=\"\" width=\"35%\"><\/a><span style=\"text-decoration: underline; color: #000080;\"><span><strong><a style=\"color: #000080; text-decoration: underline;\" href=\"https:\/\/studioopinii.pl\/archiwa\/228409\" target=\"_blank\" rel=\"noopener noreferrer\">LISTOPAD KOSZERNY<\/a><\/strong><\/span><\/span><\/h5>\n<p style=\"text-align: center;\"><span style=\"color: #000000;\"><strong>JERZY \u0141UKASZEWSKI<\/strong><\/span><\/p>\n<hr style=\"height: 15px; background: #d0e6fa; width: 100%;\">\n<p style=\"text-align: left;\"><strong>Dla budowania narodowego mitu,<\/strong> <span style=\"color: #000080;\">kt\u00f3ry&nbsp;ma&nbsp;przekona\u0107 Polak\u00f3w i&nbsp;nie&nbsp;tylko&nbsp;o&nbsp;naszej wyj\u0105tkowo\u015bci i&nbsp;co&nbsp;za&nbsp;tym idzie \u2013 nale\u017cnym nam wyj\u0105tkowym miejscu w&nbsp;rodzinie narod\u00f3w \u015bwiata, od&nbsp;lat u\u017cywa si\u0119 tych samych element\u00f3w. Chodzi g\u0142\u00f3wnie o&nbsp;histori\u0119 naszych walk z&nbsp;wrogami naje\u017cd\u017caj\u0105cymi nas ze&nbsp;wszech stron. Opowie\u015bci te&nbsp;na&nbsp;og\u00f3\u0142 odpowiednio koloryzowane i&nbsp;cenzurowane tak&nbsp;bardzo wros\u0142y w&nbsp;nasz\u0105 \u015bwiadomo\u015b\u0107, \u017ce&nbsp;jakakolwiek ingerencja w&nbsp;ich tre\u015b\u0107 jest w&nbsp;stanie wywo\u0142a\u0107 burz\u0119, nawet po\u015br\u00f3d ludzi nieco bardziej \u015bwiat\u0142ych ni\u017c przeci\u0119tna. Nie&nbsp;m\u00f3wi\u0119 tu&nbsp;o&nbsp;politykach, bo&nbsp;\u015bwiat\u0142ych tam jak na&nbsp;lekarstwo (czasami ma&nbsp;cz\u0142owiek wra\u017cenie, \u017ce&nbsp;\u015bwiatlejsi s\u0105&nbsp;celowo wycinani z&nbsp;ich szereg\u00f3w).<\/span><\/p>\n<p class=\"has-helvetica-font-family has-custom-font has-custom-weight has-custom-lineheight\" style=\"text-align: left;\"><span style=\"color: #000080;\">Mamy dzi\u015b kolejn\u0105 rocznic\u0119 jednego z&nbsp;powsta\u0144 obros\u0142ych legend\u0105, kt\u00f3rej&nbsp;lepiej nie&nbsp;defasonowa\u0107, je\u015bli nie&nbsp;chce si\u0119 zyska\u0107 miana antypolaka itp.<\/span><\/p>\n<p style=\"text-align: left;\"><span style=\"color: #000080;\">A&nbsp;cz\u0142owieka czasem korci, by&nbsp;nawet niejakiemu B\u0105kiewiczowi i&nbsp;jego mocodawcom u\u015bwiadomi\u0107 pewne fakty, kt\u00f3re mo\u017cna pomija\u0107, udawa\u0107, \u017ce&nbsp;si\u0119 ich nie&nbsp;widzi, ale&nbsp;kt\u00f3rych&nbsp;wymaza\u0107 si\u0119 nie&nbsp;da.<\/span><\/p>\n<p style=\"text-align: left;\"><span style=\"color: #000080;\">Czy&nbsp;kto\u015b np.&nbsp;pami\u0119ta, by&nbsp;przy okazji szumnego obchodzenia kolejnej rocznicy kolejnego upad\u0142ego powstania kto\u015b wspomina\u0142 o&nbsp;nacjach innych, ni\u017c nasza w\u0142asna, a&nbsp;zamieszkuj\u0105cych tereny nadwi\u015bla\u0144skie?<\/span><\/p>\n<p style=\"text-align: left;\"><span style=\"color: #000080;\">Owszem, w&nbsp;<span class=\"tooltipsall tooltipsincontent classtoolTips34\" data-hasqtip=\"0\">PRL<\/span>-owskich podr\u0119cznikach do&nbsp;historii wspominano obcokrajowc\u00f3w (W\u0142och\u00f3w, Rosjan itd.) bior\u0105cych udzia\u0142 w&nbsp;naszych powstaniach, szczeg\u00f3lnie je\u015bli chodzi o&nbsp;styczniowe. Rzadziej wspomina\u0142o si\u0119 oficer\u00f3w serbskich, kt\u00f3rych&nbsp;sprowadzi\u0142 wprost z&nbsp;Akademii w&nbsp;Berlinie Julian \u0141ukaszewski, komisarz RN&nbsp;na&nbsp;zab\u00f3r pruski.<\/span><\/p>\n<p style=\"text-align: left;\"><span style=\"color: #000080;\">Jeszcze rzadziej, niemal wcale nie&nbsp;wspomina\u0142o si\u0119 o&nbsp;lokalnych niepolakach. Pami\u0119tam swoje zaciekawienie, kiedy w&nbsp;gazecie z&nbsp;1923 roku znalaz\u0142em wzmiank\u0119 o&nbsp;\u015bmierci jednego z&nbsp;ostatnich powsta\u0144c\u00f3w, walcz\u0105cego na&nbsp;Litwie w&nbsp;randze porucznika nazwiskiem J\u00f3zef Gruenseit. Zdj\u0119cie zmar\u0142ego weterana mog\u0142o zaskoczy\u0107. Przedstawia\u0142o cz\u0142owieka ubranego w&nbsp;cha\u0142at, w&nbsp;mycce na&nbsp;g\u0142owie, z&nbsp;pejsami do&nbsp;p\u00f3\u0142 piersi.<\/span><\/p>\n<p style=\"text-align: left;\"><span style=\"color: #000080;\">Nie&nbsp;wiem, jak to&nbsp;zrobi\u0107, ale&nbsp;chcia\u0142bym widzie\u0107 min\u0119 naszych zawszonych narodowc\u00f3w, gdyby&nbsp;im&nbsp;pokaza\u0107 to&nbsp;zdj\u0119cie. Plus wzmiank\u0119 dziennikarza m\u00f3wi\u0105c\u0105, \u017ce&nbsp;II&nbsp;RP&nbsp;przyzna\u0142a zmar\u0142emu (za&nbsp;\u017cycia, rzecz jasna) specjaln\u0105 rent\u0119 jako zas\u0142u\u017conemu dla Ojczyzny.<\/span><\/p>\n<p style=\"text-align: left;\"><span style=\"color: #000080;\">A&nbsp;je\u015bliby poszuka\u0107 dalej to&nbsp;okaza\u0142oby si\u0119, \u017ce&nbsp;w\u0142a\u015bciwie w&nbsp;ka\u017cdej polskiej wojence i&nbsp;to&nbsp;nawet przed&nbsp;rozbiorami, znale\u017aliby\u015bmy starozakonnych, kt\u00f3rych&nbsp;nasza mitologia jako\u015b nie&nbsp;kojarzy z&nbsp;bohaterskimi walkami narodu wyj\u0105tkowo wyj\u0105tkowego, jakim przecie\u017c jeste\u015bmy.<\/span><\/p>\n<p style=\"text-align: left;\"><span style=\"color: #000080;\">Kiedy jednak ju\u017c zag\u0142\u0119bimy si\u0119 w&nbsp;studni\u0119 historii to&nbsp;im&nbsp;g\u0142\u0119biej, tym wzmianek wi\u0119cej.<\/span><\/p>\n<p style=\"text-align: left;\"><span style=\"color: #000080;\">Co&nbsp;ciekawe, ju\u017c w&nbsp;czasach napoleo\u0144skich zdarza\u0142y si\u0119 \u015brodowiska pr\u00f3buj\u0105ce dokona\u0107 rzeczowej analizy statusu mniejszo\u015bci \u017cydowskiej, odpowiedzie\u0107 na&nbsp;pytania o&nbsp;pochodzenie mniej lub bardziej stereotypowego obrazu negatywnych cech przypisywanych ka\u017cdej mniejszo\u015bci przez&nbsp;tolerancyjny przecie\u017c z&nbsp;natury nar\u00f3d polski.<\/span><\/p>\n<p class=\"has-custom-weight\" style=\"text-align: left;\"><span style=\"color: #000080;\">Prosz\u0119 sobie wyobrazi\u0107, \u017ce&nbsp;ju\u017c na&nbsp;pocz\u0105tku XIX wieku \u015brodowisko zwi\u0105zane z&nbsp;Walerianem \u0141ukasi\u0144skim lansowa\u0142o tez\u0119, \u017ce&nbsp;prawdziwe i&nbsp;mniej prawdziwe wady narodu \u017cydowskiego s\u0105&nbsp;\u2026 naszej produkcji!<\/span><\/p>\n<p style=\"text-align: left;\"><span style=\"color: #000080;\">W&nbsp;bardzo logiczny spos\u00f3b przedstawiano sytuacj\u0119 prawno-ekonomiczn\u0105 \u017byd\u00f3w w&nbsp;I&nbsp;RP, kt\u00f3ra&nbsp;to&nbsp;sytuacja z&nbsp;czasem wymusza\u0142a wr\u0119cz okre\u015blone zachowania, kt\u00f3re nast\u0119pnie by\u0142y przedmiotem krytyki ze&nbsp;strony tych, kt\u00f3rzy&nbsp;\u2026 je&nbsp;spowodowali.<\/span><\/p>\n<p style=\"text-align: left;\"><span style=\"color: #000080;\">To&nbsp;samo \u015brodowisko g\u0142osi\u0142o, \u017ce&nbsp;czas jest najwy\u017cszy, by&nbsp;status \u017cydowski zmieni\u0107, zaczynaj\u0105c od&nbsp;zniesienia wszelkich ogranicze\u0144 jakie na&nbsp;nich ci\u0105\u017cy\u0142y przez&nbsp;wieki, a&nbsp;dotycz\u0105ce przede wszystkim zakazu niekt\u00f3rych zaj\u0119\u0107 oraz&nbsp;zmiany podleg\u0142o\u015bci prawnej na&nbsp;tak\u0105, jaka ci\u0105\u017cy\u0142a na&nbsp;wszystkich obywatelach Polski.<\/span><\/p>\n<p style=\"text-align: left;\"><span style=\"color: #000080;\">Pisa\u0142em niegdy\u015b o&nbsp;tej&nbsp;odmiennej podleg\u0142o\u015bci, kt\u00f3ra&nbsp;w&nbsp;odleg\u0142ych wiekach \u015brednich by\u0142a przywilejem, a&nbsp;z&nbsp;czasem zmieni\u0142a si\u0119 w&nbsp;przekle\u0144stwo przynosz\u0105ce \u017bydom wi\u0119cej szkody ni\u017c po\u017cytku.<\/span><\/p>\n<p style=\"text-align: left;\"><span style=\"color: #000080;\">Sk\u0105d takie pomys\u0142y w&nbsp;polskich \u015brodowiskach niepodleg\u0142o\u015bciowych?<\/span><\/p>\n<p style=\"text-align: left;\"><span style=\"color: #000080;\">\u017badna tajemnica, \u017cadne zaskoczenie.<\/span><\/p>\n<p style=\"text-align: left;\"><span style=\"color: #000080;\">Nazwisko Berka Joselewicza zna\u0142 wtedy i&nbsp;zna dzi\u015b niemal ka\u017cdy, cho\u0107by z&nbsp;obrazu J. Kossaka. Wtedy jednak znano nie&nbsp;tylko&nbsp;jego.<\/span><\/p>\n<p style=\"text-align: left;\"><span style=\"color: #000080;\">W&nbsp;przesz\u0142o\u015bci zas\u0142u\u017cyli si\u0119 dla Polski tacy ludzie jak por. Notkiewicz \u2013 kawaler francuskiej Legii Honorowej, major u\u0142an\u00f3w Kacper Junghof, Mordko Rosenfeld \u2013 porucznik strzelc\u00f3w, uczestnik szar\u017cy pod&nbsp;Somosierr\u0105 Izrael Kempi\u0144ski, Eliasz Berek Chwat, chirurg z&nbsp;legion\u00f3w D\u0105browskiego Rosenfeld i&nbsp;wielu, wielu innych.<\/span><\/p>\n<p class=\"has-custom-weight\" style=\"text-align: left;\"><span style=\"color: #000080;\">Nie&nbsp;dziwota wi\u0119c, \u017ce&nbsp;co&nbsp;bardziej rozumni polscy konspiratorzy wiedzieli, \u017ce&nbsp;i&nbsp;trzeba i&nbsp;warto po\u015bwi\u0119ci\u0107 kwestii \u017cydowskiej tyle uwagi, by&nbsp;zmieni\u0107 przysz\u0142o\u015b\u0107 na&nbsp;lepsz\u0105 od&nbsp;przesz\u0142o\u015bci.<\/span><\/p>\n<p style=\"text-align: left;\"><span style=\"color: #000080;\">Oczywi\u015bcie, nie&nbsp;bez&nbsp;opor\u00f3w. Zastrze\u017cenia wysuwane przez&nbsp;przeciwnik\u00f3w takich koncepcji bywa\u0142y czasem a\u017c&nbsp;\u015bmieszne, wida\u0107 by\u0142o, \u017ce&nbsp;wymy\u015blane \u201ena si\u0142\u0119\u201d, ale&nbsp;za&nbsp;to&nbsp;zgodnie z&nbsp;obowi\u0105zuj\u0105cym powszechnie schematem.<\/span><\/p>\n<p style=\"text-align: left;\"><span style=\"color: #000080;\">O&nbsp;jednym warto wszak\u017ce wiedzie\u0107. Nowosilcow i&nbsp;inni urz\u0119dnicy carscy nie&nbsp;ustawali w&nbsp;wysi\u0142kach, by&nbsp;Polak\u00f3w i&nbsp;\u017byd\u00f3w maksymalnie sk\u0142\u00f3ci\u0107. Stosowali przy tym i&nbsp;szanta\u017c ekonomiczny i&nbsp;argumenty abstrakcyjne, ale&nbsp;trafiaj\u0105ce do&nbsp;wyobra\u017ani.<\/span><\/p>\n<p style=\"text-align: left;\"><span style=\"color: #000080;\">Efekt po&nbsp;latach? Nieco zaskakuj\u0105cy, wart scenariusza filmowego. Powstanie przygotowane pierwotnie na&nbsp;20 pa\u017adziernika wybuch\u0142o ostatecznie w&nbsp;spos\u00f3b nieco niekontrolowany w&nbsp;nocy z&nbsp;29 na&nbsp;30 listopada.<\/span><\/p>\n<p style=\"text-align: left;\"><span style=\"color: #000080;\">Mo\u017ce to&nbsp;si\u0119 komu\u015b nie&nbsp;spodoba\u0107, ale&nbsp;jednymi z&nbsp;pierwszych \u201ewalk powsta\u0144czych\u201d by\u0142o ograbienie \u017cydowskich sklep\u00f3w na&nbsp;ul.&nbsp;Wa\u0142owej i&nbsp;Franciszka\u0144skiej. \u017beby by\u0142o jeszcze ciekawiej \u2013 ju\u017c na&nbsp;pocz\u0105tku grudnia, kiedy dyktatorem powstania zosta\u0142 Ch\u0142opicki, zg\u0142osi\u0142 si\u0119 do&nbsp;niego niejaki Synaj Stanis\u0142aw Hernisz z&nbsp;propozycj\u0105 zorganizowania pu\u0142ku \u017cydowskiego. Hernisz mia\u0142 przy sobie ju\u017c kilkunastu pomocnik\u00f3w gotowych zaj\u0105\u0107 si\u0119 organizacj\u0105 projektu. Najwyra\u017aniej byli ponadto co&nbsp;zdarzy\u0142o si\u0119 na&nbsp;Wa\u0142owej i&nbsp;Franciszka\u0144skiej. Nie&nbsp;ka\u017cdego by\u0142oby na&nbsp;to&nbsp;sta\u0107.<\/span><\/p>\n<p style=\"text-align: left;\"><span style=\"color: #000080;\">Niestety, od&nbsp;pocz\u0105tku zarysowa\u0142a si\u0119 r\u00f3\u017cnica zda\u0144. Hernisz chcia\u0142 zorganizowa\u0107 pu\u0142k \u017cydowski, ale&nbsp;nie&nbsp;poprzesta\u0107 na&nbsp;tym. \u017bydzi mieli na&nbsp;r\u00f3wni z&nbsp;Polakami wst\u0119powa\u0107 do&nbsp;wszystkich jednostek wojskowych stacjonuj\u0105cych w&nbsp;rejonach ich zamieszkania. Ch\u0142opicki nie&nbsp;chcia\u0142 si\u0119 na&nbsp;to&nbsp;zgodzi\u0107. Nie&nbsp;uwa\u017ca\u0142 za&nbsp;stosowne, by&nbsp;w&nbsp;polskim wojsku obok rdzennych Polak\u00f3w walczyli \u017bydzi, pomimo jak to&nbsp;zosta\u0142o pokazane, wielu przyk\u0142ad\u00f3w z&nbsp;przesz\u0142o\u015bci. Ma\u0142o tego \u2013 rozporz\u0105dzenia dyktatora dotycz\u0105ce \u017byd\u00f3w mia\u0142y charakter dyskryminuj\u0105cy (szczeg\u00f3lnie \u201epodatki\u201d, jak np.&nbsp;rekrutowy, kt\u00f3ry&nbsp;\u017bydzi uwa\u017cali za&nbsp;szczeg\u00f3lnie ha\u0144bi\u0105cy w&nbsp;tych okoliczno\u015bciach).<\/span><\/p>\n<p class=\"has-custom-weight\" style=\"text-align: left;\"><span style=\"color: #000080;\">Polityka i&nbsp;uprzedzenia, ale&nbsp;i&nbsp;brak wyobra\u017ani i&nbsp;zmys\u0142u praktycznego zadzia\u0142a\u0142y na&nbsp;tyle skutecznie, \u017ce&nbsp;sprawa wyhamowa\u0142a i&nbsp;omal nie&nbsp;zosta\u0142a zaprzepaszczona. Ch\u0142opicki zachowywa\u0142 si\u0119 w&nbsp;tej&nbsp;sprawie co&nbsp;najmniej dziwnie. W\u0142asn\u0105 Rad\u0119 raczy\u0142 powiadomi\u0107 o&nbsp;propozycji Hernisza dopiero po&nbsp;\u2026 11 dniach! Dlaczego?<\/span><\/p>\n<p style=\"text-align: left;\"><span style=\"color: #000080;\">Ostatecznie pomys\u0142 Hernisza podchwycili inni \u017bydzi z&nbsp;innych okolic, m.in.&nbsp;J\u00f3zef Berkowic z&nbsp;Tykocina.<\/span><\/p>\n<p style=\"text-align: left;\"><span style=\"color: #000080;\">Mo\u017cna by&nbsp;tak&nbsp;d\u0142ugo, tym bardziej \u017ce&nbsp;sprawy s\u0105&nbsp;niezwykle ciekawe w&nbsp;szczeg\u00f3\u0142ach.<\/span><\/p>\n<p style=\"text-align: left;\"><span style=\"color: #000080;\">Dzi\u015b jednak niech&nbsp;nam wystarczy sam temat, na&nbsp;og\u00f3\u0142 obcy wsp\u00f3\u0142czesnym patriotom na&nbsp;pokaz, kt\u00f3rzy&nbsp;mogliby przyj\u0105\u0107 te&nbsp;informacje z&nbsp;b\u00f3lem \u017co\u0142\u0105dka.<\/span><\/p>\n<p class=\"has-helvetica-font-family has-custom-font has-custom-weight\" style=\"text-align: left;\"><span style=\"color: #000080;\">A&nbsp;mo\u017ce powinni? Wszak pono\u0107 cierpienie uszlachetnia?<\/span><\/p>\n<hr style=\"height: 15px; background: #d0e6fa; width: 100%;\">\n<div id=\"content\" class=\"content-alignment\">\n<div id=\"watch-description\" class=\"yt-uix-button-panel\">\n<div id=\"watch-description-text\" style=\"text-align: center;\">\n<p><em>Zawarto\u015b\u0107 publikowanych artyku\u0142\u00f3w i materia\u0142\u00f3w nie reprezentuje pogl\u0105d\u00f3w ani opinii Reunion&#8217;68,<\/em><em><br \/>\nani te\u017c webmastera Blogu Reunion&#8217;68, chyba ze jest to wyra\u017anie zaznaczone.<br \/>\nTwoje uwagi, linki, w\u0142asne artyku\u0142y lub wiadomo\u015bci prze\u015blij na adres:<br \/>\n<\/em><span style=\"color: #000080;\"><strong><em><a style=\"color: #000080;\" href=\"mailto:webmaster@reunion68.com\"><span style=\"text-decoration: underline;\">webmaster@reunion68.com<\/span><\/a><\/em><\/strong><\/span><\/p>\n<\/div>\n<\/div>\n<\/div>\n<hr style=\"width: 100%;\">\n","protected":false},"excerpt":{"rendered":"<p>Juliusz KOSSAK (1824 Nowy Wi\u015bnicz &#8211; 1899 Krak\u00f3w) LISTOPAD KOSZERNY JERZY \u0141UKASZEWSKI Dla budowania narodowego mitu, kt\u00f3ry&nbsp;ma&nbsp;przekona\u0107 Polak\u00f3w i&nbsp;nie&nbsp;tylko&nbsp;o&nbsp;naszej wyj\u0105tkowo\u015bci i&nbsp;co&nbsp;za&nbsp;tym idzie \u2013 nale\u017cnym nam wyj\u0105tkowym miejscu w&nbsp;rodzinie narod\u00f3w \u015bwiata, od&nbsp;lat u\u017cywa si\u0119 tych samych element\u00f3w. Chodzi g\u0142\u00f3wnie o&nbsp;histori\u0119 naszych walk z&nbsp;wrogami naje\u017cd\u017caj\u0105cymi nas ze&nbsp;wszech stron. Opowie\u015bci te&nbsp;na&nbsp;og\u00f3\u0142 odpowiednio koloryzowane i&nbsp;cenzurowane tak&nbsp;bardzo wros\u0142y w&nbsp;nasz\u0105 \u015bwiadomo\u015b\u0107, [&hellip;]<\/p>\n","protected":false},"author":1,"featured_media":0,"comment_status":"closed","ping_status":"closed","sticky":false,"template":"","format":"standard","meta":[],"categories":[6],"tags":[26,24],"_links":{"self":[{"href":"https:\/\/www.reunion68.se\/index.php?rest_route=\/wp\/v2\/posts\/100139"}],"collection":[{"href":"https:\/\/www.reunion68.se\/index.php?rest_route=\/wp\/v2\/posts"}],"about":[{"href":"https:\/\/www.reunion68.se\/index.php?rest_route=\/wp\/v2\/types\/post"}],"author":[{"embeddable":true,"href":"https:\/\/www.reunion68.se\/index.php?rest_route=\/wp\/v2\/users\/1"}],"replies":[{"embeddable":true,"href":"https:\/\/www.reunion68.se\/index.php?rest_route=%2Fwp%2Fv2%2Fcomments&post=100139"}],"version-history":[{"count":6,"href":"https:\/\/www.reunion68.se\/index.php?rest_route=\/wp\/v2\/posts\/100139\/revisions"}],"predecessor-version":[{"id":100150,"href":"https:\/\/www.reunion68.se\/index.php?rest_route=\/wp\/v2\/posts\/100139\/revisions\/100150"}],"wp:attachment":[{"href":"https:\/\/www.reunion68.se\/index.php?rest_route=%2Fwp%2Fv2%2Fmedia&parent=100139"}],"wp:term":[{"taxonomy":"category","embeddable":true,"href":"https:\/\/www.reunion68.se\/index.php?rest_route=%2Fwp%2Fv2%2Fcategories&post=100139"},{"taxonomy":"post_tag","embeddable":true,"href":"https:\/\/www.reunion68.se\/index.php?rest_route=%2Fwp%2Fv2%2Ftags&post=100139"}],"curies":[{"name":"wp","href":"https:\/\/api.w.org\/{rel}","templated":true}]}}