{"id":100186,"date":"2022-12-06T11:00:45","date_gmt":"2022-12-06T09:00:45","guid":{"rendered":"http:\/\/www.reunion68.se\/?p=100186"},"modified":"2022-12-02T13:23:45","modified_gmt":"2022-12-02T11:23:45","slug":"06-00-86","status":"publish","type":"post","link":"https:\/\/www.reunion68.se\/?p=100186","title":{"rendered":"Hell\u2019s Angels Gang Leader Accused of Coordinating Attacks on Jewish Targets in Germany on Behalf of Iranian Regime"},"content":{"rendered":"<h5 style=\"text-align: center;\"><a href=\"https:\/\/www.algemeiner.com\/\" target=\"_blank\" rel=\"noopener noreferrer\"><img decoding=\"async\" class=\"center alignleft\" src=\"http:\/\/www.reunion68.com\/Biuletyn\/img\/algem.png\" alt=\"\" width=\"35%\" \/><\/a><span style=\"text-decoration: underline; color: #000080;\"><span><strong><a style=\"color: #000080; text-decoration: underline;\" href=\"https:\/\/www.algemeiner.com\/2022\/12\/01\/hells-angels-gang-leader-accused-of-coordinating-attacks-on-jewish-targets-in-germany-on-behalf-of-iranian-regime\/\" target=\"_blank\" rel=\"noopener noreferrer\">Hell\u2019s Angels Gang Leader Accused of Coordinating Attacks on Jewish Targets in Germany on Behalf of Iranian Regime<\/a><\/strong><\/span><\/span><\/h5>\n<p style=\"text-align: center;\"><span style=\"color: #000000;\"><strong>Ben Cohen<\/strong><\/span><\/p>\n<hr style=\"height: 15px; background: #d0e6fa; width: 100%;\" \/>\n<p style=\"text-align: center;\"><img decoding=\"async\" class=\"aligncenter\" style=\"border: 1px solid black;\" src=\"https:\/\/www.algemeiner.com\/wp-content\/uploads\/2022\/12\/Screen-Shot-2022-12-01-at-11.59.35-AM.jpg\" width=\"100%\" \/><span style=\"color: #808080;\"><em>The Instagram page of Ramin Yektaparast, a former Hell\u2019s Angels leader alleged to be coordinating Iranian regime attacks on Jewish targets in Germany. Photo: Screenshot<\/em><\/span><\/p>\n<p style=\"text-align: left;\"><span style=\"color: #000080;\">Police in Germany believe that the Iranian regime\u2019s Islamic Revolutionary Guards Corps (IRGC) was behind a\u00a0<a style=\"color: #000080;\" href=\"https:\/\/www.algemeiner.com\/2022\/11\/25\/german-high-school-students-demonstrate-against-antisemitism-outside-old-synagogue-in-essen\/\" target=\"_blank\" rel=\"noopener noreferrer\">series of attacks<\/a>\u00a0on Jewish targets during November under the direction of a former leader of the Hell\u2019s Angels biker gang.<\/span><\/p>\n<p style=\"text-align: left;\"><span style=\"color: #000080;\">Shots were fired at the Old Synagogue in Essen, an attempted arson attack was recorded at a synagogue in Dortmund and a Molotov cocktail was hurled at a Jewish school in Bochum. All three cities are located in the state of North-Rhine Westphalia.<\/span><\/p>\n<p style=\"text-align: left;\"><span style=\"color: #000080;\">Earlier this month, police arrested a 35-year-old German-Iranian man who was allegedly responsible for the attack in Bochum and who attempted to recruit another individual for the attack in Dortmund. According to the ARD broadcaster\u2019s\u00a0<em>Kontraste<\/em>\u00a0program on Thursday night, local police suspect that the man is connected to Ramin Yektaparast, the founder of the Hell\u2019s Angels chapter in the city of M\u00f6nchengladbach. Yektaparast is understood to have fled to Iran last year to escape trial for the brutal murder and dismemberment of another member of the gang in 2014, according to German media reports. Six other men went on trial for the killing during the summer.<\/span><\/p>\n<p style=\"text-align: left;\"><span style=\"color: #000080;\">German investigators believe that Yektaparast, whose dormant\u00a0<a style=\"color: #000080;\" href=\"https:\/\/www.instagram.com\/raminyektaparast\/?hl=en\" target=\"_blank\" rel=\"noopener noreferrer\">Instagram page<\/a>\u00a0features both the Iranian and German flags, is affiliated with the IRGC\u2019s operations in Germany. As well as the attacks on Jewish institutions, investigators reportedly discovered a credible plot to target Josef Schuster, the president of the Central Council of German Jews.<\/span><\/p>\n<p style=\"text-align: left;\"><span style=\"color: #000080;\">\u201cWe\u2019re talking about state terrorism here,\u201d one investigator told ARD.<\/span><\/p>\n<p style=\"text-align: left;\"><span style=\"color: #000080;\">Over the last year, concern has increased globally regarding Iranian-directed terrorist operations abroad. In August, the US Justice Department charged a member of the IRGC with plotting to\u00a0<a style=\"color: #000080;\" href=\"https:\/\/www.algemeiner.com\/2022\/08\/10\/iran-revolutionary-guard-member-charged-with-plot-to-murder-john-bolton-us-justice-dept-says\/\" target=\"_blank\" rel=\"noopener noreferrer\">murder<span class=\"highlight\" data-qa-component=\"highlight-text\">\u00a0John\u00a0<\/span><span class=\"highlight\" data-qa-component=\"highlight-text\">Bolton<\/span><\/a>, a national security adviser to former President Donald Trump, while in the same month, a man alleged to be an Iranian operative was arrested with a loaded AK-47 rifle outside the home of Masih Alinejad, a prominent critic of the Iranian regime, in Brooklyn, New York.<\/span><\/p>\n<p style=\"text-align: left;\"><span style=\"color: #000080;\">News of the German discovery coincided with intensified anti-regime protests in Iran itself, where human rights activists said a man, named as Mehran Samak, was shot dead by security forces in the town of Bandar Anzali on Tuesday night amid celebrations of the Iranian national soccer team\u2019s 1-0 loss to the USA at the World Cup in Qatar. Celebrations were also reported in several other Iranian cities; many Iranians are hoping for their own team\u2019s defeat as a protest against the Islamic Republic\u2019s continued rule.<\/span><\/p>\n<hr style=\"height: 15px; background: #d0e6fa; width: 100%;\" \/>\n<div id=\"content\" class=\"content-alignment\">\n<div id=\"watch-description\" class=\"yt-uix-button-panel\">\n<div id=\"watch-description-text\" style=\"text-align: center;\">\n<p><em>Zawarto\u015b\u0107 publikowanych artyku\u0142\u00f3w i materia\u0142\u00f3w nie reprezentuje pogl\u0105d\u00f3w ani opinii Reunion&#8217;68,<\/em><em><br \/>\nani te\u017c webmastera Blogu Reunion&#8217;68, chyba ze jest to wyra\u017anie zaznaczone.<br \/>\nTwoje uwagi, linki, w\u0142asne artyku\u0142y lub wiadomo\u015bci prze\u015blij na adres:<br \/>\n<\/em><span style=\"color: #000080;\"><strong><em><a style=\"color: #000080;\" href=\"mailto:webmaster@reunion68.com\"><span style=\"text-decoration: underline;\">webmaster@reunion68.com<\/span><\/a><\/em><\/strong><\/span><\/p>\n<\/div>\n<\/div>\n<\/div>\n<hr style=\"width: 100%;\" \/>\n","protected":false},"excerpt":{"rendered":"<p>Hell\u2019s Angels Gang Leader Accused of Coordinating Attacks on Jewish Targets in Germany on Behalf of Iranian Regime Ben Cohen The Instagram page of Ramin Yektaparast, a former Hell\u2019s Angels leader alleged to be coordinating Iranian regime attacks on Jewish targets in Germany. Photo: Screenshot Police in Germany believe that the Iranian regime\u2019s Islamic Revolutionary [&hellip;]<\/p>\n","protected":false},"author":1,"featured_media":0,"comment_status":"closed","ping_status":"closed","sticky":false,"template":"","format":"standard","meta":[],"categories":[6],"tags":[26,24],"_links":{"self":[{"href":"https:\/\/www.reunion68.se\/index.php?rest_route=\/wp\/v2\/posts\/100186"}],"collection":[{"href":"https:\/\/www.reunion68.se\/index.php?rest_route=\/wp\/v2\/posts"}],"about":[{"href":"https:\/\/www.reunion68.se\/index.php?rest_route=\/wp\/v2\/types\/post"}],"author":[{"embeddable":true,"href":"https:\/\/www.reunion68.se\/index.php?rest_route=\/wp\/v2\/users\/1"}],"replies":[{"embeddable":true,"href":"https:\/\/www.reunion68.se\/index.php?rest_route=%2Fwp%2Fv2%2Fcomments&post=100186"}],"version-history":[{"count":5,"href":"https:\/\/www.reunion68.se\/index.php?rest_route=\/wp\/v2\/posts\/100186\/revisions"}],"predecessor-version":[{"id":100200,"href":"https:\/\/www.reunion68.se\/index.php?rest_route=\/wp\/v2\/posts\/100186\/revisions\/100200"}],"wp:attachment":[{"href":"https:\/\/www.reunion68.se\/index.php?rest_route=%2Fwp%2Fv2%2Fmedia&parent=100186"}],"wp:term":[{"taxonomy":"category","embeddable":true,"href":"https:\/\/www.reunion68.se\/index.php?rest_route=%2Fwp%2Fv2%2Fcategories&post=100186"},{"taxonomy":"post_tag","embeddable":true,"href":"https:\/\/www.reunion68.se\/index.php?rest_route=%2Fwp%2Fv2%2Ftags&post=100186"}],"curies":[{"name":"wp","href":"https:\/\/api.w.org\/{rel}","templated":true}]}}