{"id":100228,"date":"2022-12-04T17:05:41","date_gmt":"2022-12-04T15:05:41","guid":{"rendered":"http:\/\/www.reunion68.se\/?p=100228"},"modified":"2022-12-04T09:18:43","modified_gmt":"2022-12-04T07:18:43","slug":"08-00-78","status":"publish","type":"post","link":"https:\/\/www.reunion68.se\/?p=100228","title":{"rendered":"&#8216;I take marching orders from Palestinian rep.&#8217; &#8211; Canadian politician"},"content":{"rendered":"<h5 style=\"text-align: center;\"><a href=\"https:\/\/www.jpost.com\/\" target=\"_blank\" rel=\"noopener noreferrer\"><img decoding=\"async\" class=\"center alignleft\" src=\"http:\/\/www.reunion68.com\/Biuletyn\/img\/jpost.png\" alt=\"\" width=\"35%\" \/><\/a><span style=\"text-decoration: underline; color: #000080;\"><strong><a style=\"color: #000080; text-decoration: underline;\" href=\"https:\/\/www.jpost.com\/diaspora\/antisemitism\/article-723951\" target=\"_blank\" rel=\"noopener noreferrer\">&#8216;I take marching orders from Palestinian rep.&#8217; &#8211; Canadian politician<\/a><\/strong><\/span><\/h5>\n<p style=\"text-align: center;\"><span style=\"color: #000000;\"><strong> JERUSALEM POST STAFF <\/strong><\/span><\/p>\n<hr style=\"height: 15px; background: #d0e6fa; width: 100%;\" \/>\n<h5 style=\"text-align: center;\"><strong>Canadian members of parliament met on November 29 and hosted known antisemite and Holocaust denier Nazih Khatatba, editor of Meshwar Media.<\/strong><\/h5>\n<p style=\"text-align: center;\">.<img decoding=\"async\" class=\"aligncenter\" src=\"https:\/\/images.jpost.com\/image\/upload\/f_auto,fl_lossy\/t_JD_ArticleMainImageFaceDetect\/511667\" width=\"100%\" \/><span style=\"color: #808080;\"><em>National Flag of Canada (Queen&#8217;s Park, Toronto). \/\u00a0 <\/em><\/span><span style=\"color: #808080;\"><em>(photo credit: Wikimedia Commons)<\/em><\/span><\/p>\n<p style=\"text-align: left;\"><span style=\"color: #000080;\">Canadian Transport Minister Omar Alghabra and Green Party Leader Elizabeth May met and hosted known antisemite, Holocaust denier and\u00a0<em>Meshwar Media<\/em>\u00a0editor Nazih Khatatba on Tuesday, according to an antisemitism watchdog.<\/span><\/p>\n<p style=\"text-align: left;\"><span style=\"color: #000080;\">&#8220;Two days ago, Canadian Members of Parliament, including Federal cabinet minister Omar Alghabra and Green Party Leader Elizabeth May, met with and hosted a dangerous antisemite and Holocaust denier,&#8221; Documenting Antisemitism Canada reported on their\u00a0<a style=\"color: #000080;\" href=\"https:\/\/www.jpost.com\/diaspora\/antisemitism\/article-722574\" target=\"_blank\" rel=\"noopener noreferrer\">Twitter account.<\/a><\/span><\/p>\n<hr \/>\n<p align=\"center\"><iframe loading=\"lazy\" id=\"twitter-widget-0\" class=\"\" title=\"Twitter Tweet\" src=\"https:\/\/platform.twitter.com\/embed\/Tweet.html?dnt=false&amp;embedId=twitter-widget-0&amp;features=eyJ0ZndfdGltZWxpbmVfbGlzdCI6eyJidWNrZXQiOlsibGlua3RyLmVlIiwidHIuZWUiLCJ0ZXJyYS5jb20uYnIiLCJ3d3cubGlua3RyLmVlIiwid3d3LnRyLmVlIiwid3d3LnRlcnJhLmNvbS5iciJdLCJ2ZXJzaW9uIjpudWxsfSwidGZ3X2hvcml6b25fdGltZWxpbmVfMTIwMzQiOnsiYnVja2V0IjoidHJlYXRtZW50IiwidmVyc2lvbiI6bnVsbH0sInRmd190d2VldF9lZGl0X2JhY2tlbmQiOnsiYnVja2V0Ijoib24iLCJ2ZXJzaW9uIjpudWxsfSwidGZ3X3JlZnNyY19zZXNzaW9uIjp7ImJ1Y2tldCI6Im9uIiwidmVyc2lvbiI6bnVsbH0sInRmd19zaG93X2J1c2luZXNzX3ZlcmlmaWVkX2JhZGdlIjp7ImJ1Y2tldCI6Im9mZiIsInZlcnNpb24iOm51bGx9LCJ0ZndfY2hpbl9waWxsc18xNDc0MSI6eyJidWNrZXQiOiJjb2xvcl9pY29ucyIsInZlcnNpb24iOm51bGx9LCJ0ZndfdHdlZXRfcmVzdWx0X21pZ3JhdGlvbl8xMzk3OSI6eyJidWNrZXQiOiJ0d2VldF9yZXN1bHQiLCJ2ZXJzaW9uIjpudWxsfSwidGZ3X3NlbnNpdGl2ZV9tZWRpYV9pbnRlcnN0aXRpYWxfMTM5NjMiOnsiYnVja2V0IjoiaW50ZXJzdGl0aWFsIiwidmVyc2lvbiI6bnVsbH0sInRmd19leHBlcmltZW50c19jb29raWVfZXhwaXJhdGlvbiI6eyJidWNrZXQiOjEyMDk2MDAsInZlcnNpb24iOm51bGx9LCJ0ZndfZHVwbGljYXRlX3NjcmliZXNfdG9fc2V0dGluZ3MiOnsiYnVja2V0Ijoib24iLCJ2ZXJzaW9uIjpudWxsfSwidGZ3X3ZpZGVvX2hsc19keW5hbWljX21hbmlmZXN0c18xNTA4MiI6eyJidWNrZXQiOiJ0cnVlX2JpdHJhdGUiLCJ2ZXJzaW9uIjpudWxsfSwidGZ3X3Nob3dfYmx1ZV92ZXJpZmllZF9iYWRnZSI6eyJidWNrZXQiOiJvbiIsInZlcnNpb24iOm51bGx9LCJ0ZndfdHdlZXRfZWRpdF9mcm9udGVuZCI6eyJidWNrZXQiOiJvbiIsInZlcnNpb24iOm51bGx9fQ%3D%3D&amp;frame=false&amp;hideCard=false&amp;hideThread=false&amp;id=1598322452999946240&amp;lang=en&amp;origin=https%3A%2F%2Fwww.jpost.com%2Fdiaspora%2Fantisemitism%2Farticle-723951&amp;sessionId=f0faa83900011b9893f2a439db0abb61e56b751e&amp;siteScreenName=Jerusalem_Post&amp;theme=light&amp;widgetsVersion=a3525f077c700%3A1667415560940&amp;width=550px\" width=\"100%\" height=\"450\" frameborder=\"0\" scrolling=\"yes\" data-tweet-id=\"1598322452999946240\" data-mce-fragment=\"1\"><\/iframe><\/p>\n<hr \/>\n<p style=\"text-align: left;\"><span style=\"color: #000080;\">A Canadian politician, standing in front of a Canadian flag and a Palestinian flag, dressed in a kfiyah as well as a Palestine scarf said, &#8220;I take marching orders from the official representative of Palestine to Canada.&#8221;<\/span><\/p>\n<p style=\"text-align: left;\"><span style=\"color: #000080;\">&#8220;Particularly at a time when Canadians are increasingly concerned about foreign interference in Canadian politics, no Canadian elected official should get their &#8216;marching orders&#8217; from a foreign government and its official representatives,&#8221; The Centre for Israel and Jewish Affairs (CIJA) wrote on their Twitter with a video of the Canadian politician saying this.<\/span><\/p>\n<p style=\"text-align: center;\"><img decoding=\"async\" class=\"aligncenter\" src=\"https:\/\/images.jpost.com\/image\/upload\/f_auto,fl_lossy\/t_JD_ArticleMainImageFaceDetect\/507185\" width=\"100%\" \/><span style=\"color: #808080;\"><em>PFLP SUPPORTERS rally in Gaza City, 2019. (credit: HASSAN JEDI\/FLASH90)<\/em><\/span><\/p>\n<hr \/>\n<p align=\"center\"><iframe loading=\"lazy\" id=\"twitter-widget-1\" class=\"\" title=\"Twitter Tweet\" src=\"https:\/\/platform.twitter.com\/embed\/Tweet.html?dnt=false&amp;embedId=twitter-widget-1&amp;features=eyJ0ZndfdGltZWxpbmVfbGlzdCI6eyJidWNrZXQiOlsibGlua3RyLmVlIiwidHIuZWUiLCJ0ZXJyYS5jb20uYnIiLCJ3d3cubGlua3RyLmVlIiwid3d3LnRyLmVlIiwid3d3LnRlcnJhLmNvbS5iciJdLCJ2ZXJzaW9uIjpudWxsfSwidGZ3X2hvcml6b25fdGltZWxpbmVfMTIwMzQiOnsiYnVja2V0IjoidHJlYXRtZW50IiwidmVyc2lvbiI6bnVsbH0sInRmd190d2VldF9lZGl0X2JhY2tlbmQiOnsiYnVja2V0Ijoib24iLCJ2ZXJzaW9uIjpudWxsfSwidGZ3X3JlZnNyY19zZXNzaW9uIjp7ImJ1Y2tldCI6Im9uIiwidmVyc2lvbiI6bnVsbH0sInRmd19zaG93X2J1c2luZXNzX3ZlcmlmaWVkX2JhZGdlIjp7ImJ1Y2tldCI6Im9mZiIsInZlcnNpb24iOm51bGx9LCJ0ZndfY2hpbl9waWxsc18xNDc0MSI6eyJidWNrZXQiOiJjb2xvcl9pY29ucyIsInZlcnNpb24iOm51bGx9LCJ0ZndfdHdlZXRfcmVzdWx0X21pZ3JhdGlvbl8xMzk3OSI6eyJidWNrZXQiOiJ0d2VldF9yZXN1bHQiLCJ2ZXJzaW9uIjpudWxsfSwidGZ3X3NlbnNpdGl2ZV9tZWRpYV9pbnRlcnN0aXRpYWxfMTM5NjMiOnsiYnVja2V0IjoiaW50ZXJzdGl0aWFsIiwidmVyc2lvbiI6bnVsbH0sInRmd19leHBlcmltZW50c19jb29raWVfZXhwaXJhdGlvbiI6eyJidWNrZXQiOjEyMDk2MDAsInZlcnNpb24iOm51bGx9LCJ0ZndfZHVwbGljYXRlX3NjcmliZXNfdG9fc2V0dGluZ3MiOnsiYnVja2V0Ijoib24iLCJ2ZXJzaW9uIjpudWxsfSwidGZ3X3ZpZGVvX2hsc19keW5hbWljX21hbmlmZXN0c18xNTA4MiI6eyJidWNrZXQiOiJ0cnVlX2JpdHJhdGUiLCJ2ZXJzaW9uIjpudWxsfSwidGZ3X3Nob3dfYmx1ZV92ZXJpZmllZF9iYWRnZSI6eyJidWNrZXQiOiJvbiIsInZlcnNpb24iOm51bGx9LCJ0ZndfdHdlZXRfZWRpdF9mcm9udGVuZCI6eyJidWNrZXQiOiJvbiIsInZlcnNpb24iOm51bGx9fQ%3D%3D&amp;frame=false&amp;hideCard=false&amp;hideThread=false&amp;id=1598369705026543616&amp;lang=en&amp;origin=https%3A%2F%2Fwww.jpost.com%2Fdiaspora%2Fantisemitism%2Farticle-723951&amp;sessionId=fe6df743c25754f4380ff61b7421d32ea152e330&amp;siteScreenName=Jerusalem_Post&amp;theme=light&amp;widgetsVersion=a3525f077c700%3A1667415560940&amp;width=550px\" width=\"100%\" height=\"450\" frameborder=\"0\" scrolling=\"yes\" allowfullscreen=\"allowfullscreen\" data-tweet-id=\"1598369705026543616\" data-mce-fragment=\"1\"><\/iframe><\/p>\n<hr \/>\n<p style=\"text-align: left;\"><span style=\"color: #000080;\">&#8220;The all-party Canada-Palestine Parliamentary Friendship Group hosted a reception for the International Day of Solidarity with the Palestinian People on November 29,&#8221; chairman Salma Zahid, who hosted Khatatba, wrote in a Twitter thread. &#8220;The invitation was circulated widely within the Palestinian community and nearly 150 people attended.&#8221;<\/span><\/p>\n<p style=\"text-align: left;\"><span style=\"color: #000080;\">&#8220;We were unable to research the history of every attendee,&#8221; she continued. &#8220;I have long been a voice against antisemitism and all forces of discrimination based on faith. In 2016, I spoke in the House of Commons to condemn several recent antisemitic incidents and antisemitism in general.<\/span><\/p>\n<p style=\"text-align: left;\"><span style=\"color: #000080;\">&#8220;I continue to oppose and condemn any and all incidents and comments of\u00a0<a style=\"color: #000080;\" href=\"https:\/\/www.jpost.com\/diaspora\/antisemitism\/article-715170\" target=\"_blank\" rel=\"noopener noreferrer\">antisemitism<\/a>, Islamaphobia and other forms of discrimination based on faith.<\/span><\/p>\n<hr \/>\n<p align=\"center\"><iframe loading=\"lazy\" id=\"twitter-widget-2\" class=\"\" title=\"Twitter Tweet\" src=\"https:\/\/platform.twitter.com\/embed\/Tweet.html?dnt=false&amp;embedId=twitter-widget-2&amp;features=eyJ0ZndfdGltZWxpbmVfbGlzdCI6eyJidWNrZXQiOlsibGlua3RyLmVlIiwidHIuZWUiLCJ0ZXJyYS5jb20uYnIiLCJ3d3cubGlua3RyLmVlIiwid3d3LnRyLmVlIiwid3d3LnRlcnJhLmNvbS5iciJdLCJ2ZXJzaW9uIjpudWxsfSwidGZ3X2hvcml6b25fdGltZWxpbmVfMTIwMzQiOnsiYnVja2V0IjoidHJlYXRtZW50IiwidmVyc2lvbiI6bnVsbH0sInRmd190d2VldF9lZGl0X2JhY2tlbmQiOnsiYnVja2V0Ijoib24iLCJ2ZXJzaW9uIjpudWxsfSwidGZ3X3JlZnNyY19zZXNzaW9uIjp7ImJ1Y2tldCI6Im9uIiwidmVyc2lvbiI6bnVsbH0sInRmd19zaG93X2J1c2luZXNzX3ZlcmlmaWVkX2JhZGdlIjp7ImJ1Y2tldCI6Im9mZiIsInZlcnNpb24iOm51bGx9LCJ0ZndfY2hpbl9waWxsc18xNDc0MSI6eyJidWNrZXQiOiJjb2xvcl9pY29ucyIsInZlcnNpb24iOm51bGx9LCJ0ZndfdHdlZXRfcmVzdWx0X21pZ3JhdGlvbl8xMzk3OSI6eyJidWNrZXQiOiJ0d2VldF9yZXN1bHQiLCJ2ZXJzaW9uIjpudWxsfSwidGZ3X3NlbnNpdGl2ZV9tZWRpYV9pbnRlcnN0aXRpYWxfMTM5NjMiOnsiYnVja2V0IjoiaW50ZXJzdGl0aWFsIiwidmVyc2lvbiI6bnVsbH0sInRmd19leHBlcmltZW50c19jb29raWVfZXhwaXJhdGlvbiI6eyJidWNrZXQiOjEyMDk2MDAsInZlcnNpb24iOm51bGx9LCJ0ZndfZHVwbGljYXRlX3NjcmliZXNfdG9fc2V0dGluZ3MiOnsiYnVja2V0Ijoib24iLCJ2ZXJzaW9uIjpudWxsfSwidGZ3X3ZpZGVvX2hsc19keW5hbWljX21hbmlmZXN0c18xNTA4MiI6eyJidWNrZXQiOiJ0cnVlX2JpdHJhdGUiLCJ2ZXJzaW9uIjpudWxsfSwidGZ3X3Nob3dfYmx1ZV92ZXJpZmllZF9iYWRnZSI6eyJidWNrZXQiOiJvbiIsInZlcnNpb24iOm51bGx9LCJ0ZndfdHdlZXRfZWRpdF9mcm9udGVuZCI6eyJidWNrZXQiOiJvbiIsInZlcnNpb24iOm51bGx9fQ%3D%3D&amp;frame=false&amp;hideCard=false&amp;hideThread=false&amp;id=1598386077915643911&amp;lang=en&amp;origin=https%3A%2F%2Fwww.jpost.com%2Fdiaspora%2Fantisemitism%2Farticle-723951&amp;sessionId=fe6df743c25754f4380ff61b7421d32ea152e330&amp;siteScreenName=Jerusalem_Post&amp;theme=light&amp;widgetsVersion=a3525f077c700%3A1667415560940&amp;width=550px\" width=\"100%\" height=\"450\" frameborder=\"0\" scrolling=\"yes\" allowfullscreen=\"allowfullscreen\" data-tweet-id=\"1598386077915643911\" data-mce-fragment=\"1\"><\/iframe><\/p>\n<hr \/>\n<p style=\"text-align: left;\"><span style=\"color: #000080;\">&#8220;As chair of the Canada-Palestine Parliamentary Friendship Group, I will continue to be a voice for the human rights of the Palestinian people and for a just and fair two-state solution achieved at the negotiating table.&#8221;<\/span><\/p>\n<h5 style=\"text-align: left;\"><strong>Antisemitic publications in Canada<\/strong><\/h5>\n<p style=\"text-align: left;\"><span style=\"color: #000080;\">HonestReporting Canada (HRC) revealed that the federal government had been funding anti-Israel publications, one being Meshwar Media, an Arabic-language newspaper. They received $2,000 for COVID-19-related relief payments between 2020 and 2021.<\/span><\/p>\n<p style=\"text-align: left;\"><span style=\"color: #000080;\">Several complaints have been filed with police hate crime authorities against Meshwar due to their repeated publication of antisemitic content.<\/span><\/p>\n<p style=\"text-align: left;\"><span style=\"color: #000080;\">In August 2022, Khatatba wrote and published an article for Meshwar claiming that the murder of\u00a0<a style=\"color: #000080;\" href=\"https:\/\/www.jpost.com\/opinion\/article-716319\" target=\"_blank\" rel=\"noopener noreferrer\">11 Israeli athletes that were murdered during the 1972 Olympic<\/a>\u00a0games in Munich was committed by the Israeli Mossad.<\/span><\/p>\n<p style=\"text-align: left;\"><span style=\"color: #000080;\">In December 2021, Meshwar published a column calling for the destruction of Israel. &#8220;We must actually start working to end the project of the State of Israel on Palestinian land and build our historic national home on every inch of it,&#8221; the writer Kamal Khalaf wrote.<\/span><\/p>\n<p style=\"text-align: left;\"><span style=\"color: #000080;\">In 2012, Meshwar published an antisemitic cartoon that showed Israelis eating Palestinian children and drinking their blood.<\/span><\/p>\n<p style=\"text-align: left;\"><span style=\"color: #000080;\">More recently, Khatatba praised the Palestinian terrorist who killed<a style=\"color: #000080;\" href=\"https:\/\/www.jpost.com\/israel-news\/article-719235\" target=\"_blank\" rel=\"noopener noreferrer\">\u00a0Sgt. Noa Lazar,<\/a>\u00a0injured a security guard and shot at security guards near Maale Adummim ten days later to his personal Facebook page, saying, &#8220;Glory and eternity to the martyr Uday al-Tamimi, who carried out the Shuafat operation on the eighth of this month, which resulted in the death of a female soldier and the wounding of a guard, as he was martyred while carrying out a new operation on Wednesday evening after he opened fire on Israeli guards at the entrance to the Ma&#8217;ale Adummim settlement in the occupied West Bank.<\/span><\/p>\n<p style=\"text-align: left;\"><span style=\"color: #000080;\">&#8220;According to the statement of the occupation police, the martyr opened fire at the entrance of Ma&#8217;ale Adummim in the direction of the guards. One of them was wounded in the hand before he was martyred as he fired his pistol until his last breath and was carrying a grenade that he was unlucky to throw at them.<\/span><\/p>\n<p style=\"text-align: left;\"><span style=\"color: #000080;\">&#8220;In addition, both the Lions&#8217; Den group and the Fatah movement called for an announcement on Thursday of a comprehensive strike &#8216;to mourn the souls of the martyr Uday al-Tamimi and to condemn the crimes of the Israeli occupation,'&#8221; he continues.<\/span><\/p>\n<p style=\"text-align: left;\"><span style=\"color: #000080;\">&#8220;In a statement, the movement called for &#8216;an escalation of confrontations at all points of contact in the country&#8217;s governorates, in loyalty to the martyrs and an affirmation of the approach of national struggle.&#8217;<\/span><\/p>\n<p style=\"text-align: left;\"><span style=\"color: #000080;\">&#8220;The Palestinian Teachers Union also announced that there will be a comprehensive strike in all schools, directorates and the Ministry of Education, mourning the spirit of Tamimi and in response to calls for a comprehensive strike.&#8221;<\/span><\/p>\n<hr style=\"height: 15px; background: #d0e6fa; width: 100%;\" \/>\n<div id=\"content\" class=\"content-alignment\">\n<div id=\"watch-description\" class=\"yt-uix-button-panel\">\n<div id=\"watch-description-text\" style=\"text-align: center;\">\n<p><em>Zawarto\u015b\u0107 publikowanych artyku\u0142\u00f3w i materia\u0142\u00f3w nie reprezentuje pogl\u0105d\u00f3w ani opinii Reunion&#8217;68,<\/em><em><br \/>\nani te\u017c webmastera Blogu Reunion&#8217;68, chyba ze jest to wyra\u017anie zaznaczone.<br \/>\nTwoje uwagi, linki, w\u0142asne artyku\u0142y lub wiadomo\u015bci prze\u015blij na adres:<br \/>\n<\/em><span style=\"color: #000080;\"><strong><em><a style=\"color: #000080;\" href=\"mailto:webmaster@reunion68.com\"><span style=\"text-decoration: underline;\">webmaster@reunion68.com<\/span><\/a><\/em><\/strong><\/span><\/p>\n<\/div>\n<\/div>\n<\/div>\n<hr style=\"width: 100%;\" \/>\n","protected":false},"excerpt":{"rendered":"<p>&#8216;I take marching orders from Palestinian rep.&#8217; &#8211; Canadian politician JERUSALEM POST STAFF Canadian members of parliament met on November 29 and hosted known antisemite and Holocaust denier Nazih Khatatba, editor of Meshwar Media. .National Flag of Canada (Queen&#8217;s Park, Toronto). \/\u00a0 (photo credit: Wikimedia Commons) Canadian Transport Minister Omar Alghabra and Green Party Leader [&hellip;]<\/p>\n","protected":false},"author":1,"featured_media":0,"comment_status":"closed","ping_status":"closed","sticky":false,"template":"","format":"standard","meta":[],"categories":[6],"tags":[26,24],"_links":{"self":[{"href":"https:\/\/www.reunion68.se\/index.php?rest_route=\/wp\/v2\/posts\/100228"}],"collection":[{"href":"https:\/\/www.reunion68.se\/index.php?rest_route=\/wp\/v2\/posts"}],"about":[{"href":"https:\/\/www.reunion68.se\/index.php?rest_route=\/wp\/v2\/types\/post"}],"author":[{"embeddable":true,"href":"https:\/\/www.reunion68.se\/index.php?rest_route=\/wp\/v2\/users\/1"}],"replies":[{"embeddable":true,"href":"https:\/\/www.reunion68.se\/index.php?rest_route=%2Fwp%2Fv2%2Fcomments&post=100228"}],"version-history":[{"count":19,"href":"https:\/\/www.reunion68.se\/index.php?rest_route=\/wp\/v2\/posts\/100228\/revisions"}],"predecessor-version":[{"id":100254,"href":"https:\/\/www.reunion68.se\/index.php?rest_route=\/wp\/v2\/posts\/100228\/revisions\/100254"}],"wp:attachment":[{"href":"https:\/\/www.reunion68.se\/index.php?rest_route=%2Fwp%2Fv2%2Fmedia&parent=100228"}],"wp:term":[{"taxonomy":"category","embeddable":true,"href":"https:\/\/www.reunion68.se\/index.php?rest_route=%2Fwp%2Fv2%2Fcategories&post=100228"},{"taxonomy":"post_tag","embeddable":true,"href":"https:\/\/www.reunion68.se\/index.php?rest_route=%2Fwp%2Fv2%2Ftags&post=100228"}],"curies":[{"name":"wp","href":"https:\/\/api.w.org\/{rel}","templated":true}]}}