{"id":100296,"date":"2022-12-06T17:09:13","date_gmt":"2022-12-06T15:09:13","guid":{"rendered":"http:\/\/www.reunion68.se\/?p=100296"},"modified":"2022-12-06T15:33:29","modified_gmt":"2022-12-06T13:33:29","slug":"10-09-78","status":"publish","type":"post","link":"https:\/\/www.reunion68.se\/?p=100296","title":{"rendered":"Zmiana klimatu: najnowsze usprawiedliwienie mordowania chrze\u015bcijan"},"content":{"rendered":"<p><img decoding=\"async\" src=\"https:\/\/www.gatestoneinstitute.org\/pics\/2913.jpg\" width=\"100%\" \/>Na zdj\u0119ciu: Zakrwawiona pod\u0142oga katolickiego ko\u015bcio\u0142a \u015bw. Franciszka w stanie Ondo w Nigerii po zamordowaniu tam 50 chrze\u015bcijan, 5 czerwca 2022 r. (Zdj\u0119cie: AFP via Getty Images)<\/p>\n<hr \/>\n<h5 style=\"text-align: center;\"><a href=\"https:\/\/pl.gatestoneinstitute.org\/\" target=\"_blank\" rel=\"noopener noreferrer\"><img decoding=\"async\" class=\"center alignleft\" src=\"https:\/\/pl.gatestoneinstitute.org\/images\/gatestone-logo-1000.gif\" alt=\"\" width=\"35%\" \/><\/a><span style=\"text-decoration: underline; color: #000080;\"><span><strong><a style=\"color: #000080; text-decoration: underline;\" href=\"https:\/\/pl.gatestoneinstitute.org\/19207\/zmiana-klimatu-usprawiedliwienie-mordowania-chrzescijan\" target=\"_blank\" rel=\"noopener noreferrer\">Zmiana klimatu: najnowsze usprawiedliwienie mordowania chrze\u015bcijan<\/a><\/strong><\/span><\/span><\/h5>\n<p style=\"text-align: center;\"><span style=\"color: #000000;\"><strong>Raymond Ibrahim T\u0142umaczenie: Ma\u0142gorzata Koraszewska<\/strong><\/span><\/p>\n<hr style=\"height: 15px; background: #d0e6fa; width: 100%;\" \/>\n<p style=\"text-align: left;\"><span style=\"color: #000080;\">5 czerwca 2022 r.\u00a0<span style=\"text-decoration: underline;\"><strong><a style=\"color: #000080; text-decoration: underline;\" href=\"https:\/\/www.raymondibrahim.com\/2022\/06\/13\/the-black-lives-that-dont-matter-50-christians-murdered-in-their-church\/\" target=\"_blank\" rel=\"noopener noreferrer\">muzu\u0142manie zmasakrowali 50 chrze\u015bcijan<\/a><\/strong><\/span>\u00a0w nigeryjskim ko\u015bciele Zes\u0142ania Ducha \u015awi\u0119tego (to jeden z\u00a0<a style=\"color: #000080;\" href=\"https:\/\/www.raymondibrahim.com\/2022\/06\/13\/the-black-lives-that-dont-matter-50-christians-murdered-in-their-church\/\" target=\"_blank\" rel=\"noopener noreferrer\">wielu<\/a>\u00a0przyk\u0142ad\u00f3w nigeryjskich chrze\u015bcijan masakrowanych podczas nabo\u017ce\u0144stw w swoich ko\u015bcio\u0142ach).<\/span><\/p>\n<p style=\"text-align: left;\"><span style=\"color: #000080;\">Dwa dni p\u00f3\u017aniej prezydent Irlandii Michael Higgins wyda\u0142\u00a0<a style=\"color: #000080;\" href=\"https:\/\/president.ie\/en\/media-library\/news-releases\/statement-by-president-higgins-on-massacre-in-st-francis-catholic-church-in-owo-nigeria\" target=\"_blank\" rel=\"noopener noreferrer\">o\u015bwiadczenie<\/a>\u00a0\u0142\u0105cz\u0105ce masakr\u0119 w nigeryjskim ko\u015bciele ze zmianami klimatycznymi. &#8220;Zaniedbanie kwestii bezpiecze\u0144stwa \u017cywno\u015bciowego w Afryce przez tak d\u0142ugi czas doprowadzi\u0142o nas do punktu kryzysu, kt\u00f3ry ma obecnie skutki wewn\u0119trzne i regionalne w postaci walk, kt\u00f3re sta\u0142y si\u0119 sposobem \u017cycia&#8221; \u2013 napisa\u0142, sugeruj\u0105c, \u017ce niedobory \u017cywno\u015bci spowodowane klimatem s\u0105 przyczyn\u0105 morderstw.<\/span><\/p>\n<p style=\"text-align: left;\"><span style=\"color: #000080;\">Politycy znale\u017ali now\u0105 wym\u00f3wk\u0119: zmiany klimatyczne. Z pewno\u015bci\u0105 jest wiele rzeczy, kt\u00f3re mo\u017cemy stopniowo zrobi\u0107, aby nie niszczy\u0107 naszej planety, ale twierdzenie, \u017ce zmiany klimatyczne s\u0105 przyczyn\u0105 ludob\u00f3jczej rzezi chrze\u015bcijan przez muzu\u0142man\u00f3w w p\u00f3\u0142nocnej Afryce nie jest m\u0105dre. Wydaje si\u0119, \u017ce to, co nap\u0119dza prze\u015bladowania chrze\u015bcijan tam i gdzie indziej, to religijna\u00a0<a style=\"color: #000080;\" href=\"https:\/\/www.theatlantic.com\/magazine\/archive\/1990\/09\/the-roots-of-muslim-rage\/304643\/\" target=\"_blank\" rel=\"noopener noreferrer\">doktryna<\/a>, a nie zmiany klimatyczne.<\/span><\/p>\n<p style=\"text-align: left;\"><span style=\"color: #000080;\">Je\u015bli spojrzysz na wszystkie cztery akapity o\u015bwiadczenia Higginsa na temat ataku na nigeryjski ko\u015bci\u00f3\u0142, zobaczysz, \u017ce on (i jemu podobni) nie maj\u0105 wyja\u015bnienia, w jaki w\u0142a\u015bciwie spos\u00f3b zmiany klimatyczne powoduj\u0105 prze\u015bladowania religijne. Najwyra\u017aniej &#8220;niedobory \u017cywno\u015bci&#8221; powoduj\u0105, \u017ce muzu\u0142manie krzycz\u0105c &#8220;Allahu Akbar&#8221; (&#8220;Allah jest wi\u0119kszy&#8221;) wysadzaj\u0105 w powietrze ko\u015bcio\u0142y i morduj\u0105 chrze\u015bcijan. Wydaje si\u0119, \u017ce jest to spos\u00f3b na przesuni\u0119cie uwagi od tego, o czym mog\u0105\u00a0<i>nie<\/i>\u00a0chcie\u0107, aby ludzie my\u015bleli \u2013 od muzu\u0142man\u00f3w zabijaj\u0105cych chrze\u015bcijan \u2013 na to, o czym\u00a0<i>mog\u0105<\/i>\u00a0chcie\u0107, aby my\u015bleli, na zmiany klimatyczne; i prawdopodobnie licz\u0105 na fakt, \u017ce wi\u0119kszo\u015b\u0107 ludzi nie czyta uwa\u017cnie, ani nie my\u015bli zbyt krytycznie i idzie za tym, co wydaje si\u0119 wygodne.<\/span><\/p>\n<p style=\"text-align: left;\"><span style=\"color: #000080;\">O\u015bwiadczenie Higginsa nigdzie nie stwierdza, a tym bardziej nie pot\u0119pia, islamskiej radykalizacji i terroryzmu w regionie. Czyli tego, co\u00a0<a style=\"color: #000080;\" href=\"https:\/\/religionunplugged.com\/news\/2022\/6\/23\/nothing-was-usual-about-that-pentecost-massacre-in-nigeria\" target=\"_blank\" rel=\"noopener noreferrer\">doprowadzi\u0142o do<\/a>\u00a0masakry w ko\u015bciele Zes\u0142ania Ducha \u015awi\u0119tego.<\/span><\/p>\n<p style=\"text-align: left;\"><span style=\"color: #000080;\">Chocia\u017c nie m\u00f3wi\u0105 o tym tak zwane &#8220;media g\u0142\u00f3wnego nurtu&#8221;, chrze\u015bcijanie z Nigerii s\u0105 wed\u0142ug kilku organizacji pozarz\u0105dowych (takich jak\u00a0<a style=\"color: #000080;\" href=\"https:\/\/csi-usa.org\/csi-issues-genocide-warning-for-christians-in-nigeria\/\" target=\"_blank\" rel=\"noopener noreferrer\">tutaj<\/a>\u00a0i\u00a0<a style=\"color: #000080;\" href=\"https:\/\/www.christianpost.com\/voices\/genocide-in-nigeria-calling-it-what-it-is.html\" target=\"_blank\" rel=\"noopener noreferrer\">tutaj<\/a>) w rzeczywisto\u015bci poddawani\u00a0<a style=\"color: #000080;\" href=\"https:\/\/www.raymondibrahim.com\/2021\/10\/18\/the-jihadist-genocide-of-christians-in-nigeria-intensifies\/\" target=\"_blank\" rel=\"noopener noreferrer\">ludob\u00f3jczym czystkom<\/a>. Wed\u0142ug\u00a0<a style=\"color: #000080;\" href=\"https:\/\/intersociety-ng.org\/43-000-christians-killed-by-nigerian-jihadists-in-12-years-18500-permanently-disappeared-and-17500-churches-attacked\/\" target=\"_blank\" rel=\"noopener noreferrer\">raportu<\/a>\u00a0z sierpnia 2021 roku, odk\u0105d islamska rebelia rozpocz\u0119\u0142a si\u0119 na dobre w lipcu 2009 roku, ponad 60 000 chrze\u015bcijan zosta\u0142o zamordowanych podczas napad\u00f3w lub porwanych i nigdy wi\u0119cej ich nie widziano. W tym samym czasie ekstremistyczni muzu\u0142manie z okrzykami &#8220;Allahu Akbar&#8221; podpalili i zniszczyli oko\u0142o 20 000 ko\u015bcio\u0142\u00f3w i chrze\u015bcija\u0144skich szk\u00f3\u0142. W\u00a0<a style=\"color: #000080;\" href=\"https:\/\/www.catholicnewsagency.com\/news\/251558\/map-where-are-christians-in-nigeria-being-killed\" target=\"_blank\" rel=\"noopener noreferrer\">2021<\/a>\u00a0roku muzu\u0142manie zamordowali co najmniej 4650 nigeryjskich chrze\u015bcijan z powodu ich wiary i prawie 900 w ci\u0105gu zaledwie trzech pierwszych miesi\u0119cy tego roku.<\/span><\/p>\n<p style=\"text-align: left;\"><span style=\"color: #000080;\">Zamiast cho\u0107by wspomnie\u0107 kt\u00f3r\u0105kolwiek z tych niepokoj\u0105cych statystyk, prezydent Irlandii &#8220;pot\u0119pi\u0142&#8221; tych, kt\u00f3rzy &#8220;pr\u00f3buj\u0105 zrobi\u0107 koz\u0142a ofiarnego z [muzu\u0142ma\u0144skiego] pasterskiego ludu, kt\u00f3ry jest jedn\u0105 z g\u0142\u00f3wnych ofiar skutk\u00f3w zmian klimatycznych&#8221;. Chodzi o\u00a0<a style=\"color: #000080;\" href=\"https:\/\/punchng.com\/how-fulani-seized-our-farms-raped-our-women-kidnapped-and-killed-our-people-convener-igangan-development-advocates-oladokun\/\" target=\"_blank\" rel=\"noopener noreferrer\">Fulanich<\/a>, muzu\u0142ma\u0144skich pasterzy najwyra\u017aniej motywowanych ideologi\u0105 d\u017cihadystyczn\u0105, by codziennie napada\u0107 i mordowa\u0107 chrze\u015bcijan. Jak wskazuje ten\u00a0<a style=\"color: #000080;\" href=\"https:\/\/www.opendoorsusa.org\/christian-persecution\/stories\/every-two-hours-a-christian-in-nigeria-is-killed-for-their-faith\/\" target=\"_blank\" rel=\"noopener noreferrer\">raport<\/a>, w Nigerii co dwie godziny ginie jeden chrze\u015bcijanin \u2013 wi\u0119kszo\u015b\u0107 z nich z r\u0105k Fulanich.<\/span><\/p>\n<p style=\"text-align: left;\"><span style=\"color: #000080;\">10 czerwca biskup Jude Ayodeji Arogundade z chrze\u015bcija\u0144skiej diecezji, w kt\u00f3rej zamordowano nigeryjskich chrze\u015bcijan,\u00a0<a style=\"color: #000080;\" href=\"https:\/\/www.facebook.com\/catholicdioceseofondo\/photos\/pcb.3358618074369679\/3358614944369992\/\" target=\"_blank\" rel=\"noopener noreferrer\">zareagowa\u0142<\/a>\u00a0na twierdzenia Higginsa, \u017ce zmiany klimatyczne s\u0105 odpowiedzialne \u2013 jak r\u00f3wnie\u017c na nieprzyzwoite przedstawianie Fulanich jako ofiar w tym samym stopniu co chrze\u015bcijanie, kt\u00f3rych zabijaj\u0105:<\/span><\/p>\n<blockquote>\n<p style=\"text-align: left;\"><strong>&#8220;Cho\u0107 dzi\u0119kuj\u0119 szanownemu panu Higginsowi za przy\u0142\u0105czenie si\u0119 do innych w celu pot\u0119pienia ataku i okazania wsp\u00f3\u0142czucia ofiarom, powody tej makabrycznej masakry, jakie poda\u0142, s\u0105 b\u0142\u0119dne i naci\u0105gane&#8230; Sugerowanie lub tworzenie zwi\u0105zku mi\u0119dzy ofiarami terroru a ofiarami zmian klimatycznych s\u0105 nie tylko myl\u0105ce, ale tak\u017ce dosypuj\u0105 soli do ran wszystkich, kt\u00f3rzy do\u015bwiadczyli terroryzmu w Nigerii. Ofiary terroryzmu nale\u017c\u0105 do innej kategorii, do kt\u00f3rej niczego nie mo\u017cna por\u00f3wna\u0107! Jest to bardzo jasne dla ka\u017cdego, kto by\u0142 blisko i \u015bledzi\u0142 wydarzenia w Nigerii w ci\u0105gu ostatnich lat, \u017ce podstawowe kwestie atak\u00f3w terrorystycznych, bandytyzmu i nies\u0142abn\u0105cych atak\u00f3w w Nigerii i regionie Sahelu oraz zmiany klimatu nie maj\u0105 ze sob\u0105 nic wsp\u00f3lnego&#8230;.Nawi\u0105zywanie do polityki dotycz\u0105cej zmian klimatycznych w naszej obecnej sytuacji jest ca\u0142kowicie niestosowne&#8230;. Terrory\u015bci od ponad 8 lat swobodnie morduj\u0105, masakruj\u0105, rani\u0105 i wprowadzaj\u0105 terror w r\u00f3\u017cnych cz\u0119\u015bciach Nigerii, nie z powodu jakiego\u015b racjonalnego powodu, ale dlatego, \u017ce s\u0105 z\u0142ymi lud\u017ami \u2014 koniec&#8221;.<\/strong><\/p>\n<\/blockquote>\n<p style=\"text-align: left;\"><span style=\"color: #000080;\">Or\u0119downik praw cz\u0142owieka Lord David Alton z Liverpoolu r\u00f3wnie g\u0142o\u015bno pot\u0119pi\u0142 tych, kt\u00f3rzy pr\u00f3buj\u0105 skierowa\u0107 uwag\u0119 z islamskiego terroryzmu na zmiany klimatyczne. 12 czerwca\u00a0<a style=\"color: #000080;\" href=\"https:\/\/www.davidalton.net\/2022\/06\/12\/ordinary-people-living-ordinary-lives-were-the-victims-in-nigerias-church-murder-impunity-insecurity-instability-intolerance-and-indifference-must-be-replaced-by-justice-protection-and\/\" target=\"_blank\" rel=\"noopener noreferrer\">napisa\u0142<\/a>:<\/span><\/p>\n<blockquote>\n<p style=\"text-align: left;\"><strong>&#8220;[P]olitycy musz\u0105 by\u0107 bardziej uczciwi w sprawie tego, co nap\u0119dza rze\u017a&#8230; Ka\u017cde \u017cycie stracone [podczas ataku na ko\u015bci\u00f3\u0142 Zes\u0142ania Ducha \u015awi\u0119tego] oznacza\u0142o tragiczne z\u0142amanie serca dla poszczeg\u00f3lnych rodzin. &#8230; Uderzaj\u0105ce jest, jak ma\u0142e jest zainteresowanie medi\u00f3w g\u0142\u00f3wnego nurtu szczeg\u00f3\u0142ami tych wydarze\u0144. Poszczeg\u00f3lne \u017cycie utracone w Nigerii nie powinno by\u0107 mniej warte wspomnienia ni\u017c \u017cycie utracone w jakiejkolwiek innej cz\u0119\u015bci \u015bwiata. I jest uderzaj\u0105ce, jak szybko politycy i komentatorzy wymy\u015blaj\u0105 t\u0119 sam\u0105 zdyskredytowan\u0105 banaln\u0105 narracj\u0119, \u017ce motorem takiej rzezi s\u0105 zmiany klimatyczne i brak zasob\u00f3w. M\u00f3wi\u0105, \u017ce przyczyny s\u0105 &#8216;skomplikowane&#8217;, prawie nie wspominaj\u0105c o ideologii d\u017cihadu, kt\u00f3ra stoi za nieko\u0144cz\u0105cymi si\u0119 okrucie\u0144stwami ISIS i Boko Haram. A potem m\u00f3wi\u0105, \u017ce wszyscy [chrze\u015bcijanie\u00a0<i>i<\/i>\u00a0muzu\u0142manie] cierpi\u0105 i istnieje rodzaj r\u00f3wnowa\u017cno\u015bci ofiar pochodz\u0105cych z r\u00f3\u017cnych \u015brodowisk religijnych. Powinni to powiedzie\u0107 rodzinom, kt\u00f3rych bliscy s\u0105 celem atak\u00f3w, dzie\u0144 w dzie\u0144, i zobaczy\u0107, jaki rodzaj odpowiedzi otrzymaj\u0105&#8221;.<\/strong><\/p>\n<\/blockquote>\n<p style=\"text-align: left;\"><span style=\"color: #000080;\">Bez wymieniania nazwy jakiejkolwiek religii, Alton trafnie, cho\u0107 dyplomatycznie\u00a0<a style=\"color: #000080;\" href=\"https:\/\/www.davidalton.net\/2022\/06\/12\/ordinary-people-living-ordinary-lives-were-the-victims-in-nigerias-church-murder-impunity-insecurity-instability-intolerance-and-indifference-must-be-replaced-by-justice-protection-and\/\" target=\"_blank\" rel=\"noopener noreferrer\">zako\u0144czy\u0142<\/a>:<\/span><\/p>\n<blockquote>\n<p style=\"text-align: left;\"><strong>&#8220;Najwy\u017cszy czas, aby \u015bwiat obudzi\u0142 si\u0119 i zobaczy\u0142 nieprzyjemn\u0105 prawd\u0119, \u017ce ta sama z\u0142o\u015bliwa si\u0142a, kt\u00f3ra torowa\u0142a sobie drog\u0119 mordami i po\u017cogami przez spo\u0142eczno\u015b\u0107 za spo\u0142eczno\u015bci\u0105, nadal brutalnie morduje Nigeryjczyk\u00f3w i jest w stanie robi\u0107 to bezkarnie&#8221;<\/strong>.<\/p>\n<\/blockquote>\n<p style=\"text-align: left;\"><span style=\"color: #000080;\">Alton\u00a0<a style=\"color: #000080;\" href=\"https:\/\/www.davidalton.net\/2022\/06\/12\/ordinary-people-living-ordinary-lives-were-the-victims-in-nigerias-church-murder-impunity-insecurity-instability-intolerance-and-indifference-must-be-replaced-by-justice-protection-and\/\" target=\"_blank\" rel=\"noopener noreferrer\">napisa\u0142<\/a>\u00a0na Twitterze 6 czerwca:<\/span><\/p>\n<blockquote>\n<p style=\"text-align: left;\"><strong>&#8220;Powiedzia\u0142em @UKParliament, \u017ce szokuj\u0105ce morderstwa w ko\u015bciele w #Nigerii mo\u017cna przypisa\u0107 ideologii, brakowi bezpiecze\u0144twa i bezkarno\u015bci \u2013 wraz z oboj\u0119tno\u015bci\u0105 rz\u0105du Buhariego. Nie mo\u017cna wini\u0107 zmian klimatycznych za egzekucje, porwania i morderstwa&#8221;.<\/strong><\/p>\n<\/blockquote>\n<p style=\"text-align: left;\"><span style=\"color: #000080;\">Wiele m\u00f3wi r\u00f3wnie\u017c fakt, \u017ce pot\u0119piaj\u0105c niemal identyczny pod wzgl\u0119dem liczby ofiar atak terrorystyczny, a mianowicie masakr\u0119 w Christchurch w 2019 roku, w kt\u00f3rej Australijczyk zabi\u0142 51 muzu\u0142man\u00f3w w Nowej Zelandii \u2013 prezydent Irlandii nie powiedzia\u0142 nic o zmianach klimatycznych. Podkre\u015bli\u0142 raczej prawdziw\u0105 przyczyn\u0119\u00a0<i>obu<\/i>\u00a0atak\u00f3w \u2013 religi\u0119. Po powiedzeniu, \u017ce ataki na meczety &#8220;oburzy\u0142y ludzi na ca\u0142ym \u015bwiecie&#8221;, Higgins\u00a0<a style=\"color: #000080;\" href=\"https:\/\/www.independent.ie\/world-news\/ireland-is-with-you-in-every-way-we-can-be-tanaiste-and-president-lead-irish-condemnation-of-new-zealand-mosque-massacre-37916470.html\" target=\"_blank\" rel=\"noopener noreferrer\">kontynuowa\u0142<\/a>:<\/span><\/p>\n<blockquote>\n<p style=\"text-align: left;\"><strong>&#8220;Nie ma usprawiedliwienia dla akt\u00f3w przemocy i dyskryminacji ze wzgl\u0119du na religi\u0119 lub przekonania&#8230; Wolno\u015b\u0107 wypowiedzi religijnej jest kamieniem w\u0119gielnym ka\u017cdej funkcjonuj\u0105cej demokracji i prawa te musz\u0105 by\u0107 zagwarantowane wszystkim obywatelom&#8221;.<\/strong><\/p>\n<\/blockquote>\n<p style=\"text-align: left;\"><span style=\"color: #000080;\">Sekretarz generalny ONZ Ant\u00f3nio Guterres w grudniu 2021 roku r\u00f3wnie\u017c pr\u00f3bowa\u0142 odwr\u00f3ci\u0107 uwag\u0119 od terroryzmu motywowanego religijnie i zwr\u00f3ci\u0107 j\u0105 na zmiany klimatyczne. &#8220;Zmiana klimatu&#8230; jest czynnikiem pogarszaj\u0105cym niestabilno\u015b\u0107, konflikt i terroryzm&#8221; \u2013\u00a0<a style=\"color: #000080;\" href=\"https:\/\/news.un.org\/en\/story\/2021\/12\/1107592\" target=\"_blank\" rel=\"noopener noreferrer\">powiedzia\u0142<\/a>. Gdyby nie by\u0142o huragan\u00f3w, by\u0142oby mniej terroryzmu?<\/span><\/p>\n<p style=\"text-align: left;\"><span style=\"color: #000080;\">Jak daleko gotowi si\u0119 posun\u0105\u0107 niekt\u00f3rzy ludzie? Albo ignorancko, albo k\u0142amliwie wykorzystuj\u0105 ludzkie cierpienie chrze\u015bcijan i innych, pr\u00f3buj\u0105c odwr\u00f3ci\u0107 uwag\u0119 od radykalizacji (takiej jak\u00a0<a style=\"color: #000080;\" href=\"https:\/\/archives.fbi.gov\/archives\/news\/testimony\/islamic-radicalization\" target=\"_blank\" rel=\"noopener noreferrer\">tu<\/a>,\u00a0<a style=\"color: #000080;\" href=\"https:\/\/www.psychologytoday.com\/us\/blog\/stop-the-cycle\/201511\/radicalization-young-muslims\" target=\"_blank\" rel=\"noopener noreferrer\">tu<\/a>\u00a0i\u00a0<a style=\"color: #000080;\" href=\"https:\/\/www.belfercenter.org\/event\/radicalization-muslims-europe\" target=\"_blank\" rel=\"noopener noreferrer\">tu),<\/a>\u00a0przemocy (<a style=\"color: #000080;\" href=\"https:\/\/www.thereligionofpeace.com\/pages\/quran\/violence.aspx?_e_pi_=7%2CPAGE_ID10%2C2657980978\" target=\"_blank\" rel=\"noopener noreferrer\">tutaj<\/a>,\u00a0<a style=\"color: #000080;\" href=\"https:\/\/foreignpolicy.com\/2015\/11\/09\/islam-is-a-religion-of-violence-ayaan-hirsi-ali-debate-islamic-state\/\" target=\"_blank\" rel=\"noopener noreferrer\">tu<\/a>,\u00a0<a style=\"color: #000080;\" href=\"https:\/\/www.memri.org\/reports\/arab-liberal-most-islamic-ideologues-organization-leaders-advocate-violence\" target=\"_blank\" rel=\"noopener noreferrer\">tu<\/a>\u00a0i\u00a0<a style=\"color: #000080;\" href=\"https:\/\/www.jacksonville.com\/story\/opinion\/columns\/mike-clark\/2015\/02\/03\/islam-quran-itself-preaches-violence-against-nonbelievers\/985431007\/\" target=\"_blank\" rel=\"noopener noreferrer\">tu<\/a>) i terroryzmu (<a style=\"color: #000080;\" href=\"https:\/\/www.csis.org\/analysis\/islam-and-patterns-terrorism-and-violent-extremism\" target=\"_blank\" rel=\"noopener noreferrer\">tutaj<\/a>,\u00a0<a style=\"color: #000080;\" href=\"https:\/\/www.pewresearch.org\/global\/2006\/05\/23\/where-terrorism-finds-support-in-the-muslim-world\/\" target=\"_blank\" rel=\"noopener noreferrer\">tu<\/a>\u00a0i\u00a0<a style=\"color: #000080;\" href=\"https:\/\/www.hoover.org\/research\/religious-sources-islamic-terrorism\" target=\"_blank\" rel=\"noopener noreferrer\">tu<\/a>) ekstremistycznych muzu\u0142man\u00f3w i zwracaj\u0105c j\u0105 w stron\u0119 ich szczeg\u00f3lnie ulubionych projekt\u00f3w, w tym przypadku zmiany klimatu.<\/span><\/p>\n<hr style=\"height: 15px; background: #d0e6fa; width: 100%;\" \/>\n<div id=\"content\" class=\"content-alignment\">\n<div id=\"watch-description\" class=\"yt-uix-button-panel\">\n<div id=\"watch-description-text\" style=\"text-align: center;\">\n<p><em>Zawarto\u015b\u0107 publikowanych artyku\u0142\u00f3w i materia\u0142\u00f3w nie reprezentuje pogl\u0105d\u00f3w ani opinii Reunion&#8217;68,<\/em><em><br \/>\nani te\u017c webmastera Blogu Reunion&#8217;68, chyba ze jest to wyra\u017anie zaznaczone.<br \/>\nTwoje uwagi, linki, w\u0142asne artyku\u0142y lub wiadomo\u015bci prze\u015blij na adres:<br \/>\n<\/em><span style=\"color: #000080;\"><strong><em><a style=\"color: #000080;\" href=\"mailto:webmaster@reunion68.com\"><span style=\"text-decoration: underline;\">webmaster@reunion68.com<\/span><\/a><\/em><\/strong><\/span><\/p>\n<\/div>\n<\/div>\n<\/div>\n<hr style=\"width: 100%;\" \/>\n","protected":false},"excerpt":{"rendered":"<p>Na zdj\u0119ciu: Zakrwawiona pod\u0142oga katolickiego ko\u015bcio\u0142a \u015bw. Franciszka w stanie Ondo w Nigerii po zamordowaniu tam 50 chrze\u015bcijan, 5 czerwca 2022 r. (Zdj\u0119cie: AFP via Getty Images) Zmiana klimatu: najnowsze usprawiedliwienie mordowania chrze\u015bcijan Raymond Ibrahim T\u0142umaczenie: Ma\u0142gorzata Koraszewska 5 czerwca 2022 r.\u00a0muzu\u0142manie zmasakrowali 50 chrze\u015bcijan\u00a0w nigeryjskim ko\u015bciele Zes\u0142ania Ducha \u015awi\u0119tego (to jeden z\u00a0wielu\u00a0przyk\u0142ad\u00f3w nigeryjskich chrze\u015bcijan [&hellip;]<\/p>\n","protected":false},"author":1,"featured_media":0,"comment_status":"closed","ping_status":"closed","sticky":false,"template":"","format":"standard","meta":[],"categories":[6],"tags":[26,24],"_links":{"self":[{"href":"https:\/\/www.reunion68.se\/index.php?rest_route=\/wp\/v2\/posts\/100296"}],"collection":[{"href":"https:\/\/www.reunion68.se\/index.php?rest_route=\/wp\/v2\/posts"}],"about":[{"href":"https:\/\/www.reunion68.se\/index.php?rest_route=\/wp\/v2\/types\/post"}],"author":[{"embeddable":true,"href":"https:\/\/www.reunion68.se\/index.php?rest_route=\/wp\/v2\/users\/1"}],"replies":[{"embeddable":true,"href":"https:\/\/www.reunion68.se\/index.php?rest_route=%2Fwp%2Fv2%2Fcomments&post=100296"}],"version-history":[{"count":4,"href":"https:\/\/www.reunion68.se\/index.php?rest_route=\/wp\/v2\/posts\/100296\/revisions"}],"predecessor-version":[{"id":100305,"href":"https:\/\/www.reunion68.se\/index.php?rest_route=\/wp\/v2\/posts\/100296\/revisions\/100305"}],"wp:attachment":[{"href":"https:\/\/www.reunion68.se\/index.php?rest_route=%2Fwp%2Fv2%2Fmedia&parent=100296"}],"wp:term":[{"taxonomy":"category","embeddable":true,"href":"https:\/\/www.reunion68.se\/index.php?rest_route=%2Fwp%2Fv2%2Fcategories&post=100296"},{"taxonomy":"post_tag","embeddable":true,"href":"https:\/\/www.reunion68.se\/index.php?rest_route=%2Fwp%2Fv2%2Ftags&post=100296"}],"curies":[{"name":"wp","href":"https:\/\/api.w.org\/{rel}","templated":true}]}}