{"id":100300,"date":"2022-12-07T17:00:08","date_gmt":"2022-12-07T15:00:08","guid":{"rendered":"http:\/\/www.reunion68.se\/?p=100300"},"modified":"2022-12-06T15:56:17","modified_gmt":"2022-12-06T13:56:17","slug":"10-00-82","status":"publish","type":"post","link":"https:\/\/www.reunion68.se\/?p=100300","title":{"rendered":"Jewish Man and 7-Year-Old Son Shot with BB Gun Outside Kosher Market in Staten Island"},"content":{"rendered":"<h5 style=\"text-align: center;\"><a href=\"https:\/\/www.algemeiner.com\/\" target=\"_blank\" rel=\"noopener noreferrer\"><img decoding=\"async\" class=\"center alignleft\" src=\"http:\/\/www.reunion68.com\/Biuletyn\/img\/algem.png\" alt=\"\" width=\"35%\" \/><\/a><span style=\"text-decoration: underline; color: #000080;\"><strong><a style=\"color: #000080; text-decoration: underline;\" href=\"https:\/\/www.algemeiner.com\/2022\/12\/05\/jewish-man-and-7-year-old-son-shot-with-bb-gun-outside-kosher-market-in-staten-island\/\" target=\"_blank\" rel=\"noopener noreferrer\">Jewish Man and 7-Year-Old Son Shot with BB Gun Outside Kosher Market in Staten Island<\/a><\/strong><\/span><\/h5>\n<p style=\"text-align: center;\"><span style=\"color: #000000;\"><strong>Dion J. Pierre<\/strong><\/span><\/p>\n<hr style=\"height: 15px; background: #d0e6fa; width: 100%;\" \/>\n<p style=\"text-align: center;\"><img decoding=\"async\" class=\"aligncenter\" src=\"https:\/\/www.algemeiner.com\/wp-content\/uploads\/2022\/12\/Staten_Island_Streetcorner1.jpg\" width=\"100%\" \/><span style=\"color: #808080;\"><em>Staten Island, New York. Photo: Fb78\/ Wikimedia Commons.<\/em><\/span><\/p>\n<p style=\"text-align: left;\"><span style=\"color: #000080;\">A Jewish man and his son were\u00a0<a style=\"color: #000080;\" href=\"https:\/\/www.youtube.com\/watch?time_continue=83&amp;v=jtZueGDWeto&amp;feature=emb_title\" target=\"_blank\" rel=\"noopener noreferrer\">shot<\/a>\u00a0with BB guns on Sunday while standing outside a kosher supermarket in the Staten Island borough of New York City.<\/span><\/p>\n<p style=\"text-align: left;\"><span style=\"color: #000080;\">Two suspects driving a black Ford Mustang grazed the son, who is 7-years-old, on the ear and impacted the father in the chest. According to\u00a0<em>CBS New York<\/em>, the New York City Police Department (NYPD) has said its investigators are still determining whether the assailants targeted the man and his son, who were wearing yarmulkes during the attack, because they are Jewish.<\/span><\/p>\n<p style=\"text-align: left;\"><span style=\"color: #000080;\">\u201cThe Staten Island Jewish community is very disturbed by this incident. Thank God the victims weren\u2019t severely injured and are OK,\u201d Ari Weiss of Staten Island Shomrim\u00a0<a style=\"color: #000080;\" href=\"https:\/\/www.cbsnews.com\/newyork\/news\/bb-gun-shooting-of-father-son-wearing-yarmulkes-on-staten-island-investigated-as-possible-hate-crime\/\" target=\"_blank\" rel=\"noopener noreferrer\">told<\/a>\u00a0<em>CBS\u00a0<\/em>on Monday. \u201cWe at the Staten Island Shomrim are working closely with NYPD\u2019s 121 &amp; Hate Crime detectives to identity and apprehend those responsible for these acts. We can all be very confident this will be resolved quickly, the NYPD detectives are the best in the world.\u201d<\/span><\/p>\n<p style=\"text-align: left;\"><span style=\"color: #000080;\">Antisemitic hate crimes in New York City during the month of November increased by 125 percent when compared to last year, the New York City Police Department (NYPD)\u00a0<a style=\"color: #000080;\" href=\"https:\/\/www.nyc.gov\/site\/nypd\/news\/p00070\/nypd-citywide-crime-statistics-november-2022\" target=\"_blank\" rel=\"noopener noreferrer\">reported<\/a>\u00a0on Monday. According to their data, Jewish New Yorkers were the most targeted group, accounting for 60 percent of all hate crimes that occurred.<\/span><\/p>\n<p style=\"text-align: left;\"><span style=\"color: #000080;\">In April, the Anti-Defamation League (ADL),\u00a0<a style=\"color: #000080;\" href=\"https:\/\/nynj.adl.org\/news\/2021-audit-ny\/\" target=\"_blank\" rel=\"noopener noreferrer\">reported<\/a>\u00a0that more antisemitic incidents are recorded in New York than in any other state, accounting for \u201can astounding 15 percent of the total reported antisemitic incidents across the country.\u201d<\/span><\/p>\n<hr style=\"height: 15px; background: #d0e6fa; width: 100%;\" \/>\n<div id=\"content\" class=\"content-alignment\">\n<div id=\"watch-description\" class=\"yt-uix-button-panel\">\n<div id=\"watch-description-text\" style=\"text-align: center;\">\n<p><em>Zawarto\u015b\u0107 publikowanych artyku\u0142\u00f3w i materia\u0142\u00f3w nie reprezentuje pogl\u0105d\u00f3w ani opinii Reunion&#8217;68,<\/em><em><br \/>\nani te\u017c webmastera Blogu Reunion&#8217;68, chyba ze jest to wyra\u017anie zaznaczone.<br \/>\nTwoje uwagi, linki, w\u0142asne artyku\u0142y lub wiadomo\u015bci prze\u015blij na adres:<br \/>\n<\/em><span style=\"color: #000080;\"><strong><em><a style=\"color: #000080;\" href=\"mailto:webmaster@reunion68.com\"><span style=\"text-decoration: underline;\">webmaster@reunion68.com<\/span><\/a><\/em><\/strong><\/span><\/p>\n<\/div>\n<\/div>\n<\/div>\n<hr style=\"width: 100%;\" \/>\n","protected":false},"excerpt":{"rendered":"<p>Jewish Man and 7-Year-Old Son Shot with BB Gun Outside Kosher Market in Staten Island Dion J. Pierre Staten Island, New York. Photo: Fb78\/ Wikimedia Commons. A Jewish man and his son were\u00a0shot\u00a0with BB guns on Sunday while standing outside a kosher supermarket in the Staten Island borough of New York City. Two suspects driving [&hellip;]<\/p>\n","protected":false},"author":1,"featured_media":0,"comment_status":"closed","ping_status":"closed","sticky":false,"template":"","format":"standard","meta":[],"categories":[6],"tags":[26,24],"_links":{"self":[{"href":"https:\/\/www.reunion68.se\/index.php?rest_route=\/wp\/v2\/posts\/100300"}],"collection":[{"href":"https:\/\/www.reunion68.se\/index.php?rest_route=\/wp\/v2\/posts"}],"about":[{"href":"https:\/\/www.reunion68.se\/index.php?rest_route=\/wp\/v2\/types\/post"}],"author":[{"embeddable":true,"href":"https:\/\/www.reunion68.se\/index.php?rest_route=\/wp\/v2\/users\/1"}],"replies":[{"embeddable":true,"href":"https:\/\/www.reunion68.se\/index.php?rest_route=%2Fwp%2Fv2%2Fcomments&post=100300"}],"version-history":[{"count":4,"href":"https:\/\/www.reunion68.se\/index.php?rest_route=\/wp\/v2\/posts\/100300\/revisions"}],"predecessor-version":[{"id":100322,"href":"https:\/\/www.reunion68.se\/index.php?rest_route=\/wp\/v2\/posts\/100300\/revisions\/100322"}],"wp:attachment":[{"href":"https:\/\/www.reunion68.se\/index.php?rest_route=%2Fwp%2Fv2%2Fmedia&parent=100300"}],"wp:term":[{"taxonomy":"category","embeddable":true,"href":"https:\/\/www.reunion68.se\/index.php?rest_route=%2Fwp%2Fv2%2Fcategories&post=100300"},{"taxonomy":"post_tag","embeddable":true,"href":"https:\/\/www.reunion68.se\/index.php?rest_route=%2Fwp%2Fv2%2Ftags&post=100300"}],"curies":[{"name":"wp","href":"https:\/\/api.w.org\/{rel}","templated":true}]}}