{"id":100328,"date":"2022-12-11T15:00:14","date_gmt":"2022-12-11T13:00:14","guid":{"rendered":"http:\/\/www.reunion68.se\/?p=100328"},"modified":"2022-12-07T09:19:16","modified_gmt":"2022-12-07T07:19:16","slug":"11-00-80","status":"publish","type":"post","link":"https:\/\/www.reunion68.se\/?p=100328","title":{"rendered":"\u2018Not Among The Very Best\u2019: Virginia Commission Issues Final Report on Antisemitism in The State"},"content":{"rendered":"<h5 style=\"text-align: center;\"><a href=\"https:\/\/www.algemeiner.com\/\" target=\"_blank\" rel=\"noopener noreferrer\"><img decoding=\"async\" class=\"center alignleft\" src=\"http:\/\/www.reunion68.com\/Biuletyn\/img\/algem.png\" alt=\"\" width=\"35%\" \/><\/a><span style=\"text-decoration: underline; color: #000080;\"><span><strong><a style=\"color: #000080; text-decoration: underline;\" href=\"https:\/\/www.algemeiner.com\/2022\/12\/06\/virginia-commission-appointed-by-governor-glenn-youngkin-issues-final-report-on-antisemitism-in-the-state\/2022\/12\/06\/virginia-commission-appointed-by-governor-glenn-youngkin-issues-final-report-on-antisemitism-in-the-state\/\" target=\"_blank\" rel=\"noopener noreferrer\">\u2018Not Among The Very Best\u2019: Virginia Commission Issues Final Report on Antisemitism in The State<br \/>\n<\/a><\/strong><\/span><\/span><\/h5>\n<p style=\"text-align: center;\"><span style=\"color: #000000;\"><strong>Dion J. Pierre<\/strong><\/span><\/p>\n<hr style=\"height: 15px; background: #d0e6fa; width: 100%;\" \/>\n<p style=\"text-align: center;\"><img decoding=\"async\" class=\"aligncenter\" src=\"https:\/\/www.algemeiner.com\/wp-content\/uploads\/2022\/08\/36361888812_12833d6650_o.jpg\" width=\"100%\" \/><span style=\"color: #808080;\"><em>Charlottesville, Virginia, resident counter protesting local neo-Nazis\u2019 \u201cUnite the Right\u201d rally in 2017. Photo: Stephen Melkisethian\/Flickr.<\/em><\/span><\/p>\n<p style=\"text-align: left;\"><span style=\"color: #000080;\">A commission created by Virginia Governor Glenn Youngkin to study antisemitism in the state issued its final\u00a0<a style=\"color: #000080;\" href=\"https:\/\/www.commonwealth.virginia.gov\/media\/governorvirginiagov\/secretary-of-the-commonwealth\/pdf\/Antisemitism-Commission-Report_final.pdf\" target=\"_blank\" rel=\"noopener noreferrer\">report<\/a>\u00a0on Monday.<\/span><\/p>\n<p style=\"text-align: left;\"><span style=\"color: #000080;\">\u201cThough Virginia is certainly not among the worst states for antisemitic incidents, it is also not among the very best,\u201d wrote the Commission to Combat Antisemitism, established through an executive order in January. \u201cIn recent years, Virginia has had fewer incidents than neighbors in Maryland and DC, but the national trend of increasing antisemitic incidents has not spared Virginia, and some of the most high-profile antisemitic incidents in recent history have occurred in the Commonwealth.\u201d<\/span><\/p>\n<p style=\"text-align: left;\"><span style=\"color: #000080;\">The commission noted that despite there being no antisemitic assaults in Virginia since 2018, 411 antisemitic incidents, including harassment and vandalism, occured in 2021, a 71 percent increase when compared to data for 2020, when 292 were reported.<\/span><\/p>\n<p style=\"text-align: left;\"><span style=\"color: #000080;\">In other incidents, a swastika was graffitied on a Jewish family\u2019s home in Burke and a student in Arlington airdropped a swastika image to his entire class and proceeded to play an online quiz game \u201cusing a swastika and a racial slur.\u201d Most notable, however, was an incident from five years ago, the Unite the Right Rally, which took place in Charlottesville in 2017 and led to death of 32-year-old Heather Heyer, who was killed when a white supremacist attending the rally intentionally crashed into dozens of counter-protestors.<\/span><\/p>\n<p style=\"text-align: left;\"><span style=\"color: #000080;\">\u201cThe painful memory of the Charlottesville tragedy significantly impacted both national and Virginia politics in the following years,\u201d the report added. \u201cReferences to Charlottesville persist in the national discourse on race, hate, and extremism in the US, which is constitutionally committed to Enlightenment ideals, including freedom from persecution.\u201d<\/span><\/p>\n<p style=\"text-align: left;\"><span style=\"color: #000080;\">The commission issued recommended several steps to fight antisemitism in Virginia, including a state law to adopt the International Holocaust Remembrance Alliance (IHRA) definition of antisemitism, the establishment of an official operation for processing complaints of antisemitism in K-12 schools and universities, and expanded standards requiring that students receive a comprehensive education in Jewish history.<\/span><\/p>\n<p style=\"text-align: left;\"><span style=\"color: #000080;\">A ban on academic boycotts was also proposed, citing their potential for \u201cdepriving students or faculty of the ability to study or conduct research in or about a foreign country or interact with its scholars and representatives.\u201d<\/span><\/p>\n<p style=\"text-align: left;\"><span style=\"color: #000080;\">\u201cThe recommendations set forth in this report merit rapid adoption,\u201d the report concluded. \u201cThe commission expects reports and recommendations in the future will be well positioned to take further steps to make Virginia an even safer and more welcoming place for people of all faiths, traditions, and backgrounds.\u201d<\/span><\/p>\n<hr style=\"height: 15px; background: #d0e6fa; width: 100%;\" \/>\n<div id=\"content\" class=\"content-alignment\">\n<div id=\"watch-description\" class=\"yt-uix-button-panel\">\n<div id=\"watch-description-text\" style=\"text-align: center;\">\n<p><em>Zawarto\u015b\u0107 publikowanych artyku\u0142\u00f3w i materia\u0142\u00f3w nie reprezentuje pogl\u0105d\u00f3w ani opinii Reunion&#8217;68,<\/em><em><br \/>\nani te\u017c webmastera Blogu Reunion&#8217;68, chyba ze jest to wyra\u017anie zaznaczone.<br \/>\nTwoje uwagi, linki, w\u0142asne artyku\u0142y lub wiadomo\u015bci prze\u015blij na adres:<br \/>\n<\/em><span style=\"color: #000080;\"><strong><em><a style=\"color: #000080;\" href=\"mailto:webmaster@reunion68.com\"><span style=\"text-decoration: underline;\">webmaster@reunion68.com<\/span><\/a><\/em><\/strong><\/span><\/p>\n<\/div>\n<\/div>\n<\/div>\n<hr style=\"width: 100%;\" \/>\n","protected":false},"excerpt":{"rendered":"<p>\u2018Not Among The Very Best\u2019: Virginia Commission Issues Final Report on Antisemitism in The State Dion J. Pierre Charlottesville, Virginia, resident counter protesting local neo-Nazis\u2019 \u201cUnite the Right\u201d rally in 2017. Photo: Stephen Melkisethian\/Flickr. A commission created by Virginia Governor Glenn Youngkin to study antisemitism in the state issued its final\u00a0report\u00a0on Monday. \u201cThough Virginia is [&hellip;]<\/p>\n","protected":false},"author":1,"featured_media":0,"comment_status":"closed","ping_status":"closed","sticky":false,"template":"","format":"standard","meta":[],"categories":[6],"tags":[26,24],"_links":{"self":[{"href":"https:\/\/www.reunion68.se\/index.php?rest_route=\/wp\/v2\/posts\/100328"}],"collection":[{"href":"https:\/\/www.reunion68.se\/index.php?rest_route=\/wp\/v2\/posts"}],"about":[{"href":"https:\/\/www.reunion68.se\/index.php?rest_route=\/wp\/v2\/types\/post"}],"author":[{"embeddable":true,"href":"https:\/\/www.reunion68.se\/index.php?rest_route=\/wp\/v2\/users\/1"}],"replies":[{"embeddable":true,"href":"https:\/\/www.reunion68.se\/index.php?rest_route=%2Fwp%2Fv2%2Fcomments&post=100328"}],"version-history":[{"count":6,"href":"https:\/\/www.reunion68.se\/index.php?rest_route=\/wp\/v2\/posts\/100328\/revisions"}],"predecessor-version":[{"id":100341,"href":"https:\/\/www.reunion68.se\/index.php?rest_route=\/wp\/v2\/posts\/100328\/revisions\/100341"}],"wp:attachment":[{"href":"https:\/\/www.reunion68.se\/index.php?rest_route=%2Fwp%2Fv2%2Fmedia&parent=100328"}],"wp:term":[{"taxonomy":"category","embeddable":true,"href":"https:\/\/www.reunion68.se\/index.php?rest_route=%2Fwp%2Fv2%2Fcategories&post=100328"},{"taxonomy":"post_tag","embeddable":true,"href":"https:\/\/www.reunion68.se\/index.php?rest_route=%2Fwp%2Fv2%2Ftags&post=100328"}],"curies":[{"name":"wp","href":"https:\/\/api.w.org\/{rel}","templated":true}]}}