{"id":100438,"date":"2022-12-17T17:00:50","date_gmt":"2022-12-17T15:00:50","guid":{"rendered":"http:\/\/www.reunion68.se\/?p=100438"},"modified":"2022-12-12T15:34:08","modified_gmt":"2022-12-12T13:34:08","slug":"16-00-75","status":"publish","type":"post","link":"https:\/\/www.reunion68.se\/?p=100438","title":{"rendered":"University of Toronto medical school&#8217;s antisemitism epidemic exposed"},"content":{"rendered":"<h5 style=\"text-align: center;\"><a href=\"https:\/\/www.jpost.com\/\" target=\"_blank\" rel=\"noopener noreferrer\"><img decoding=\"async\" class=\"center alignleft\" src=\"http:\/\/www.reunion68.com\/Biuletyn\/img\/jpost.png\" alt=\"\" width=\"35%\"><\/a><span style=\"text-decoration: underline; color: #000080;\"><strong><a style=\"color: #000080; text-decoration: underline;\" href=\"https:\/\/www.jpost.com\/diaspora\/antisemitism\/article-724477\" target=\"_blank\" rel=\"noopener noreferrer\">University of Toronto medical school&#8217;s antisemitism epidemic exposed<\/a><\/strong><\/span><\/h5>\n<p style=\"text-align: center;\"><span style=\"color: #000000;\"><strong>BOAZ EDIDIN<\/strong><\/span><\/p>\n<hr style=\"height: 15px; background: #d0e6fa; width: 100%;\">\n<h5 style=\"text-align: center;\"><strong>A study detailing a Jewish professor&#8217;s personal experiences with antisemitism was published soon after the dean apologized for 20th-century quotas on Jewish med school applicants.<\/strong><\/h5>\n<p style=\"text-align: center;\">.<br \/>\n<img decoding=\"async\" class=\"aligncenter\" src=\"https:\/\/www.jpost.com\/\/HttpHandlers\/ShowImage.ashx?id=358297&amp;w=822&amp;h=537\" width=\"100%\"><span style=\"color: #808080;\"><em>University of Toronto \/ (photo credit: Wikimedia Commons)<\/em><\/span><\/p>\n<p style=\"text-align: left;\"><span style=\"color: #000080;\">Jewish-Canadian professor Dr. Ayelet Kuper detailed her personal encounters with antisemitism and discrimination throughout her tenure at the University of Toronto (U of T)&nbsp; in a peer-reviewed study published earlier this week by the&nbsp;<em>Canadian Medical Education Journal<\/em>.<\/span><\/p>\n<p style=\"text-align: left;\"><span style=\"color: #000080;\">\u201cWhile I describe in this paper my personal experience of discrimination, my purpose is not to name or shame the behavior of the individuals (whom I will not name) who perpetrated that discrimination,\u201d the former senior adviser on antisemitism and current associate professor at the university&#8217;s Temerty Faculty of Medicine (TFOM), writes in the study. &#8220;My goal is to call attention to a growing social justice issue that is larger than any individuals.\u201d&nbsp;<\/span><\/p>\n<blockquote id=\"blockquote_cite_2fa95de1-5d03-1f33-5600-07a412703a1a\" class=\"blockquote_cite center\"><p><b>\u201cIt is, put plainly, the equivalent of a group of white people telling Black people how to define anti-Black racism\u2013and it is just as unacceptable\u201d<\/b><\/p>\n<p><cite>Dr. Ayelet Kuper<\/cite><\/p><\/blockquote>\n<p style=\"text-align: left;\"><span style=\"color: #000080;\">Kuper cites what was perhaps<a style=\"color: #000080;\" href=\"https:\/\/www.jpost.com\/opinion\/article-719323\" target=\"_blank\" rel=\"noopener noreferrer\">&nbsp;the most well-publicized antisemitic event at TFOM this year<\/a>, when the honorable Irwin Cotler, a former Canadian federal justice minister, attorney-general and current Canadian Special Envoy on Preserving Holocaust Remembrance and Combatting Antisemitism, gave a speech at TFOM on International Holocaust Remembrance Day.<\/span><\/p>\n<p style=\"text-align: left;\"><span style=\"color: #000080;\">Months after Cotler\u2019s speech, a previously confidential letter signed by 45 U of T faculty members falsely accusing Cotler of attempting to oppress Palestinians and of using a definition of antisemitism forbidden by U of T was leaked. School leadership never publicly responded to the letter, so TFOM\u2019s Jewish community partnered with a local Jewish physician group to draft an open letter explaining why the leaked complaint was antisemitic; they convinced over 300 TFOM faculty members to sign this letter.<\/span><\/p>\n<p style=\"text-align: center;\"><img decoding=\"async\" class=\"aligncenter\" src=\"https:\/\/images.jpost.com\/image\/upload\/f_auto,fl_lossy\/t_JD_ArticleMainImageFaceDetect\/516558\" width=\"100%\"><span style=\"color: #808080;\"><em>UNIVERSITY FACULTY accused international human rights activist Prof. Irwin Cotler of prejudice against Palestinians (credit: REUTERS)<\/em><\/span><\/p>\n<p style=\"text-align: left;\"><span style=\"color: #000080;\">\u201cIt is, put plainly, the equivalent of a group of white people telling Black people how to define anti-Black racism\u2013and it is just as unacceptable,\u201d Kuper says in regard to the leaked complaint\u2019s condemnation of Cotler\u2019s definition of antisemitism.<\/span><\/p>\n<h5 style=\"text-align: left;\"><strong>Antisemitism on the rise in Canadian universities<\/strong><\/h5>\n<p style=\"text-align: left;\"><span style=\"color: #000080;\">While most blame the TFOM&#8217;s antisemitic environment on the&nbsp;<a style=\"color: #000080;\" href=\"https:\/\/www.jpost.com\/arab-israeli-conflict\/gaza-news\" target=\"_blank\" rel=\"noopener noreferrer\">recent conflicts in Gaza<\/a>, \u201chateful attitudes about Jews have been on the rise at TFOM for at least three years.\u201d<\/span><\/p>\n<p style=\"text-align: left;\"><span style=\"color: #000080;\">In the years prior to the war in Gaza, Kuper reports overhearing colleagues belittling the Holocaust, hearing about non-Jewish students believing their Jewish classmates had the power to block their residency matches, and having to address the refusal of student groups to provide kosher food at TFOM events. She also details personally experiencing antisemitism on campus in the form of accusations that she lies to, oppresses, and controls others for her own personal gain. Kuper has even been told, \u201cthat antisemitism can\u2019t exist because everything Jews say are lies, including any claims to have experienced discrimination.\u201d<\/span><\/p>\n<blockquote>\n<p style=\"text-align: left;\"><b>\u201cDr. Kuper\u2019s experiences with antisemitism are not unique, but they are deeply disturbing.\u201d<\/b><\/p>\n<p style=\"text-align: left;\"><cite>Noah Shack, Centre for Israel and Jewish Affairs Vice President of the Greater Toronto Area<\/cite><\/p>\n<\/blockquote>\n<p style=\"text-align: left;\"><span style=\"color: #000080;\">\u201cGrowing support for antisemitism at TFOM has been carefully re-framed since the spring of 2021 as political activism against Israel and as scholarly positions held under the protection of academic freedom,\u201d explains Kuper.<\/span><\/p>\n<p style=\"text-align: left;\"><span style=\"color: #000080;\">\u201cCalling someone a Zionist in the Canadian context is almost the same as calling them a Jew,\u201d Kuper says, citing recent data that 79% of Canadian Jews define themselves as being emotionally attached to Israel. \u201cNonetheless, there are those at TFOM who have insisted (to me and to others) that [Zionist] means various racist and hateful things, ranging from \u2018hating &nbsp;all &nbsp;Muslims\u2019 to \u2018wanting to murder all Palestinians.\u2019 Such false definitions are then used to justify hatred of any Jews who \u2018admit\u2019 to being Zionists.\u201d<\/span><\/p>\n<p style=\"text-align: left;\"><span style=\"color: #000080;\">The rise in antisemitism at U of T reflects an increase in Canada as a whole: A record 2799 verified anti-Jewish hate crimes were committed in Canada in 2021. Following the mainstreaming of antisemitism by celebrities Kanye West and Kyrie Irving, the number should only continue to rise.<\/span><\/p>\n<p style=\"text-align: left;\"><span style=\"color: #000080;\">\u201cDr. Kuper\u2019s experiences with antisemitism are not unique, but they are deeply disturbing,\u201d said Noah Shack, vice president of the greater Toronto area at the Centre for Israel and Jewish Affairs, in response to Kuper\u2019s newly published study.<\/span><\/p>\n<p style=\"text-align: left;\"><span style=\"color: #000080;\">\u201cThe pernicious tropes, discrimination, victim-blaming, and hateful attitudes about Jews that Dr. Kuper details confirm the serious concerns that prompted the TFOM to establish the role of Senior Advisor on Antisemitism in 2021. We look forward to learning what action the faculty will be taking to address this distressing situation. In September, the dean of the TFOM formally apologized for its quotas on Jewish medical school applicants in the 1940-50s. While recognition of past failures is important, urgent action to support Jewish faculty, staff, and students is essential today.\u201d<\/span><\/p>\n<hr style=\"height: 15px; background: #d0e6fa; width: 100%;\">\n<div id=\"content\" class=\"content-alignment\">\n<div id=\"watch-description\" class=\"yt-uix-button-panel\">\n<div id=\"watch-description-text\" style=\"text-align: center;\">\n<p><em>Zawarto\u015b\u0107 publikowanych artyku\u0142\u00f3w i materia\u0142\u00f3w nie reprezentuje pogl\u0105d\u00f3w ani opinii Reunion&#8217;68,<\/em><em><br \/>\nani te\u017c webmastera Blogu Reunion&#8217;68, chyba ze jest to wyra\u017anie zaznaczone.<br \/>\nTwoje uwagi, linki, w\u0142asne artyku\u0142y lub wiadomo\u015bci prze\u015blij na adres:<br \/>\n<\/em><span style=\"color: #000080;\"><strong><em><a style=\"color: #000080;\" href=\"mailto:webmaster@reunion68.com\"><span style=\"text-decoration: underline;\">webmaster@reunion68.com<\/span><\/a><\/em><\/strong><\/span><\/p>\n<\/div>\n<\/div>\n<\/div>\n<hr style=\"width: 100%;\">\n","protected":false},"excerpt":{"rendered":"<p>University of Toronto medical school&#8217;s antisemitism epidemic exposed BOAZ EDIDIN A study detailing a Jewish professor&#8217;s personal experiences with antisemitism was published soon after the dean apologized for 20th-century quotas on Jewish med school applicants. . University of Toronto \/ (photo credit: Wikimedia Commons) Jewish-Canadian professor Dr. Ayelet Kuper detailed her personal encounters with antisemitism [&hellip;]<\/p>\n","protected":false},"author":1,"featured_media":0,"comment_status":"closed","ping_status":"closed","sticky":false,"template":"","format":"standard","meta":[],"categories":[6],"tags":[26,24],"_links":{"self":[{"href":"https:\/\/www.reunion68.se\/index.php?rest_route=\/wp\/v2\/posts\/100438"}],"collection":[{"href":"https:\/\/www.reunion68.se\/index.php?rest_route=\/wp\/v2\/posts"}],"about":[{"href":"https:\/\/www.reunion68.se\/index.php?rest_route=\/wp\/v2\/types\/post"}],"author":[{"embeddable":true,"href":"https:\/\/www.reunion68.se\/index.php?rest_route=\/wp\/v2\/users\/1"}],"replies":[{"embeddable":true,"href":"https:\/\/www.reunion68.se\/index.php?rest_route=%2Fwp%2Fv2%2Fcomments&post=100438"}],"version-history":[{"count":7,"href":"https:\/\/www.reunion68.se\/index.php?rest_route=\/wp\/v2\/posts\/100438\/revisions"}],"predecessor-version":[{"id":100502,"href":"https:\/\/www.reunion68.se\/index.php?rest_route=\/wp\/v2\/posts\/100438\/revisions\/100502"}],"wp:attachment":[{"href":"https:\/\/www.reunion68.se\/index.php?rest_route=%2Fwp%2Fv2%2Fmedia&parent=100438"}],"wp:term":[{"taxonomy":"category","embeddable":true,"href":"https:\/\/www.reunion68.se\/index.php?rest_route=%2Fwp%2Fv2%2Fcategories&post=100438"},{"taxonomy":"post_tag","embeddable":true,"href":"https:\/\/www.reunion68.se\/index.php?rest_route=%2Fwp%2Fv2%2Ftags&post=100438"}],"curies":[{"name":"wp","href":"https:\/\/api.w.org\/{rel}","templated":true}]}}