{"id":100522,"date":"2022-12-14T17:00:05","date_gmt":"2022-12-14T15:00:05","guid":{"rendered":"http:\/\/www.reunion68.se\/?p=100522"},"modified":"2022-12-14T12:47:08","modified_gmt":"2022-12-14T10:47:08","slug":"19-00-73","status":"publish","type":"post","link":"https:\/\/www.reunion68.se\/?p=100522","title":{"rendered":"US Antisemitism Envoy: Antisemitism \u2018Like A Herpes Virus\u2019"},"content":{"rendered":"<h5 style=\"text-align: center;\"><a href=\"https:\/\/www.algemeiner.com\/\" target=\"_blank\" rel=\"noopener noreferrer\"><img decoding=\"async\" class=\"center alignleft\" src=\"http:\/\/www.reunion68.com\/Biuletyn\/img\/algem.png\" alt=\"\" width=\"35%\"><\/a><span style=\"text-decoration: underline; color: #000080;\"><span><strong><a style=\"color: #000080; text-decoration: underline;\" href=\"https:\/\/www.algemeiner.com\/2022\/12\/13\/us-antisemitism-envoy-antisemitism-like-a-herpes-virus\/\" target=\"_blank\" rel=\"noopener noreferrer\">US Antisemitism Envoy: Antisemitism \u2018Like A Herpes Virus\u2019<\/a><\/strong><\/span><\/span><\/h5>\n<p style=\"text-align: center;\"><span style=\"color: #000000;\"><strong>Andrew Bernard<\/strong><\/span><\/p>\n<hr style=\"height: 15px; background: #d0e6fa; width: 100%;\">\n<p style=\"text-align: center;\"><img decoding=\"async\" class=\"aligncenter\" src=\"https:\/\/www.algemeiner.com\/wp-content\/uploads\/2022\/03\/2022-02-08T161546Z_504948091_MT1SIPA000KX2ET8_RTRMADP_3_SIPA-USA-1.jpg\" width=\"100%\"><span style=\"color: #808080;\"><em>US Jewish academic and Holocaust expert Deborah Lipstadt addressing the Senate Foreign Relations Committee. Photo: Reuters\/Sipa USA\/Rod Lamkey<\/em><\/span><\/p>\n<p style=\"text-align: left;\"><span style=\"color: #000080;\">The US Special Envoy to Combat Antisemitism, Deborah Lipstadt, told lawmakers and human rights experts assembled in Washington on Tuesday that antisemitism is like a virus in testimony on rising antisemitism in the United States and abroad.<\/span><\/p>\n<p style=\"text-align: left;\"><span style=\"color: #000080;\">\u201cI think of antisemitism as a virus, a virus almost like a herpes virus,\u201d she said. Someone who was unlucky enough to get that virus, it\u2019s very difficult to get rid of it,\u201d Lipstadt told the Helsinki Commission, an independent US government commission compromising 18 members of Congress and and three currently-vacant executive branch appointees.<\/span><\/p>\n<p style=\"text-align: left;\"><span style=\"color: #000080;\">Formally known as the Commission on Security and Cooperation in Europe, the Helsinki Commission holds annual hearings on antisemitism in recognition of Europe\u2019s unique history of antisemitism, including the Holocaust, according to its&nbsp;<a style=\"color: #000080;\" href=\"https:\/\/www.csce.gov\/issue\/anti-semitism\" target=\"_blank\" rel=\"noopener noreferrer\">website<\/a>.<\/span><\/p>\n<p style=\"text-align: left;\"><span style=\"color: #000080;\">Lipstadt said for societies undergoing stress, that outbreak is often to resort to blaming Jews. \u201cBecause if they were to blame bicycle riders, people would say, \u2018you\u2019re nuts,&#8217;\u201d Lipstadt added.&nbsp;\u201cNow, there\u2019s some medication that may get rid of it. But for many people who have it, a moment of stress, a job interview, their wedding, something happens and they wake up that morning and they\u2019ve got an outbreak, they\u2019ve got a sore.\u201d<\/span><\/p>\n<p style=\"text-align: left;\"><span style=\"color: #000080;\">In opening remarks to the commission, Sen. Ben Cardin (D-MD) noted that 2021 saw the highest number of antisemitic attacks ever recorded and that 2022 appears to be on \u201cthe same trajectory.\u201d Cardin also thanked Republican members of Congress who spoke out against Former President Trump\u2019s dinner with antisemitic rapper Kanye West and Holocaust-denying alt-right figure Nick Fuentes.<\/span><\/p>\n<p style=\"text-align: left;\"><span style=\"color: #000080;\">The hearing follows the&nbsp;<a style=\"color: #000080;\" href=\"https:\/\/www.algemeiner.com\/2022\/12\/13\/white-house-establishes-inter-agency-group-to-counter-antisemitism\/\" target=\"_blank\" rel=\"noopener noreferrer\">announcement<\/a>&nbsp;by the Biden administration Tuesday of the creation of an inter-agency group to combat antisemitism.<\/span><\/p>\n<p style=\"text-align: left;\"><span style=\"color: #000080;\">Several commission members noted that the FBI\u2019s hate crimes report for 2021, which was released Monday, is marred by failures in data collection and reporting. The Anti-Defamation League (ADL) criticized the 22% decline in the number of local police agencies reporting their hate crime data to the FBI, including large cities like New York and Los Angeles. Despite the smaller sample size of reporting agencies, anti-Jewish hate crimes still comprised the largest percentage of religion-based hate crimes in 2021.<\/span><\/p>\n<p style=\"text-align: left;\"><span style=\"color: #000080;\">Rabbi Andrew Baker, the American Jewish Committee\u2019s Director of International Jewish Affairs, testified to the commission that in Europe anti-Kosher-slaughter and anti-circumcision movements are a rising threat to European Jews.<\/span><\/p>\n<p style=\"text-align: left;\"><span style=\"color: #000080;\">\u201cProponents may say they are acting in the name of animal welfare or children\u2019s rights,\u201d Baker said. \u201cBut they welcome support from anti-immigrant, anti-Muslim, and antisemitic parties. And their success threatens the very future of Jewish life in Europe.\u201d<\/span><\/p>\n<hr style=\"height: 15px; background: #d0e6fa; width: 100%;\">\n<div id=\"content\" class=\"content-alignment\">\n<div id=\"watch-description\" class=\"yt-uix-button-panel\">\n<div id=\"watch-description-text\" style=\"text-align: center;\">\n<p><em>Zawarto\u015b\u0107 publikowanych artyku\u0142\u00f3w i materia\u0142\u00f3w nie reprezentuje pogl\u0105d\u00f3w ani opinii Reunion&#8217;68,<\/em><em><br \/>\nani te\u017c webmastera Blogu Reunion&#8217;68, chyba ze jest to wyra\u017anie zaznaczone.<br \/>\nTwoje uwagi, linki, w\u0142asne artyku\u0142y lub wiadomo\u015bci prze\u015blij na adres:<br \/>\n<\/em><span style=\"color: #000080;\"><strong><em><a style=\"color: #000080;\" href=\"mailto:webmaster@reunion68.com\"><span style=\"text-decoration: underline;\">webmaster@reunion68.com<\/span><\/a><\/em><\/strong><\/span><\/p>\n<\/div>\n<\/div>\n<\/div>\n<hr style=\"width: 100%;\">\n","protected":false},"excerpt":{"rendered":"<p>US Antisemitism Envoy: Antisemitism \u2018Like A Herpes Virus\u2019 Andrew Bernard US Jewish academic and Holocaust expert Deborah Lipstadt addressing the Senate Foreign Relations Committee. Photo: Reuters\/Sipa USA\/Rod Lamkey The US Special Envoy to Combat Antisemitism, Deborah Lipstadt, told lawmakers and human rights experts assembled in Washington on Tuesday that antisemitism is like a virus in [&hellip;]<\/p>\n","protected":false},"author":1,"featured_media":0,"comment_status":"closed","ping_status":"closed","sticky":false,"template":"","format":"standard","meta":[],"categories":[6],"tags":[26,24],"_links":{"self":[{"href":"https:\/\/www.reunion68.se\/index.php?rest_route=\/wp\/v2\/posts\/100522"}],"collection":[{"href":"https:\/\/www.reunion68.se\/index.php?rest_route=\/wp\/v2\/posts"}],"about":[{"href":"https:\/\/www.reunion68.se\/index.php?rest_route=\/wp\/v2\/types\/post"}],"author":[{"embeddable":true,"href":"https:\/\/www.reunion68.se\/index.php?rest_route=\/wp\/v2\/users\/1"}],"replies":[{"embeddable":true,"href":"https:\/\/www.reunion68.se\/index.php?rest_route=%2Fwp%2Fv2%2Fcomments&post=100522"}],"version-history":[{"count":4,"href":"https:\/\/www.reunion68.se\/index.php?rest_route=\/wp\/v2\/posts\/100522\/revisions"}],"predecessor-version":[{"id":100557,"href":"https:\/\/www.reunion68.se\/index.php?rest_route=\/wp\/v2\/posts\/100522\/revisions\/100557"}],"wp:attachment":[{"href":"https:\/\/www.reunion68.se\/index.php?rest_route=%2Fwp%2Fv2%2Fmedia&parent=100522"}],"wp:term":[{"taxonomy":"category","embeddable":true,"href":"https:\/\/www.reunion68.se\/index.php?rest_route=%2Fwp%2Fv2%2Fcategories&post=100522"},{"taxonomy":"post_tag","embeddable":true,"href":"https:\/\/www.reunion68.se\/index.php?rest_route=%2Fwp%2Fv2%2Ftags&post=100522"}],"curies":[{"name":"wp","href":"https:\/\/api.w.org\/{rel}","templated":true}]}}