{"id":100713,"date":"2022-12-21T17:09:22","date_gmt":"2022-12-21T15:09:22","guid":{"rendered":"http:\/\/www.reunion68.se\/?p=100713"},"modified":"2022-12-20T09:22:41","modified_gmt":"2022-12-20T07:22:41","slug":"26-09-75","status":"publish","type":"post","link":"https:\/\/www.reunion68.se\/?p=100713","title":{"rendered":"Za nami Akademia Zimowa \u017bIH 2022"},"content":{"rendered":"<p><img decoding=\"async\" src=\"https:\/\/www.jhi.pl\/storage\/image\/core_files\/2021\/1\/4\/dc409bbfd765032572fe7e72e35c47f6\/jpg\/jhi\/header\/JHI_thumbnail_1.webp\" width=\"100%\"><\/p>\n<hr>\n<h5 style=\"text-align: center;\"><a href=\"https:\/\/www.jhi.pl\/\" target=\"_blank\" rel=\"noopener noreferrer\"><img decoding=\"async\" class=\"center alignleft\" src=\"http:\/\/www.reunion68.com\/Biuletyn\/img\/zih-1.png\" alt=\"\" width=\"35%\"><\/a><span style=\"text-decoration: underline; color: #000080;\"><strong><a style=\"color: #000080; text-decoration: underline;\" href=\"https:\/\/www.jhi.pl\/artykuly\/akademia-zimowa-zih-2022,6520\" target=\"_blank\" rel=\"noopener noreferrer\">Za nami Akademia Zimowa \u017bIH 2022<\/a><\/strong><\/span><\/h5>\n<p style=\"text-align: center;\"><span style=\"color: #000000;\"><strong>Dzia\u0142 Edukacji \u017bIH<\/strong><\/span><\/p>\n<hr style=\"height: 15px; background: #d0e6fa; width: 100%;\">\n<h4 style=\"text-align: center;\"><span style=\"color: #808080;\"><strong>Grudniowe seminarium dla nauczycieli Akademia Zimowa zako\u0144czy\u0142o cykl szkole\u0144 edukacyjnych organizowanych przez \u017bydowski Instytut Historyczny w 2022 roku. Od czerwca wzi\u0119\u0142o w nich udzia\u0142 oko\u0142o stu przewodnik\u00f3w, edukator\u00f3w, archiwist\u00f3w i nauczycieli z Izraela, Niemiec i Polski. Tematem przewodnim tegorocznej Akademii Zimowej by\u0142a wystawa czasowa \u201eRami\u0119 przy ramieniu? \u017bydzi w polskich d\u0105\u017ceniach niepodleg\u0142o\u015bciowych 1794-1918\u201d.<\/strong><\/span><\/h4>\n<p style=\"text-align: center;\">*<\/p>\n<p style=\"text-align: center;\"><img decoding=\"async\" class=\"aligncenter\" src=\"https:\/\/www.jhi.pl\/storage\/image\/core_files\/2022\/12\/13\/876a5e29ac429c16d28e9db9ee48888d\/jpg\/jhi\/normal_big\/ok%C5%82adkowe.webp\" width=\"100%\"><span style=\"color: #808080;\"><em>Fot. P. Skwierczy\u0144ska<\/em><\/span><\/p>\n<p style=\"text-align: left;\"><span style=\"color: #000080;\">W sobot\u0119 10 grudnia przyjechali do nas pedagodzy i lokalni edukatorzy z ca\u0142ego kraju \u2013 od Zgorzelca i Zb\u0105szynia przez Radomsko, Piotrk\u00f3w i Radom a\u017c po Brze\u015b\u0107 Kujawski, od Niepo\u0142omic i Tarnobrzega, przez Lublin, W\u0142odaw\u0119 i Radzy\u0144 Podlaski do E\u0142ku. Na co dzie\u0144 pracuj\u0105 w szko\u0142ach i ucz\u0105 przedmiot\u00f3w humanistycznych, ale zainteresowanie histori\u0105 polskich \u017byd\u00f3w i poczucie obowi\u0105zku ochrony lokalnego dziedzictwa sprawia, \u017ce ich praca nie ko\u0144czy si\u0119 wraz z ostatnim dzwonkiem. Anga\u017cuj\u0105 m\u0142odzie\u017c w porz\u0105dkowanie cmentarzy \u017cydowskich, przekonuj\u0105 w\u0142adze samorz\u0105dowe do upami\u0119tniania miejsc i postaci zwi\u0105zanych z histori\u0105 spo\u0142eczno\u015bci \u017cydowskiej. W czasie pandemii przenie\u015bli swoje dzia\u0142ania do medi\u00f3w spo\u0142eczno\u015bciowych, dzi\u0119ki czemu merytoryczne informacje i aktualne projekty docieraj\u0105 do coraz wi\u0119kszego grona odbiorc\u00f3w.<\/span><\/p>\n<p style=\"text-align: left;\"><span style=\"color: #000080;\">Sobotnia cz\u0119\u015b\u0107 seminarium Akademia Zimowa 2022 rozpocz\u0119\u0142a si\u0119 przywitaniem uczestnik\u00f3w przez kierownika Dzia\u0142u Edukacji, dra Bartosza Borysa, kt\u00f3ry przedstawi\u0142 prelegent\u00f3w i om\u00f3wi\u0142 program szkolenia. Nast\u0119pnie jego zast\u0119pczyni, Olga Szyma\u0144ska-Snopek przeprowadzi\u0142a zaj\u0119cia warsztatowe, podczas kt\u00f3rych nauczyciele mieli okazj\u0119 zapozna\u0107 si\u0119 ze sob\u0105 oraz dowiedzie\u0107 o swoich zainteresowaniach i dokonaniach. Okaza\u0142o si\u0119, \u017ce byli w\u015br\u00f3d nich dawno niewidziani znajomi z innych seminari\u00f3w oraz osoby realizuj\u0105ce te same projekty w odleg\u0142ych zak\u0105tkach Polski.<\/span><\/p>\n<p style=\"text-align: left;\"><span style=\"color: #000080;\">Pierwszy wyk\u0142ad tego dnia by\u0142 wyst\u0105pieniem pracownika Dzia\u0142u Naukowego dra Paw\u0142a Fija\u0142kowskiego, kt\u00f3ry opowiedzia\u0142 o historii spo\u0142eczno\u015bci \u017cydowskiej w I Rzeczpospolitej. Dr Fija\u0142kowski przedstawi\u0142 pocz\u0105tki osadnictwa \u017byd\u00f3w miastach na ziemiach polskich od \u015bredniowiecza, opowiedzia\u0142 o ich relacjach z chrze\u015bcijanami oraz decyzjach kr\u00f3l\u00f3w i ksi\u0105\u017c\u0105t, kt\u00f3re regulowa\u0142y kwestie jurysdykcji i gospodarki. Nast\u0119pnie zaprosili\u015bmy nauczycieli do odwiedzenia Archiwum i wystawy \u201eMa\u0142a Synagoga na T\u0142omackiem\u201d, uczestnicy podzieleni na dwie grupy mieli mo\u017cliwo\u015b\u0107 lepiej do\u015bwiadczy\u0107 wizyty w obu miejscach. Kierowniczka Archiwum \u017bIH Agnieszka Reszka pokaza\u0142a nauczycielom samo centrum dzia\u0142u \u2013 miejsce przechowywania cennych dokument\u00f3w, w\u015br\u00f3d kt\u00f3rych s\u0105 relacje ocala\u0142ych z Holokaustu. Spotkanie w Archiwum by\u0142o dla pedagog\u00f3w okazj\u0105 do zadawania pyta\u0144 o zbiory zwi\u0105zane z lokalnymi spo\u0142eczno\u015bciami oraz o mo\u017cliwo\u015b\u0107 pozyskania ich do szkolnych projekt\u00f3w. Edukatorka Olga Szyma\u0144ska-Snopek przedstawi\u0142a kolekcj\u0119 judaik\u00f3w oraz opowiedzia\u0142a o mo\u017cliwo\u015bciach wykorzystania wiedzy dotycz\u0105cej religii i kultury \u017byd\u00f3w jako cz\u0119\u015bci dziedzictwa wi\u0119kszo\u015bci miast na ziemiach polskich.<\/span><\/p>\n<p style=\"text-align: left;\"><span style=\"color: #000080;\">W drugiej cz\u0119\u015bci dnia uczestnicy zwiedzili wystaw\u0119 czasow\u0105 \u201eRami\u0119 przy ramieniu?\u201d z jej kuratorem, Jakubem Bendkowskim z Dzia\u0142u Sztuki. Punktem centralnym wystawy jest wypo\u017cyczony z Muzeum Narodowego w Krakowie obraz&nbsp;<em>Pogrzeb pi\u0119ciu poleg\u0142ych<\/em>&nbsp;autorstwa Aleksandra Lessera z 1861. Malarz przedstawi\u0142 na nim pogrzeb ofiar manifestacji przeciwko w\u0142adzom rosyjskim, kt\u00f3ra mia\u0142a miejsce 27 lutego 1861 roku oraz sportretowa\u0142 uczestnik\u00f3w pogrzebu na cmentarzu pow\u0105zkowskim \u2013 warszawsk\u0105 elit\u0119 i duchowie\u0144stwo, w tym rabin\u00f3w. Nast\u0119pnie zast\u0119pczyni kierownika Dzia\u0142u Edukacji, Olga Szyma\u0144ska-Snopek om\u00f3wi\u0142a zagadnienie wykorzystania dokument\u00f3w z Podziemnego Archiwum Getta Warszawy w edukacji formalnej. Przedstawi\u0142a rol\u0119 dokument\u00f3w osobistych przygotowanych i zebranych przez cz\u0142onk\u00f3w konspiracyjnej grupy Oneg Szabat, mo\u017cliwo\u015bci interdyscyplinarnego badania ich oraz zaproponowa\u0142a warianty korzystania z nich na lekcjach j\u0119zyka polskiego i historii. Ostatnim punktem programu by\u0142 wyk\u0142ad dr Alicji Mroczkowskiej z Dzia\u0142u Dokumentacji zatytu\u0142owany \u201eSpo\u0142eczny wymiar cmentarzy \u017cydowskich w Polsce\u201d. Dr Mroczkowska opowiedzia\u0142a o losach cmentarzy \u017cydowskich po drugiej wojnie \u015bwiatowej \u2013 ich statusie prawnym i miejscu w pami\u0119ci lokalnych mieszka\u0144c\u00f3w. Cmentarze \u017cydowskie, jak relacjonowa\u0142a dr Mroczkowska, nadal pozostaj\u0105 przestrzeni\u0105 spor\u00f3w i wyzwa\u0144 dla w\u0142adz samorz\u0105dowych, nie przestaj\u0105 jednak by\u0107 miejscami wa\u017cnymi dla edukacji o dziedzictwie polskich \u017byd\u00f3w.<\/span><\/p>\n<p style=\"text-align: left;\"><span style=\"color: #000080;\">Kontynuuj\u0105c temat dziedzictwa materialnego \u017byd\u00f3w w przestrzeni polskich miast, w niedziel\u0119 uczestnicy Akademii Zimowej 2022 rozpocz\u0119li spacerem na cmentarzu \u017cydowskim przy ulicy Okopowej. Edukatorka Olga Szyma\u0144ska-Snopek zabra\u0142a nauczycieli w podr\u00f3\u017c po ponad dwustuletniej historii nekropolii warszawskich \u017byd\u00f3w, odwo\u0142uj\u0105c si\u0119 do tematyki wystawy czasowej o udziale \u017byd\u00f3w w polskich d\u0105\u017ceniach niepodleg\u0142o\u015bciowych. Zobaczyli mi\u0119dzy innymi nagrobek Bera Sonnenberga (syna Szmula Zbytkowera, kt\u00f3ry wspiera\u0142 polskie wojsko w czasie rzezi Pragi dokonanej przez Rosjan, a ludno\u015b\u0107 cywiln\u0105 wykupowa\u0142 z niewoli), malarza Aleksandra Lessera i Micha\u0142a Landego \u2013 ofiary manifestacji patriotycznej z 8 kwietnia 1861 roku. Na specjalne \u017cyczenie kilkorga nauczycieli zachwyconych tw\u00f3rczo\u015bci\u0105 Tamary \u0141empickiej, wsp\u00f3lnie odnale\u017ali\u015bmy gr\u00f3b jej babci i dziadka \u2013 Klementyny i Bernarda Dekler\u00f3w.<\/span><\/p>\n<p style=\"text-align: left;\"><span style=\"color: #000080;\">Po powrocie do sali wyk\u0142adowej uczestnicy wys\u0142uchali kolejnej pracowniczki Dzia\u0142u Naukowego \u2013 dr Agnieszki \u017b\u00f3\u0142kiewskiej i jej wyk\u0142adu zatytu\u0142owanego \u201e\u017bycie teatralne w getcie warszawskim\u201d. Ten w\u0105tek z codzienno\u015bci getta warszawskiego dr \u017b\u00f3\u0142kiewska bada nie tylko jako literaturoznawczyni, ale r\u00f3wnie\u017c t\u0142umaczka j\u0119zyka jidysz, co poszerza spektrum dokument\u00f3w, kt\u00f3re analizuje. Zwr\u00f3ci\u0142a uczestnikom uwag\u0119 na dob\u00f3r repertuaru w teatrach w getcie warszawskim, om\u00f3wi\u0142a poj\u0119cie&nbsp;<em>szund&nbsp;<\/em>i przestawi\u0142a sylwetki znanych (jak Jerzy Jurandot i Stefania Grodzie\u0144ska) i mniej znanych (jak Edward Minowicz i Ada Po\u0142omska) artyst\u00f3w. Ostatnim wyk\u0142adem by\u0142o wyst\u0105pienie dyrektor \u017bydowskiego Instytutu Historycznego, pani Moniki Krawczyk, kt\u00f3ra przedstawi\u0142a genez\u0119 powstania pa\u0144stwa Izrael, omawiaj\u0105c debat\u0119 ONZ z listopada 1947 roku. W jaki spos\u00f3b schy\u0142ek epoki kolonializmu, problemy rz\u0105du brytyjskiego w pozosta\u0142ych regionach, niepodleg\u0142o\u015b\u0107 Indii i Pakistanu sta\u0142y si\u0119 przyczynami formuj\u0105cymi stanowisko delegat\u00f3w na sesji ONZ sprzed 75 lat? O tych zagadnieniach, kt\u00f3re doprowadzi\u0142y do og\u0142oszenia deklaracji niepodleg\u0142o\u015bci 14 maja 1948 roku, dowiedzieli si\u0119 uczestnicy Akademii Zimowej.<\/span><\/p>\n<p style=\"text-align: left;\"><span style=\"color: #000080;\">Fina\u0142owym punktem programu seminarium by\u0142o wr\u0119czenie dyplom\u00f3w, wsp\u00f3lne zdj\u0119cie i podzi\u0119kowania z\u0142o\u017cone organizatorom szkolenia. By\u0142o nam niezwykle mi\u0142o go\u015bci\u0107 zaanga\u017cowanych w swoj\u0105 prac\u0119, \u015bwiadomych wyzwa\u0144 wsp\u00f3\u0142czesnej edukacji i wci\u0105\u017c zainteresowanych doskonaleniem zawodowym i zdobywaniem wiedzy nauczycieli.<\/span><\/p>\n<p style=\"text-align: left;\"><span style=\"color: #000080;\">Nie \u017cegnamy si\u0119, ale m\u00f3wimy: Do zobaczenia na T\u0142omackiem 3\/5!<\/span><\/p>\n<p style=\"text-align: left;\"><span style=\"color: #000080;\">Dzia\u0142 Edukacji<\/span><\/p>\n<div class=\"images left horizontal large\">\n<div class=\"row\">\n<div class=\"column item\"><a class=\"image \" title=\"\" href=\"https:\/\/www.jhi.pl\/storage\/image\/core_files\/2022\/12\/14\/8912d73f44bae94b2a4249b88e13ff72\/jpg\/jhi\/preview\/01%20Uczestnicy%20Akademii%20Zimowej%20%C5%BBIH%202022%20(fot.%20P.%20Skwierczy%C5%84ska).jpg\" target=\"\" rel=\"lightbox noopener noreferrer\"><img decoding=\"async\" class=\"aligncenter\" src=\"https:\/\/www.jhi.pl\/storage\/image\/core_files\/2022\/12\/14\/8912d73f44bae94b2a4249b88e13ff72\/jpg\/jhi\/large\/01%20Uczestnicy%20Akademii%20Zimowej%20%C5%BBIH%202022%20(fot.%20P.%20Skwierczy%C5%84ska).jpg\" alt=\"01 Uczestnicy Akademii Zimowej \u017bIH 2022 (fot. P. Skwierczy\u0144ska).jpg\" data-title=\"\">.<\/a><\/div>\n<div class=\"column item\" style=\"text-align: center;\"><a class=\"image \" title=\"\" href=\"https:\/\/www.jhi.pl\/storage\/image\/core_files\/2022\/12\/14\/64e3c03232a5e593a3e88908734271a5\/jpg\/jhi\/preview\/02%20Dyskusja%20prowadzona%20przez%20Olg%C4%99%20Szyma%C5%84sk%C4%85,%20zast%C4%99pczyni%C4%99%20kierownika%20Dzia%C5%82u%20Edukacji%20(fot.%20P.%20Skwierczy%C5%84ska).jpg\" target=\"\" rel=\"lightbox noopener noreferrer\"><img decoding=\"async\" src=\"https:\/\/www.jhi.pl\/storage\/image\/core_files\/2022\/12\/14\/64e3c03232a5e593a3e88908734271a5\/jpg\/jhi\/large\/02%20Dyskusja%20prowadzona%20przez%20Olg%C4%99%20Szyma%C5%84sk%C4%85,%20zast%C4%99pczyni%C4%99%20kierownika%20Dzia%C5%82u%20Edukacji%20(fot.%20P.%20Skwierczy%C5%84ska).jpg\" alt=\"02 Dyskusja prowadzona przez Olg\u0119 Szyma\u0144sk\u0105, zast\u0119pczyni\u0119 kierownika Dzia\u0142u Edukacji (fot. P. Skwierczy\u0144ska).jpg\" data-title=\"\"><\/a><\/div>\n<div class=\"column item\" style=\"text-align: center;\"><a class=\"image \" title=\"\" href=\"https:\/\/www.jhi.pl\/storage\/image\/core_files\/2022\/12\/14\/a601ef2714e05b19c94f8c34f448c4fb\/jpg\/jhi\/preview\/03%20Kierownik%20Dzia%C5%82u%20Edukacji%20dr%20Bartosz%20Borys%20opowiada%20o%20ofercie%20edukacyjnej%20Instytutu%20(fot.%20P.%20Skwierczy%C5%84ska).jpg\" target=\"\" rel=\"lightbox noopener noreferrer\"><img decoding=\"async\" src=\"https:\/\/www.jhi.pl\/storage\/image\/core_files\/2022\/12\/14\/a601ef2714e05b19c94f8c34f448c4fb\/jpg\/jhi\/large\/03%20Kierownik%20Dzia%C5%82u%20Edukacji%20dr%20Bartosz%20Borys%20opowiada%20o%20ofercie%20edukacyjnej%20Instytutu%20(fot.%20P.%20Skwierczy%C5%84ska).jpg\" alt=\"03 Kierownik Dzia\u0142u Edukacji dr Bartosz Borys opowiada o ofercie edukacyjnej Instytutu (fot. P. Skwierczy\u0144ska).jpg\" data-title=\"\"><\/a><\/div>\n<div class=\"column item\" style=\"text-align: center;\"><a class=\"image \" title=\"\" href=\"https:\/\/www.jhi.pl\/storage\/image\/core_files\/2022\/12\/14\/6ffe955448ae67c3f2c5749160e58f66\/jpg\/jhi\/preview\/04%20Uczestnicy%20Akademii%20Zimowej%20%C5%BBIH%202022%20(fot.%20P.%20Skwierczy%C5%84ska).jpg\" target=\"\" rel=\"lightbox noopener noreferrer\"><img decoding=\"async\" src=\"https:\/\/www.jhi.pl\/storage\/image\/core_files\/2022\/12\/14\/6ffe955448ae67c3f2c5749160e58f66\/jpg\/jhi\/large\/04%20Uczestnicy%20Akademii%20Zimowej%20%C5%BBIH%202022%20(fot.%20P.%20Skwierczy%C5%84ska).jpg\" alt=\"04 Uczestnicy Akademii Zimowej \u017bIH 2022 (fot. P. Skwierczy\u0144ska).jpg\" data-title=\"\"><\/a><\/div>\n<div class=\"column item\" style=\"text-align: center;\"><a class=\"image \" title=\"\" href=\"https:\/\/www.jhi.pl\/storage\/image\/core_files\/2022\/12\/14\/9867b980a3073c23dd34c7c07418d818\/jpg\/jhi\/preview\/05%20Wyk%C5%82ad%20dra%20Paw%C5%82a%20Fija%C5%82kowskiego%20(fot.%20P.%20Skwierczy%C5%84ska).jpg\" target=\"\" rel=\"lightbox noopener noreferrer\"><img decoding=\"async\" src=\"https:\/\/www.jhi.pl\/storage\/image\/core_files\/2022\/12\/14\/9867b980a3073c23dd34c7c07418d818\/jpg\/jhi\/large\/05%20Wyk%C5%82ad%20dra%20Paw%C5%82a%20Fija%C5%82kowskiego%20(fot.%20P.%20Skwierczy%C5%84ska).jpg\" alt=\"05 Wyk\u0142ad dra Paw\u0142a Fija\u0142kowskiego (fot. P. Skwierczy\u0144ska).jpg\" data-title=\"\"><\/a><\/div>\n<div class=\"column item\" style=\"text-align: center;\"><a class=\"image \" title=\"\" href=\"https:\/\/www.jhi.pl\/storage\/image\/core_files\/2022\/12\/14\/d3cfe0fb91677f3ec4e5be40eba7ccba\/jpg\/jhi\/preview\/06%20Olga%20Szyma%C5%84ska%20oprowadza%20po%20wystawie%20Ma%C5%82a%20Synagoga%20na%20T%C5%82omackiem%20(fot.%20P.%20Skwierczy%C5%84ska).jpg\" target=\"\" rel=\"lightbox noopener noreferrer\"><img decoding=\"async\" src=\"https:\/\/www.jhi.pl\/storage\/image\/core_files\/2022\/12\/14\/d3cfe0fb91677f3ec4e5be40eba7ccba\/jpg\/jhi\/large\/06%20Olga%20Szyma%C5%84ska%20oprowadza%20po%20wystawie%20Ma%C5%82a%20Synagoga%20na%20T%C5%82omackiem%20(fot.%20P.%20Skwierczy%C5%84ska).jpg\" alt=\"06 Olga Szyma\u0144ska oprowadza po wystawie Ma\u0142a Synagoga na T\u0142omackiem (fot. P. Skwierczy\u0144ska).jpg\" data-title=\"\"><\/a><\/div>\n<div class=\"column item\" style=\"text-align: center;\"><a class=\"image \" title=\"\" href=\"https:\/\/www.jhi.pl\/storage\/image\/core_files\/2022\/12\/14\/aa56e420da4c99f807fb5afdfb76259e\/jpg\/jhi\/preview\/07%20Agnieszka%20Reszka,%20kierowniczka%20Archiwum,%20pokazuje%20zbiory%20znajduj%C4%85ce%20si%C4%99%20w%20archiwum%20%C5%BBIH%20(fot.%20P.%20Skwierczy%C5%84ska).jpg\" target=\"\" rel=\"lightbox noopener noreferrer\"><img decoding=\"async\" src=\"https:\/\/www.jhi.pl\/storage\/image\/core_files\/2022\/12\/14\/aa56e420da4c99f807fb5afdfb76259e\/jpg\/jhi\/large\/07%20Agnieszka%20Reszka,%20kierowniczka%20Archiwum,%20pokazuje%20zbiory%20znajduj%C4%85ce%20si%C4%99%20w%20archiwum%20%C5%BBIH%20(fot.%20P.%20Skwierczy%C5%84ska).jpg\" alt=\"07 Agnieszka Reszka, kierowniczka Archiwum, pokazuje zbiory znajduj\u0105ce si\u0119 w archiwum \u017bIH (fot. P. Skwierczy\u0144ska).jpg\" data-title=\"\"><\/a><\/div>\n<div class=\"column item\" style=\"text-align: center;\"><a class=\"image \" title=\"\" href=\"https:\/\/www.jhi.pl\/storage\/image\/core_files\/2022\/12\/14\/ae3f5a376e92570656f236feefc69ed1\/jpg\/jhi\/preview\/08%20Uczestnicy%20Akademii%20w%20Archiwum%20%C5%BBIH%20(fot.%20P.%20Skwierczy%C5%84ska).jpg\" target=\"\" rel=\"lightbox noopener noreferrer\"><img decoding=\"async\" src=\"https:\/\/www.jhi.pl\/storage\/image\/core_files\/2022\/12\/14\/ae3f5a376e92570656f236feefc69ed1\/jpg\/jhi\/large\/08%20Uczestnicy%20Akademii%20w%20Archiwum%20%C5%BBIH%20(fot.%20P.%20Skwierczy%C5%84ska).jpg\" alt=\"08 Uczestnicy Akademii w Archiwum \u017bIH (fot. P. Skwierczy\u0144ska).jpg\" data-title=\"\"><\/a><\/div>\n<div class=\"column item\" style=\"text-align: center;\"><a class=\"image \" title=\"\" href=\"https:\/\/www.jhi.pl\/storage\/image\/core_files\/2022\/12\/14\/c7ad34193493e5afa174d9799b5c07f7\/jpg\/jhi\/preview\/09%20Olga%20Szyma%C5%84ska%20opowiada%20o%20mo%C5%BCliwo%C5%9Bciach%20wykorzystania%20dokument%C3%B3w%20ze%20zbior%C3%B3w%20%C5%BBIH%20w%20edukacji%20szkolnej%20(fot.%20P.%20Skwierczy%C5%84ska).jpg\" target=\"\" rel=\"lightbox noopener noreferrer\"><img decoding=\"async\" src=\"https:\/\/www.jhi.pl\/storage\/image\/core_files\/2022\/12\/14\/c7ad34193493e5afa174d9799b5c07f7\/jpg\/jhi\/large\/09%20Olga%20Szyma%C5%84ska%20opowiada%20o%20mo%C5%BCliwo%C5%9Bciach%20wykorzystania%20dokument%C3%B3w%20ze%20zbior%C3%B3w%20%C5%BBIH%20w%20edukacji%20szkolnej%20(fot.%20P.%20Skwierczy%C5%84ska).jpg\" alt=\"09 Olga Szyma\u0144ska opowiada o mo\u017cliwo\u015bciach wykorzystania dokument\u00f3w ze zbior\u00f3w \u017bIH w edukacji szkolnej (fot. P. Skwierczy\u0144ska).jpg\" data-title=\"\"><\/a><\/div>\n<div class=\"column item\" style=\"text-align: center;\"><a class=\"image \" title=\"\" href=\"https:\/\/www.jhi.pl\/storage\/image\/core_files\/2022\/12\/14\/7094976eeabd22588fb58d9704a08eb8\/jpg\/jhi\/preview\/10%20Kurator%20Jakub%20Bendkowski%20oprowadza%20po%20wystawie%20czasowej%20%20Rami%C4%99%20w%20rami%C4%99%20w%20%C5%BBIH%20(fot.%20P.%20Skwierczy%C5%84ska).jpg\" target=\"\" rel=\"lightbox noopener noreferrer\"><img decoding=\"async\" src=\"https:\/\/www.jhi.pl\/storage\/image\/core_files\/2022\/12\/14\/7094976eeabd22588fb58d9704a08eb8\/jpg\/jhi\/large\/10%20Kurator%20Jakub%20Bendkowski%20oprowadza%20po%20wystawie%20czasowej%20%20Rami%C4%99%20w%20rami%C4%99%20w%20%C5%BBIH%20(fot.%20P.%20Skwierczy%C5%84ska).jpg\" alt=\"10 Kurator Jakub Bendkowski oprowadza po wystawie czasowej  Rami\u0119 w rami\u0119 w \u017bIH (fot. P. Skwierczy\u0144ska).jpg\" data-title=\"\"><\/a><\/div>\n<div class=\"column item\" style=\"text-align: center;\"><a class=\"image \" title=\"\" href=\"https:\/\/www.jhi.pl\/storage\/image\/core_files\/2022\/12\/14\/747387ef40b7d2d02ca88ebaa3415075\/jpg\/jhi\/preview\/11%20Uczestnicy%20Akademii%20na%20wystawie%20czasowej%20Rami%C4%99%20w%20rami%C4%99%20w%20%C5%BBIH%20(fot.%20P.%20Skwierczy%C5%84ska).jpg\" target=\"\" rel=\"lightbox noopener noreferrer\"><img decoding=\"async\" src=\"https:\/\/www.jhi.pl\/storage\/image\/core_files\/2022\/12\/14\/747387ef40b7d2d02ca88ebaa3415075\/jpg\/jhi\/large\/11%20Uczestnicy%20Akademii%20na%20wystawie%20czasowej%20Rami%C4%99%20w%20rami%C4%99%20w%20%C5%BBIH%20(fot.%20P.%20Skwierczy%C5%84ska).jpg\" alt=\"11 Uczestnicy Akademii na wystawie czasowej Rami\u0119 w rami\u0119 w \u017bIH (fot. P. Skwierczy\u0144ska).jpg\" data-title=\"\"><\/a><\/div>\n<div class=\"column item\" style=\"text-align: center;\"><a class=\"image \" title=\"\" href=\"https:\/\/www.jhi.pl\/storage\/image\/core_files\/2022\/12\/14\/e290a4022e38c6d0cef72e75d2141e63\/jpeg\/jhi\/preview\/12%20Wyk%C5%82ad%20dr%20Alicji%20Mroczkowskiej%20o%20spo%C5%82ecznym%20wymiarze%20cmentarzy%20%C5%BCydowskich%20w%20Polsce%20(fot.%20B.%20Borys).jpeg\" target=\"\" rel=\"lightbox noopener noreferrer\"><img decoding=\"async\" src=\"https:\/\/www.jhi.pl\/storage\/image\/core_files\/2022\/12\/14\/e290a4022e38c6d0cef72e75d2141e63\/jpeg\/jhi\/large\/12%20Wyk%C5%82ad%20dr%20Alicji%20Mroczkowskiej%20o%20spo%C5%82ecznym%20wymiarze%20cmentarzy%20%C5%BCydowskich%20w%20Polsce%20(fot.%20B.%20Borys).jpeg\" alt=\"12 Wyk\u0142ad dr Alicji Mroczkowskiej o spo\u0142ecznym wymiarze cmentarzy \u017cydowskich w Polsce (fot. B. Borys).jpeg\" data-title=\"\"><\/a><\/div>\n<div class=\"column item\" style=\"text-align: center;\"><a class=\"image \" title=\"\" href=\"https:\/\/www.jhi.pl\/storage\/image\/core_files\/2022\/12\/14\/76500db2bd07a575c81488f7a4c44075\/jpg\/jhi\/preview\/13%20Olga%20Szyma%C5%84ska%20oprowadza%20uczestnik%C3%B3w%20po%20cmentarzu%20%C5%BCydowskim%20przy%20ul.%20Okopowej%20w%20Warszawie%20(fot.%20P.%20Skwierczy%C5%84ska).jpg\" target=\"\" rel=\"lightbox noopener noreferrer\"><img decoding=\"async\" src=\"https:\/\/www.jhi.pl\/storage\/image\/core_files\/2022\/12\/14\/76500db2bd07a575c81488f7a4c44075\/jpg\/jhi\/large\/13%20Olga%20Szyma%C5%84ska%20oprowadza%20uczestnik%C3%B3w%20po%20cmentarzu%20%C5%BCydowskim%20przy%20ul.%20Okopowej%20w%20Warszawie%20(fot.%20P.%20Skwierczy%C5%84ska).jpg\" alt=\"13 Olga Szyma\u0144ska oprowadza uczestnik\u00f3w po cmentarzu \u017cydowskim przy ul. Okopowej w Warszawie (fot. P. Skwierczy\u0144ska).jpg\" data-title=\"\"><\/a><\/div>\n<div class=\"column item\" style=\"text-align: center;\"><a class=\"image \" title=\"\" href=\"https:\/\/www.jhi.pl\/storage\/image\/core_files\/2022\/12\/14\/5207c3891579ebe49da4114b1eadea2e\/jpg\/jhi\/preview\/14%20Olga%20Szyma%C5%84ska%20oprowadza%20uczestnik%C3%B3w%20po%20cmentarzu%20%C5%BCydowskim%20przy%20ul.%20Okopowej%20w%20Warszawie%20(fot.%20P.%20Skwierczy%C5%84ska).jpg\" target=\"\" rel=\"lightbox noopener noreferrer\"><img decoding=\"async\" src=\"https:\/\/www.jhi.pl\/storage\/image\/core_files\/2022\/12\/14\/5207c3891579ebe49da4114b1eadea2e\/jpg\/jhi\/large\/14%20Olga%20Szyma%C5%84ska%20oprowadza%20uczestnik%C3%B3w%20po%20cmentarzu%20%C5%BCydowskim%20przy%20ul.%20Okopowej%20w%20Warszawie%20(fot.%20P.%20Skwierczy%C5%84ska).jpg\" alt=\"14 Olga Szyma\u0144ska oprowadza uczestnik\u00f3w po cmentarzu \u017cydowskim przy ul. Okopowej w Warszawie (fot. P. Skwierczy\u0144ska).jpg\" data-title=\"\"><\/a><\/div>\n<div class=\"column item\" style=\"text-align: center;\"><a class=\"image \" title=\"\" href=\"https:\/\/www.jhi.pl\/storage\/image\/core_files\/2022\/12\/14\/19c7c4332d4b16d43b380367708d69b3\/jpg\/jhi\/preview\/15%20Wyk%C5%82ad%20dr%20Agnieszki%20%C5%BB%C3%B3%C5%82kiewskiej%20o%20teatrach%20w%20getcie%20warszawskim%20(fot.%20P.%20Skwierczy%C5%84ska).jpg\" target=\"\" rel=\"lightbox noopener noreferrer\"><img decoding=\"async\" src=\"https:\/\/www.jhi.pl\/storage\/image\/core_files\/2022\/12\/14\/19c7c4332d4b16d43b380367708d69b3\/jpg\/jhi\/large\/15%20Wyk%C5%82ad%20dr%20Agnieszki%20%C5%BB%C3%B3%C5%82kiewskiej%20o%20teatrach%20w%20getcie%20warszawskim%20(fot.%20P.%20Skwierczy%C5%84ska).jpg\" alt=\"15 Wyk\u0142ad dr Agnieszki \u017b\u00f3\u0142kiewskiej o teatrach w getcie warszawskim (fot. P. Skwierczy\u0144ska).jpg\" data-title=\"\"><\/a><\/div>\n<div class=\"column item\" style=\"text-align: center;\"><a class=\"image \" title=\"\" href=\"https:\/\/www.jhi.pl\/storage\/image\/core_files\/2022\/12\/14\/8b555af51a83d8064790f51114fdb524\/jpg\/jhi\/preview\/16%20Wyk%C5%82ad%20Moniki%20Krawczyk,%20Dyrektor%20%C5%BBIH%20o%20konferencji%20ONZ%20w%20sprawie%20powstania%20Pa%C5%84stwa%20Izrael%20(fot.%20P.%20Skwierczy%C5%84ska).jpg\" target=\"\" rel=\"lightbox noopener noreferrer\"><img decoding=\"async\" src=\"https:\/\/www.jhi.pl\/storage\/image\/core_files\/2022\/12\/14\/8b555af51a83d8064790f51114fdb524\/jpg\/jhi\/large\/16%20Wyk%C5%82ad%20Moniki%20Krawczyk,%20Dyrektor%20%C5%BBIH%20o%20konferencji%20ONZ%20w%20sprawie%20powstania%20Pa%C5%84stwa%20Izrael%20(fot.%20P.%20Skwierczy%C5%84ska).jpg\" alt=\"16 Wyk\u0142ad Moniki Krawczyk, Dyrektor \u017bIH o konferencji ONZ w sprawie powstania Pa\u0144stwa Izrael (fot. P. Skwierczy\u0144ska).jpg\" data-title=\"\"><\/a><\/div>\n<div class=\"column item\" style=\"text-align: center;\"><a class=\"image \" title=\"\" href=\"https:\/\/www.jhi.pl\/storage\/image\/core_files\/2022\/12\/14\/9f90375d84937b4ace203c190f61c9df\/jpg\/jhi\/preview\/17%20Wyk%C5%82ad%20Moniki%20Krawczyk,%20Dyrektor%20%C5%BBIH%20o%20konferencji%20ONZ%20w%20sprawie%20powstania%20Pa%C5%84stwa%20Izrael%20(fot.%20P.%20Skwierczy%C5%84ska).jpg\" target=\"\" rel=\"lightbox noopener noreferrer\"><img decoding=\"async\" src=\"https:\/\/www.jhi.pl\/storage\/image\/core_files\/2022\/12\/14\/9f90375d84937b4ace203c190f61c9df\/jpg\/jhi\/large\/17%20Wyk%C5%82ad%20Moniki%20Krawczyk,%20Dyrektor%20%C5%BBIH%20o%20konferencji%20ONZ%20w%20sprawie%20powstania%20Pa%C5%84stwa%20Izrael%20(fot.%20P.%20Skwierczy%C5%84ska).jpg\" alt=\"17 Wyk\u0142ad Moniki Krawczyk, Dyrektor \u017bIH o konferencji ONZ w sprawie powstania Pa\u0144stwa Izrael (fot. P. Skwierczy\u0144ska).jpg\" data-title=\"\"><\/a><\/div>\n<div class=\"column item\" style=\"text-align: center;\"><a class=\"image \" title=\"\" href=\"https:\/\/www.jhi.pl\/storage\/image\/core_files\/2022\/12\/14\/074f5d1cd6bca6bfea2d1a64fb5b7725\/jpg\/jhi\/preview\/18%20Uroczysto%C5%9B%C4%87%20rozdania%20dyplom%C3%B3w%20dla%20uczestnik%C3%B3w%20Akademii%20(fot.%20P.%20Skwierczy%C5%84ska.jpg\" target=\"\" rel=\"lightbox noopener noreferrer\"><img decoding=\"async\" src=\"https:\/\/www.jhi.pl\/storage\/image\/core_files\/2022\/12\/14\/074f5d1cd6bca6bfea2d1a64fb5b7725\/jpg\/jhi\/large\/18%20Uroczysto%C5%9B%C4%87%20rozdania%20dyplom%C3%B3w%20dla%20uczestnik%C3%B3w%20Akademii%20(fot.%20P.%20Skwierczy%C5%84ska.jpg\" alt=\"18 Uroczysto\u015b\u0107 rozdania dyplom\u00f3w dla uczestnik\u00f3w Akademii (fot. P. Skwierczy\u0144ska.jpg\" data-title=\"\"><\/a><\/div>\n<div class=\"column item\" style=\"text-align: center;\"><a class=\"image \" title=\"\" href=\"https:\/\/www.jhi.pl\/storage\/image\/core_files\/2022\/12\/14\/92f93b0554c65ae4ca64095bba6d734a\/jpg\/jhi\/preview\/19%20Uroczysto%C5%9B%C4%87%20rozdania%20dyplom%C3%B3w%20dla%20uczestnik%C3%B3w%20Akademii%20(fot.%20P.%20Skwierczy%C5%84ska.jpg\" target=\"\" rel=\"lightbox noopener noreferrer\"><img decoding=\"async\" src=\"https:\/\/www.jhi.pl\/storage\/image\/core_files\/2022\/12\/14\/92f93b0554c65ae4ca64095bba6d734a\/jpg\/jhi\/large\/19%20Uroczysto%C5%9B%C4%87%20rozdania%20dyplom%C3%B3w%20dla%20uczestnik%C3%B3w%20Akademii%20(fot.%20P.%20Skwierczy%C5%84ska.jpg\" alt=\"19 Uroczysto\u015b\u0107 rozdania dyplom\u00f3w dla uczestnik\u00f3w Akademii (fot. P. Skwierczy\u0144ska.jpg\" data-title=\"\"><\/a><\/div>\n<div class=\"column item\" style=\"text-align: center;\"><a class=\"image \" title=\"\" href=\"https:\/\/www.jhi.pl\/storage\/image\/core_files\/2022\/12\/14\/1f8ddcdb97c0cb9965100cc98487a516\/jpg\/jhi\/preview\/20%20Uroczysto%C5%9B%C4%87%20rozdania%20dyplom%C3%B3w%20dla%20uczestnik%C3%B3w%20Akademii%20(fot.%20P.%20Skwierczy%C5%84ska.jpg\" target=\"\" rel=\"lightbox noopener noreferrer\"><img decoding=\"async\" src=\"https:\/\/www.jhi.pl\/storage\/image\/core_files\/2022\/12\/14\/1f8ddcdb97c0cb9965100cc98487a516\/jpg\/jhi\/large\/20%20Uroczysto%C5%9B%C4%87%20rozdania%20dyplom%C3%B3w%20dla%20uczestnik%C3%B3w%20Akademii%20(fot.%20P.%20Skwierczy%C5%84ska.jpg\" alt=\"20 Uroczysto\u015b\u0107 rozdania dyplom\u00f3w dla uczestnik\u00f3w Akademii (fot. P. Skwierczy\u0144ska.jpg\" data-title=\"\"><\/a><\/div>\n<div class=\"column item\"><a class=\"image \" title=\"\" href=\"https:\/\/www.jhi.pl\/storage\/image\/core_files\/2022\/12\/14\/c4f971825d3c306aff555d58882325c2\/jpg\/jhi\/preview\/21%20Ma%C5%82gorzata%20Smreczak%20z%20Dzia%C5%82u%20Edukacji%20oprowadza%20uczestnik%C3%B3w%20Akademii%20po%20wystawie%20sta%C5%82ej%20w%20%C5%BBIH%20(fot.%20P.%20Skwierczy%C5%84ska).jpg\" target=\"\" rel=\"lightbox noopener noreferrer\"><img decoding=\"async\" class=\"aligncenter\" src=\"https:\/\/www.jhi.pl\/storage\/image\/core_files\/2022\/12\/14\/c4f971825d3c306aff555d58882325c2\/jpg\/jhi\/large\/21%20Ma%C5%82gorzata%20Smreczak%20z%20Dzia%C5%82u%20Edukacji%20oprowadza%20uczestnik%C3%B3w%20Akademii%20po%20wystawie%20sta%C5%82ej%20w%20%C5%BBIH%20(fot.%20P.%20Skwierczy%C5%84ska).jpg\" alt=\"21 Ma\u0142gorzata Smreczak z Dzia\u0142u Edukacji oprowadza uczestnik\u00f3w Akademii po wystawie sta\u0142ej w \u017bIH (fot. P. Skwierczy\u0144ska).jpg\" data-title=\"\"><\/a><\/div>\n<\/div>\n<\/div>\n<hr style=\"height: 15px; background: #d0e6fa; width: 100%;\">\n<div id=\"content\" class=\"content-alignment\">\n<div id=\"watch-description\" class=\"yt-uix-button-panel\">\n<div id=\"watch-description-text\" style=\"text-align: center;\">\n<p><em>Zawarto\u015b\u0107 publikowanych artyku\u0142\u00f3w i materia\u0142\u00f3w nie reprezentuje pogl\u0105d\u00f3w ani opinii Reunion&#8217;68,<\/em><em><br \/>\nani te\u017c webmastera Blogu Reunion&#8217;68, chyba ze jest to wyra\u017anie zaznaczone.<br \/>\nTwoje uwagi, linki, w\u0142asne artyku\u0142y lub wiadomo\u015bci prze\u015blij na adres:<br \/>\n<\/em><span style=\"color: #000080;\"><strong><em><a style=\"color: #000080;\" href=\"mailto:webmaster@reunion68.com\"><span style=\"text-decoration: underline;\">webmaster@reunion68.com<\/span><\/a><\/em><\/strong><\/span><\/p>\n<\/div>\n<\/div>\n<\/div>\n<hr style=\"width: 100%;\">\n","protected":false},"excerpt":{"rendered":"<p>Za nami Akademia Zimowa \u017bIH 2022 Dzia\u0142 Edukacji \u017bIH Grudniowe seminarium dla nauczycieli Akademia Zimowa zako\u0144czy\u0142o cykl szkole\u0144 edukacyjnych organizowanych przez \u017bydowski Instytut Historyczny w 2022 roku. Od czerwca wzi\u0119\u0142o w nich udzia\u0142 oko\u0142o stu przewodnik\u00f3w, edukator\u00f3w, archiwist\u00f3w i nauczycieli z Izraela, Niemiec i Polski. Tematem przewodnim tegorocznej Akademii Zimowej by\u0142a wystawa czasowa \u201eRami\u0119 przy [&hellip;]<\/p>\n","protected":false},"author":1,"featured_media":0,"comment_status":"closed","ping_status":"closed","sticky":false,"template":"","format":"standard","meta":[],"categories":[6],"tags":[26,24],"_links":{"self":[{"href":"https:\/\/www.reunion68.se\/index.php?rest_route=\/wp\/v2\/posts\/100713"}],"collection":[{"href":"https:\/\/www.reunion68.se\/index.php?rest_route=\/wp\/v2\/posts"}],"about":[{"href":"https:\/\/www.reunion68.se\/index.php?rest_route=\/wp\/v2\/types\/post"}],"author":[{"embeddable":true,"href":"https:\/\/www.reunion68.se\/index.php?rest_route=\/wp\/v2\/users\/1"}],"replies":[{"embeddable":true,"href":"https:\/\/www.reunion68.se\/index.php?rest_route=%2Fwp%2Fv2%2Fcomments&post=100713"}],"version-history":[{"count":8,"href":"https:\/\/www.reunion68.se\/index.php?rest_route=\/wp\/v2\/posts\/100713\/revisions"}],"predecessor-version":[{"id":100726,"href":"https:\/\/www.reunion68.se\/index.php?rest_route=\/wp\/v2\/posts\/100713\/revisions\/100726"}],"wp:attachment":[{"href":"https:\/\/www.reunion68.se\/index.php?rest_route=%2Fwp%2Fv2%2Fmedia&parent=100713"}],"wp:term":[{"taxonomy":"category","embeddable":true,"href":"https:\/\/www.reunion68.se\/index.php?rest_route=%2Fwp%2Fv2%2Fcategories&post=100713"},{"taxonomy":"post_tag","embeddable":true,"href":"https:\/\/www.reunion68.se\/index.php?rest_route=%2Fwp%2Fv2%2Ftags&post=100713"}],"curies":[{"name":"wp","href":"https:\/\/api.w.org\/{rel}","templated":true}]}}