{"id":100882,"date":"2022-12-27T17:00:13","date_gmt":"2022-12-27T15:00:13","guid":{"rendered":"http:\/\/www.reunion68.se\/?p=100882"},"modified":"2022-12-27T10:41:02","modified_gmt":"2022-12-27T08:41:02","slug":"03-00-82","status":"publish","type":"post","link":"https:\/\/www.reunion68.se\/?p=100882","title":{"rendered":"Whoopi Goldberg Repeats Holocaust Slur That Got Her Suspended From \u2018The View\u2019"},"content":{"rendered":"<h5 style=\"text-align: center;\"><a href=\"https:\/\/www.algemeiner.com\/\" target=\"_blank\" rel=\"noopener noreferrer\"><img decoding=\"async\" class=\"center alignleft\" src=\"http:\/\/www.reunion68.com\/Biuletyn\/img\/algem.png\" alt=\"\" width=\"35%\" \/><\/a><span style=\"text-decoration: underline; color: #000080;\"><span><strong><a style=\"color: #000080; text-decoration: underline;\" href=\"https:\/\/www.algemeiner.com\/2022\/12\/26\/whoopi-goldberg-repeats-holocaust-slur-that-got-her-suspended-from-the-view\/\" target=\"_blank\" rel=\"noopener noreferrer\">Whoopi Goldberg Repeats Holocaust Slur That Got Her Suspended From \u2018The View\u2019<\/a><\/strong><\/span><\/span><\/h5>\n<p style=\"text-align: center;\"><span style=\"color: #000000;\"><strong>Shiryn Ghermezian<\/strong><\/span><\/p>\n<hr style=\"height: 15px; background: #d0e6fa; width: 100%;\" \/>\n<p style=\"text-align: center;\"><img decoding=\"async\" class=\"aligncenter\" src=\"https:\/\/www.algemeiner.com\/wp-content\/uploads\/2022\/02\/2022-02-02T060927Z_4_LYNXMPEI101GJ_RTROPTP_4_USA-LGBT-STONEWALL-1.jpg\" width=\"100%\" \/><span style=\"color: #808080;\"><em>Whoopi Goldberg speaks during the WorldPride 2019 Opening Ceremony, a combined celebration marking the 50th anniversary of the 1969 Stonewall riots and WorldPride 2019 in New York, U.S., June 26, 2019. REUTERS\/Lucas Jackson<\/em><\/span><\/p>\n<p style=\"text-align: left;\"><span style=\"color: #000080;\">Actress Whoopi Goldberg has once again stated that the Holocaust was not related to race less than a year after she was suspended from ABC\u2019s daytime talk show\u00a0<em>The View<\/em>\u00a0for making similar remarks.<\/span><\/p>\n<p style=\"text-align: left;\"><span style=\"color: #000080;\">The 67-year-old, who was born Caryn Elaine Johnson and has no Jewish ancestry, said in an interview with the British publication\u00a0<a style=\"color: #000080;\" href=\"https:\/\/www.thetimes.co.uk\/article\/whoopi-goldberg-till-film-hollywood-race-cancel-culture-c5lgc656v\" target=\"_blank\" rel=\"noopener noreferrer\"><em>The Times<\/em><\/a>\u00a0on Saturday that the Nazi-orchestrated genocide of 6 million Jews led by Adolf Hitler was \u201cwhite on white\u201d violence, and that Jews were not targeted because of their race.<\/span><\/p>\n<p style=\"text-align: left;\"><span style=\"color: #000080;\">\u201cRemember who they were killing first. They were not killing racial; they were killing physical. They were killing people they considered to be mentally defective. And then they made this decision,\u201d said the Oscar-nominated actress, who plays the mother of civil rights activist Mamie Till-Mobley in the new film\u00a0<em>Till.\u00a0<\/em><\/span><\/p>\n<p style=\"text-align: left;\"><span style=\"color: #000080;\">Commenting on her Jewish-sounding stage name, Goldberg\u00a0<a style=\"color: #000080;\" href=\"https:\/\/www.thejc.com\/news\/uk\/whoopi-goldberg-i-m-jewish-and-i-talk-to-god-1.23000\" target=\"_blank\" rel=\"noopener noreferrer\">said<\/a>\u00a0in 2011 that she personally identifies with Judaism and feels Jewish. She told\u00a0<em>The Times<\/em>\u00a0on Saturday that her stage name comes from a \u201cdistant Jewish ancestor.\u201d She added, \u201cMy best friend said, \u2018Not for nothing is there no box on the census for the Jewish race. So that leads me to believe that we\u2019re probably not a race.&#8217;\u201d<\/span><\/p>\n<p class=\"gnt_ar_b_p\" style=\"text-align: left;\"><span style=\"color: #000080;\">When the interviewer, Janice Turner, pushed back by telling Goldberg, \u201cNazis saw Jews as a race,\u201d the actress responded: \u201cYes, but that\u2019s the killer, isn\u2019t it? The oppressor is telling you what you are. Why are you believing them? They\u2019re Nazis. Why believe what they\u2019re saying?\u201d<\/span><\/p>\n<p style=\"text-align: left;\"><span style=\"color: #000080;\">Turner asked, \u201cBut since the Nazis devised racial laws aimed specifically at Jews, wasn\u2019t the Holocaust about race?\u201d and the actress responded, saying, \u201cIt wasn\u2019t originally.\u201d<\/span><\/p>\n<p class=\"gnt_ar_b_p\" style=\"text-align: left;\"><span style=\"color: #000080;\">Goldberg added, \u201cIt doesn\u2019t change the fact that you could not tell a Jew on a street. You could find me. You couldn\u2019t find them. That was the point I was making. But you would have thought that I\u2019d taken a big old stinky dump on the table, butt naked,\u201d referring to her controversial comments on\u00a0<em>The View.<\/em><\/span><\/p>\n<p style=\"text-align: left;\"><span style=\"color: #000080;\">She also suggested that while the Nazis additionally targeted people of African descent because they were different physically, Jews had an easier time blending in with White people and hiding from the Nazis than Black people.<\/span><\/p>\n<p style=\"text-align: left;\"><span style=\"color: #000080;\">Goldberg was\u00a0<a style=\"color: #000080;\" href=\"https:\/\/www.algemeiner.com\/2022\/02\/02\/whoopi-goldberg-suspended-from-the-view-for-two-weeks-after-saying-holocaust-was-not-about-race\/\" target=\"_blank\" rel=\"noopener noreferrer\">suspended<\/a>\u00a0for two weeks from\u00a0<em>The View<\/em>\u00a0in January when she said on-air that the Holocaust \u201cwas\u00a0<a style=\"color: #000080;\" href=\"https:\/\/www.algemeiner.com\/2022\/01\/31\/the-view-co-hosts-spar-with-whoopi-goldberg-for-saying-the-holocaust-isnt-about-race\/\" target=\"_blank\" rel=\"noopener noreferrer\">not about race,<\/a>\u201d but rather about \u201cman\u2019s inhumanity to man,\u201d during a discussion with her co-hosts. She said, \u201cIf you\u2019re going to do this, then let\u2019s be truthful about it,\u201d before trying to explain that \u201cthese [Jews and Nazis] are two white groups of people.\u201d After being criticized for her remarks, Goldberg\u00a0<a style=\"color: #000080;\" href=\"https:\/\/www.algemeiner.com\/2022\/02\/01\/whoopi-goldberg-i-stand-corrected-the-holocaust-was-indeed-about-race\/\" target=\"_blank\" rel=\"noopener noreferrer\">apologized<\/a>\u00a0on social media and on the next day\u2019s episode of\u00a0<em>The View.<\/em><\/span><\/p>\n<p style=\"text-align: left;\"><span style=\"color: #000080;\">Her latest comments on Saturday have again received backlash including from Rep. Ritchie Torres (D-NY), who\u00a0<a style=\"color: #000080;\" href=\"https:\/\/twitter.com\/RitchieTorres\/status\/1606816732055846912?ref_src=twsrc%5Etfw%7Ctwcamp%5Etweetembed%7Ctwterm%5E1606816732055846912%7Ctwgr%5Edc47640a900b18eb9e809d5a5dcf8ef7e31ccd28%7Ctwcon%5Es1_&amp;ref_url=https%3A%2F%2Fwww.foxnews.com%2Fmedia%2Fwhoopi-goldberg-heat-repeating-incendiary-holocaust-remarks-learned-nothing\" target=\"_blank\" rel=\"noopener noreferrer\">wrote<\/a>\u00a0on Twitter, \u201cAntisemitism is anti-Jewish racism. Period. Claiming the Holocaust had nothing to do with racism is historical revisionism at its worst.\u201d<\/span><\/p>\n<p style=\"text-align: left;\"><span style=\"color: #000080;\">International Legal Forum CEO Arsen Ostrovsky similarly\u00a0<a style=\"color: #000080;\" href=\"https:\/\/twitter.com\/Ostrov_A\/status\/1606878896053526529?ref_src=twsrc%5Etfw%7Ctwcamp%5Etweetembed%7Ctwterm%5E1606878896053526529%7Ctwgr%5Edc47640a900b18eb9e809d5a5dcf8ef7e31ccd28%7Ctwcon%5Es1_&amp;ref_url=https%3A%2F%2Fwww.foxnews.com%2Fmedia%2Fwhoopi-goldberg-heat-repeating-incendiary-holocaust-remarks-learned-nothing\" target=\"_blank\" rel=\"noopener noreferrer\">tweeted<\/a>\u00a0about Goldberg\u2019s incendiary remarks, \u201cSo, after supposed \u2018apology\u2019 earlier in year, Whoopi Goldberg doubles down on her vile remarks that the Holocaust was not about race, and instead \u2018white on white\u2019 violence. Someone get this ignorant fool off the air!\u201d<\/span><\/p>\n<p style=\"text-align: left;\"><span style=\"color: #000080;\">Ari Ingel, director of\u00a0<span class=\"qu\" tabindex=\"-1\" role=\"gridcell\" translate=\"no\"><span class=\"gD\" data-hovercard-id=\"arii@creativecommunityforpeace.com\" data-hovercard-owner-id=\"94\">the<\/span><\/span>\u00a0entertainment industry non-profit organization Creative Community for Peace<em>,<\/em>\u00a0<a style=\"color: #000080;\" href=\"https:\/\/twitter.com\/OGAride\/status\/1606861594327396355?ref_src=twsrc%5Etfw%7Ctwcamp%5Etweetembed%7Ctwterm%5E1606861594327396355%7Ctwgr%5Edc47640a900b18eb9e809d5a5dcf8ef7e31ccd28%7Ctwcon%5Es1_&amp;ref_url=https%3A%2F%2Fwww.foxnews.com%2Fmedia%2Fwhoopi-goldberg-heat-repeating-incendiary-holocaust-remarks-learned-nothing\" target=\"_blank\" rel=\"noopener noreferrer\">said<\/a>, \u201cAntisemitism deeply ingrained in Whoopi Goldberg. She learned nothing.\u201d<\/span><\/p>\n<hr style=\"height: 15px; background: #d0e6fa; width: 100%;\" \/>\n<div id=\"content\" class=\"content-alignment\">\n<div id=\"watch-description\" class=\"yt-uix-button-panel\">\n<div id=\"watch-description-text\" style=\"text-align: center;\">\n<p><em>Zawarto\u015b\u0107 publikowanych artyku\u0142\u00f3w i materia\u0142\u00f3w nie reprezentuje pogl\u0105d\u00f3w ani opinii Reunion&#8217;68,<\/em><em><br \/>\nani te\u017c webmastera Blogu Reunion&#8217;68, chyba ze jest to wyra\u017anie zaznaczone.<br \/>\nTwoje uwagi, linki, w\u0142asne artyku\u0142y lub wiadomo\u015bci prze\u015blij na adres:<br \/>\n<\/em><span style=\"color: #000080;\"><strong><em><a style=\"color: #000080;\" href=\"mailto:webmaster@reunion68.com\"><span style=\"text-decoration: underline;\">webmaster@reunion68.com<\/span><\/a><\/em><\/strong><\/span><\/p>\n<\/div>\n<\/div>\n<\/div>\n<hr style=\"width: 100%;\" \/>\n","protected":false},"excerpt":{"rendered":"<p>Whoopi Goldberg Repeats Holocaust Slur That Got Her Suspended From \u2018The View\u2019 Shiryn Ghermezian Whoopi Goldberg speaks during the WorldPride 2019 Opening Ceremony, a combined celebration marking the 50th anniversary of the 1969 Stonewall riots and WorldPride 2019 in New York, U.S., June 26, 2019. REUTERS\/Lucas Jackson Actress Whoopi Goldberg has once again stated that [&hellip;]<\/p>\n","protected":false},"author":1,"featured_media":0,"comment_status":"closed","ping_status":"closed","sticky":false,"template":"","format":"standard","meta":[],"categories":[6],"tags":[26,24],"_links":{"self":[{"href":"https:\/\/www.reunion68.se\/index.php?rest_route=\/wp\/v2\/posts\/100882"}],"collection":[{"href":"https:\/\/www.reunion68.se\/index.php?rest_route=\/wp\/v2\/posts"}],"about":[{"href":"https:\/\/www.reunion68.se\/index.php?rest_route=\/wp\/v2\/types\/post"}],"author":[{"embeddable":true,"href":"https:\/\/www.reunion68.se\/index.php?rest_route=\/wp\/v2\/users\/1"}],"replies":[{"embeddable":true,"href":"https:\/\/www.reunion68.se\/index.php?rest_route=%2Fwp%2Fv2%2Fcomments&post=100882"}],"version-history":[{"count":6,"href":"https:\/\/www.reunion68.se\/index.php?rest_route=\/wp\/v2\/posts\/100882\/revisions"}],"predecessor-version":[{"id":100909,"href":"https:\/\/www.reunion68.se\/index.php?rest_route=\/wp\/v2\/posts\/100882\/revisions\/100909"}],"wp:attachment":[{"href":"https:\/\/www.reunion68.se\/index.php?rest_route=%2Fwp%2Fv2%2Fmedia&parent=100882"}],"wp:term":[{"taxonomy":"category","embeddable":true,"href":"https:\/\/www.reunion68.se\/index.php?rest_route=%2Fwp%2Fv2%2Fcategories&post=100882"},{"taxonomy":"post_tag","embeddable":true,"href":"https:\/\/www.reunion68.se\/index.php?rest_route=%2Fwp%2Fv2%2Ftags&post=100882"}],"curies":[{"name":"wp","href":"https:\/\/api.w.org\/{rel}","templated":true}]}}