{"id":100912,"date":"2022-12-29T17:05:39","date_gmt":"2022-12-29T15:05:39","guid":{"rendered":"http:\/\/www.reunion68.se\/?p=100912"},"modified":"2022-12-28T09:14:04","modified_gmt":"2022-12-28T07:14:04","slug":"04-05-82","status":"publish","type":"post","link":"https:\/\/www.reunion68.se\/?p=100912","title":{"rendered":"\u015amier\u0107 masowego mordercy, Nassera Abu Hmeida"},"content":{"rendered":"<p style=\"text-align: center;\"><img decoding=\"async\" class=\"aligncenter\" src=\"http:\/\/www.listyznaszegosadu.pl\/upload\/article\/bild\/4671\/972667\/dead_hmeid_s.png\" width=\"75%\"><span style=\"color: #808080;\"><em>Masowy morderca, terrorysta Nasser Abu Hmeid, zmar\u0142 dzi\u015b rano (20 grudnia) na raka p\u0142uc w izraelskim areszcie.<\/em><\/span><\/p>\n<hr>\n<h5 style=\"text-align: center;\"><a href=\"http:\/\/www.listyznaszegosadu.pl\/\" target=\"_blank\" rel=\"noopener noreferrer\"><img decoding=\"async\" class=\"center alignleft\" src=\"http:\/\/www.reunion68.com\/Biuletyn\/img\/z-naszego.jpg\" alt=\"\" width=\"50%\"><\/a><span style=\"text-decoration: underline; color: #000080;\"><strong><a style=\"color: #000080; text-decoration: underline;\" href=\"http:\/\/www.listyznaszegosadu.pl\/brunatna-fala\/smierc-masowego-mordercy-nassera-abu-hmeida\" target=\"_blank\" rel=\"noopener noreferrer\">\u015amier\u0107 masowego mordercy, Nassera Abu Hmeida<\/a><\/strong><\/span><\/h5>\n<p style=\"text-align: center;\"><span style=\"color: #000000;\"><strong><br \/>\nElder of Ziyon<br \/>\n<\/strong><span style=\"color: #808080;\">T\u0142umaczenie: <\/span><strong>Ma\u0142gorzata Koraszewska<\/strong><\/span><\/p>\n<hr style=\"height: 15px; background: #d0e6fa; width: 100%;\">\n<div class=\"templateArticleIngress\">\n<p style=\"text-align: left;\"><span style=\"color: #000080;\">Abu Hmeid by\u0142 cz\u0142onkiem Fatahu, partii rz\u0105dz\u0105cej Mahmuda Abbasa.&nbsp;Ca\u0142a jego rodzina to rodzina terroryst\u00f3w;&nbsp;czterech jego braci r\u00f3wnie\u017c przebywa w wi\u0119zieniu.<\/span><\/p>\n<p style=\"text-align: left;\"><span style=\"color: #000080;\">Zosta\u0142 skazany za zabicie Izraelczyk\u00f3w: Elijahu Cohena, Binjamina i Talii Kahane, Gada Rejwana, Josefa Habiego, Eli Dahana i Salima Barakata.&nbsp;Zabi\u0142 tak\u017ce pi\u0119ciu palesty\u0144skich \u201ekolaborant\u00f3w\u201d.<\/span><\/p>\n<\/div>\n<div class=\"templateArticleBrodtext\">\n<p style=\"text-align: left;\"><span style=\"color: #000080;\">Je\u015bli ktokolwiek zas\u0142ugiwa\u0142 na kar\u0119 \u015bmierci, to by\u0142 to Hmeid.<\/span><\/p>\n<p style=\"text-align: left;\"><span style=\"color: #000080;\">Ale zamiast tego Izrael przez dwadzie\u015bcia lat trzyma\u0142 go w wi\u0119zieniu \u2013 zezwalaj\u0105c na odwiedziny rodziny, traktuj\u0105c go zgodnie z prawem mi\u0119dzynarodowym.&nbsp;<\/span><\/p>\n<p style=\"text-align: left;\"><span style=\"color: #000080;\">W zesz\u0142ym roku zacz\u0105\u0142 odczuwa\u0107 b\u00f3le w klatce piersiowej, a izraelscy lekarze zdiagnozowali u niego raka p\u0142uc.&nbsp;Szybko si\u0119 rozprzestrzenia\u0142.&nbsp;Izrael wielokrotnie go hospitalizowa\u0142.&nbsp;W pa\u017adzierniku ubieg\u0142ego roku Hmeid odm\u00f3wi\u0142 operacji, poniewa\u017c temu masowemu mordercy nie podoba\u0142y si\u0119 \u015brodki bezpiecze\u0144stwa w szpitalu.&nbsp;(Zgodzi\u0142 si\u0119 na operacj\u0119 w listopadzie.)<\/span><\/p>\n<p style=\"text-align: left;\"><span style=\"color: #000080;\">Izrael wyda\u0142 dziesi\u0105tki tysi\u0119cy, mo\u017ce setki tysi\u0119cy dolar\u00f3w, aby utrzyma\u0107 przy \u017cyciu tego potwora \u2013 mimo \u017ce wska\u017anik prze\u017cywalno\u015bci raka p\u0142uc wynosi zaledwie 16%.<\/span><\/p>\n<p style=\"text-align: left;\"><span style=\"color: #000080;\">W mi\u0119dzyczasie, podczas gdy izraelscy funkcjonariusze wi\u0119zienni po\u015bwi\u0119cali tyle czasu i pieni\u0119dzy, aby utrzyma\u0107 tego terroryst\u0119 przy \u017cyciu, Autonomia Palesty\u0144ska powtarza\u0142a, \u017ce jego rak p\u0142uc to wina Izraela, i teraz obwiniaj\u0105 Izrael za jego \u015bmier\u0107 \u2013 tak jak robi\u0105 to z ka\u017cdym wi\u0119\u017aniem, kt\u00f3ry umiera w areszcie, mimo \u017ce statystycznie palesty\u0144scy wi\u0119\u017aniowie przebywaj\u0105cy w izraelskich wi\u0119zieniach maj\u0105&nbsp;<strong><a style=\"color: #000080;\" href=\"about:blank\">znacznie ni\u017csz\u0105 \u015bmiertelno\u015b\u0107<\/a><\/strong>&nbsp;ni\u017c ludzie na wolno\u015bci i znacznie ni\u017csz\u0105 \u015bmiertelno\u015b\u0107 ni\u017c&nbsp;<strong><a style=\"color: #000080;\" href=\"about:blank\">wi\u0119\u017aniowie w krajach europejskich.&nbsp;<\/a><\/strong><\/span><\/p>\n<p style=\"text-align: left;\"><span style=\"color: #000080;\">Al Manar nazywa jego \u015bmier\u0107 \u201e<strong><a style=\"color: #000080;\" href=\"about:blank\">zab\u00f3jstwem medycznym<\/a><\/strong>\u201d \u2013 nie tylko zaniedbaniem, ale twierdzi, \u017ce Izrael umy\u015blnie go zabi\u0142!<\/span><\/p>\n<p style=\"text-align: left;\"><span style=\"color: #000080;\">Podobnie twierdzi Mahmoud Abbas, nazywaj\u0105c go bohaterem:<\/span><\/p>\n<blockquote>\n<p style=\"text-align: left;\"><strong>Prezydent Pa\u0144stwa Palestyna Mahmoud Abbas og\u0142osi\u0142 naszemu narodowi, bojownikom i wolnym ludziom \u015bwiata \u015bmier\u0107&nbsp;bohaterskiego&nbsp;M\u0119czennika, wi\u0119\u017ania i dow\u00f3dcy Nassera Abu Hmeida, kt\u00f3ry zmar\u0142 dzisiaj jako M\u0119czennik w wyniku polityki celowego zaniedbania medycznego, \u201epowolnego morderstwa\u201d.<\/strong><\/p>\n<\/blockquote>\n<p style=\"text-align: left;\"><span style=\"color: #000080;\">Oto posumowanie Abu Hmeida:<\/span><\/p>\n<p style=\"text-align: left;\"><span style=\"color: #000080;\">* Jest masowym morderc\u0105, kt\u00f3ry by\u0142 cz\u0142onkiem rz\u0105dz\u0105cej partii Fatah, kt\u00f3ra pomog\u0142a za\u0142o\u017cy\u0107 grup\u0119 terrorystyczn\u0105 Brygady M\u0119czennik\u00f3w Al-Aksa podczas procesu z Oslo.<\/span><\/p>\n<p style=\"text-align: left;\"><span style=\"color: #000080;\">* Pochodzi z rodziny morderc\u00f3w, kt\u00f3rzy do&nbsp;<strong><a style=\"color: #000080;\" href=\"about:blank\">tej pory otrzymali ponad 1,5 miliona dolar\u00f3w p\u0142atno\u015bci<\/a><\/strong>&nbsp;od rz\u0105du palesty\u0144skiego za zabijanie&nbsp; \u017byd\u00f3w.<\/span><\/p>\n<p style=\"text-align: left;\"><span style=\"color: #000080;\">* Palesty\u0144skie dzieci ucz\u0105 si\u0119 ceni\u0107 i na\u015bladowa\u0107 go.<\/span><\/p>\n<p style=\"text-align: left;\"><span style=\"color: #000080;\">* Abu Hmeid jest rzeczywi\u015bcie bohaterem dla wszystkich Palesty\u0144czyk\u00f3w,&nbsp;jak r\u00f3wnie\u017c dla zwolennik\u00f3w&nbsp;&nbsp;<strong><a style=\"color: #000080;\" href=\"about:blank\">BDS<\/a><\/strong>.<\/span><\/p>\n<p style=\"text-align: left;\"><span style=\"color: #000080;\">* Pomimo jego niegodziwo\u015bci, Izrael zrobi\u0142 wszystko, aby go leczy\u0107 i utrzyma\u0107 przy \u017cyciu, wydaj\u0105c na ten cel pieni\u0105dze izraelskich podatnik\u00f3w.<\/span><\/p>\n<p style=\"text-align: left;\"><span style=\"color: #000080;\">* Mimo to \u201eumiarkowany\u201d prezydent i premier Autonomii Palesty\u0144skiej przedstawiaj\u0105 go jako heroiczny wz\u00f3r do na\u015bladowania dla innych Palesty\u0144czyk\u00f3w.<\/span><\/p>\n<p style=\"text-align: left;\"><span style=\"color: #000080;\">* I k\u0142ami\u0105 w sprawie jego \u015bmierci, oskar\u017caj\u0105c Izrael o \u201emorderstwo\u201d.<\/span><\/p>\n<p style=\"text-align: left;\"><span style=\"color: #000080;\">* W Autonomii Palesty\u0144skiej nie mo\u017cna znale\u017a\u0107 ani jednego \u015brodka przekazu, kt\u00f3ry powiedzia\u0142by co\u015b negatywnego o Abu Hmeidzie.&nbsp;I bardzo trudno by\u0142oby znale\u017a\u0107 cho\u0107by jednego Palesty\u0144czyka z Autonomii Palesty\u0144skiej w mediach spo\u0142eczno\u015bciowych, kt\u00f3ry pot\u0119pi\u0142by jego mordowanie cywil\u00f3w.<\/span><\/p>\n<p style=\"text-align: left;\"><span style=\"color: #000080;\">To jest rzeczywisto\u015b\u0107, o kt\u00f3rej zachodnie media nie informuj\u0105.&nbsp;Palesty\u0144czycy w przyt\u0142aczaj\u0105cej wi\u0119kszo\u015bci popieraj\u0105 najbardziej ohydnych morderc\u00f3w i terroryst\u00f3w, a ich nienawi\u015b\u0107 do Izraela jest tak wielka, \u017ce zrobi\u0105 wszystko, by k\u0142ama\u0107 r\u00f3wnie\u017c w tej sprawie.<\/span><\/p>\n<p style=\"text-align: left;\"><span style=\"color: #000080;\">To jest kilka pokole\u0144 ludzi, kt\u00f3rym wyprano m\u00f3zgi, by nienawidzili, nauczali tej nienawi\u015bci w swoich szko\u0142ach i mediach oraz przez w\u0142asnych przyw\u00f3dc\u00f3w.&nbsp;To nie jest sytuacja \u201edw\u00f3ch stron sprawy\u201d.&nbsp;Tylko jedna strona dzia\u0142a w ten spos\u00f3b, bez \u017cadnego sprzeciwu, zakazana jest nawet jakakolwiek debata.<\/span><\/p>\n<p style=\"text-align: left;\"><span style=\"color: #000080;\">To jest ca\u0142a kultura, kt\u00f3rej najwy\u017cszym priorytetem jest utrwalanie nienawi\u015bci do \u017byd\u00f3w.<\/span><\/p>\n<\/div>\n<hr style=\"height: 15px; background: #d0e6fa; width: 100%;\">\n<div id=\"content\" class=\"content-alignment\">\n<div id=\"watch-description\" class=\"yt-uix-button-panel\">\n<div id=\"watch-description-text\" style=\"text-align: center;\">\n<p><em>Zawarto\u015b\u0107 publikowanych artyku\u0142\u00f3w i materia\u0142\u00f3w nie reprezentuje pogl\u0105d\u00f3w ani opinii Reunion&#8217;68,<\/em><em><br \/>\nani te\u017c webmastera Blogu Reunion&#8217;68, chyba ze jest to wyra\u017anie zaznaczone.<br \/>\nTwoje uwagi, linki, w\u0142asne artyku\u0142y lub wiadomo\u015bci prze\u015blij na adres:<br \/>\n<\/em><span style=\"color: #000080;\"><strong><em><a style=\"color: #000080;\" href=\"mailto:webmaster@reunion68.com\"><span style=\"text-decoration: underline;\">webmaster@reunion68.com<\/span><\/a><\/em><\/strong><\/span><\/p>\n<\/div>\n<\/div>\n<\/div>\n<hr style=\"width: 100%;\">\n","protected":false},"excerpt":{"rendered":"<p>Masowy morderca, terrorysta Nasser Abu Hmeid, zmar\u0142 dzi\u015b rano (20 grudnia) na raka p\u0142uc w izraelskim areszcie. \u015amier\u0107 masowego mordercy, Nassera Abu Hmeida Elder of Ziyon T\u0142umaczenie: Ma\u0142gorzata Koraszewska Abu Hmeid by\u0142 cz\u0142onkiem Fatahu, partii rz\u0105dz\u0105cej Mahmuda Abbasa.&nbsp;Ca\u0142a jego rodzina to rodzina terroryst\u00f3w;&nbsp;czterech jego braci r\u00f3wnie\u017c przebywa w wi\u0119zieniu. Zosta\u0142 skazany za zabicie Izraelczyk\u00f3w: Elijahu [&hellip;]<\/p>\n","protected":false},"author":1,"featured_media":0,"comment_status":"closed","ping_status":"closed","sticky":false,"template":"","format":"standard","meta":[],"categories":[6],"tags":[26,24],"_links":{"self":[{"href":"https:\/\/www.reunion68.se\/index.php?rest_route=\/wp\/v2\/posts\/100912"}],"collection":[{"href":"https:\/\/www.reunion68.se\/index.php?rest_route=\/wp\/v2\/posts"}],"about":[{"href":"https:\/\/www.reunion68.se\/index.php?rest_route=\/wp\/v2\/types\/post"}],"author":[{"embeddable":true,"href":"https:\/\/www.reunion68.se\/index.php?rest_route=\/wp\/v2\/users\/1"}],"replies":[{"embeddable":true,"href":"https:\/\/www.reunion68.se\/index.php?rest_route=%2Fwp%2Fv2%2Fcomments&post=100912"}],"version-history":[{"count":8,"href":"https:\/\/www.reunion68.se\/index.php?rest_route=\/wp\/v2\/posts\/100912\/revisions"}],"predecessor-version":[{"id":100949,"href":"https:\/\/www.reunion68.se\/index.php?rest_route=\/wp\/v2\/posts\/100912\/revisions\/100949"}],"wp:attachment":[{"href":"https:\/\/www.reunion68.se\/index.php?rest_route=%2Fwp%2Fv2%2Fmedia&parent=100912"}],"wp:term":[{"taxonomy":"category","embeddable":true,"href":"https:\/\/www.reunion68.se\/index.php?rest_route=%2Fwp%2Fv2%2Fcategories&post=100912"},{"taxonomy":"post_tag","embeddable":true,"href":"https:\/\/www.reunion68.se\/index.php?rest_route=%2Fwp%2Fv2%2Ftags&post=100912"}],"curies":[{"name":"wp","href":"https:\/\/api.w.org\/{rel}","templated":true}]}}