{"id":100963,"date":"2023-01-02T17:05:37","date_gmt":"2023-01-02T15:05:37","guid":{"rendered":"http:\/\/www.reunion68.se\/?p=100963"},"modified":"2022-12-30T10:29:57","modified_gmt":"2022-12-30T08:29:57","slug":"06-05-85","status":"publish","type":"post","link":"https:\/\/www.reunion68.se\/?p=100963","title":{"rendered":"United Nations Body Accused of Anti-Israel Bias Launches Teacher Trainings on Antisemitism"},"content":{"rendered":"<h5 style=\"text-align: center;\"><a href=\"https:\/\/www.algemeiner.com\/\" target=\"_blank\" rel=\"noopener noreferrer\"><img decoding=\"async\" class=\"center alignleft\" src=\"http:\/\/www.reunion68.com\/Biuletyn\/img\/algem.png\" alt=\"\" width=\"35%\"><\/a><span style=\"text-decoration: underline; color: #000080;\"><span><strong><a style=\"color: #000080; text-decoration: underline;\" href=\"https:\/\/www.algemeiner.com\/2022\/12\/29\/united-nations-body-accused-of-anti-israel-bias-launches-teacher-trainings-on-antisemitism\/\" target=\"_blank\" rel=\"noopener noreferrer\">United Nations Body Accused of Anti-Israel Bias Launches Teacher Trainings on Antisemitism<\/a><\/strong><\/span><\/span><\/h5>\n<p style=\"text-align: center;\"><span style=\"color: #000000;\"><strong>Dion J. Pierre<\/strong><\/span><\/p>\n<hr style=\"height: 15px; background: #d0e6fa; width: 100%;\">\n<p style=\"text-align: center;\"><img decoding=\"async\" class=\"aligncenter\" src=\"https:\/\/www.algemeiner.com\/wp-content\/uploads\/2017\/10\/unesco.jpg\" width=\"100%\"><span style=\"color: #808080;\"><em>The UNESCO headquarters in Paris. Photo: File.<\/em><\/span><\/p>\n<p style=\"text-align: left;\"><span style=\"color: #000080;\">The United Nations Education, Scientific, and Cultural Organization (UNESCO), an organization which has received persistent criticism for anti-Israel bias, has partnered with several US-based organizations to launch a new training program aimed at fighting antisemitism and Holocaust denial in schools.<\/span><\/p>\n<p style=\"text-align: left;\"><span style=\"color: #000080;\">UNESCO, the University of Southern California\u2019s Shoah Foundation, the American Jewish Committee (AJC), and the American Federation of Teachers (AFT) are jointly opening the \u201cShine a Light\u201d online training course to over one million AFT teachers, allowing those who participate to earn professional credits, UNESCO announced earlier this month in a&nbsp;<a style=\"color: #000080;\" href=\"https:\/\/www.unesco.org\/en\/articles\/fight-against-antisemitism-unesco-and-partners-launch-ambitious-training-programme-american?TSPD_101_R0=080713870fab2000618863681d34ed4f694b72d3db82b99f66ff5e7879234719567d153b5265873b08e4df64ff143000b4e6676780f04cbdda833e6feb2ae993779e26979e17d58148c9126ae9f25dce2ac2aab9e761a4a7a9b5e561b60e0c36\" target=\"_blank\" rel=\"noopener noreferrer\">press release.<\/a><\/span><\/p>\n<p style=\"text-align: left;\"><span style=\"color: #000080;\">\u201cParticipants will develop their knowledge, skills, and confidence to teach about antisemitism and to dismantle antisemitic stereotypes,\u201d UNESCO said. \u201cThey will also learn strategies to address antisemitic incidents in schools, and to respond effectively to conspiracy theories including Holocaust denial and distortion.\u201d<\/span><\/p>\n<p style=\"text-align: left;\"><span style=\"color: #000080;\">UNESCO added that the training will give teachers access to experts across the world and resources directly from their offices.<\/span><\/p>\n<p style=\"text-align: left;\"><span style=\"color: #000080;\">\u201cAntisemitism is an attack on our shared humanity. It must be confronted head on, without naivety and with perseverance,\u201d UNESCO director general Audrey Azoulay said on Dec. 15. \u201cThis is the commitment of UNESCO, the UN agency mandated to promote education on the Holocaust and the prevention of genocide.\u201d<\/span><\/p>\n<p style=\"text-align: left;\"><span style=\"color: #000080;\">Azoulay added that UNESCO is \u201cproud to support American teachers to raise young people\u2019s awareness of the nature and impact of this toxic hate speech and ideology that drive discrimination.\u201d<\/span><\/p>\n<p style=\"text-align: left;\"><span style=\"color: #000080;\">In a statement, AJC called the program \u201cgroundbreaking,\u201d noting that it is launching at a time when 90 percent of Americans Jews \u201cbelieve that antisemitism is a problem in the US.\u201d<\/span><\/p>\n<p style=\"text-align: left;\"><span style=\"color: #000080;\">\u201cThe sooner we educate children about antisemitism the better,\u201d AJC CEO Ted Deutch&nbsp;<a style=\"color: #000080;\" href=\"https:\/\/www.ajc.org\/news\/american-jewish-committee-to-help-lead-effort-to-bolster-antisemitism-education-in-us\" target=\"_blank\" rel=\"noopener noreferrer\">said<\/a>. \u201cThis initiative will provide educators and school principals with the essential tools that they need to teach about antisemitism, dismantle antisemitic stereotypes, and counter prejudices that surface in response to the conflict in the Middle East.\u201d<\/span><\/p>\n<p style=\"text-align: left;\"><span style=\"color: #000080;\">UNESCO has had a troubled relationship with Israel and the Jewish people. In 2016 its World Heritage Committee passed a resolution, titled \u201cThe Old City of Jerusalem and its Walls,\u201d designating holy sites in Jerusalem that excluded Jewish names for the Temple Mount, calling it only the Al-Aqsa Mosque. Later, in 2019, however, it&nbsp;<a style=\"color: #000080;\" href=\"https:\/\/www.algemeiner.com\/2019\/12\/17\/unesco-removes-belgium-carnival-with-antisemitic-float-from-heritage-list\/\" target=\"_blank\" rel=\"noopener noreferrer\">removed<\/a>&nbsp;from its List of the Intangible Cultural Heritage of Humanity a carnival featuring floats that stereotypically caricatured Orthodox Jews with large noses and bags of money around their feet.<\/span><\/p>\n<p style=\"text-align: left;\"><span style=\"color: #000080;\">Israel is currently not a member of UNESCO after&nbsp;<a style=\"color: #000080;\" href=\"https:\/\/www.algemeiner.com\/2019\/01\/01\/israel-announces-that-it-is-officially-leaving-unesco\/\" target=\"_blank\" rel=\"noopener noreferrer\">deciding<\/a>, along with the US, to withdraw from the body in 2019.<\/span><\/p>\n<p style=\"text-align: left;\"><span style=\"color: #000080;\">The United Nations at large is accused of persistent anti-Israel bias. In October, the United Nations Commission of Inquiry on Israel, the West Bank, and Gaza (COI) announced that it will investigate the allegation that Israel is an \u201capartheid state,\u201d with Commissioner Miloon Kothari, who has accused Jews of controlling the media, saying \u201capartheid itself is a very useful paradigm\u201d for understanding the Israeli-Palestinian conflict.<\/span><\/p>\n<p style=\"text-align: left;\"><span style=\"color: #000080;\">A&nbsp;<a style=\"color: #000080;\" href=\"https:\/\/www.algemeiner.com\/2022\/12\/13\/uk-pm-vows-support-for-israel-in-upcoming-united-nations-vote-on-israeli-palestinian-conflict\/\" target=\"_blank\" rel=\"noopener noreferrer\">forthcoming vote<\/a>&nbsp;in the UN\u2019s General Assembly plenary will decide whether the UN International Court of Justice should issue an advisory ruling on the Israeli-Palestinian conflict, a step that Israeli UN Ambassador Gilad Erdan has said is \u201cdecimating any chances of reconciliation.\u201d A preliminary vote on the measure was&nbsp;<a style=\"color: #000080;\" href=\"https:\/\/www.algemeiner.com\/2022\/11\/13\/israel-to-ready-diplomatic-response-to-palestinian-resolution-at-un-as-lapid-warns-about-its-ramifications\/\" target=\"_blank\" rel=\"noopener noreferrer\">passed<\/a>&nbsp;in November at the UN General Assembly Fourth Committee.<\/span><\/p>\n<hr style=\"height: 15px; background: #d0e6fa; width: 100%;\">\n<div id=\"content\" class=\"content-alignment\">\n<div id=\"watch-description\" class=\"yt-uix-button-panel\">\n<div id=\"watch-description-text\" style=\"text-align: center;\">\n<p><em>Zawarto\u015b\u0107 publikowanych artyku\u0142\u00f3w i materia\u0142\u00f3w nie reprezentuje pogl\u0105d\u00f3w ani opinii Reunion&#8217;68,<\/em><em><br \/>\nani te\u017c webmastera Blogu Reunion&#8217;68, chyba ze jest to wyra\u017anie zaznaczone.<br \/>\nTwoje uwagi, linki, w\u0142asne artyku\u0142y lub wiadomo\u015bci prze\u015blij na adres:<br \/>\n<\/em><span style=\"color: #000080;\"><strong><em><a style=\"color: #000080;\" href=\"mailto:webmaster@reunion68.com\"><span style=\"text-decoration: underline;\">webmaster@reunion68.com<\/span><\/a><\/em><\/strong><\/span><\/p>\n<\/div>\n<\/div>\n<\/div>\n<hr style=\"width: 100%;\">\n","protected":false},"excerpt":{"rendered":"<p>United Nations Body Accused of Anti-Israel Bias Launches Teacher Trainings on Antisemitism Dion J. Pierre The UNESCO headquarters in Paris. Photo: File. The United Nations Education, Scientific, and Cultural Organization (UNESCO), an organization which has received persistent criticism for anti-Israel bias, has partnered with several US-based organizations to launch a new training program aimed at [&hellip;]<\/p>\n","protected":false},"author":1,"featured_media":0,"comment_status":"closed","ping_status":"closed","sticky":false,"template":"","format":"standard","meta":[],"categories":[6],"tags":[26,24],"_links":{"self":[{"href":"https:\/\/www.reunion68.se\/index.php?rest_route=\/wp\/v2\/posts\/100963"}],"collection":[{"href":"https:\/\/www.reunion68.se\/index.php?rest_route=\/wp\/v2\/posts"}],"about":[{"href":"https:\/\/www.reunion68.se\/index.php?rest_route=\/wp\/v2\/types\/post"}],"author":[{"embeddable":true,"href":"https:\/\/www.reunion68.se\/index.php?rest_route=\/wp\/v2\/users\/1"}],"replies":[{"embeddable":true,"href":"https:\/\/www.reunion68.se\/index.php?rest_route=%2Fwp%2Fv2%2Fcomments&post=100963"}],"version-history":[{"count":4,"href":"https:\/\/www.reunion68.se\/index.php?rest_route=\/wp\/v2\/posts\/100963\/revisions"}],"predecessor-version":[{"id":100979,"href":"https:\/\/www.reunion68.se\/index.php?rest_route=\/wp\/v2\/posts\/100963\/revisions\/100979"}],"wp:attachment":[{"href":"https:\/\/www.reunion68.se\/index.php?rest_route=%2Fwp%2Fv2%2Fmedia&parent=100963"}],"wp:term":[{"taxonomy":"category","embeddable":true,"href":"https:\/\/www.reunion68.se\/index.php?rest_route=%2Fwp%2Fv2%2Fcategories&post=100963"},{"taxonomy":"post_tag","embeddable":true,"href":"https:\/\/www.reunion68.se\/index.php?rest_route=%2Fwp%2Fv2%2Ftags&post=100963"}],"curies":[{"name":"wp","href":"https:\/\/api.w.org\/{rel}","templated":true}]}}