{"id":100965,"date":"2022-12-30T17:09:23","date_gmt":"2022-12-30T15:09:23","guid":{"rendered":"http:\/\/www.reunion68.se\/?p=100965"},"modified":"2022-12-30T10:18:17","modified_gmt":"2022-12-30T08:18:17","slug":"06-00-88","status":"publish","type":"post","link":"https:\/\/www.reunion68.se\/?p=100965","title":{"rendered":"Klauzula sumienia w Izraelu i w Polsce"},"content":{"rendered":"<p style=\"text-align: center;\"><img decoding=\"async\" class=\"aligncenter\" src=\"http:\/\/www.listyznaszegosadu.pl\/upload\/article\/bild\/3020\/973353\/DST00747_s.jpg\" width=\"75%\" \/><span style=\"color: #808080;\"><em>Orit Strock (\u017ar\u00f3d\u0142o zdj\u0119cia: knesset.gov.il)<\/em><\/span><\/p>\n<hr \/>\n<h5 style=\"text-align: center;\"><a href=\"http:\/\/www.listyznaszegosadu.pl\/\" target=\"_blank\" rel=\"noopener noreferrer\"><img decoding=\"async\" class=\"center alignleft\" src=\"http:\/\/www.reunion68.com\/Biuletyn\/img\/z-naszego.jpg\" alt=\"\" width=\"50%\" \/><\/a><span style=\"text-decoration: underline; color: #000080;\"><span><strong><a style=\"color: #000080; text-decoration: underline;\" href=\"http:\/\/www.listyznaszegosadu.pl\/syjonizm\/klauzula-sumienia-w-izraelu-i-w-polsce\" target=\"_blank\" rel=\"noopener noreferrer\">Klauzula sumienia w Izraelu i w Polsce<\/a><\/strong><\/span><\/span><\/h5>\n<p style=\"text-align: center;\"><span style=\"color: #000000;\"><strong>Andrzej Koraszewski<\/strong><\/span><\/p>\n<hr style=\"height: 15px; background: #d0e6fa; width: 100%;\" \/>\n<div class=\"templateArticleIngress\" style=\"text-align: left;\"><span style=\"color: #000080;\">Pisze mi przyjaciel z Izraela, \u017ce Netanjahu nie b\u0119dzie mia\u0142 lekko z tymi religijnymi koalicjantami, wi\u0119c odpowiadam, \u017ce nikt mu nie obiecywa\u0142 \u0142atwego \u017cycia, m\u00f3g\u0142 zosta\u0107 w Ameryce i nie pcha\u0107 si\u0119 do izraelskiej polityki. Zreszt\u0105, co tu du\u017co m\u00f3wi\u0107, premierka Mo\u0142dawii te\u017c nie ma lekko, na ka\u017cde s\u0142owo musi uwa\u017ca\u0107, bo inaczej przyjad\u0105 czo\u0142gami walczy\u0107 z jej faszyzmem, jak z tym ukrai\u0144skim. Ja wiem, Izrael to nie Mo\u0142dawia, supermocarstwo z licznymi koloniami, w kt\u00f3rych \u017bydzi uciskaj\u0105 kolorowych gej\u00f3w, a do tego wszystkiego teokracja gorsza jak w Iranie.<\/span><\/div>\n<p style=\"text-align: left;\">\n<div class=\"templateArticleBrodtext\">\n<p style=\"text-align: left;\"><span style=\"color: #000080;\">Dowiaduj\u0119 si\u0119 z polskiego medium, \u017ce \u201enowa ministerka Orit Strock z Religijnej Partii Syjonistycznej uzna\u0142a ostatnio, \u017ce lekarz mo\u017ce odm\u00f3wi\u0107 opieki pacjentowi, je\u015bli narusza to jego przekonania religijne.\u201d Ciekawe, pewnie ta izraelska polityczka dowiedzia\u0142a si\u0119, o polskiej \u201eklauzuli sumienia\u201d i postanowi\u0142a, \u017ce ona te\u017c chce takiej w swoim supermocarstwie. Kto u diab\u0142a m\u00f3g\u0142 jej podsun\u0105\u0107 te informacje o polskich przepisach?\u00a0<\/span><\/p>\n<p style=\"text-align: left;\">\n<span style=\"color: #000080;\">Informuj\u0105ca nas o izraelskim dramacie Kamila Cie\u015blik, z wiadomo\u015bci.gazeta.pl, dodaje pospiesznie, \u017ce ludzie co\u015b m\u00f3wi\u0105, i\u017c to przeciwko pacjentom LGBTQ+, ale uczciwie i rzetelnie dodaje, i\u017c sama polityczka temu zaprzecza.\u00a0 Tak czy inaczej czytelnik sobczak_jan&amp;123 (i nie on jeden), przerazi\u0142 si\u0119 tym, co w Izraelu dzieje si\u0119 i natychmiast napisa\u0142:<\/span><\/p>\n<blockquote>\n<p style=\"text-align: left;\"><strong>Nie ma na \u015bwiecie bardziej nazistowskiego pa\u0144stwa jak Izraela i bardziej rasistowskiej nacji jak \u017cydzi. Plu\u0107 na nich to nie tylko obowi\u0105zek ale i przyjemno\u015b\u0107. Nawet ruskie robactwo atakuj\u0105ce Ukrain\u0119 jest bardziej cywilizowane od \u017cydk\u00f3w.<\/strong><\/p>\n<p style=\"text-align: left;\"><strong>\u00a0 \u00a0 \u00a0 \u00a0 \u00a0 \u00a0 \u00a0 \u00a0 \u00a0 \u00a0 \u00a0 \u00a0 \u00a0 \u00a0 \u00a0 \u00a0 \u00a0 \u00a0 \u00a0 \u00a0 \u00a0 \u00a0 \u00a0 \u00a0 \u00a0 \u00a0 \u00a0 \u00a0 \u00a0 \u00a0 \u00a0 \u00a0 \u00a0 \u00a0 \u00a0 \u00a0 \u00a0 \u00a0 (Ze strony wiadomo\u015bci.gazeta.pl)<\/strong><\/p>\n<\/blockquote>\n<p style=\"text-align: left;\"><span style=\"color: #000080;\">Jak twierdzi brytyjski badacz nad antysemityzmem, David Collier, to nieustaj\u0105ce zapotrzebowanie na \u201ewiadomo\u015bci\u201d o Izraelu jak r\u00f3wnie\u017c jako\u015b\u0107 tych \u201einformacji\u201d ma g\u0142\u0119bokie psychologiczne pod\u0142o\u017ce. Antysemici nieustannie \u017c\u0105daj\u0105 \u015bwie\u017cej strawy, redaktorzy szacownych pism jej dostarczaj\u0105. Pani Kamila twierdzi, \u017ce opiera to, co pisze, na jakim\u015b wywiadzie radiowym,\u00a0 nie pisze, na kt\u00f3rym, a jej tekst i b\u0142\u0105d w nazwisku izraelskiej polityczki wygl\u0105da raczej na powt\u00f3rk\u0119 \u201ewiadomo\u015bci\u201d z londy\u0144skiego \u201eGuardiana\u201d.<\/span><\/p>\n<p style=\"text-align: left;\">\n<span style=\"color: #000080;\">Jak wynika z izraelskich \u017ar\u00f3de\u0142 \u201eklauzula sumienia\u201d jest cz\u0119\u015bci\u0105 koalicyjnego porozumienia mi\u0119dzy parti\u0105 Religijnych Syjonist\u00f3w a Likudem.\u00a0\u00a0 \u00a0\u00a0\u00a0\u00a0\u00a0<\/span><\/p>\n<p style=\"text-align: left;\">\n<span style=\"color: #000080;\">W proponowanym projekcie nie ma niczego o LGBTQ+, chocia\u017c mo\u017cemy zasadnie podejrzewa\u0107, \u017ce nowa izraelska pani minister mo\u017ce mie\u0107 wiele wsp\u00f3lnego z nasz\u0105 Kaj\u0105 Godek. S\u0105 tu jak si\u0119 wydaje pewne r\u00f3\u017cnice. Podczas gdy Kaja Godek i polski religijny establishment domagaj\u0105 si\u0119 ze wzgl\u0119du na swoje religijne przekonania prawnego zakazu \u015bwiadczenia pewnych us\u0142ug, Orit Strock i jej partyjni koledzy domagaj\u0105 si\u0119 prawa do odmowy \u015bwiadczenia pewnych us\u0142ug ze wzgl\u0119du na przekonania religijne osoby, kt\u00f3ra ma dan\u0105 us\u0142ug\u0119 \u015bwiadczy\u0107.\u00a0<\/span><\/p>\n<p style=\"text-align: left;\">\n<span style=\"color: #000080;\">Przedstawiciele tej religijnej partii podkre\u015blaj\u0105, \u017ce taka mo\u017cliwo\u015b\u0107 odmowy \u015bwiadczenia us\u0142ugi \u201enie mia\u0142by zastosowania, gdyby produkt lub us\u0142uga by\u0142y niezb\u0119dne i nie istnia\u0142aby \u017cadna rozs\u0105dna alternatywa, i nie mia\u0142by zastosowania do pa\u0144stwowych dostawc\u00f3w produkt\u00f3w i us\u0142ug\u201d.<\/span><\/p>\n<p style=\"text-align: left;\">\n<span style=\"color: #000080;\">Polska klauzula sumienia jest uregulowana art. 39\u00a0 Ustawy o zawodzie lekarza i lekarza dentysty z 5 grudnia 1996 roku, w kt\u00f3rym stwierdza si\u0119, \u017ce:<\/span><\/p>\n<blockquote>\n<p style=\"text-align: left;\"><strong>Lekarz mo\u017ce powstrzyma\u0107 si\u0119 od wykonania \u015bwiadcze\u0144 zdrowotnych niezgodnych z jego sumieniem, z zastrze\u017ceniem\u00a0art.\u00a030, tym, \u017ce ma obowi\u0105zek wskaza\u0107 realne mo\u017cliwo\u015bci uzyskania tego \u015bwiadczenia u innego lekarza lub w innym zak\u0142adzie opieki zdrowotnej oraz uzasadni\u0107 i odnotowa\u0107 ten fakt w dokumentacji medycznej(&#8230;.)<\/strong><\/p>\n<\/blockquote>\n<p style=\"text-align: left;\"><span style=\"color: #000080;\">Jak widzimy nie ma tu rozbicia na plac\u00f3wki pa\u0144stwowe i prywatne, a z do\u015bwiadczenia wiemy, \u017ce uda\u0142o si\u0119 takie praktyki zmieni\u0107 w terror psychologiczny i w naciski na ca\u0142\u0105 grup\u0119 zawodow\u0105, \u017ceby podporz\u0105dkowa\u0142a si\u0119 zakazom narzuconym przez grup\u0119 religijn\u0105.<\/span><\/p>\n<p style=\"text-align: left;\">\n<p style=\"text-align: left;\"><span style=\"color: #000080;\">Wygl\u0105da na to, \u017ce uda si\u0119 w Izraelu przepchn\u0105\u0107 ustaw\u0119 o klauzuli sumienia podobn\u0105 do istniej\u0105cej w Polsce (i w kilkudziesi\u0119ciu innych krajach), ale mamy tu pewne istotne r\u00f3\u017cnice, w Izraelu urz\u0119duj\u0105cy prezydent, jak i (jeszcze przed obj\u0119ciem urz\u0119du) premier, natychmiast bardzo ostro zapowiedzieli, \u017ce nie dopuszcz\u0105 do dyskryminacji \u017cadnej mniejszo\u015bci.<\/span><\/p>\n<blockquote>\n<p style=\"text-align: left;\"><strong>\u201eW kraju, kt\u00f3remu b\u0119d\u0119 przewodzi\u0107, nie b\u0119dzie sytuacji, w kt\u00f3rej kto\u015b \u2013 czy to LGBT, Arab, ultraortodoks czy ktokolwiek inny \u2013 wejdzie do hotelu i nie zostanie obs\u0142u\u017cony, albo p\u00f3jdzie do lekarza i nie dostanie us\u0142ugi\u201d \u2013 powiedzia\u0142 Netanjahu.<\/strong><\/p>\n<\/blockquote>\n<p style=\"text-align: left;\"><span style=\"color: #000080;\">Sk\u0105d si\u0119 wzi\u0119\u0142y domys\u0142y, \u017ce mo\u017ce chodzi\u0107 o spo\u0142eczno\u015b\u0107 LGBT? Projekt ustawy nie wspomina ani leczenia, ani lekarzy, m\u00f3wi o \u201eus\u0142ugach\u201d, co oczywi\u015bcie skojarzy\u0142o si\u0119 z przypadkami odmowy wydrukowania ulotek, kt\u00f3re wierz\u0105cy drukarz uzna\u0142 za godz\u0105ce w jego wiar\u0119 i kilkoma innymi podobnymi incydentami.<\/span><\/p>\n<p style=\"text-align: left;\">\n<span style=\"color: #000080;\">Prezydent Izraela natychmiast zareagowa\u0142 zaniepokojeniem m\u00f3wi\u0105c:<\/span><\/p>\n<blockquote>\n<p style=\"text-align: left;\"><strong>\u201eSytuacja, w kt\u00f3rej obywatele Izraela czuj\u0105 si\u0119 zagro\u017ceni z powodu swojej to\u017csamo\u015bci lub przekona\u0144, podwa\u017ca podstawowe warto\u015bci demokratyczne pa\u0144stwa Izrael.\u00a0Te [bigoteryjne] komentarze, kt\u00f3re s\u0142yszano w ostatnich dniach przeciwko spo\u0142eczno\u015bci LGBT i wszelkim r\u00f3\u017cnym grupom i sektorom, bardzo mnie martwi\u0105 i niepokoj\u0105\u201d \u2013 napisa\u0142 w niedziel\u0119, obiecuj\u0105c \u201edzia\u0142a\u0107 z ca\u0142\u0105 moc\u0105\u201d jako prezydent, aby \u201ezapobiega\u0107 szkodom w r\u00f3\u017cnych segmentach populacji\u201d.<\/strong><\/p>\n<\/blockquote>\n<p style=\"text-align: left;\"><span style=\"color: #000080;\">Zareagowa\u0142o r\u00f3wnie\u017c kilku pos\u0142\u00f3w Likudu (partii Netanjahu), wi\u0119c nawet je\u015bli pr\u00f3ba wprowadzenia \u201eklauzuli sumienia\u201d uda si\u0119 r\u00f3wnie\u017c w Izraelu, to pani Kamila niepotrzebnie napuszcza\u0142a pana Sobczaka i innych, bo tam (w odr\u00f3\u017cnieniu od Polski, gdzie prezydent i premier na takie klauzule sumienia wy\u0142\u0105cznie klaszcz\u0105), prawdopodobnie sprawy tak daleko jak u nas nigdy nie zajd\u0105. Fakt, \u017ce nowym przewodnicz\u0105cym izraelskiego parlamentu zosta\u0142 znany gej, jeszcze o niczym nie \u015bwiadczy, ale u nas gejowi \u0142atwiej zosta\u0107\u00a0 biskupem ni\u017c marsza\u0142kiem Sejmu, chocia\u017c i u nas troch\u0119 si\u0119 zmienia, bo mieli\u015bmy ju\u017c sytuacj\u0119, w kt\u00f3rej znany gej kandydowa\u0142 na urz\u0105d prezydenta pa\u0144stwa i kto wie czym by si\u0119 to sko\u0144czy\u0142o, gdyby nie to, \u017ce strasznie bredzi\u0142 podczas kampanii wyborczej. Nikt nie robi\u0142 mu jednak przykro\u015bci z powodu tego, \u017ce jest gejem (co by\u0142o nies\u0142ychanie interesuj\u0105cym i pozytywnym zjawiskiem), chocia\u017c wielu marudzi\u0142o na niezborno\u015b\u0107.<\/span><\/p>\n<p style=\"text-align: left;\">\n<span style=\"color: #000080;\">Nawiasem m\u00f3wi\u0105c, pr\u00f3buj\u0105c\u00a0 ustali\u0107, sk\u0105d si\u0119 wzi\u0119\u0142y brednie pani Kamili Cie\u015blik, dowiedzia\u0142em si\u0119, \u017ce Netanjahu podpisa\u0142 ostatni\u0105 umow\u0119 z koalicjantami i \u017ce dotyczy\u0142a ona \u201ekoszernych telefon\u00f3w kom\u00f3rkowych\u201d. Tego by\u0142o za du\u017co nawet jak dla mnie i postanowi\u0142em, \u017ce spr\u00f3buj\u0119 zrozumie\u0107, o co w tym ob\u0142\u0119dzie mo\u017ce chodzi\u0107, dopiero jak polskie media napisz\u0105 co\u015b, co b\u0119dzie przekracza\u0107 nawet izraelskie granice absurdu.<\/span><\/p>\n<p style=\"text-align: left;\">\n<span style=\"color: #000080;\">Fakt, przyjaciel ma racj\u0119, \u0142atwo to temu nowemu premierowi izraelskiego rz\u0105du z tymi pobo\u017cnymi koalicjantami nie b\u0119dzie, ale z nim te\u017c nikt nie ma \u0142atwo, nawet izraelska pani prokurator, kt\u00f3ra musi teraz zapewnia\u0107 s\u0105d, \u017ce ona tych oskar\u017ce\u0144 na premiera Netanjahu nie pisa\u0142a.\u00a0\u00a0\u00a0\u00a0\u00a0\u00a0\u00a0\u00a0\u00a0 \u00a0\u00a0\u00a0\u00a0\u00a0\u00a0\u00a0\u00a0\u00a0\u00a0\u00a0\u00a0\u00a0\u00a0<\/span><\/p>\n<p style=\"text-align: left;\">\n<span style=\"color: #000080;\">A mi\u0119dzy\u00a0 nami m\u00f3wi\u0105c, gdyby do mnie przysz\u0142a klientka z pro\u015bb\u0105 o wytatuowanie siedmiu motylk\u00f3w na po\u015bladkach, te\u017c bym odm\u00f3wi\u0142, bo damski ty\u0142ek to rzecz\u00a0 \u015bwi\u0119ta, ale czy powo\u0142ywa\u0142bym si\u0119 na klauzul\u0119 sumienia? Mam wra\u017cenie, \u017ce czasem sumienie powinno umie\u0107 sobie radzi\u0107 bez pomocy pa\u0144stwa. Sumienie pod specjalnym nadzorem jest zawsze bardzo nara\u017cone.<\/span><\/p>\n<\/div>\n<hr style=\"height: 15px; background: #d0e6fa; width: 100%;\" \/>\n<div id=\"content\" class=\"content-alignment\">\n<div id=\"watch-description\" class=\"yt-uix-button-panel\">\n<div id=\"watch-description-text\" style=\"text-align: center;\">\n<p><em>Zawarto\u015b\u0107 publikowanych artyku\u0142\u00f3w i materia\u0142\u00f3w nie reprezentuje pogl\u0105d\u00f3w ani opinii Reunion&#8217;68,<\/em><em><br \/>\nani te\u017c webmastera Blogu Reunion&#8217;68, chyba ze jest to wyra\u017anie zaznaczone.<br \/>\nTwoje uwagi, linki, w\u0142asne artyku\u0142y lub wiadomo\u015bci prze\u015blij na adres:<br \/>\n<\/em><span style=\"color: #000080;\"><strong><em><a style=\"color: #000080;\" href=\"mailto:webmaster@reunion68.com\"><span style=\"text-decoration: underline;\">webmaster@reunion68.com<\/span><\/a><\/em><\/strong><\/span><\/p>\n<\/div>\n<\/div>\n<\/div>\n<hr style=\"width: 100%;\" \/>\n","protected":false},"excerpt":{"rendered":"<p>Orit Strock (\u017ar\u00f3d\u0142o zdj\u0119cia: knesset.gov.il) Klauzula sumienia w Izraelu i w Polsce Andrzej Koraszewski Pisze mi przyjaciel z Izraela, \u017ce Netanjahu nie b\u0119dzie mia\u0142 lekko z tymi religijnymi koalicjantami, wi\u0119c odpowiadam, \u017ce nikt mu nie obiecywa\u0142 \u0142atwego \u017cycia, m\u00f3g\u0142 zosta\u0107 w Ameryce i nie pcha\u0107 si\u0119 do izraelskiej polityki. Zreszt\u0105, co tu du\u017co m\u00f3wi\u0107, premierka [&hellip;]<\/p>\n","protected":false},"author":1,"featured_media":0,"comment_status":"closed","ping_status":"closed","sticky":false,"template":"","format":"standard","meta":[],"categories":[6],"tags":[26,24],"_links":{"self":[{"href":"https:\/\/www.reunion68.se\/index.php?rest_route=\/wp\/v2\/posts\/100965"}],"collection":[{"href":"https:\/\/www.reunion68.se\/index.php?rest_route=\/wp\/v2\/posts"}],"about":[{"href":"https:\/\/www.reunion68.se\/index.php?rest_route=\/wp\/v2\/types\/post"}],"author":[{"embeddable":true,"href":"https:\/\/www.reunion68.se\/index.php?rest_route=\/wp\/v2\/users\/1"}],"replies":[{"embeddable":true,"href":"https:\/\/www.reunion68.se\/index.php?rest_route=%2Fwp%2Fv2%2Fcomments&post=100965"}],"version-history":[{"count":4,"href":"https:\/\/www.reunion68.se\/index.php?rest_route=\/wp\/v2\/posts\/100965\/revisions"}],"predecessor-version":[{"id":100982,"href":"https:\/\/www.reunion68.se\/index.php?rest_route=\/wp\/v2\/posts\/100965\/revisions\/100982"}],"wp:attachment":[{"href":"https:\/\/www.reunion68.se\/index.php?rest_route=%2Fwp%2Fv2%2Fmedia&parent=100965"}],"wp:term":[{"taxonomy":"category","embeddable":true,"href":"https:\/\/www.reunion68.se\/index.php?rest_route=%2Fwp%2Fv2%2Fcategories&post=100965"},{"taxonomy":"post_tag","embeddable":true,"href":"https:\/\/www.reunion68.se\/index.php?rest_route=%2Fwp%2Fv2%2Ftags&post=100965"}],"curies":[{"name":"wp","href":"https:\/\/api.w.org\/{rel}","templated":true}]}}