{"id":101035,"date":"2023-01-03T17:09:51","date_gmt":"2023-01-03T15:09:51","guid":{"rendered":"http:\/\/www.reunion68.se\/?p=101035"},"modified":"2023-01-03T07:27:50","modified_gmt":"2023-01-03T05:27:50","slug":"09-09-70","status":"publish","type":"post","link":"https:\/\/www.reunion68.se\/?p=101035","title":{"rendered":"\u015amie\u0107 chrze\u015bcija\u0144stwa w Betlejem"},"content":{"rendered":"<p style=\"text-align: center;\"><img decoding=\"async\" class=\"aligncenter\" src=\"https:\/\/www.gatestoneinstitute.org\/pics\/4520.jpg\" width=\"100%\" \/><span style=\"color: #808080;\"><em>Dlaczego prze\u015bladowania chrze\u015bcijan w Betlejem i innych obszarach kontrolowanych przez Autonomi\u0119 Palesty\u0144sk\u0105 s\u0105 tak rzadko relacjonowane lub niedostatecznie nag\u0142a\u015bniane? &#8220;Ataki muzu\u0142man\u00f3w na chrze\u015bcijan s\u0105 cz\u0119sto ignorowane przez spo\u0142eczno\u015b\u0107 mi\u0119dzynarodow\u0105 i media, kt\u00f3re wydaj\u0105 si\u0119 zabiera\u0107 g\u0142os tylko wtedy, gdy mog\u0105 znale\u017a\u0107 spos\u00f3b, aby obwinia\u0107 Izrael&#8221; \u2013 twierdzi dziennikarz Khaled Abu Toameh. Na zdj\u0119ciu: Bazylika Narodzenia Pa\u0144skiego w Betlejem. (Zdj\u0119cie: Hazem Bader\/AFP via Getty Images)<\/em><\/span><\/p>\n<hr \/>\n<h5 style=\"text-align: center;\"><a href=\"https:\/\/pl.gatestoneinstitute.org\/\" target=\"_blank\" rel=\"noopener noreferrer\"><img decoding=\"async\" class=\"center alignleft\" src=\"https:\/\/pl.gatestoneinstitute.org\/images\/gatestone-logo-1000.gif\" alt=\"\" width=\"50%\" \/><\/a><span style=\"text-decoration: underline; color: #000080;\"><span><strong><a style=\"color: #000080; text-decoration: underline;\" href=\"https:\/\/pl.gatestoneinstitute.org\/19278\/smiec-chrzescijanstwa-betlejem\" target=\"_blank\" rel=\"noopener noreferrer\">\u015amie\u0107 chrze\u015bcija\u0144stwa w Betlejem<\/a><\/strong><\/span><\/span><\/h5>\n<p style=\"text-align: center;\"><span style=\"color: #000000;\"><strong>Raymond Ibrahim<br \/>\n<\/strong><br \/>\nT\u0142umaczenie: <strong>Ma\u0142gorzata Koraszewska<\/strong><\/span><\/p>\n<hr style=\"height: 15px; background: #d0e6fa; width: 100%;\" \/>\n<p style=\"text-align: left;\"><span style=\"color: #000080;\">Dlaczego prze\u015bladowania chrze\u015bcijan w Betlejem i innych obszarach kontrolowanych przez Autonomi\u0119 Palesty\u0144sk\u0105 s\u0105 tak rzadko relacjonowane lub niedostatecznie nag\u0142a\u015bniane? &#8220;Ataki muzu\u0142man\u00f3w na chrze\u015bcijan s\u0105 cz\u0119sto ignorowane przez spo\u0142eczno\u015b\u0107 mi\u0119dzynarodow\u0105 i media, kt\u00f3re wydaj\u0105 si\u0119 zabiera\u0107 g\u0142os tylko wtedy, gdy mog\u0105 znale\u017a\u0107 spos\u00f3b, aby obwinia\u0107 Izrael&#8221; \u2013 twierdzi dziennikarz Khaled Abu Toameh.<\/span><\/p>\n<p style=\"text-align: left;\"><span style=\"color: #000080;\">Po zauwa\u017ceniu, \u017ce &#8220;nast\u0105pi\u0142 wyra\u017any wzrost motywowanych religijnie atak\u00f3w palesty\u0144skich muzu\u0142man\u00f3w na chrze\u015bcijan w Betlejem&#8221;,\u00a0<a style=\"color: #000080;\" href=\"blank\" target=\"_blank\" rel=\"noopener noreferrer\">doniesienie<\/a>\u00a0z 21 listopada podaje nast\u0119puj\u0105ce przyk\u0142ady:<\/span><\/p>\n<blockquote>\n<p style=\"text-align: left;\"><strong>&#8220;Nieco ponad dwa tygodnie temu muzu\u0142manin zosta\u0142 oskar\u017cony o n\u0119kanie m\u0142odych chrze\u015bcija\u0144skich kobiet w prawos\u0142awnym ko\u015bciele w Beit Sahour w pobli\u017cu miasta Betlejem. Wkr\u00f3tce potem ko\u015bci\u00f3\u0142 zaatakowa\u0142 du\u017cy t\u0142um palesty\u0144skich m\u0119\u017cczyzn, kt\u00f3rzy rzucali kamieniami w budynek, podczas gdy wierni ukryli si\u0119 w \u015brodku. Kilku wiernych zosta\u0142o rannych.<\/strong><\/p>\n<p style=\"text-align: left;\"><strong>Odpowiedzialna za bezpiecze\u0144stwo w regionie Autonomia Palesty\u0144ska nie zrobi\u0142a nic.<\/strong><\/p>\n<p style=\"text-align: left;\"><strong>W pa\u017adzierniku niezidentyfikowani napastnicy strzelali do nale\u017c\u0105cego do chrze\u015bcijan hotelu Bethlehem po tym, jak wideo w mediach spo\u0142eczno\u015bciowych skojarzy\u0142o hotel z ekspozycj\u0105 zawieraj\u0105c\u0105 wyci\u0119te z kartonu gwiazdy Dawida i menor\u0119. &#8230;<\/strong><\/p>\n<p style=\"text-align: left;\"><strong>W zwi\u0105zku ze strzelanin\u0105 nie dokonano \u017cadnych aresztowa\u0144.<\/strong><\/p>\n<p style=\"text-align: left;\"><strong>By\u0107 mo\u017ce najwi\u0119kszym szokiem dla spo\u0142eczno\u015bci by\u0142o aresztowanie w kwietniu palesty\u0144skiego pastora ewangelickiego, Johnny&#8217;ego Szahwana, przez si\u0142y bezpiecze\u0144stwa Autonomii Palesty\u0144skiej pod zarzutem &#8220;promowania normalizacji&#8221; stosunk\u00f3w z Izraelem. &#8230;<\/strong><\/p>\n<p style=\"text-align: left;\"><strong>W styczniu du\u017ca grupa zamaskowanych m\u0119\u017cczyzn uzbrojonych w kije i \u017celazne pr\u0119ty zaatakowa\u0142a chrze\u015bcija\u0144skich braci, Daouda i Dahera Nassar\u00f3w, na ich farmie w pobli\u017cu Betlejem. S\u0105dy palesty\u0144skie pracowa\u0142y nad konfiskat\u0105 farmy, kt\u00f3ra by\u0142a w\u0142asno\u015bci\u0105 rodziny od czas\u00f3w Imperium Osma\u0144skiego&#8221;.<\/strong><\/p>\n<\/blockquote>\n<p style=\"text-align: left;\"><span style=\"color: #000080;\"><a style=\"color: #000080;\" href=\"blank\" target=\"_blank\" rel=\"noopener noreferrer\">Wed\u0142ug<\/a>\u00a0rabina Pesacha Wolickiego, dyrektora Centrum Porozumienia i Wsp\u00f3\u0142pracy \u017bydowsko-Chrze\u015bcija\u0144skiej, prze\u015bladowania palesty\u0144skich chrze\u015bcijan s\u0105 w rzeczywisto\u015bci problemem istniej\u0105cym od dawna:<\/span><\/p>\n<blockquote>\n<p style=\"text-align: left;\"><strong>&#8220;Niestety, te niedawne ataki na ko\u015bcio\u0142y nie s\u0105 nowe. Chrze\u015bcijanie s\u0105 atakowani w Betlejem od wielu, wielu lat. By\u0142y bombardowania. Fizyczne ataki na chrze\u015bcijan s\u0105 niemal nieustanne. Zdarzaj\u0105 si\u0119 regularnie od czasu przej\u0119cia w\u0142adzy przez Autonomi\u0119 Palesty\u0144sk\u0105&#8221;.<\/strong><\/p>\n<\/blockquote>\n<p style=\"text-align: left;\"><a href=\"blank\" target=\"_blank\" rel=\"noopener noreferrer\"><span style=\"color: #000080;\">Wed\u0142ug<\/span><\/a><span style=\"color: #000080;\">\u00a0Kamala Taraziego, chrze\u015bcijanina, kt\u00f3ry uciek\u0142 w 2007 r. z kontrolowanej przez Hamas Strefy Gazy: &#8220;W momencie, gdy [Hamas] przej\u0105\u0142 kontrol\u0119 nad [Gaz\u0105], zacz\u0119li nas prze\u015bladowa\u0107, rujnuj\u0105c nasze ko\u015bcio\u0142y i zmuszaj\u0105c chrze\u015bcijan do nawr\u00f3cenia si\u0119 na islam&#8221;. Przed ucieczk\u0105 Tarazi pr\u00f3bowa\u0142 oprze\u0107 si\u0119 islamistycznemu przej\u0119ciu w\u0142adzy i wezwa\u0142 muzu\u0142man\u00f3w i chrze\u015bcijan do zjednoczenia si\u0119 przeciwko Hamasowi. W\u00a0<a style=\"color: #000080;\" href=\"blank\" target=\"_blank\" rel=\"noopener noreferrer\">rezultacie<\/a>\u00a0&#8220;by\u0142em kilka razy wi\u0119ziony&#8221; \u2013 powiedzia\u0142. &#8220;Czy wiesz, czym jest wi\u0119zienie Hamasu? To czysta tortura&#8221;.<\/span><\/p>\n<p style=\"text-align: left;\"><span style=\"color: #000080;\">Liczby potwierdzaj\u0105, \u017ce chrze\u015bcijanie \u017cyj\u0105cy pod rz\u0105dami Autonomii Palesty\u0144skiej (AP) do\u015bwiadczaj\u0105 ci\u0105g\u0142ego z\u0142ego traktowania, kt\u00f3rego nie do\u015bwiadczaj\u0105 muzu\u0142manie. W 1947 roku chrze\u015bcijanie stanowili 85% ludno\u015bci Betlejem, staro\u017cytnej chrze\u015bcija\u0144skiej twierdzy. Do 2016 roku liczba chrze\u015bcijan spad\u0142a do zaledwie 16% populacji.<\/span><\/p>\n<p style=\"text-align: left;\"><span style=\"color: #000080;\">&#8220;W spo\u0142ecze\u0144stwie, w kt\u00f3rym arabscy chrze\u015bcijanie nie maj\u0105 g\u0142osu ani ochrony, nie jest zaskoczeniem, \u017ce odchodz\u0105&#8221; \u2013\u00a0<a style=\"color: #000080;\" href=\"blank\" target=\"_blank\" rel=\"noopener noreferrer\">zauwa\u017cy\u0142<\/a>\u00a0Justus Reid Weiner, prawnik znaj\u0105cy ten region.<\/span><\/p>\n<blockquote>\n<p style=\"text-align: left;\"><strong>&#8220;Systematyczne prze\u015bladowania chrze\u015bcija\u0144skich Arab\u00f3w mieszkaj\u0105cych na obszarach palesty\u0144skich spotykaj\u0105 si\u0119 z niemal ca\u0142kowitym milczeniem ze strony spo\u0142eczno\u015bci mi\u0119dzynarodowej, obro\u0144c\u00f3w praw cz\u0142owieka, medi\u00f3w i organizacji pozarz\u0105dowych&#8221;.<\/strong><\/p>\n<\/blockquote>\n<p style=\"text-align: left;\"><span style=\"color: #000080;\">Mi\u0119dzynarodowe media nigdy nie informuj\u0105 o przypadkach prze\u015bladowa\u0144. Prosz\u0105c o zachowanie jego anonimowo\u015bci, mieszkaniec Betlejem, chrze\u015bcija\u0144ski Arab,\u00a0<a style=\"color: #000080;\" href=\"blank\" target=\"_blank\" rel=\"noopener noreferrer\">podkre\u015bli\u0142<\/a>, \u017ce nie informowano o wymienionych powy\u017cej incydentach nawet w samym Izraelu, po czym\u00a0<a style=\"color: #000080;\" href=\"blank\" target=\"_blank\" rel=\"noopener noreferrer\">doda\u0142<\/a>:<\/span><\/p>\n<blockquote>\n<p style=\"text-align: left;\"><strong>&#8220;To musi by\u0107 nag\u0142o\u015bnione w celu edukowania \u015bwiata \u017cydowskiego i \u015bwiata chrze\u015bcija\u0144skiego o stanie Betlejem. Ci\u0105gle maj\u0105 miejsce incydenty, czy to s\u0105siedzi przeciwko sobie, czy ludzie na ulicach, czy nawet ataki na organizacje i ko\u015bcio\u0142y. W wi\u0119kszo\u015bci s\u0105 to sytuacje, w kt\u00f3rych spo\u0142eczno\u015b\u0107 muzu\u0142ma\u0144ska prze\u015bladuje mniejszo\u015b\u0107, spo\u0142eczno\u015b\u0107 chrze\u015bcija\u0144sk\u0105&#8221;.<\/strong><\/p>\n<\/blockquote>\n<p style=\"text-align: left;\"><span style=\"color: #000080;\">Dlaczego tak rzadko lub nigdy nie informuje si\u0119 o prze\u015bladowaniach chrze\u015bcijan w Betlejem i na innych obszarach kontrolowanych przez Autonomi\u0119 Palesty\u0144sk\u0105? Z pewno\u015bci\u0105 nie dlatego, \u017ce do\u015bwiadczaj\u0105 mniej prze\u015bladowa\u0144 ni\u017c ich wsp\u00f3\u0142wyznawcy w ca\u0142ym \u015bwiecie muzu\u0142ma\u0144skim, gdzie ma miejsce\u00a0<a style=\"color: #000080;\" href=\"blank\" target=\"_blank\" rel=\"noopener noreferrer\">wi\u0119kszo\u015b\u0107<\/a>\u00a0prze\u015bladowa\u0144 chrze\u015bcijan na \u015bwiecie.<\/span><\/p>\n<p style=\"text-align: left;\"><span style=\"color: #000080;\">&#8220;Ataki muzu\u0142man\u00f3w na chrze\u015bcijan s\u0105 cz\u0119sto ignorowane przez spo\u0142eczno\u015b\u0107 mi\u0119dzynarodow\u0105 i media, kt\u00f3re wydaj\u0105 si\u0119 zabiera\u0107 g\u0142os tylko wtedy, gdy mog\u0105 znale\u017a\u0107 spos\u00f3b, by obwini\u0107 Izrael&#8221; \u2013\u00a0<a style=\"color: #000080;\" href=\"blank\" target=\"_blank\" rel=\"noopener noreferrer\">napisa\u0142<\/a>\u00a0palesty\u0144ski dziennikarz Khaled Abu Toameh.<\/span><\/p>\n<blockquote>\n<p style=\"text-align: left;\"><strong>&#8220;Kolejn\u0105 niepokoj\u0105c\u0105 sytuacj\u0105 jest to, \u017ce przyw\u00f3dcy spo\u0142eczno\u015bci chrze\u015bcija\u0144skiej na Zachodnim Brzegu niech\u0119tnie poci\u0105gaj\u0105 Autonomi\u0119 Palesty\u0144sk\u0105 i ich muzu\u0142ma\u0144skich s\u0105siad\u00f3w do odpowiedzialno\u015bci za ataki. Boj\u0105 si\u0119 zemsty i wol\u0105 trzyma\u0107 si\u0119 oficjalnej linii obarczania Izraela wy\u0142\u0105czn\u0105 odpowiedzialno\u015bci\u0105 za nieszcz\u0119\u015bcia chrze\u015bcija\u0144skiej mniejszo\u015bci&#8221;.<\/strong><\/p>\n<\/blockquote>\n<p style=\"text-align: left;\"><span style=\"color: #000080;\">Open Doors, organizacja praw cz\u0142owieka, kt\u00f3ra \u015bledzi prze\u015bladowania chrze\u015bcijan,\u00a0<a style=\"color: #000080;\" href=\"blank\" target=\"_blank\" rel=\"noopener noreferrer\">donosi<\/a>, \u017ce palesty\u0144scy chrze\u015bcijanie cierpi\u0105 z powodu &#8220;wysokiego&#8221; poziomu prze\u015bladowa\u0144:<\/span><\/p>\n<blockquote>\n<p style=\"text-align: left;\"><strong>&#8220;Ci, kt\u00f3rzy przechodz\u0105 z islamu na chrze\u015bcija\u0144stwo, spotykaj\u0105 si\u0119 jednak z najgorszymi prze\u015bladowaniami i trudno im bezpiecznie uczestniczy\u0107 w \u017cyciu istniej\u0105cych ko\u015bcio\u0142\u00f3w. Na Zachodnim Brzegu s\u0105 oni zagro\u017ceni i poddawani wielkiej presji, w Gazie ich sytuacja jest tak niebezpieczna, \u017ce wyznaj\u0105 swoj\u0105 wiar\u0105 chrze\u015bcija\u0144sk\u0105 w najwi\u0119kszej tajemnicy&#8230; Ro\u015bnie wp\u0142yw radykalnej ideologii islamu, a ko\u015bcio\u0142y historyczne musz\u0105 by\u0107 dyplomatyczne w swoim podej\u015bciu do muzu\u0142man\u00f3w&#8221;.<\/strong><\/p>\n<\/blockquote>\n<p style=\"text-align: left;\"><span style=\"color: #000080;\">Wyj\u0105tkowa sytuacja palesty\u0144skich chrze\u015bcijan \u2013 \u017cyj\u0105cych w \u015bwiecie walki politycznej, gdzie &#8220;publiczny wizerunek&#8221;, a zatem opinia jest wszystkim \u2013 r\u00f3wnie\u017c wyja\u015bnia brak ujawniania przypadk\u00f3w prze\u015bladowa\u0144. Raport dr Edy&#8217;ego Cohena dokumentuje wi\u0119cej przypadk\u00f3w prze\u015bladowa\u0144 chrze\u015bcijan. Wszystkie mia\u0142y miejsce jeden po drugim, tu\u017c przed publikacj\u0105 raportu i \u017cadnego z nich nie relacjonowa\u0142y tak zwane &#8220;media g\u0142\u00f3wnego nurtu&#8221;:<\/span><\/p>\n<ul>\n<li><a href=\"blank\" target=\"_blank\" rel=\"noopener noreferrer\">25 kwietnia<\/a>: &#8220;Przera\u017ceni mieszka\u0144cy chrze\u015bcija\u0144skiej wioski D\u017cifna niedaleko Ramallah&#8230; zostali zaatakowani przez muzu\u0142ma\u0144skich bandyt\u00f3w&#8230; po tym, jak kobieta z wioski z\u0142o\u017cy\u0142a skarg\u0119 na policj\u0119, \u017ce syn znanego, zwi\u0105zanego z Fatahem przyw\u00f3dcy zaatakowa\u0142 jej rodzin\u0119. W odpowiedzi do wioski przyby\u0142y dziesi\u0105tki bandyt\u00f3w Fatahu, kt\u00f3rzy wystrzelili w powietrze setki kul, rzucali bomby z benzyn\u0105, wykrzykuj\u0105c przekle\u0144stwa. Spowodowali powa\u017cne zniszczenia mienia publicznego. To cud, \u017ce nie by\u0142o \u017cadnych zabitych lub rannych&#8221;.<\/li>\n<li><a href=\"blank\" target=\"_blank\" rel=\"noopener noreferrer\">13 maja<\/a>: &#8220;Wandale w\u0142amali si\u0119 do ko\u015bcio\u0142a spo\u0142eczno\u015bci maronickiej w centrum Betlejem, zbezcze\u015bcili go i ukradli kosztowny sprz\u0119t nale\u017c\u0105cy do ko\u015bcio\u0142a, w tym kamery bezpiecze\u0144stwa&#8230; To ju\u017c sz\u00f3sty raz, kiedy ko\u015bci\u00f3\u0142 maronit\u00f3w w Betlejem pad\u0142 ofiar\u0105 akt\u00f3w wandalizmu i kradzie\u017cy, w tym podpalenia w 2015 r., kt\u00f3re spowodowa\u0142o znaczne zniszczenia i zmusi\u0142o ko\u015bci\u00f3\u0142 do zamkni\u0119cia na d\u0142ugi czas&#8221;.<\/li>\n<li><a href=\"blank\" target=\"_blank\" rel=\"noopener noreferrer\">16 maja<\/a>: &#8220;Przysz\u0142a kolej na ko\u015bci\u00f3\u0142 anglika\u0144ski w wiosce Aboud, na zach\u00f3d od Ramallah. Wandale przeci\u0119li ogrodzenie, wybili okna ko\u015bcio\u0142a i w\u0142amali si\u0119 do \u015brodka. Zbezcze\u015bcili go, szukali warto\u015bciowych przedmiot\u00f3w i ukradli du\u017co sprz\u0119tu&#8221;.<\/li>\n<\/ul>\n<p style=\"text-align: left;\"><span style=\"color: #000080;\">Ataki te, kt\u00f3re mia\u0142y miejsce w ci\u0105gu trzech tygodni, pasuj\u0105 do tego samego\u00a0<a style=\"color: #000080;\" href=\"blank\" target=\"_blank\" rel=\"noopener noreferrer\">schematu prze\u015bladowa\u0144<\/a>, jakich zwykle do\u015bwiadczaj\u0105 chrze\u015bcijanie w innych regionach z wi\u0119kszo\u015bci\u0105 muzu\u0142ma\u0144sk\u0105. Podczas gdy\u00a0<a style=\"color: #000080;\" href=\"blank\" target=\"_blank\" rel=\"noopener noreferrer\">profanacja i pl\u0105drowanie<\/a>\u00a0ko\u015bcio\u0142\u00f3w jest\u00a0<a style=\"color: #000080;\" href=\"blank\" target=\"_blank\" rel=\"noopener noreferrer\">powszechne<\/a>, to samo dzieje si\u0119 z atakami muzu\u0142ma\u0144skiego t\u0142umu na mniejszo\u015bci chrze\u015bcija\u0144skie \u2013 kt\u00f3re s\u0105 traktowane jako\u00a0<i>dhimmi<\/i>\u00a0czyli &#8220;obywatele&#8221; drugiej kategorii pod rz\u0105dami islamu, i kt\u00f3rzy rzekomo powinni by\u0107 wdzi\u0119czni za jak\u0105kolwiek tolerancj\u0119. Je\u015bli i kiedy odwa\u017c\u0105 si\u0119 wyst\u0105pi\u0107 w obronie swoich praw, jak\u00a0<a style=\"color: #000080;\" href=\"blank\" target=\"_blank\" rel=\"noopener noreferrer\">to mia\u0142o miejsce<\/a>\u00a025 kwietnia, &#8220;[ci] kt\u00f3rzy brali udzia\u0142 w rozruchach w [wiosce] D\u017cifna wezwali [chrze\u015bcija\u0144skich] mieszka\u0144c\u00f3w do zap\u0142acenia\u00a0<i><a style=\"color: #000080;\" href=\"blank\" target=\"_blank\" rel=\"noopener noreferrer\">d\u017cizji<\/a><\/i>\u2014 podatku pog\u0142\u00f3wnego, kt\u00f3ry w historii by\u0142 nak\u0142adany na mniejszo\u015bci niemuzu\u0142ma\u0144skie pod rz\u0105dami islamu. Ostatnimi ofiarami d\u017cizji by\u0142y wsp\u00f3lnoty chrze\u015bcija\u0144skie w Iraku i Syrii pod rz\u0105dami ISIS&#8221;.<\/span><\/p>\n<p style=\"text-align: left;\"><span style=\"color: #000080;\">Co gorsza, jak to cz\u0119sto bywa, gdy mniejszo\u015bci chrze\u015bcija\u0144skie s\u0105 atakowane w krajach z wi\u0119kszo\u015bci\u0105 muzu\u0142ma\u0144sk\u0105, &#8220;pomimo pr\u00f3\u015bb [chrze\u015bcija\u0144skich] mieszka\u0144c\u00f3w o pomoc [w D\u017cifna] policja AP nie interweniowa\u0142a w godzinach chaosu. Nie aresztowa\u0142a \u017cadnych podejrzanych&#8221;. Podobnie w przypadku dw\u00f3ch atak\u00f3w na ko\u015bcio\u0142y &#8220;<a style=\"color: #000080;\" href=\"blank\" target=\"_blank\" rel=\"noopener noreferrer\">nie aresztowano \u017cadnych podejrzanych<\/a>&#8220;.<\/span><\/p>\n<p style=\"text-align: left;\"><span style=\"color: #000080;\">Podczas gdy palesty\u0144scy chrze\u015bcijanie cierpi\u0105 z powodu tego samego typu prze\u015bladowa\u0144, co ich wsp\u00f3\u0142wyznawcy w innych krajach muzu\u0142ma\u0144skich, w tym atak\u00f3w na ko\u015bcio\u0142y, porwa\u0144 i przymusowych nawr\u00f3ce\u0144, prze\u015bladowania palesty\u0144skich chrze\u015bcijan &#8220;nie by\u0142y relacjonowane w palesty\u0144skich mediach. W rzeczywisto\u015bci&#8221;,\u00a0<a style=\"color: #000080;\" href=\"blank\" target=\"_blank\" rel=\"noopener noreferrer\">kontynuuje<\/a>\u00a0Cohen, &#8220;w wielu przypadkach nak\u0142adano pe\u0142ny zakaz informowania&#8221;:<\/span><\/p>\n<blockquote>\n<p style=\"text-align: left;\"><strong>&#8220;Jedyn\u0105 rzecz\u0105, kt\u00f3ra interesuje AP, jest to, aby wydarzenia tego rodzaju nie przedostawa\u0142y si\u0119 do medi\u00f3w. Fatah regularnie wywiera silny nacisk na chrze\u015bcijan, aby nie zg\u0142aszali akt\u00f3w przemocy i wandalizmu, kt\u00f3rych cz\u0119sto do\u015bwiadczaj\u0105, poniewa\u017c taki rozg\u0142os mo\u017ce zaszkodzi\u0107 wizerunkowi AP jako podmiotu zdolnego do ochrony \u017cycia i mienia mniejszo\u015bci chrze\u015bcija\u0144skiej pod jej rz\u0105dami. Tym bardziej AP nie chce by\u0107 przedstawiana jako radykalny podmiot prze\u015bladuj\u0105cy mniejszo\u015bci religijne. Taki wizerunek mo\u017ce mie\u0107 negatywne reperkusje dla olbrzymiej pomocy, jak\u0105 otrzymuje AP od spo\u0142eczno\u015bci mi\u0119dzynarodowej, a zw\u0142aszcza od Europejczyk\u00f3w&#8221;.<\/strong><\/p>\n<\/blockquote>\n<p style=\"text-align: left;\"><span style=\"color: #000080;\">Chlebem powszednim AP i jej zwolennik\u00f3w, zw\u0142aszcza w mediach, jest\u00a0<a style=\"color: #000080;\" href=\"blank\" target=\"_blank\" rel=\"noopener noreferrer\">przedstawianie<\/a>\u00a0Palesty\u0144czyk\u00f3w jako ofiar niesprawiedliwej agresji i dyskryminacji ze strony Izraela. Ta narracja by\u0142aby zagro\u017cona, gdyby spo\u0142eczno\u015b\u0107 mi\u0119dzynarodowa dowiedzia\u0142a si\u0119, \u017ce to palesty\u0144scy muzu\u0142manie prze\u015bladuj\u0105 palesty\u0144skich chrze\u015bcijan \u2013 wy\u0142\u0105cznie z powodu religii. Mo\u017ce by\u0107 trudno zdoby\u0107 sympati\u0119 dla rzekomo uciskanych ludzi, kiedy u\u015bwiadomi si\u0119 \u015bwiatu, \u017ce oni sami uciskaj\u0105 mniejszo\u015bci po\u015br\u00f3d nich \u2013 i to wy\u0142\u0105cznie z powodu religijnej bigoterii.<\/span><\/p>\n<p style=\"text-align: left;\"><span style=\"color: #000080;\">Poniewa\u017c s\u0105 tak wra\u017cliwi na t\u0119 potencjaln\u0105 trudno\u015b\u0107, &#8220;urz\u0119dnicy AP wywieraj\u0105 presj\u0119 na miejscowych chrze\u015bcijan, aby nie zg\u0142aszali takich incydent\u00f3w, co grozi zdemaskowaniem Autonomii Palesty\u0144skiej jako jeszcze jednego bliskowschodniego re\u017cimu wiernego radykalnej islamskiej ideologii&#8221; \u2013\u00a0<a style=\"color: #000080;\" href=\"blank\" target=\"_blank\" rel=\"noopener noreferrer\">konkluduje<\/a>\u00a0Cohen.<\/span><\/p>\n<p style=\"text-align: left;\"><span style=\"color: #000080;\">Niekt\u00f3rzy palesty\u0144scy chrze\u015bcijanie s\u0105 r\u00f3wnie\u017c wsp\u00f3\u0142winni. Mitri Rehab, palesty\u0144ski naukowiec i lutera\u0144ski duchowny mieszkaj\u0105cy w Betlejem,\u00a0<a style=\"color: #000080;\" href=\"blank\" target=\"_blank\" rel=\"noopener noreferrer\">podkre\u015bla<\/a>\u00a0w swojej ostatniej ksi\u0105\u017cce,\u00a0<i>The Politics of Persecution<\/i>\u00a0, \u017ce jakiekolwiek prze\u015bladowania, jakich mog\u0105 do\u015bwiadczy\u0107 chrze\u015bcijanie na Bliskim Wschodzie, nie maj\u0105 nic wsp\u00f3lnego z islamem, a wszystko z dzia\u0142aniami Zachodu lub Izraela. Pr\u00f3buj\u0105c zrzuci\u0107 win\u0119 na wszystko inne, oferuje nawet rozdzia\u0142 w swojej ksi\u0105\u017cce o &#8220;zmianach klimatu [kt\u00f3re] odbij\u0105 si\u0119 na spo\u0142eczno\u015bci chrze\u015bcija\u0144skiej&#8221;.<\/span><\/p>\n<p style=\"text-align: left;\"><span style=\"color: #000080;\">Wreszcie, Autonomia Palesty\u0144ska nie tylko t\u0142umi wiadomo\u015bci o prze\u015bladowaniach chrze\u015bcijan; aktywnie reklamuje fa\u0142szywy obraz. Pomimo szybko malej\u0105cej liczby chrze\u015bcijan w Betlejem, &#8220;Fakt, \u017ce AP nadal upewnia si\u0119, \u017ce w Betlejem jest chrze\u015bcija\u0144ski burmistrz, jest tylko dekoracj\u0105&#8221;,\u00a0<a style=\"color: #000080;\" href=\"blank\" target=\"_blank\" rel=\"noopener noreferrer\">wed\u0142ug<\/a>\u00a0rabina Wolickiego.<\/span><\/p>\n<blockquote>\n<p style=\"text-align: left;\"><strong>&#8220;To przedstawienie, kt\u00f3re ma przekona\u0107 \u015bwiat, \u017ce Betlejem, miejsce narodzin chrze\u015bcija\u0144stwa, jest nadal miastem chrze\u015bcija\u0144skim. Nie jest chrze\u015bcija\u0144skie. Jest muzu\u0142ma\u0144skie pod ka\u017cdym wzgl\u0119dem&#8221;.<\/strong><\/p>\n<\/blockquote>\n<p style=\"text-align: left;\"><span style=\"color: #000080;\">W te \u015awi\u0119ta Bo\u017cego Narodzenia wa\u017cne jest pami\u0119tanie, \u017ce z powodu trwaj\u0105cych, ale wyciszonych prze\u015bladowa\u0144, chrze\u015bcija\u0144stwo jest bliskie\u00a0<a style=\"color: #000080;\" href=\"blank\" target=\"_blank\" rel=\"noopener noreferrer\">zaniku<\/a>\u00a0w miejscu swoich narodzin \u2013\u00a0<a style=\"color: #000080;\" href=\"blank\" target=\"_blank\" rel=\"noopener noreferrer\">Betlejem<\/a>, miejscu Narodzenia Pa\u0144skiego. To cisza nadaje \u015bwi\u0105tecznej piosence &#8220;<i>Stille Nacht<\/i>!&#8221; z\u0142owrogie znaczenie. &#8220;Prze\u015bladowania &#8211; stwierdza najnowszy\u00a0<a style=\"color: #000080;\" href=\"blank\" target=\"_blank\" rel=\"noopener noreferrer\">raport<\/a>\u00a0&#8211; zagra\u017caj\u0105 istnieniu najstarszej wsp\u00f3lnoty chrze\u015bcija\u0144skiej na \u015bwiecie&#8221;.<\/span><\/p>\n<hr style=\"height: 15px; background: #d0e6fa; width: 100%;\" \/>\n<div id=\"content\" class=\"content-alignment\">\n<div id=\"watch-description\" class=\"yt-uix-button-panel\">\n<div id=\"watch-description-text\" style=\"text-align: center;\">\n<p><em>Zawarto\u015b\u0107 publikowanych artyku\u0142\u00f3w i materia\u0142\u00f3w nie reprezentuje pogl\u0105d\u00f3w ani opinii Reunion&#8217;68,<\/em><em><br \/>\nani te\u017c webmastera Blogu Reunion&#8217;68, chyba ze jest to wyra\u017anie zaznaczone.<br \/>\nTwoje uwagi, linki, w\u0142asne artyku\u0142y lub wiadomo\u015bci prze\u015blij na adres:<br \/>\n<\/em><span style=\"color: #000080;\"><strong><em><a style=\"color: #000080;\" href=\"mailto:webmaster@reunion68.com\"><span style=\"text-decoration: underline;\">webmaster@reunion68.com<\/span><\/a><\/em><\/strong><\/span><\/p>\n<\/div>\n<\/div>\n<\/div>\n<hr style=\"width: 100%;\" \/>\n","protected":false},"excerpt":{"rendered":"<p>Dlaczego prze\u015bladowania chrze\u015bcijan w Betlejem i innych obszarach kontrolowanych przez Autonomi\u0119 Palesty\u0144sk\u0105 s\u0105 tak rzadko relacjonowane lub niedostatecznie nag\u0142a\u015bniane? &#8220;Ataki muzu\u0142man\u00f3w na chrze\u015bcijan s\u0105 cz\u0119sto ignorowane przez spo\u0142eczno\u015b\u0107 mi\u0119dzynarodow\u0105 i media, kt\u00f3re wydaj\u0105 si\u0119 zabiera\u0107 g\u0142os tylko wtedy, gdy mog\u0105 znale\u017a\u0107 spos\u00f3b, aby obwinia\u0107 Izrael&#8221; \u2013 twierdzi dziennikarz Khaled Abu Toameh. Na zdj\u0119ciu: Bazylika Narodzenia [&hellip;]<\/p>\n","protected":false},"author":1,"featured_media":0,"comment_status":"closed","ping_status":"closed","sticky":false,"template":"","format":"standard","meta":[],"categories":[6],"tags":[26,24],"_links":{"self":[{"href":"https:\/\/www.reunion68.se\/index.php?rest_route=\/wp\/v2\/posts\/101035"}],"collection":[{"href":"https:\/\/www.reunion68.se\/index.php?rest_route=\/wp\/v2\/posts"}],"about":[{"href":"https:\/\/www.reunion68.se\/index.php?rest_route=\/wp\/v2\/types\/post"}],"author":[{"embeddable":true,"href":"https:\/\/www.reunion68.se\/index.php?rest_route=\/wp\/v2\/users\/1"}],"replies":[{"embeddable":true,"href":"https:\/\/www.reunion68.se\/index.php?rest_route=%2Fwp%2Fv2%2Fcomments&post=101035"}],"version-history":[{"count":8,"href":"https:\/\/www.reunion68.se\/index.php?rest_route=\/wp\/v2\/posts\/101035\/revisions"}],"predecessor-version":[{"id":101047,"href":"https:\/\/www.reunion68.se\/index.php?rest_route=\/wp\/v2\/posts\/101035\/revisions\/101047"}],"wp:attachment":[{"href":"https:\/\/www.reunion68.se\/index.php?rest_route=%2Fwp%2Fv2%2Fmedia&parent=101035"}],"wp:term":[{"taxonomy":"category","embeddable":true,"href":"https:\/\/www.reunion68.se\/index.php?rest_route=%2Fwp%2Fv2%2Fcategories&post=101035"},{"taxonomy":"post_tag","embeddable":true,"href":"https:\/\/www.reunion68.se\/index.php?rest_route=%2Fwp%2Fv2%2Ftags&post=101035"}],"curies":[{"name":"wp","href":"https:\/\/api.w.org\/{rel}","templated":true}]}}