{"id":101157,"date":"2023-01-08T17:09:53","date_gmt":"2023-01-08T15:09:53","guid":{"rendered":"http:\/\/www.reunion68.se\/?p=101157"},"modified":"2023-01-08T16:50:38","modified_gmt":"2023-01-08T14:50:38","slug":"14-09-77","status":"publish","type":"post","link":"https:\/\/www.reunion68.se\/?p=101157","title":{"rendered":"Antysemityzm ludzi \u0142agodnych i dobrych \u2013 raz jeszcze"},"content":{"rendered":"<p><img decoding=\"async\" src=\"https:\/\/studioopinii.pl\/wp-content\/uploads\/2023\/01\/597025.jpg\" width=\"100%\" \/><\/p>\n<hr \/>\n<h5 style=\"text-align: center;\"><a href=\"\/\/studioopinii.pl\/\" target=\"_blank\" rel=\"noopener noreferrer\"><img decoding=\"async\" class=\"center alignleft\" src=\"http:\/\/www.reunion68.com\/Biuletyn\/img\/studio.png\" alt=\"\" width=\"35%\" \/><\/a><span style=\"text-decoration: underline; color: #000080;\"><strong><a style=\"color: #000080; text-decoration: underline;\" href=\"https:\/\/studioopinii.pl\/archiwa\/230066\" target=\"_blank\" rel=\"noopener noreferrer\">Antysemityzm ludzi \u0142agodnych i dobrych \u2013 raz jeszcze<\/a><\/strong><\/span><\/h5>\n<p style=\"text-align: center;\"><span style=\"color: #000000;\"><strong>Andrzej Koraszewski<\/strong><\/span><\/p>\n<hr style=\"height: 15px; background: #d0e6fa; width: 100%;\" \/>\n<p style=\"text-align: right;\"><span style=\"color: #808080;\"><em>Aida, Betlejem. Foto. Dorota Grabek.<\/em><\/span><br \/>\n<img decoding=\"async\" class=\"alignright\" src=\"http:\/\/www.listyznaszegosadu.pl\/upload\/article\/bild\/7527\/974351\/2IMG_1167_-1-1-1-1408x1000_s.jpg\" width=\"50%\" \/><\/p>\n<p style=\"text-align: left;\"><strong>Sze\u015b\u0107dziesi\u0105t dwa lata temu \u00f3wczesny redaktor naczelny \u201eWi\u0119zi\u201d, Tadeusz Mazowiecki wyg\u0142osi\u0142 w warszawskim Klubie Inteligencji Katolickiej wyk\u0142ad pod tytu\u0142em \u201dAntysemityzm ludzi \u0142agodnych i dobrych\u201d. Tekst tego wyk\u0142adu nale\u017cy do kanonu lektur tych Polak\u00f3w, kt\u00f3rych interesuje i przera\u017ca zjawisko antysemityzmu. Mazowiecki pisa\u0142 w nim mi\u0119dzy innymi, \u017ce \u201eMi\u0119dzynarodowy zasi\u0119g antysemityzmu \u015bwiadczy o tym, \u017ce odbiega on swoim charakterem od zwyk\u0142ych konflikt\u00f3w narodowo\u015bciowych.\u201d <a class=\"extlink https\" href=\"https:\/\/wiez.pl\/2018\/02\/04\/tadeusz-mazowiecki-antysemityzm-ludzi-lagodnych-i-dobrych\/\">Przypominaj\u0105c<\/a>\u00a0ten wyk\u0142ad w\u00a0lutym 2018 roku kwartalnik \u201eWi\u0119\u017a\u201d wybija ten cytat (obok kilku innych) z\u00a0pro\u015bb\u0105 o\u00a0udost\u0119pnianie, wi\u0119c\u00a0udost\u0119pniam.<\/strong><\/p>\n<p style=\"text-align: left;\"><span style=\"color: #000080;\">Obecny redaktor naczelny \u201eWi\u0119zi\u201d, Zbigniew Nosowski, nie\u00a0m\u00f3g\u0142 by\u0107 obecny na\u00a0tym wyk\u0142adzie z\u00a0przyczyn naturalnych, urodzi\u0142 si\u0119 w\u00a0rok p\u00f3\u017aniej. Wyk\u0142ad Mazowieckiego zaczyna\u0142 si\u0119 od\u00a0s\u0142\u00f3w:<\/span><\/p>\n<blockquote class=\"wp-block-quote\"><p><strong>Antysemit\u00f3w w\u015br\u00f3d nas nie\u00a0ma. Nikt, poza jednym czy\u00a0drugim fanatykiem, do\u00a0takiej nazwy dzi\u015b si\u0119 nie\u00a0przyzna. Zawsze zreszt\u0105 ludzie \u0142agodni i\u00a0dobrzy m\u00f3wili: \u201eAntysemit\u0105, to\u00a0ja\u00a0nie\u00a0jestem, pot\u0119piam tego rodzaju postaw\u0119,\u2026 ale\u00a0ci\u00a0\u017bydzi\u201d.<\/strong><\/p><\/blockquote>\n<p style=\"text-align: left;\"><span style=\"color: #000080;\">Czytaj\u0105c 31 grudnia w\u00a0\u201eWi\u0119zi\u201d\u00a0<a class=\"extlink https\" style=\"color: #000080;\" href=\"https:\/\/wiez.pl\/2022\/12\/23\/a-dzisiaj-w-betlejem-mur-skazenie-i-dzieci-ktorym-odebrano-bezpieczenstwo\/\">niby reporta\u017c<\/a>\u00a0pani Doroty Grabek, mia\u0142em wra\u017cenie, \u017ce\u00a0czytam ilustracj\u0119 do\u00a0wyk\u0142adu Tadeusza Mazowieckiego. Reporter to\u00a0cz\u0142owiek, kt\u00f3ry\u00a0d\u0142ugo przygotowuje si\u0119 do\u00a0wyjazdu w\u00a0teren, a\u00a0potem rozmawiaj\u0105c z\u00a0lud\u017ami jest \u015bwiadomy kontekstu tego, co\u00a0m\u00f3wi\u0105 i\u00a0dlaczego to\u00a0m\u00f3wi\u0105. Pani Dorota Grabek nie\u00a0jest dziennikark\u0105, jest bohemistk\u0105 \u201ewsp\u00f3\u0142czuj\u0105c\u0105 Palesty\u0144czykom\u201d, jak irlandzka neonazistka wsp\u00f3\u0142czuj\u0105ca s\u0142owia\u0144skim dziewcz\u0119tom porywanym przez\u00a0Izraelczyk\u00f3w na\u00a0seksualne niewolnice.<\/span><\/p>\n<div class=\"wp-block-image\">\n<figure class=\"alignleft\"><img decoding=\"async\" src=\"http:\/\/www.listyznaszegosadu.pl\/upload\/article\/bild\/8453\/974353\/celtic-clan-768x220_s.jpg\" alt=\"[The Celtic ClanCzy s\u0105dzisz, \u017ce syjo-chrze\u015bcijanie kiedykolwiek zrobiliby cokolwiek, by pom\u00f3c tym biednym s\u0142owia\u0144skim dziewczynom sprzedawanym w seksualn\u0105 niewol\u0119 do Izraela?]\" data-hasqtip=\"2\" aria-describedby=\"qtip-2\" \/><figcaption class=\"wp-element-caption\">[The Celtic Clan<\/figcaption><\/figure>\n<\/div>\n<p style=\"text-align: left;\"><span style=\"color: #000080;\">Czy\u00a0s\u0105dzisz, \u017ce\u00a0syjo-chrze\u015bcijanie kiedykolwiek zrobiliby cokolwiek, by\u00a0pom\u00f3c tym biednym s\u0142owia\u0144skim dziewczynom sprzedawanym w\u00a0seksualn\u0105 niewol\u0119 do\u00a0Izraela?]<\/span><\/p>\n<p style=\"text-align: left;\"><span style=\"color: #000080;\">Dlaczego ten \u201ereporta\u017c\u201d Doroty Grabek w\u00a0\u017caden spos\u00f3b nie\u00a0zdziwi\u0142by mnie na\u00a0\u0142amach \u201eGazety Wyborczej\u201d, a\u00a0zabola\u0142 tak\u00a0bardzo na\u00a0\u0142amach \u201eWi\u0119zi\u201d? Mo\u017ce dlatego, \u017ce\u00a0Tadeusz Mazowiecki by\u0142 syjo-chrze\u015bcijaninem, a\u00a0ja\u00a0jestem syjo-ateist\u0105. Zdumiony pojawieniem si\u0119 tego tekstu na\u00a0tych \u0142amach pierwszego stycznia wys\u0142a\u0142em poni\u017cszy list do\u00a0redaktora Nosowskiego:<\/span><\/p>\n<blockquote class=\"wp-block-quote\"><p><strong>Szanowny Panie Redaktorze,<\/strong><\/p>\n<p><strong>Czy\u00a0trzeba by\u0107 specjalist\u0105 w\u00a0dziedzinie historii nowo\u017cytnej Bliskiego Wschodu, \u017ceby\u00a0dostrzec, i\u017c\u00a0opublikowany przez\u00a0Pana tekst pani Doroty Grabek jest nie\u00a0tylko\u00a0w\u015bciek\u0142\u0105 antysemick\u0105 propagand\u0105, ale\u00a0r\u00f3wnie\u017c wielkim k\u0142amstwem o\u00a0Palesty\u0144czykach? Czy\u00a0rzeczywi\u015bcie tak\u00a0trudno dostrzec, \u017ce\u00a0w\u00a0tym tek\u015bcie nie\u00a0ma\u00a0ani jednego prawdziwego zdania? Czy\u00a0chrze\u015bcija\u0144ska mi\u0142o\u015b\u0107 musi by\u0107 teraz oparta na\u00a0mi\u0142o\u015bci do\u00a0pomordowanych \u017byd\u00f3w i\u00a0do\u00a0wszystkich, kt\u00f3rzy\u00a0zajmuj\u0105 si\u0119 zabijaniem jeszcze \u017cywych?<\/strong><\/p>\n<p><strong>Z\u00a0okazji Bo\u017cego Narodzenia opublikowa\u0142 Pan tekst o\u00a0dzisiejszym Betlejem, w\u00a0kt\u00f3rym\u00a0nie\u00a0ma\u00a0ani jednego zdania o\u00a0palesty\u0144skim terrorze, w\u00a0kt\u00f3rym\u00a0nie\u00a0ma\u00a0ani jednego zdania o\u00a0<a class=\"extlink\" href=\"http:\/\/www.listyznaszegosadu.pl\/notatki\/smiec-chrzescijanstwa-w-betlejem\">sytuacji<\/a>\u00a0(g\u0142\u00f3wnie arabskich) chrze\u015bcijan w\u00a0dzisiejszym Betlejem, w\u00a0kt\u00f3rym\u00a0nie\u00a0ma\u00a0ani jednego zdania o\u00a0palesty\u0144skich rodzicach protestuj\u0105cych przeciw wychowywaniu ich dzieci na\u00a0morderc\u00f3w i\u00a0wci\u0105ganiu ich w\u00a0\u015bwi\u0119t\u0105 wojn\u0119. Czytaj\u0105c ten artyku\u0142 w\u00a0katolickim pi\u015bmie przypomina\u0142em sobie nie\u00a0tylko\u00a0znakomit\u0105 ksi\u0105\u017ck\u0119 Dary Horn\u00a0<em>People love dead Jews<\/em>, ale\u00a0i\u00a0rozmow\u0119 papie\u017ca Piusa X\u00a0z\u00a0Theodorem Herzlem z\u00a01904 roku, w\u00a0kt\u00f3rym\u00a0papie\u017c m\u00f3wi\u0142:<\/strong><\/p>\n<blockquote class=\"wp-block-quote\"><p>\u201eNie mo\u017cemy uzna\u0107 waszego ruchu. Nie\u00a0mo\u017cemy powstrzyma\u0107 \u017byd\u00f3w przed\u00a0wej\u015bciem do\u00a0Jerozolimy \u2013 ale\u00a0nigdy tego nie\u00a0usankcjonujemy. Ziemia Jerozolimy, je\u015bli nie\u00a0by\u0142a zawsze \u015bwi\u0119ta, zosta\u0142a u\u015bwi\u0119cona przez\u00a0\u017cycie Jezusa Chrystusa. Jako g\u0142owa Ko\u015bcio\u0142a nie\u00a0mog\u0119 powiedzie\u0107 ci\u00a0nic innego. \u017bydzi nie\u00a0uznali naszego Pana, dlatego nie\u00a0mo\u017cemy uzna\u0107 \u017cydowskiego narodu.\u201d<\/p>\n<p><strong>Herzl zapyta\u0142 papie\u017ca o\u00a0obecny status Jerozolimy. Na\u00a0co\u00a0papie\u017c odpowiedzia\u0142:<\/strong><\/p>\n<p>\u201eWiem, \u017ce\u00a0nie\u00a0jest mi\u0142e patrzenie na\u00a0to, \u017ce\u00a0Turcy posiadaj\u0105 \u015awi\u0119te Miejsca. Musimy si\u0119 z\u00a0tym po\u00a0prostu pogodzi\u0107. Ale\u00a0poparcie \u017byd\u00f3w by\u00a0weszli w\u00a0posiadanie \u015awi\u0119tych Miejsc, tego nie\u00a0 mo\u017cemy zrobi\u0107\u201d.<\/p><\/blockquote>\n<p><strong>Zatrzymajmy si\u0119 przy kilku stwierdzeniach z\u00a0publikacji w\u00a0katolickiej \u201eWi\u0119zi\u201d z\u00a023 grudnia AD 2022.\u00a0<\/strong><\/p>\n<p><strong>zym t\u0142umaczy Pan swoj\u0105 niezdolno\u015b\u0107 dostrze\u017cenia uderzaj\u0105cych k\u0142amstw w\u00a0tym artykule i\u00a0zakwalifikowanie go\u00a0do\u00a0publikacji?\u00a0\u00a0 \u00a0\u00a0\u00a0\u00a0\u00a0<\/strong><\/p>\n<p><strong>Czy\u00a0naprawd\u0119 ta\u00a0scena wizyty polskiej wolontariuszki w\u00a0sklepiku palesty\u0144skiego artysty niczym Pana\u00a0 nie\u00a0uderzy\u0142a? Tak\u00a0spokojnie uwierzy\u0142 Pan w\u00a0opowie\u015b\u0107 o\u00a0codziennym ostrzeliwaniu palesty\u0144skiego obozu dla uchod\u017ac\u00f3w przez\u00a0\u017byd\u00f3w i\u00a0powieka nie\u00a0drgn\u0119\u0142a Panu, kiedy czyta\u0142 Pan, \u017ce:<\/strong><\/p>\n<blockquote class=\"wp-block-quote\"><p>Kiedy m\u0142odzi izraelscy \u017co\u0142nierze ucz\u0105 si\u0119 strzela\u0107 albo\u00a0kiedy nowy dow\u00f3dca jednostki chce si\u0119 popisa\u0107 \u2013 atakuj\u0105 nas. Izrael m\u00f3wi, \u017ce\u00a0wybudowa\u0142 mur ze\u00a0wzgl\u0119d\u00f3w bezpiecze\u0144stwa. OK, tylko\u00a0po\u00a0co\u00a0ci\u0105gle do\u00a0nas przychodz\u0105? \u2013 pyta mieszkaj\u0105cy w\u00a0obozie Hassan.<\/p><\/blockquote>\n<p><strong>Nic? \u017badnych reakcji, kiedy czyta Pan to\u00a0zdanie ponownie? To\u00a0jest sam pocz\u0105teczek tego artyku\u0142u. Nie\u00a0zadzwoni\u0142y w\u00a0Pana g\u0142owie \u017cadne dzwonki alarmowe, kiedy czyta\u0142 Pan, \u017ce\u00a0palesty\u0144ski artysta \u201ecyzeluje miniaturowe mapy Palestyny i\u00a0klucze \u2013 symbole prawa do\u00a0powrotu palesty\u0144skich uchod\u017ac\u00f3w\u201d? Nie\u00a0zapyta\u0142 Pan jak te\u00a0mapy wygl\u0105daj\u0105, czy\u00a0obejmuj\u0105 ca\u0142y Izrael, i\u00a0czy\u00a0przypadkiem w\u00a0Izraelu nie\u00a0ma\u00a0nieco wi\u0119cej ludzi maj\u0105cych klucze do\u00a0dom\u00f3w, z\u00a0kt\u00f3rych\u00a0zostali wygnani? Nigdy Pan nie\u00a0s\u0142ysza\u0142, \u017ce\u00a0wi\u0119cej \u017byd\u00f3w z\u00a0kraj\u00f3w arabskich zosta\u0142o wygnanych ni\u017c by\u0142o Arab\u00f3w, kt\u00f3rzy\u00a0uciekli ze\u00a0swoich dom\u00f3w na\u00a0terenach obecnego Izraela w\u00a0oczekiwaniu, a\u017c\u00a0armie arabskie oczyszcz\u0105 te\u00a0tereny z\u00a0\u017byd\u00f3w? (W\u0142a\u015bnie wysz\u0142a ksi\u0105\u017cka dziesi\u0119ciu historyk\u00f3w pod\u00a0redakcj\u0105 francuskiego socjologa Shmuela Trigano,\u00a0<em><a href=\"about:blank\">La\u00a0fin du Juda\u00efsme en\u00a0terres d\u2019Islam<\/a><\/em>, kt\u00f3ra\u00a0opowiada r\u00f3wnie\u017c o\u00a0kluczach, mo\u017ce mniej sentymentalnie, a\u00a0bardziej rzeczowo.)\u00a0\u00a0\u00a0\u00a0<\/strong><\/p>\n<p><strong>Czy\u00a0w\u00a0Pana g\u0142owie naprawd\u0119 nie\u00a0odezwa\u0142 si\u0119 \u017caden dzwonek alarmowy, kiedy czyta\u0142 Pan nast\u0119puj\u0105ce zdanie: \u201e\u017bo\u0142nierze przychodz\u0105 codziennie \u2013 Abdul zamy\u015bla si\u0119 na\u00a0chwil\u0119. \u2013 Oczywi\u015bcie nie\u00a0zawsze, s\u0105\u00a0okresy, \u017ce\u00a0przez\u00a0tydzie\u0144 jest spok\u00f3j, a\u00a0potem znowu wracaj\u0105 dzie\u0144 po\u00a0dniu. To\u00a0odpowiedzialno\u015b\u0107 zbiorowa, chc\u0105 nas ukara\u0107 nawet za\u00a0to, \u017ce\u00a0protesty wybuchaj\u0105 w\u00a0innych miastach, jak ostatnio w\u00a0D\u017ceninie i\u00a0Nablusie\u201d. Nie\u00a0mia\u0142 Pan ochoty niczego sprawdzi\u0107? Wszystko zgadza\u0142o si\u0119 z\u00a0tym, w\u00a0co\u00a0Pan chce wierzy\u0107?<\/strong><\/p>\n<p><strong>Szanowny Panie Redaktorze,<\/strong><\/p>\n<p><strong>\u201eWi\u0119\u017a\u201d jest oaz\u0105 polskiego o\u015bwieconego katolicyzmu, jest jak latarnia morska ostrzegaj\u0105ca przed\u00a0rafami fanatycznej wiary, widok tego tekstu na\u00a0tych \u0142amach jest szczeg\u00f3lnie niepokoj\u0105cy.<\/strong><\/p>\n<p><strong>Oto mamy ob\u00f3z dla uchod\u017ac\u00f3w na\u00a0terenach b\u0119d\u0105cych pod\u00a0wy\u0142\u0105czn\u0105 kontrol\u0105 w\u0142adz palesty\u0144skich. Czy\u00a0zastanawia\u0142 si\u0119 Pan dlaczego potomkowie uciekinier\u00f3w od\u00a0wojny sprzed 75 lat s\u0105\u00a0trzymani jak zwierz\u0119ta w\u00a0obozach dla uchod\u017ac\u00f3w przez\u00a0swoje w\u0142asne w\u0142adze narodowe? Nie\u00a0wiem, czy\u00a0Pan o\u00a0tym s\u0142ysza\u0142, ale\u00a0po\u00a0wojnie sze\u015bciodniowej izraelskie w\u0142adze chcia\u0142y natychmiast zlikwidowa\u0107 palesty\u0144skie obozy dla uchod\u017ac\u00f3w i\u00a0zapewni\u0107 ich mieszka\u0144com trwa\u0142e osiedlenie. Autorka artyku\u0142u by\u0107 mo\u017ce o\u00a0tym wie, ale\u00a0\u015bwiadomie woli, \u017ceby\u00a0o\u00a0tym nie\u00a0wspominano. Wtedy zaprotestowa\u0142y kraje arabskie i\u00a0z\u00a0pomoc\u0105 Organizacji Narod\u00f3w Zjednoczonych powstrzyma\u0142y pr\u00f3by zako\u0144czenia koszmarnej tymczasowo\u015bci uchod\u017ac\u00f3w, kt\u00f3rzy\u00a0ju\u017c dawno nie\u00a0byli uchod\u017acami. Pan jednak, bez\u00a0mrugni\u0119cia oka, czyta o\u00a0strasznej winie \u017byd\u00f3w za\u00a0los, jaki Arabowie stworzyli swoim arabskim braciom, \u017ceby\u00a0na\u00a0zawsze pozostali psami wojny.<\/strong><\/p>\n<p><strong>Czytam ten tekst na\u00a0\u0142amach redagowanego przez\u00a0Pana pisma i\u00a0zastanawiam si\u0119, co\u00a0wyznacza t\u0119\u00a0optyk\u0119? Czy\u00a0nazwanie Mahmouda Abbasa przez\u00a0papie\u017ca Franciszka \u201eanio\u0142em pokoju\u201d, czy\u00a0mo\u017ce setki rezolucji Organizacji Narod\u00f3w Zjednoczonych pot\u0119piaj\u0105cych Izrael, uchwalanych zawsze demokratycznie g\u0142osem przyt\u0142aczaj\u0105cej wi\u0119kszo\u015bci, gdzie podczas g\u0142osowania przedstawiciel Polski g\u0142osuje nieodmiennie rami\u0119 w\u00a0rami\u0119 z\u00a0Rosj\u0105, Chinami, Iranem, Kub\u0105 i\u00a0innymi dyktaturami? A\u00a0mo\u017ce autorytet Amnesty International lub Human Rights Watch? Tak, przyznaj\u0119, opowie\u015bci pani Doroty Grabek maj\u0105 mocne wsparcie. Antysemityzm jest \u015bwiatowym dziedzictwem pod\u00a0os\u0142on\u0105 UNESCO i\u00a0innych agend.<\/strong><\/p>\n<p><strong>A\u00a0jednak by\u0107 mo\u017ce warto czasem zainteresowa\u0107 si\u0119, co\u00a0m\u00f3wi\u0105 palesty\u0144scy dysydenci, ci\u00a0Palesty\u0144czycy, kt\u00f3rzy\u00a0mimo terroru ze\u00a0strony palesty\u0144skich w\u0142adc\u00f3w odwa\u017caj\u0105 si\u0119 m\u00f3wi\u0107.<\/strong><\/p>\n<p><strong>31 grudnia 2022, zaledwie w\u00a0kilka dni po\u00a0publikacji artyku\u0142u pani Grabek, urodzony na\u00a0terenie okupowanego w\u00f3wczas przez\u00a0Jordani\u0119 zachodniego brzegu Jordanu, Khaled Abu Toameh,\u00a0<a class=\"extlink https\" href=\"https:\/\/twitter.com\/KhaledAbuToameh\/status\/1609205287784972288?ref_src=twsrc%5Etfw%7Ctwcamp%5Etweetembed%7Ctwterm%5E1609205287784972288%7Ctwgr%5Eda75eaaa99fc56ef6076e86a9cbe487844074af8%7Ctwcon%5Es1_&amp;ref_url=https%3A%2F%2Felderofziyon.blogspot.com%2F2022%2F12%2F1231-links-where-is-middle-east-heading.html\">donosi\u0142<\/a>\u00a0o\u00a0zaci\u0119tych walkach w\u00a0Betlejem mi\u0119dzy policj\u0105 Autonomii Palesty\u0144skiej a\u00a0boj\u00f3wkarzami tak\u00a0zwanych Brygad M\u0119czennik\u00f3w Al-Aksy (b\u0119d\u0105cych cz\u0119\u015bci\u0105 kierowanego przez\u00a0Abbasa Fatahu). Strzelanina w\u00a0\u015brodku miasta, podpalone samochody, zniszczone sklepy, brak informacji, czy\u00a0byli zabici i\u00a0ranni.<\/strong><\/p>\n<p><strong>Pani Dorota Grabek zobaczy\u0142a w\u00a0Betlejem tylko\u00a0to, co\u00a0chcia\u0142a zobaczy\u0107 i\u00a0us\u0142ysza\u0142a tylko\u00a0to, co\u00a0chcia\u0142a us\u0142ysze\u0107. Nie\u00a0ona jednak zatwierdza\u0142a ten tekst do\u00a0publikacji. To\u00a0redakcja uzna\u0142a dostarczony tekst za\u00a0ca\u0142kowicie wiarogodny i\u00a0odzwierciedlaj\u0105cy rzeczywisto\u015b\u0107. Domy\u015blam si\u0119, \u017ce\u00a0na\u00a0redaktora kwalifikuj\u0105cego ten tekst do\u00a0druku musia\u0142 on\u00a0dzia\u0142a\u0107 jak granat z\u00a0gazem \u0142zawi\u0105cym. Musia\u0142 \u0142ka\u0107 jak b\u00f3br, czytaj\u0105c o\u00a0matkach chowaj\u0105cych niemowl\u0119ta w\u00a0szafach, \u017ceby\u00a0je\u00a0uchroni\u0107 przed\u00a0uduszeniem si\u0119 \u017cydowskim gazem. Czyta zatem redaktor \u201eWi\u0119zi\u201d s\u0142owa nades\u0142anego tekstu i\u00a0oczy zachodz\u0105 mu\/jej \u0142zami:<\/strong><\/p>\n<blockquote class=\"wp-block-quote\"><p>Dzieci ponosz\u0105 najwi\u0119ksze konsekwencje okupacji \u2013 m\u00f3wi Abdelfattah Abusrour, dyrektor centrum m\u0142odzie\u017cowego Ar-Rouad. \u2013 Wiesz, ile dzieci zosta\u0142o zabitych w\u00a0tym roku? Do\u00a0pa\u017adziernika oficjalnie by\u0142o 27 ofiar! \u017bo\u0142nierze oskar\u017caj\u0105 dziesi\u0119ciolatk\u00f3w o\u00a0terroryzm, aresztuj\u0105 za\u00a0rzucanie kamieniami. Wiele z\u00a0nich trafia do\u00a0wi\u0119zie\u0144. Cz\u0119\u015b\u0107 po\u00a0wyj\u015bciu na\u00a0wolno\u015b\u0107 nie\u00a0poradzi sobie z\u00a0traum\u0105 \u2013 one ju\u017c nigdy nie\u00a0wr\u00f3c\u0105 do\u00a0normalnego \u017cycia. To\u00a0nie\u00a0s\u0105\u00a0odosobnione przypadki, tylko\u00a0konsekwentna, realizowana od\u00a0lat polityka. Izrael bierze na\u00a0celownik dzieci, \u017ceby\u00a0z\u0142ama\u0107 je\u00a0psychicznie. Je\u015bli im\u00a0si\u0119 to\u00a0uda, wkr\u00f3tce doro\u015bnie ca\u0142e pokolenie Palesty\u0144czyk\u00f3w o\u00a0zburzonych \u017cyciorysach i, prawdopodobnie, bardziej sk\u0142onnych do\u00a0burzenia \u015bwiata wok\u00f3\u0142 nich.<\/p><\/blockquote>\n<p><strong>Pani Dorota nie\u00a0opowiedzia\u0142a redaktorowi \u201eWi\u0119zi\u201d o\u00a0tym, co\u00a0jest w\u00a0palesty\u0144skich podr\u0119cznikach, ani o\u00a0letnich obozach dla dzieci-\u017co\u0142nierzy, ani o\u00a0kazaniach imam\u00f3w w\u00a0meczetach, ani o\u00a0s\u0142owach matek dumnych z\u00a0powodu \u015bmierci swoich syn\u00f3w,\u00a0 kt\u00f3re\u00a0<a class=\"extlink https\" href=\"https:\/\/www.youtube.com\/watch?v=L68wPPQAJzI&amp;t=35s&amp;fbclid=IwAR1O_qMj68N1X9vdscGNSJOJoUjf7_Tfb8k0zao2SD7-ybXfakLyL_0biG0\" target=\"_blank\" rel=\"noreferrer noopener\">m\u00f3wi\u0105<\/a>: \u201eM\u00f3j syn chcia\u0142 umrze\u0107 jako m\u0119czennik, ci\u0105gle m\u00f3wi\u0142 o\u00a0m\u0119cze\u0144stwie. Na\u00a0dwa dni przed\u00a0\u015bmierci\u0105 nagra\u0142 wideo, on\u00a0i\u00a0jego koledzy, by\u0142 owini\u0119ty w\u00a0[palesty\u0144sk\u0105] flag\u0119 a\u00a0jego koledzy po\u017cegnali go\u201d. Te\u00a0s\u0142owa matki z\u00a0dum\u0105 zmie\u015bci\u0142y palesty\u0144skie media. Szesnastoletni ch\u0142opiec, dziecko z\u00a0kompletnie wypranym m\u00f3zgiem, zgin\u0105\u0142 8 grudnia, rzucaj\u0105c kamieniami w\u00a0przeje\u017cd\u017caj\u0105ce izraelskie samochody. Te\u00a0kamienie powoduj\u0105 czasem \u015bmier\u0107 podr\u00f3\u017cnych, czasem \u015bmier\u0107 dzieci wysy\u0142anych do\u00a0walki przez\u00a0rodzic\u00f3w, nauczycieli i\u00a0kap\u0142an\u00f3w.<\/strong><\/p>\n<p><strong>Pranie m\u00f3zg\u00f3w przyjmuje bardzo r\u00f3\u017cne formy, czasem tak\u00a0niewinne, jak publikacja w\u00a0pi\u015bmie \u015bwiat\u0142ych katolik\u00f3w, czasem jest to\u00a0raport specjalnej komisji Rady Praw Cz\u0142owieka ONZ, czasem raport Amnesty International. Wa\u017cne jest, \u017ceby\u00a0pracowa\u0107 wsp\u00f3lnie i\u00a0nigdy nie\u00a0zadawa\u0107 zb\u0119dnych pyta\u0144. Potrzebna jest silna wiara, \u017ce\u00a0k\u0142amstwa nie\u00a0wymagaj\u0105 \u017cadnych dowod\u00f3w.<\/strong><\/p>\n<p><strong>Szanowny Panie Redaktorze,<\/strong><\/p>\n<p><strong>Ja\u00a0wiem, \u017ce\u00a0to\u00a0bardzo gorzki list, ale\u00a0naprawd\u0119 pora zacz\u0105\u0107 wsp\u00f3\u0142czu\u0107 Palesty\u0144czykom, otworzy\u0107 oczy i\u00a0spr\u00f3bowa\u0107 zobaczy\u0107, kto jest ich najgorszym wrogiem. Chrze\u015bcija\u0144skie mi\u0142osierdzie nie\u00a0musi by\u0107 a\u017c\u00a0tak\u00a0bardzo przywi\u0105zane do\u00a0tradycji, mo\u017ce by\u0107 odrobin\u0119 bardziej \u015bwiat\u0142e, a\u00a0przynajmniej gotowe na\u00a0zadawanie pyta\u0144.<\/strong><\/p>\n<p><strong>Z\u00a0powa\u017caniem<\/strong><\/p>\n<p><strong>Andrzej Koraszewski<\/strong><\/p><\/blockquote>\n<p style=\"text-align: left;\">\n<span style=\"color: #000080;\">Ten list pozosta\u0142 bez\u00a0odpowiedzi, wi\u0119c\u00a0s\u0105dz\u0119, \u017ce\u00a0nale\u017cy go\u00a0upubliczni\u0107, tym bardziej \u017ce\u00a0redakcja \u00a0\u201eWi\u0119zi\u201d postanowi\u0142a wzmocni\u0107 t\u0119\u00a0publikacj\u0119 rozmow\u0105 z\u00a0autork\u0105 tego \u201ereporta\u017cu\u201d podkastem pod\u00a0\u00a0pi\u0119knym, kojarz\u0105cym si\u0119 z\u00a0popularn\u0105 kol\u0119d\u0105 tytu\u0142em \u201eDzisiaj w\u00a0Betlejem\u201d.<\/span><\/p>\n<p><span style=\"color: #000080;\">Prowadz\u0105cy wywiad redaktor Bartosik jest ca\u0142y zachwycony chrze\u015bcija\u0144skim mi\u0142osierdziem pani Doroty Grabek. Do\u00a0g\u0142owy mu\u00a0nawet nie\u00a0przychodzi, \u017ce\u00a0ktokolwiek m\u00f3g\u0142by ten prosty przekaz palesty\u0144skiej narracji nazwa\u0107 antysemityzmem. Prowadz\u0105cy wywiad nawet zainteresowa\u0142 si\u0119 dlaczego ci\u00a0ludzie, potomkowie uciekinier\u00f3w od\u00a0wojny w\u00a01948 roku, nadal mieszkaj\u0105 w\u00a0obozach dla uchod\u017ac\u00f3w. Pani Grabek poinformowa\u0142a rozm\u00f3wc\u0119 i\u00a0s\u0142uchaczy, \u017ce\u00a0to\u00a0ich decyzja, \u017ce\u00a0nie\u00a0chc\u0105 rezygnowa\u0107 z\u00a0\u201eprawa powrotu\u201d.<\/span><\/p>\n<p style=\"text-align: left;\">\n<span style=\"color: #000080;\">W\u00a0takich sytuacjach zawsze pojawia si\u0119 pytanie, czy\u00a0cz\u0142owiek przekazuj\u0105cy takie opinie jest tylko\u00a0naiwny, czy\u00a0jest cyniczny? Nigdy nie\u00a0mamy tu\u00a0pewno\u015bci, jeste\u015bmy sk\u0142onni do\u00a0uznania, \u017ce\u00a0mamy do\u00a0czynienia z\u00a0antysemityzmem ludzi \u0142agodnych i\u00a0dobrych. W\u0105tpliwo\u015bci pojawiaj\u0105 si\u0119, kiedy widzimy\u00a0<a class=\"extlink https\" style=\"color: #000080;\" href=\"https:\/\/twitter.com\/AdamAlbilya\/status\/1609387213460213763?ref_src=twsrc%5Etfw%7Ctwcamp%5Etweetembed%7Ctwterm%5E1609514765046390784%7Ctwgr%5Ed6f9b4fb1583f66858a15d38e76e73ec7f7b056a%7Ctwcon%5Es2_&amp;ref_url=https%3A%2F%2Felderofziyon.blogspot.com%2F2023%2F01%2F0102-links-pt2-new-york-times-in-bibi.html&amp;fbclid=IwAR0-OBQikKmrygRI_roG-FJQyepAyVRCw2JBK7pDHo5FhxZYHOxUzGb8EJ8\">nagrany telefonem film<\/a>, na\u00a0kt\u00f3rym\u00a0palesty\u0144skie dzieci, rzucaj\u0105 kamieniami\u2026 w\u00a0kierunku t\u0142umu zapraszaj\u0105cych ich do\u00a0tego zachodnich dziennikarzy. \u00a0\u00a0<\/span><\/p>\n<div class=\"wp-block-image\">\n<figure class=\"alignright\"><img decoding=\"async\" src=\"http:\/\/www.listyznaszegosadu.pl\/upload\/article\/bild\/8274\/974355\/_00aa_2d___3a1__s.png\" alt=\"\" \/><\/figure>\n<\/div>\n<p style=\"text-align: left;\"><span style=\"color: #000080;\">Nietrudno tu\u00a0o\u00a0werdykt, \u017ce\u00a0mamy do\u00a0czynienia z\u00a0cynicznymi antysemitami. Poniewa\u017c nie\u00a0jest to\u00a0odosobniony przypadek, ameryka\u0144ski historyk Richard Landes nazwa\u0142 ten proceder \u201ePallywood\u201d. Nie\u00a0s\u0105\u00a0to\u00a0niewinne zabawy \u201ereporter\u00f3w\u201d. Najs\u0142ynniejszy \u201ereporta\u017c\u201d o\u00a0ch\u0142opcu Al\u00a0Dura tak\u00a0skutecznie nakr\u0119ci\u0142 nienawi\u015b\u0107, \u017ce\u00a0kosztowa\u0142 setki ludzkich istnie\u0144. Nie\u00a0wiemy i\u00a0nie\u00a0mo\u017cemy wiedzie\u0107, czy\u00a0Dorota Grabek jest tylko\u00a0m\u0142od\u0105, naiwn\u0105 i, jak Adam Michnik, \u017ale poinformowan\u0105 kobiet\u0105, czy\u00a0te\u017c przygotowuje swoje \u201ereporta\u017ce\u201d tak\u00a0jak ci\u00a0dziennikarze na\u00a0zdj\u0119ciu powy\u017cej.<\/span><\/p>\n<p style=\"text-align: left;\">\n<span style=\"color: #000080;\">Jej w\u0142asnor\u0119czna fotografia tak\u00a0op\u0142akiwanego\u00a0 przez\u00a0ni\u0105 muru bezpiecze\u0144stwa jest wiele m\u00f3wi\u0105ca.<\/span><\/p>\n<p style=\"text-align: left;\">\n<span style=\"color: #000080;\">Ten powoduj\u0105cy straszliw\u0105 traum\u0119 mur po\u00a0palesty\u0144skiej stronie ma\u00a0bardzo wiele graffiti, mo\u017cna go\u00a0wr\u0119cz nazwa\u0107 galeri\u0105 sztuki. Pani\u0105 Dorot\u0119 Grabek zachwyci\u0142o malowid\u0142o palesty\u0144skich nastolatk\u00f3w pr\u00f3buj\u0105cych z\u00a0procy zabi\u0107 sobie jakiego\u015b \u017byda. Jest dobr\u0105 chrze\u015bcijank\u0105, wi\u0119c\u00a0zapewne ten obraz skojarzy\u0142 jej si\u0119 z\u00a0walk\u0105 ma\u0142ego Dawida z\u00a0Goliatem. Ja\u00a0mam skojarzenia z\u00a0rodzinn\u0105 opowie\u015bci\u0105 z\u00a01920 roku, kiedy brat mojej\u00a0matki, Zbigniew Jasi\u0144ski, jako dwunastoletni ch\u0142opiec wraz z\u00a0innymi ma\u0142ymi harcerzami zosta\u0142 przez\u00a0zast\u0119powego zabrany do\u00a0dzielnicy \u017cydowskiej, \u017ceby\u00a0harcerze po\u0107wiczyli troch\u0119 rzucanie\u00a0 kamieniami w\u00a0okna \u017cydowskich dom\u00f3w. Pozna\u0144scy \u017bydzi byli bezbronni, izraelscy \u017bydzi uzurpowali sobie prawo obrony swojego \u017cycia, co\u00a0dla wielu jest r\u00f3wnoznaczne z\u00a0\u0142amaniem praw cz\u0142owieka. Dlatego te\u017c wielu postanowi\u0142o, \u017ce\u00a0ch\u0142opiec Al\u00a0Dura (kt\u00f3rego\u00a0m\u0119cze\u0144ska \u015bmier\u0107 zosta\u0142a stworzona przez\u00a0nieuczciwych dziennikarzy), wymazuje obraz \u017cydowskiego ch\u0142opca z\u00a0warszawskiego getta.<\/span><\/p>\n<div class=\"wp-block-image\">\n<figure class=\"alignleft\"><img decoding=\"async\" src=\"http:\/\/www.listyznaszegosadu.pl\/upload\/article\/bild\/2027\/974357\/_00aa_2d___3a__s.png\" alt=\"\" \/><\/figure>\n<\/div>\n<p style=\"text-align: left;\"><span style=\"color: #000080;\">20 grudnia 2022 w\u00a0izraelskim wi\u0119zieniu zmar\u0142 na\u00a0raka Nasser Abu Hamid. Zmar\u0142y by\u0142 skazany na\u00a0do\u017cywocie poniewa\u017c by\u0142 zamieszany w\u00a0zamordowanie siedmiu Izraelczyk\u00f3w oraz\u00a0pi\u0119ciu Arab\u00f3w. Po\u00a0raz pierwszy by\u0142 aresztowany w\u00a0wieku 11 lat, w\u00a0wieku 15 lat zosta\u0142 skazany na\u00a0dwa i\u00a0p\u00f3\u0142 roku wi\u0119zienia za\u00a0udzia\u0142 w\u00a0aktach terrorystycznych, zwolniony przed\u00a0ko\u0144cem wyroku w\u00a0wieku 17 lat, natychmiast powr\u00f3ci\u0142 do\u00a0terroryzmu i\u00a0zamordowa\u0142 5 Arab\u00f3w oskar\u017canych o\u00a0kolaboracj\u0119. Ponownie przedwcze\u015bnie zwolniony powr\u00f3ci\u0142 do\u00a0terroru.<\/span><\/p>\n<p style=\"text-align: left;\">\n<span style=\"color: #000080;\">Teraz po\u00a0jego \u015bmierci w\u00a0wi\u0119zieniu, \u201eprezydent\u201d Autonomii Palesty\u0144skiej Mahmoud Abbas og\u0142osi\u0142 go\u00a0natychmiast bohaterem narodowym i\u00a0m\u0119czennikiem islamu. Ile czasu b\u0119dziemy czeka\u0107 zanim w\u00a0podr\u0119cznikach dla palesty\u0144skich dzieci pojawi si\u0119 kolejny wz\u00f3r osobowy? Czy\u00a0jego podobizna jest ju\u017c w\u00a0galerii sztuki na\u00a0przera\u017caj\u0105cym pani\u0105 Dorot\u0119 murze?<\/span><\/p>\n<p style=\"text-align: left;\"><span style=\"color: #000080;\"><strong>Po raz kolejny w \u017cyciu powracam do lektury wyk\u0142adu Tadeusza Mazowieckiego, zastanawiam si\u0119, czy mam szanse\u00a0 na przekonanie redaktora Zbigniewa Nosowskiego na przedyskutowanie tego wszystkiego ze swoim zespo\u0142em.<\/strong><\/span><\/p>\n<p style=\"text-align: left;\"><span style=\"color: #000080;\"><span style=\"color: #800000;\"><strong>Wiem ju\u017c, \u017ce\u00a0nigdy nie\u00a0przekonam Adama Michnika i\u00a0\u017ce\u00a0w\u00a0jego gazecie antysemityzm ludzi \u0142agodnych i\u00a0dobrych b\u0119dzie zawsze intensywnie obecny. \u201eWi\u0119\u017a\u201d mo\u017ce jednak wybra\u0107 inn\u0105 drog\u0119.<\/strong><\/span> Mo\u017ce nawet kiedy\u015b poka\u017ce swoim czytelnikom\u00a0<a style=\"color: #000080;\" href=\"https:\/\/studioopinii.pl\/archiwa\/185328\">jak\u0105 rol\u0119<\/a>\u00a0odegra\u0142a i\u00a0nadal odgrywa polityka Watykanu w\u00a0stworzeniu palesty\u0144skim Arabom tego piek\u0142a. To\u00a0jednak by\u0142oby powa\u017cniejsze wyzwanie ni\u017c uporanie si\u0119 z\u00a0paskudnym przypadkiem publikacji \u201ereporta\u017cu\u201d pani Doroty Grabek.\u00a0<\/span><\/p>\n<hr \/>\n<hr style=\"height: 15px; background: #d0e6fa; width: 100%;\" \/>\n<div id=\"content\" class=\"content-alignment\">\n<div id=\"watch-description\" class=\"yt-uix-button-panel\">\n<div id=\"watch-description-text\" style=\"text-align: center;\">\n<p><em>Zawarto\u015b\u0107 publikowanych artyku\u0142\u00f3w i materia\u0142\u00f3w nie reprezentuje pogl\u0105d\u00f3w ani opinii Reunion&#8217;68,<\/em><em><br \/>\nani te\u017c webmastera Blogu Reunion&#8217;68, chyba ze jest to wyra\u017anie zaznaczone.<br \/>\nTwoje uwagi, linki, w\u0142asne artyku\u0142y lub wiadomo\u015bci prze\u015blij na adres:<br \/>\n<\/em><span style=\"color: #000080;\"><strong><em><a style=\"color: #000080;\" href=\"mailto:webmaster@reunion68.com\"><span style=\"text-decoration: underline;\">webmaster@reunion68.com<\/span><\/a><\/em><\/strong><\/span><\/p>\n<\/div>\n<\/div>\n<\/div>\n<hr style=\"width: 100%;\" \/>\n","protected":false},"excerpt":{"rendered":"<p>Antysemityzm ludzi \u0142agodnych i dobrych \u2013 raz jeszcze Andrzej Koraszewski Aida, Betlejem. Foto. Dorota Grabek. Sze\u015b\u0107dziesi\u0105t dwa lata temu \u00f3wczesny redaktor naczelny \u201eWi\u0119zi\u201d, Tadeusz Mazowiecki wyg\u0142osi\u0142 w warszawskim Klubie Inteligencji Katolickiej wyk\u0142ad pod tytu\u0142em \u201dAntysemityzm ludzi \u0142agodnych i dobrych\u201d. Tekst tego wyk\u0142adu nale\u017cy do kanonu lektur tych Polak\u00f3w, kt\u00f3rych interesuje i przera\u017ca zjawisko antysemityzmu. Mazowiecki [&hellip;]<\/p>\n","protected":false},"author":1,"featured_media":0,"comment_status":"closed","ping_status":"closed","sticky":false,"template":"","format":"standard","meta":[],"categories":[6],"tags":[26,24],"_links":{"self":[{"href":"https:\/\/www.reunion68.se\/index.php?rest_route=\/wp\/v2\/posts\/101157"}],"collection":[{"href":"https:\/\/www.reunion68.se\/index.php?rest_route=\/wp\/v2\/posts"}],"about":[{"href":"https:\/\/www.reunion68.se\/index.php?rest_route=\/wp\/v2\/types\/post"}],"author":[{"embeddable":true,"href":"https:\/\/www.reunion68.se\/index.php?rest_route=\/wp\/v2\/users\/1"}],"replies":[{"embeddable":true,"href":"https:\/\/www.reunion68.se\/index.php?rest_route=%2Fwp%2Fv2%2Fcomments&post=101157"}],"version-history":[{"count":6,"href":"https:\/\/www.reunion68.se\/index.php?rest_route=\/wp\/v2\/posts\/101157\/revisions"}],"predecessor-version":[{"id":101167,"href":"https:\/\/www.reunion68.se\/index.php?rest_route=\/wp\/v2\/posts\/101157\/revisions\/101167"}],"wp:attachment":[{"href":"https:\/\/www.reunion68.se\/index.php?rest_route=%2Fwp%2Fv2%2Fmedia&parent=101157"}],"wp:term":[{"taxonomy":"category","embeddable":true,"href":"https:\/\/www.reunion68.se\/index.php?rest_route=%2Fwp%2Fv2%2Fcategories&post=101157"},{"taxonomy":"post_tag","embeddable":true,"href":"https:\/\/www.reunion68.se\/index.php?rest_route=%2Fwp%2Fv2%2Ftags&post=101157"}],"curies":[{"name":"wp","href":"https:\/\/api.w.org\/{rel}","templated":true}]}}