{"id":101179,"date":"2023-01-15T17:05:44","date_gmt":"2023-01-15T15:05:44","guid":{"rendered":"http:\/\/www.reunion68.se\/?p=101179"},"modified":"2023-01-09T11:29:41","modified_gmt":"2023-01-09T09:29:41","slug":"15-09-79","status":"publish","type":"post","link":"https:\/\/www.reunion68.se\/?p=101179","title":{"rendered":"Ksi\u0105\u017cka dr Marii Ferenc \u00abKa\u017cdy pyta, co z nami b\u0119dzie\u00bb wyr\u00f3\u017cniona w konkursie The Yad Vashem International Book Prize for Holocaust Research 2022"},"content":{"rendered":"<p><img decoding=\"async\" src=\"https:\/\/www.jhi.pl\/storage\/image\/core_files\/2021\/1\/4\/dc409bbfd765032572fe7e72e35c47f6\/jpg\/jhi\/header\/JHI_thumbnail_1.webp\" width=\"100%\"><\/p>\n<hr>\n<h5 style=\"text-align: center;\"><a href=\"https:\/\/www.jhi.pl\/\" target=\"_blank\" rel=\"noopener noreferrer\"><img decoding=\"async\" class=\"center alignleft\" src=\"http:\/\/www.reunion68.com\/Biuletyn\/img\/zih-1.png\" alt=\"\" width=\"35%\"><\/a><span style=\"text-decoration: underline; color: #000080;\"><strong><a style=\"color: #000080; text-decoration: underline;\" href=\"https:\/\/www.jhi.pl\/artykuly\/ksiazka-dr-marii-ferenc-kazdy-pyta-co-z-nami-bedzie-wyrozniona-w-konkursie-the-yad-vashem-international-book-prize-for-h,6584\" target=\"_blank\" rel=\"noopener noreferrer\">Ksi\u0105\u017cka dr Marii Ferenc \u00abKa\u017cdy pyta, co z nami b\u0119dzie\u00bb wyr\u00f3\u017cniona w konkursie The Yad Vashem International Book Prize for Holocaust Research 2022<\/a><\/strong><\/span><\/h5>\n<p style=\"text-align: center;\"><span style=\"color: #000000;\"><strong>\u017bydowski Instytut Historyczny<\/strong><\/span><\/p>\n<hr style=\"height: 15px; background: #d0e6fa; width: 100%;\">\n<h4 style=\"text-align: center;\"><span style=\"color: #808080;\"><strong>Z rado\u015bci\u0105 og\u0142aszamy, \u017ce ksi\u0105\u017cka dr Marii Ferenc z Dzia\u0142u Naukowego \u017bIH \u201e\u00abKa\u017cdy pyta, co z nami b\u0119dzie\u00bb. Mieszka\u0144cy getta warszawskiego wobec wiadomo\u015bci o wojnie i Zag\u0142adzie\u201d otrzyma\u0142a wyr\u00f3\u017cnienie w presti\u017cowym konkursie The Yad Vashem International Book Prize for Holocaust Research 2022. Prac\u0119 opublikowa\u0142o Wydawnictwo \u017bIH.<\/strong><\/span><\/h4>\n<p><img decoding=\"async\" class=\"aligncenter\" src=\"https:\/\/www.jhi.pl\/storage\/image\/core_files\/2023\/1\/4\/73dde387c7e01500cffe93d715ea84ac\/png\/jhi\/normal_big\/Projekt%20bez%20tytu%C5%82u.webp\" width=\"100%\"><\/p>\n<p style=\"text-align: left;\"><span style=\"color: #000080;\">The Yad Vashem International Book Prize for Holocaust Research 2022 to nagroda przyznawana od 1988 roku przez Instytut Yad Vashem publikacjom po\u015bwi\u0119conym Zag\u0142adzie w uznaniu ich szczeg\u00f3lnie wysokiego poziomu naukowego. W tym roku pierwsz\u0105 nagrod\u0119 otrzyma\u0142a prof. Rebecca Clifford za ksi\u0105\u017ck\u0119&nbsp;<em>Survivors: Children&#8217;s Lives After the Holocaust<\/em>.<\/span><\/p>\n<p style=\"text-align: left;\"><span style=\"color: #000080;\">Niezmiernie si\u0119 cieszymy i z ca\u0142ego serca gratulujemy dr Marii Ferenc tak zaszczytnego wyr\u00f3\u017cnienia!<\/span><\/p>\n<p style=\"text-align: left;\"><span style=\"color: #000080;\">Warto te\u017c przypomnie\u0107, \u017ce jest to ju\u017c kolejna nagroda, kt\u00f3r\u0105 zosta\u0142a wyr\u00f3\u017cniona ksi\u0105\u017cka&nbsp;<em>\u201eKa\u017cdy pyta, co z nami b\u0119dzie&#8221;. Mieszka\u0144cy getta warszawskiego wobec wiadomo\u015bci o wojnie i Zag\u0142adzie<\/em>. Dr Maria Ferenc otrzyma\u0142a za swoj\u0105 publikacj\u0119 Nagrod\u0119 KLIO, Nagrod\u0119 Historyczn\u0105 \u201ePolityki&#8221; i Nagrod\u0119 im. J\u00f3zefa A. Gierowskiego i Chonego Shmeruka. Z niecierpliwo\u015bci\u0105 czekamy te\u017c na og\u0142oszenie wynik\u00f3w konkursu o Nagrod\u0119 im. Pierwszego Rektora Uniwersytetu \u0141\u00f3dzkiego Prof. Tadeusza Kotarbi\u0144skiego, do kt\u00f3rej Autorka r\u00f3wnie\u017c zosta\u0142a nominowana.<\/span><\/p>\n<p style=\"text-align: left;\"><span style=\"color: #000080;\">Wi\u0119cej informacji o konkursie mo\u017cna znale\u017a\u0107&nbsp;<a style=\"color: #000080;\" href=\"https:\/\/www.yadvashem.org\/research\/fellowships\/book-prize.html\">na stronie Yad Vashem<\/a>.<\/span><\/p>\n<p style=\"text-align: left;\"><span style=\"color: #000080;\">_____<\/span><\/p>\n<p style=\"text-align: left;\"><span style=\"color: #000080;\">Ksi\u0105\u017ck\u0119&nbsp;<em>\u201eKa\u017cdy pyta, co z nami b\u0119dzie&#8221;. Mieszka\u0144cy getta warszawskiego wobec wiadomo\u015bci o wojnie i Zag\u0142adzie<\/em>&nbsp;mo\u017cna kupi\u0107 w stacjonarnej i&nbsp;<a style=\"color: #000080;\" href=\"https:\/\/ksiegarnianatlomackiem.pl\/kazdy-pyta-co-z-nami-bedzie-mieszkancy-getta-w,3,3382,5033\">internetowej Ksi\u0119garni na T\u0142omackiem<\/a>.<\/span><\/p>\n<p style=\"text-align: left;\"><span style=\"color: #000080;\"><em>Niekt\u00f3rym s\u0142owa \u015bwiadk\u00f3w wydawa\u0142y si\u0119 niewiarygodne\u201a bo niepoj\u0119ta by\u0142a sama relacjonowana sytuacja. Wiele os\u00f3b nie by\u0142o w stanie uwierzy\u0107\u201a \u017ce Niemcy w okrutny spos\u00f3b zabijaj\u0105 wszystkich \u017byd\u00f3w\u201a od niemowl\u0119cia do starca. \u201eNikt przecie\u017c nawet nie chcia\u0142 my\u015ble\u0107\u201a \u017ceby kto\u015b m\u00f3g\u0142 tak\u0105 zbrodni\u0119 pope\u0142ni\u0107\u201d\u201a relacjonowa\u0142 m\u0119\u017cczyzna\u201a kt\u00f3ry w getcie pracowa\u0142 jako rikszarz. \u201eNie mo\u017cna by\u0142o w to uwierzy\u0107. [\u2026] Czy gdyby teraz powiedziano\u201a \u017ce wysiedl\u0105 trzysta tysi\u0119cy ludzi i zagazuj\u0105\u201a uwierzy\u0142aby pani? [\u2026] Ja nie wierzy\u0142em\u201d\u201a m\u00f3wi\u0142 po latach W\u0142adys\u0142aw Szpilman.<\/em><\/span><\/p>\n<p style=\"text-align: left;\"><span style=\"color: #000080;\">Fragment ksi\u0105\u017cki<\/span><\/p>\n<p style=\"text-align: left;\">\n<p style=\"text-align: left;\"><span style=\"color: #000080;\">Ile wiedzieli\u201a zamkni\u0119ci w getcie warszawskim\u201a \u017bydzi o tym\u201a co dzieje si\u0119 poza murami? Jakie znaczenie mia\u0142y dla nich informacje o przebiegu wojny? Jak zdobywali wiadomo\u015bci o eksterminacji \u017byd\u00f3w\u201a jakie pog\u0142oski do nich dociera\u0142y i jak na nie reagowali? Kiedy zrozumieli\u201a \u017ce wszyscy \u017bydzi zostali skazani na \u015bmier\u0107?<\/span><\/p>\n<p style=\"text-align: left;\">\n<p style=\"text-align: left;\"><span style=\"color: #000080;\"><strong>dr Maria Ferenc&nbsp;<\/strong>\u2013 socjolo\u017cka\u201a badaczka Zag\u0142ady \u017byd\u00f3w\u201a pracowniczka \u017bydowskiego Instytutu Historycznego im. Emanuela Ringelbluma. Koordynatorka projektu badawczego \u201eEncyklopedia getta warszawskiego\u201d\u201a wsp\u00f3\u0142redaktorka kilku tom\u00f3w dokument\u00f3w z Archiwum Ringelbluma.<\/span><\/p>\n<hr style=\"height: 15px; background: #d0e6fa; width: 100%;\">\n<div id=\"content\" class=\"content-alignment\">\n<div id=\"watch-description\" class=\"yt-uix-button-panel\">\n<div id=\"watch-description-text\" style=\"text-align: center;\">\n<p><em>Zawarto\u015b\u0107 publikowanych artyku\u0142\u00f3w i materia\u0142\u00f3w nie reprezentuje pogl\u0105d\u00f3w ani opinii Reunion&#8217;68,<\/em><em><br \/>\nani te\u017c webmastera Blogu Reunion&#8217;68, chyba ze jest to wyra\u017anie zaznaczone.<br \/>\nTwoje uwagi, linki, w\u0142asne artyku\u0142y lub wiadomo\u015bci prze\u015blij na adres:<br \/>\n<\/em><span style=\"color: #000080;\"><strong><em><a style=\"color: #000080;\" href=\"mailto:webmaster@reunion68.com\"><span style=\"text-decoration: underline;\">webmaster@reunion68.com<\/span><\/a><\/em><\/strong><\/span><\/p>\n<\/div>\n<\/div>\n<\/div>\n<hr style=\"width: 100%;\">\n","protected":false},"excerpt":{"rendered":"<p>Ksi\u0105\u017cka dr Marii Ferenc \u00abKa\u017cdy pyta, co z nami b\u0119dzie\u00bb wyr\u00f3\u017cniona w konkursie The Yad Vashem International Book Prize for Holocaust Research 2022 \u017bydowski Instytut Historyczny Z rado\u015bci\u0105 og\u0142aszamy, \u017ce ksi\u0105\u017cka dr Marii Ferenc z Dzia\u0142u Naukowego \u017bIH \u201e\u00abKa\u017cdy pyta, co z nami b\u0119dzie\u00bb. Mieszka\u0144cy getta warszawskiego wobec wiadomo\u015bci o wojnie i Zag\u0142adzie\u201d otrzyma\u0142a wyr\u00f3\u017cnienie [&hellip;]<\/p>\n","protected":false},"author":1,"featured_media":0,"comment_status":"closed","ping_status":"closed","sticky":false,"template":"","format":"standard","meta":[],"categories":[1],"tags":[26,24],"_links":{"self":[{"href":"https:\/\/www.reunion68.se\/index.php?rest_route=\/wp\/v2\/posts\/101179"}],"collection":[{"href":"https:\/\/www.reunion68.se\/index.php?rest_route=\/wp\/v2\/posts"}],"about":[{"href":"https:\/\/www.reunion68.se\/index.php?rest_route=\/wp\/v2\/types\/post"}],"author":[{"embeddable":true,"href":"https:\/\/www.reunion68.se\/index.php?rest_route=\/wp\/v2\/users\/1"}],"replies":[{"embeddable":true,"href":"https:\/\/www.reunion68.se\/index.php?rest_route=%2Fwp%2Fv2%2Fcomments&post=101179"}],"version-history":[{"count":6,"href":"https:\/\/www.reunion68.se\/index.php?rest_route=\/wp\/v2\/posts\/101179\/revisions"}],"predecessor-version":[{"id":101189,"href":"https:\/\/www.reunion68.se\/index.php?rest_route=\/wp\/v2\/posts\/101179\/revisions\/101189"}],"wp:attachment":[{"href":"https:\/\/www.reunion68.se\/index.php?rest_route=%2Fwp%2Fv2%2Fmedia&parent=101179"}],"wp:term":[{"taxonomy":"category","embeddable":true,"href":"https:\/\/www.reunion68.se\/index.php?rest_route=%2Fwp%2Fv2%2Fcategories&post=101179"},{"taxonomy":"post_tag","embeddable":true,"href":"https:\/\/www.reunion68.se\/index.php?rest_route=%2Fwp%2Fv2%2Ftags&post=101179"}],"curies":[{"name":"wp","href":"https:\/\/api.w.org\/{rel}","templated":true}]}}