{"id":101328,"date":"2023-01-15T17:09:12","date_gmt":"2023-01-15T15:09:12","guid":{"rendered":"http:\/\/www.reunion68.se\/?p=101328"},"modified":"2023-01-15T14:13:54","modified_gmt":"2023-01-15T12:13:54","slug":"21-09-82","status":"publish","type":"post","link":"https:\/\/www.reunion68.se\/?p=101328","title":{"rendered":"Dlaczego Palesty\u0144czycy chc\u0105 mordowa\u0107 modl\u0105cych si\u0119 \u017byd\u00f3w?"},"content":{"rendered":"<p style=\"text-align: center;\"><img decoding=\"async\" class=\"aligncenter\" src=\"http:\/\/www.listyznaszegosadu.pl\/upload\/article\/bild\/8657\/975329\/300px-KeverYosef_Shechem_s.jpg\" width=\"80%\" \/><span style=\"color: #808080;\"><em>Jak dot\u0105d nikt nie zarzuci\u0142 Autonomii Palesty\u0144skiej powa\u017cnych narusze\u0144 mi\u0119dzynarodowych zobowi\u0105za\u0144 podpisanych z Izraelem, zapewniaj\u0105cych swobodny dost\u0119p i ochron\u0119 wszystkich \u015bwi\u0119tych miejsc. Na zdj\u0119ciu: nocne odwiedziny pod os\u0142on\u0105 IDF. Listopad 2009. (\u0179r\u00f3d\u0142o zdj\u0119cia: Wikipedia)<\/em><\/span><\/p>\n<hr \/>\n<h5 style=\"text-align: center;\"><a href=\"http:\/\/www.listyznaszegosadu.pl\/\" target=\"_blank\" rel=\"noopener noreferrer\"><img decoding=\"async\" class=\"center alignleft\" src=\"http:\/\/www.reunion68.com\/Biuletyn\/img\/z-naszego.jpg\" alt=\"\" width=\"50%\" \/><\/a><span style=\"text-decoration: underline; color: #000080;\"><strong><a style=\"color: #000080; text-decoration: underline;\" href=\"http:\/\/www.listyznaszegosadu.pl\/brunatna-fala\/dlaczego-palestynczycy-chca-mordowac-modlacych-sie-zydalw\" target=\"_blank\" rel=\"noopener noreferrer\">Dlaczego Palesty\u0144czycy chc\u0105 mordowa\u0107 modl\u0105cych si\u0119 \u017byd\u00f3w?<\/a><\/strong><\/span><\/h5>\n<p style=\"text-align: center;\"><span style=\"color: #000000;\"><strong>Bassam Tawil<br \/>\n<\/strong><span style=\"color: #808080;\">T\u0142umaczenie: <\/span><strong>Ma\u0142gorzata Koraszewska<br \/>\n<\/strong><\/span><\/p>\n<hr style=\"height: 15px; background: #d0e6fa; width: 100%;\" \/>\n<div class=\"templateArticleIngress\">\n<p style=\"text-align: left;\"><span style=\"color: #000080;\">\u017bydzi odwiedzaj\u0105cy \u015bwi\u0119te miejsce Grobowca J\u00f3zefa w mie\u015bcie Nablus na Zachodnim Brzegu byli w ci\u0105gu ostatnich kilku lat wielokrotnie\u00a0<a style=\"color: #000080;\" href=\"blank\" target=\"_blank\" rel=\"noopener noreferrer\">celem atak\u00f3w<\/a>\u00a0palesty\u0144skiego rozjuszonego t\u0142umu i terroryst\u00f3w.<\/span><\/p>\n<p style=\"text-align: left;\">\n<span style=\"color: #000080;\">Ostatni\u00a0<a style=\"color: #000080;\" href=\"blank\" target=\"_blank\" rel=\"noopener noreferrer\">atak<\/a>\u00a0mia\u0142 miejsce 21 grudnia 2022, kiedy \u017cydowscy wyznawcy i pilnuj\u0105cy ich \u017co\u0142nierze izraelscy dostali si\u0119 pod ostrza\u0142 broni palnej.<\/span><\/p>\n<p style=\"text-align: left;\">\n<span style=\"color: #000080;\">Wed\u0142ug\u00a0<a style=\"color: #000080;\" href=\"blank\" target=\"_blank\" rel=\"noopener noreferrer\">\u017ar\u00f3de\u0142<\/a>\u00a0palesty\u0144skich, podczas pr\u00f3by Palesty\u0144czyk\u00f3w uniemo\u017cliwienia \u017bydom wej\u015bcia do \u015bwi\u0119tego miejsca, jeden uzbrojony bandyta, Ahmed Atef Daraghmeh, zosta\u0142 zabity, a czterech innych zosta\u0142o rannych.<\/span><\/p>\n<\/div>\n<p style=\"text-align: left;\">\n<div class=\"templateArticleBrodtext\">\n<p style=\"text-align: left;\"><span style=\"color: #000080;\">Porozumienia z\u00a0<a style=\"color: #000080;\" href=\"blank\" target=\"_blank\" rel=\"noopener noreferrer\">Oslo<\/a>, podpisane w latach 1993 i 1995 mi\u0119dzy Izraelem a Palesty\u0144czykami, umieszcza\u0142y Nablus i Grobowiec J\u00f3zefa pod jurysdykcj\u0105 Autonomii Palesty\u0144skiej.<\/span><\/p>\n<p style=\"text-align: left;\">\n<span style=\"color: #000080;\">Na pocz\u0105tku drugiej intifady (powstania), kt\u00f3ra wybuch\u0142a w 2000 r., miejsce to zosta\u0142o spl\u0105drowane i spalone przez Palesty\u0144czyk\u00f3w podczas krwawych rozruch\u00f3w.\u00a0Dwa lata p\u00f3\u017aniej, po tym, jak armia izraelska rozpocz\u0119\u0142a wielk\u0105 operacj\u0119 wojskow\u0105 przeciwko palesty\u0144skim terrorystom w Nablusie i innych palesty\u0144skich miastach, \u017cydowscy wyznawcy zacz\u0119li sporadycznie wraca\u0107, by odwiedzi\u0107 grobowiec.<\/span><\/p>\n<p style=\"text-align: left;\">\n<span style=\"color: #000080;\">W latach 2009-2010 Grobowiec J\u00f3zefa zosta\u0142\u00a0<a style=\"color: #000080;\" href=\"blank\" target=\"_blank\" rel=\"noopener noreferrer\">odnowiony<\/a>, umo\u017cliwiaj\u0105c \u017cydowskim wiernym wznowienie wizyt.<\/span><\/p>\n<p style=\"text-align: left;\">\n<span style=\"color: #000080;\">Od tego czasu miejsce to by\u0142o wielokrotnie\u00a0<a style=\"color: #000080;\" href=\"blank\" target=\"_blank\" rel=\"noopener noreferrer\">niszczone<\/a>\u00a0przez palesty\u0144skich uczestnik\u00f3w zamieszek, co stanowi wyra\u017ane naruszenie\u00a0<a style=\"color: #000080;\" href=\"blank\" target=\"_blank\" rel=\"noopener noreferrer\">artyku\u0142u 32<\/a>\u00a0porozumienia z Oslo II z 1995 r., kt\u00f3ry stanowi:<\/span><\/p>\n<p style=\"text-align: left;\">\n<span style=\"color: #000080;\">\u201e2. Obie strony [Izrael i Palesty\u0144czycy] b\u0119d\u0105 szanowa\u0107 i chroni\u0107 wymienione poni\u017cej prawa religijne \u017byd\u00f3w, chrze\u015bcijan, muzu\u0142man\u00f3w i Samarytan:<\/span><br \/>\n<span style=\"color: #000080;\">a. ochrona miejsc \u015bwi\u0119tych;<\/span><br \/>\n<span style=\"color: #000080;\">b. swobodny dost\u0119p do miejsc \u015bwi\u0119tych; oraz<\/span><br \/>\n<span style=\"color: #000080;\">c. wolno\u015b\u0107 kultu i praktyk religijnych\u201d.<\/span><\/p>\n<p style=\"text-align: left;\">\n<span style=\"color: #000080;\">Wed\u0142ug tego\u00a0<a style=\"color: #000080;\" href=\"blank\" target=\"_blank\" rel=\"noopener noreferrer\">samego<\/a>\u00a0Artyku\u0142u:<\/span><\/p>\n<p style=\"text-align: left;\">\n<span style=\"color: #000080;\">\u201e3. a. Strona palesty\u0144ska zapewni swobodny dost\u0119p do \u017cydowskich miejsc \u015bwi\u0119tych, b\u0119dzie szanowa\u0107 praktyki religijne i nie b\u0119dzie dokonywa\u0107 w nich \u017cadnych zmian\u2026\u201d<\/span><\/p>\n<p style=\"text-align: left;\">\n<span style=\"color: #000080;\">Autonomia Palesty\u0144ska, kt\u00f3ra jest odpowiedzialna za bezpiecze\u0144stwo w Nablusie, odm\u00f3wi\u0142a jednak wype\u0142nienia swojego zobowi\u0105zania do ochrony i zapewnienia swobodnego dost\u0119pu do Grobowca J\u00f3zefa.<\/span><\/p>\n<p style=\"text-align: left;\">\n<span style=\"color: #000080;\">W 2015 roku setki Palesty\u0144czyk\u00f3w\u00a0<a style=\"color: #000080;\" href=\"blank\" target=\"_blank\" rel=\"noopener noreferrer\">zaatakowa\u0142y<\/a>\u00a0to miejsce i podpali\u0142y je.\u00a0Na pocz\u0105tku tego roku Palesty\u0144czycy ponownie\u00a0<a style=\"color: #000080;\" href=\"blank\" target=\"_blank\" rel=\"noopener noreferrer\">wdarli<\/a>\u00a0si\u0119 do Grobowca J\u00f3zefa, niszcz\u0105c nagrobek i uszkadzaj\u0105c \u017cyrandol.\u00a0Nast\u0119pnego dnia dw\u00f3ch \u017cydowskich wiernych podczas pr\u00f3by wej\u015bcia na to miejsce odnios\u0142o rany od kul wystrzelonych przez Palesty\u0144czyk\u00f3w.<\/span><\/p>\n<p style=\"text-align: left;\">\n<span style=\"color: #000080;\">Powtarzaj\u0105ce si\u0119 ataki na Grobowiec J\u00f3zefa i pr\u00f3by zabicia \u017cydowskich wiernych wydaj\u0105 si\u0119 by\u0107 cz\u0119\u015bci\u0105 palesty\u0144skich wysi\u0142k\u00f3w, by zaprzeczy\u0107 jakimkolwiek \u017cydowskim powi\u0105zaniom z \u017cydowskimi miejscami \u015bwi\u0119tymi.<\/span><\/p>\n<p style=\"text-align: left;\">\n<span style=\"color: #000080;\">\u201eGrobowiec J\u00f3zefa jest miejscem islamskim i \u017bydzi nie maj\u0105 do niego prawa\u201d \u2013\u00a0<a style=\"color: #000080;\" href=\"blank\" target=\"_blank\" rel=\"noopener noreferrer\">twierdzi<\/a>\u00a0Muhannad Sayel, wysoki urz\u0119dnik w Ministerstwie Turystyki i Staro\u017cytno\u015bci Autonomii Palesty\u0144skiej.\u00a0\u201eOni [\u017bydzi] pr\u00f3buj\u0105 fa\u0142szowa\u0107 histori\u0119\u201d.<\/span><\/p>\n<p style=\"text-align: left;\">\n<span style=\"color: #000080;\">W pa\u017adzierniku Jaskinia Lw\u00f3w, grupa terrorystyczna dzia\u0142aj\u0105ca w Nablusie pod nosem Autonomii Palesty\u0144skiej,\u00a0<a style=\"color: #000080;\" href=\"blank\" target=\"_blank\" rel=\"noopener noreferrer\">zagrozi\u0142a<\/a>\u00a0\u015bmierci\u0105 ka\u017cdemu \u017bydowi, kt\u00f3ry wejdzie do Grobowca J\u00f3zefa.\u00a0\u201e[\u017bydowscy] osadnicy maj\u0105 zakaz wst\u0119pu do Grobowca J\u00f3zefa \u2013 ostrzeg\u0142a grupa.\u00a0&#8211; B\u0119d\u0105 celem naszych karabin\u00f3w i bomb\u201d.<\/span><\/p>\n<p style=\"text-align: left;\">\n<span style=\"color: #000080;\">W maju zesz\u0142ego roku inna grupa terrorystyczna, Brygady M\u0119czennik\u00f3w Al-Aksa, milicja powi\u0105zana z rz\u0105dz\u0105c\u0105 frakcj\u0105 Fatah, na czele kt\u00f3rej stoi prezydent Autonomii Palesty\u0144skiej Mahmoud Abbas, przyzna\u0142a\u00a0<a style=\"color: #000080;\" href=\"blank\" target=\"_blank\" rel=\"noopener noreferrer\">si\u0119<\/a>\u00a0do strzelania do \u017cydowskich wiernych i izraelskich \u017co\u0142nierzy pilnuj\u0105cych ich przy Grobowcu J\u00f3zefa.<\/span><\/p>\n<p style=\"text-align: left;\">\n<span style=\"color: #000080;\">Nie trzeba dodawa\u0107, \u017ce Autonomia Palesty\u0144ska nigdy nie aresztowa\u0142a \u017cadnego z terroryst\u00f3w z Jaskini Lw\u00f3w lub Brygad M\u0119czennik\u00f3w Al-Aksa.<\/span><\/p>\n<p style=\"text-align: left;\">\n<span style=\"color: #000080;\">Co wi\u0119cej, ataki i gro\u017aby wobec \u017cydowskich wiernych zosta\u0142y zignorowane przez administracj\u0119 USA i wi\u0119kszo\u015b\u0107 spo\u0142eczno\u015bci mi\u0119dzynarodowej.<\/span><\/p>\n<p style=\"text-align: left;\">\n<span style=\"color: #000080;\">Jak dot\u0105d nikt nie zarzuci\u0142 Autonomii Palesty\u0144skiej powa\u017cnych narusze\u0144 mi\u0119dzynarodowych zobowi\u0105za\u0144 podpisanych z Izraelem, zapewniaj\u0105cych swobodny dost\u0119p i ochron\u0119 wszystkich \u015bwi\u0119tych miejsc.<\/span><\/p>\n<p style=\"text-align: left;\">\n<span style=\"color: #000080;\">O\u015bmielona milczeniem spo\u0142eczno\u015bci mi\u0119dzynarodowej Autonomia Palesty\u0144ska pr\u00f3buje uniemo\u017cliwi\u0107 \u017bydom odwiedzanie innego \u015bwi\u0119tego miejsca, naj\u015bwi\u0119tszego miejsca w judaizmie, Wzg\u00f3rza \u015awi\u0105tynnego w Jerozolimie.<\/span><\/p>\n<p style=\"text-align: left;\">\n<span style=\"color: #000080;\">Podobnie jak w przypadku Grobowca J\u00f3zefa, Palesty\u0144czycy\u00a0<a style=\"color: #000080;\" href=\"blank\" target=\"_blank\" rel=\"noopener noreferrer\">zaprzeczaj\u0105<\/a>\u00a0jakimkolwiek powi\u0105zaniom \u017byd\u00f3w z Wzg\u00f3rzem \u015awi\u0105tynnym, do kt\u00f3rego przylega \u015aciana Zachodnia \u2013 mur oporowy, wszystko, co pozosta\u0142o z Drugiej \u015awi\u0105tyni (znanej r\u00f3wnie\u017c jako \u015awi\u0105tynia Heroda),\u00a0<a style=\"color: #000080;\" href=\"blank\" target=\"_blank\" rel=\"noopener noreferrer\">zniszczonej<\/a>\u00a0przez Rzymian w roku 70 n.e., podobnie jak\u00a0<a style=\"color: #000080;\" href=\"blank\" target=\"_blank\" rel=\"noopener noreferrer\">Pierwsza \u015awi\u0105tynia<\/a>\u00a0(zbudowana przez kr\u00f3la Salomona) zburzona przez Nabuchodonozora z Babilonu w roku 586 p.n.e.\u00a0\u015aciana ta jest\u00a0<a style=\"color: #000080;\" href=\"blank\" target=\"_blank\" rel=\"noopener noreferrer\">naj\u015bwi\u0119tszym z miejsc<\/a>\u00a0w judaizmie, gdzie \u017bydom wolno si\u0119 modli\u0107.<\/span><\/p>\n<p style=\"text-align: left;\">\n<span style=\"color: #000080;\">W ostatnich latach Palesty\u0144czycy pr\u00f3buj\u0105\u00a0<a style=\"color: #000080;\" href=\"blank\" target=\"_blank\" rel=\"noopener noreferrer\">uniemo\u017cliwi\u0107<\/a>\u00a0\u017bydom odwiedzanie Wzg\u00f3rza \u015awi\u0105tynnego.\u00a0Palesty\u0144scy uczestnicy zamieszek atakowali odwiedzaj\u0105cych i policj\u0119 kamieniami, fajerwerkami, \u017celaznymi pr\u0119tami, urz\u0105dzeniami wybuchowymi i koktajlami Mo\u0142otowa.<\/span><\/p>\n<p style=\"text-align: left;\">\n<span style=\"color: #000080;\">Autonomia Palesty\u0144ska i prezydent Autonomii Palesty\u0144skiej Mahmoud Abbas odegrali g\u0142\u00f3wn\u0105 rol\u0119 w pod\u017ceganiu do przemocy i rozpowszechnianiu k\u0142amstw o \u017bydach odwiedzaj\u0105cych Wzg\u00f3rze \u015awi\u0105tynne.<\/span><\/p>\n<p style=\"text-align: left;\">\n<span style=\"color: #000080;\">W 2015 roku Abbas\u00a0o\u015bwiadczy\u0142:<\/span><\/p>\n<blockquote>\n<p style=\"text-align: left;\"><strong>\u201eMeczet Al-Aqsa i Bazylika Grobu \u015awi\u0119tego s\u0105 nasze. Wszystkie s\u0105 nasze i oni [\u017bydzi] nie maj\u0105 prawa kala\u0107 si\u0119 ich swoimi brudnymi stopami. Oddajemy cze\u015b\u0107 ka\u017cdej kropli przelanej krwi na rzecz Jerozolimy. Ta krew jest czysta, czysta krew, przelana na rzecz Allaha. Ka\u017cdy m\u0119czennik zostanie umieszczony w Raju, a wszyscy ranni zostan\u0105 nagrodzeni przez Allaha\u201d.<\/strong><\/p>\n<\/blockquote>\n<p style=\"text-align: left;\"><span style=\"color: #000080;\">Zamiast pot\u0119pi\u0107 Abbasa za jego pod\u017ceganie i Palesty\u0144czyk\u00f3w za zaprzeczanie \u017cydowskim powi\u0105zaniom z \u015bwi\u0119tym miejscem, Zgromadzenie Og\u00f3lne Narod\u00f3w Zjednoczonych w 2021 roku zatwierdzi\u0142o\u00a0<a style=\"color: #000080;\" href=\"blank\" target=\"_blank\" rel=\"noopener noreferrer\">rezolucj\u0119<\/a>, kt\u00f3ra zaprzecza\u0142a \u017cydowskim powi\u0105zaniom z Wzg\u00f3rzem \u015awi\u0105tynnym.<\/span><\/p>\n<p style=\"text-align: left;\">\n<span style=\"color: #000080;\">Takie rezolucje o\u015bmielaj\u0105 Palesty\u0144czyk\u00f3w do kontynuowania kampanii terroryzmu przeciwko \u017cydowskim wyznawcom.<\/span><\/p>\n<p style=\"text-align: left;\">\n<span style=\"color: #000080;\">W 2010 roku Autonomia Palesty\u0144ska\u00a0<a style=\"color: #000080;\" href=\"blank\" target=\"_blank\" rel=\"noopener noreferrer\">stwierdzi\u0142a<\/a>\u00a0w oficjalnym dokumencie, \u017ce \u015aciana Zachodnia \u2013 mur oporowy, wszystko, co pozosta\u0142o z Drugiej \u015awi\u0105tyni \u2013 nale\u017cy wy\u0142\u0105cznie do muzu\u0142man\u00f3w:<\/span><\/p>\n<blockquote>\n<p style=\"text-align: left;\"><strong>\u201eOkupacja syjonistyczna fa\u0142szywie i niesprawiedliwie twierdzi, \u017ce jest w\u0142a\u015bcicielem tego muru, kt\u00f3ry nazywa \u015acian\u0105 Zachodni\u0105 lub Kotel\u2026 Ten mur nigdy nie by\u0142 cz\u0119\u015bci\u0105 tak zwanego Wzg\u00f3rza \u015awi\u0105tynnego, ale tolerancja muzu\u0142ma\u0144ska pozwoli\u0142a \u017bydom sta\u0107 przed nim i p\u0142aka\u0107 nad jego zniszczeniem. \u017baden muzu\u0142manin, Arab czy Palesty\u0144czyk nie ma prawa odda\u0107 jednego kamienia z [Zachodniej] \u015aciany Al-Buraka lub innych miejsc kultu religijnego\u201d.<\/strong><\/p>\n<\/blockquote>\n<p style=\"text-align: left;\"><span style=\"color: #000080;\">Na szcz\u0119\u015bcie dla \u017cydowskich wyznawc\u00f3w Jerozolima, w tym Wzg\u00f3rze \u015awi\u0105tynne i \u015aciana Zachodnia, znajduj\u0105 si\u0119 pod izraelsk\u0105 suwerenno\u015bci\u0105 i pod kontrol\u0105 bezpiecze\u0144stwa, gwarantuj\u0105c \u017bydom, muzu\u0142manom i chrze\u015bcijanom swobodny dost\u0119p do ich \u015bwi\u0119tych miejsc.<\/span><\/p>\n<p style=\"text-align: left;\">\n<span style=\"color: #000080;\">Bez obecno\u015bci izraelskich si\u0142 bezpiecze\u0144stwa w Jerozolimie \u017bydzi byliby codziennie atakowani i mordowani w drodze na Wzg\u00f3rze \u015awi\u0105tynne i \u015acian\u0119 Zachodni\u0105.<\/span><\/p>\n<p style=\"text-align: left;\">\n<span style=\"color: #000080;\">Gdyby miasto lub te miejsca zosta\u0142y kiedykolwiek przekazane Autonomii Palesty\u0144skiej, \u017cydowscy wyznawcy musieliby odwiedza\u0107 ich \u015bwi\u0119te miejsca w kuloodpornych pojazdach w towarzystwie pluton\u00f3w \u017co\u0142nierzy i funkcjonariuszy policji, co jest obecnie konieczne przy Grobowcu J\u00f3zefa w Nablusie .<\/span><\/p>\n<p style=\"text-align: left;\">\n<span style=\"color: #000080;\">Administracja Bidena i reszta spo\u0142eczno\u015bci mi\u0119dzynarodowej dobrze by zrobi\u0142a, gdyby obudzi\u0142a si\u0119 i zrozumia\u0142a, \u017ce pa\u0144stwo palesty\u0144skie, kt\u00f3rego domagaj\u0105 si\u0119, oznacza ci\u0105g\u0142\u0105 rze\u017a \u017byd\u00f3w i odmawianie im bezpiecznego dost\u0119pu do \u017cydowskich miejsc \u015bwi\u0119tych.<\/span><\/p>\n<p style=\"text-align: left;\">\n<span style=\"color: #000080;\">Tolerancja i wolno\u015b\u0107 wyznania nie s\u0105 terminami, kt\u00f3re mo\u017cna znale\u017a\u0107 w leksykonie palesty\u0144skim.\u00a0Palesty\u0144czycy b\u0119d\u0105 usatysfakcjonowani tylko wtedy, gdy zast\u0105pi\u0105 Izrael pa\u0144stwem terrorystycznym wspieranym przez Iran i wyma\u017c\u0105 wszelkie \u015blady \u017cydowskiej historii i wiary.<\/span><\/p>\n<hr \/>\n<p style=\"text-align: left;\"><span style=\"color: #808080;\"><em>*<strong>Bassam Tawil<\/strong> &#8211; muzu\u0142ma\u0144ski badacz i publicysta mieszkaj\u0105cy na Bliskim Wschodzie.\u00a0<\/em><\/span><\/p>\n<\/div>\n<hr style=\"height: 15px; background: #d0e6fa; width: 100%;\" \/>\n<div id=\"content\" class=\"content-alignment\">\n<div id=\"watch-description\" class=\"yt-uix-button-panel\">\n<div id=\"watch-description-text\" style=\"text-align: center;\">\n<p><em>Zawarto\u015b\u0107 publikowanych artyku\u0142\u00f3w i materia\u0142\u00f3w nie reprezentuje pogl\u0105d\u00f3w ani opinii Reunion&#8217;68,<\/em><em><br \/>\nani te\u017c webmastera Blogu Reunion&#8217;68, chyba ze jest to wyra\u017anie zaznaczone.<br \/>\nTwoje uwagi, linki, w\u0142asne artyku\u0142y lub wiadomo\u015bci prze\u015blij na adres:<br \/>\n<\/em><span style=\"color: #000080;\"><strong><em><a style=\"color: #000080;\" href=\"mailto:webmaster@reunion68.com\"><span style=\"text-decoration: underline;\">webmaster@reunion68.com<\/span><\/a><\/em><\/strong><\/span><\/p>\n<\/div>\n<\/div>\n<\/div>\n<hr style=\"width: 100%;\" \/>\n","protected":false},"excerpt":{"rendered":"<p>Jak dot\u0105d nikt nie zarzuci\u0142 Autonomii Palesty\u0144skiej powa\u017cnych narusze\u0144 mi\u0119dzynarodowych zobowi\u0105za\u0144 podpisanych z Izraelem, zapewniaj\u0105cych swobodny dost\u0119p i ochron\u0119 wszystkich \u015bwi\u0119tych miejsc. Na zdj\u0119ciu: nocne odwiedziny pod os\u0142on\u0105 IDF. Listopad 2009. (\u0179r\u00f3d\u0142o zdj\u0119cia: Wikipedia) Dlaczego Palesty\u0144czycy chc\u0105 mordowa\u0107 modl\u0105cych si\u0119 \u017byd\u00f3w? Bassam Tawil T\u0142umaczenie: Ma\u0142gorzata Koraszewska \u017bydzi odwiedzaj\u0105cy \u015bwi\u0119te miejsce Grobowca J\u00f3zefa w mie\u015bcie Nablus [&hellip;]<\/p>\n","protected":false},"author":1,"featured_media":0,"comment_status":"closed","ping_status":"closed","sticky":false,"template":"","format":"standard","meta":[],"categories":[6],"tags":[26,24],"_links":{"self":[{"href":"https:\/\/www.reunion68.se\/index.php?rest_route=\/wp\/v2\/posts\/101328"}],"collection":[{"href":"https:\/\/www.reunion68.se\/index.php?rest_route=\/wp\/v2\/posts"}],"about":[{"href":"https:\/\/www.reunion68.se\/index.php?rest_route=\/wp\/v2\/types\/post"}],"author":[{"embeddable":true,"href":"https:\/\/www.reunion68.se\/index.php?rest_route=\/wp\/v2\/users\/1"}],"replies":[{"embeddable":true,"href":"https:\/\/www.reunion68.se\/index.php?rest_route=%2Fwp%2Fv2%2Fcomments&post=101328"}],"version-history":[{"count":5,"href":"https:\/\/www.reunion68.se\/index.php?rest_route=\/wp\/v2\/posts\/101328\/revisions"}],"predecessor-version":[{"id":101338,"href":"https:\/\/www.reunion68.se\/index.php?rest_route=\/wp\/v2\/posts\/101328\/revisions\/101338"}],"wp:attachment":[{"href":"https:\/\/www.reunion68.se\/index.php?rest_route=%2Fwp%2Fv2%2Fmedia&parent=101328"}],"wp:term":[{"taxonomy":"category","embeddable":true,"href":"https:\/\/www.reunion68.se\/index.php?rest_route=%2Fwp%2Fv2%2Fcategories&post=101328"},{"taxonomy":"post_tag","embeddable":true,"href":"https:\/\/www.reunion68.se\/index.php?rest_route=%2Fwp%2Fv2%2Ftags&post=101328"}],"curies":[{"name":"wp","href":"https:\/\/api.w.org\/{rel}","templated":true}]}}