{"id":101410,"date":"2023-01-18T17:00:48","date_gmt":"2023-01-18T15:00:48","guid":{"rendered":"http:\/\/www.reunion68.se\/?p=101410"},"modified":"2023-01-18T16:10:48","modified_gmt":"2023-01-18T14:10:48","slug":"24-00-81","status":"publish","type":"post","link":"https:\/\/www.reunion68.se\/?p=101410","title":{"rendered":"\u2018Is This Real..??\u2019: UN Lebanon Envoy Thanks Hezbollah for \u2018Tour\u2019 Eliciting Rebuke From Israeli Diplomats"},"content":{"rendered":"<h5 style=\"text-align: center;\"><a href=\"https:\/\/www.algemeiner.com\/\" target=\"_blank\" rel=\"noopener noreferrer\"><img decoding=\"async\" class=\"center alignleft\" src=\"http:\/\/www.reunion68.com\/Biuletyn\/img\/algem.png\" alt=\"\" width=\"35%\" \/><\/a><span style=\"text-decoration: underline; color: #000080;\"><strong><a style=\"color: #000080; text-decoration: underline;\" href=\"https:\/\/www.algemeiner.com\/2023\/01\/17\/un-lebanon-envoy-thanks-hezbollah-for-tour\/\" target=\"_blank\" rel=\"noopener noreferrer\">\u2018Is This Real..??\u2019: UN Lebanon Envoy Thanks Hezbollah for \u2018Tour\u2019 Eliciting Rebuke From Israeli Diplomats<\/a><\/strong><\/span><\/h5>\n<p style=\"text-align: center;\"><span style=\"color: #000000;\"><strong>Andrew Bernard<\/strong><\/span><\/p>\n<hr style=\"height: 15px; background: #d0e6fa; width: 100%;\" \/>\n<p style=\"text-align: center;\"><img decoding=\"async\" class=\"aligncenter\" src=\"https:\/\/www.algemeiner.com\/wp-content\/uploads\/2022\/12\/2022-12-15T133746Z_1_LYNXMPEIBE0Q1_RTROPTP_4_LEBANON-CRISIS-UN1.jpg\" width=\"100%\" \/><span style=\"color: #808080;\"><em>Lebanese army members and the United Nations peacekeepers (UNIFIL) stand near of what witnesses stated to be the UNIFIL vehicle that was carrying the Irish soldier who was killed on a U.N. peacekeeping Patrol, in Al-Aqbieh, south Lebanon December 15, 2022. REUTERS\/Aziz Taher<\/em><\/span><\/p>\n<p style=\"text-align: left;\"><span style=\"color: #000080;\">The UN\u2019s\u00a0Special Coordinator for Lebanon <span style=\"color: #800000;\"><strong>Joanna Wronecka<\/strong> <\/span>on Monday thanked a representative of Hezbollah for giving her a \u201ctour d\u2019horizon\u201d of Lebanese issues, eliciting a strongly-worded rebuke from Israeli officials.<\/span><\/p>\n<p style=\"text-align: left;\"><span style=\"color: #000080;\">\u201cI thank Mr. Ammar Moussawi of Hizbullah for a tour d\u2019horizon on issues of priority for Lebanon, including the election of a new President, the functioning of state institutions and the impact of regional and international developments on the country,\u201d Wronecka\u00a0<a style=\"color: #000080;\" href=\"https:\/\/twitter.com\/JWronecka\/status\/1614992559184699393\" target=\"_blank\" rel=\"noopener noreferrer\">wrote<\/a> in both English and Arabic.<\/span><\/p>\n<p><img decoding=\"async\" class=\"center alignleft\" src=\"http:\/\/www.reunion68.com\/Biuletyn\/img\/JoannaWronecka.PNG\" alt=\"\" width=\"100%\" \/><br \/>\n<span style=\"color: #808080;\">[<img decoding=\"async\" class=\"alignleft\" src=\"https:\/\/upload.wikimedia.org\/wikipedia\/commons\/thumb\/8\/82\/Amb._Joanna_Wronecka.jpg\/220px-Amb._Joanna_Wronecka.jpg\" width=\"45%\" \/><b><span style=\"color: #808080;\"> Joann<\/span>a Wronecka<\/b>\u00a0(born 30 March 1958 in\u00a0<a style=\"color: #808080;\" title=\"Krotoszyn\" href=\"https:\/\/en.wikipedia.org\/wiki\/Krotoszyn\">Krotoszyn<\/a>)<sup id=\"cite_ref-1\" class=\"reference\"><a style=\"color: #808080;\" href=\"https:\/\/en.wikipedia.org\/wiki\/Joanna_Wronecka#cite_note-1\">[1]<\/a><\/sup>\u00a0is a Polish diplomat who has been serving as\u00a0<a style=\"color: #808080;\" title=\"Office of the United Nations Special Coordinator for Lebanon\" href=\"https:\/\/en.wikipedia.org\/wiki\/Office_of_the_United_Nations_Special_Coordinator_for_Lebanon\">United Nations Special Coordinator for Lebanon<\/a>\u00a0since 2021.<sup id=\"cite_ref-2\" class=\"reference\"><a style=\"color: #808080;\" href=\"https:\/\/en.wikipedia.org\/wiki\/Joanna_Wronecka#cite_note-2\">[2]<\/a><\/sup><\/span><br \/>\n<span style=\"color: #808080;\">Wronecka served as Poland&#8217;s ambassador to\u00a0<a style=\"color: #808080;\" title=\"Egypt\" href=\"https:\/\/en.wikipedia.org\/wiki\/Egypt\">Egypt<\/a>\u00a0(1999\u20132003),\u00a0<a style=\"color: #808080;\" title=\"Morocco\" href=\"https:\/\/en.wikipedia.org\/wiki\/Morocco\">Morocco<\/a>\u00a0(2005\u20132010), Permanent Representative to the\u00a0<a style=\"color: #808080;\" title=\"United Nations\" href=\"https:\/\/en.wikipedia.org\/wiki\/United_Nations\">United Nations<\/a>\u00a0(2017\u20132021), and as\u00a0<a style=\"color: #808080;\" title=\"European Union\" href=\"https:\/\/en.wikipedia.org\/wiki\/European_Union\">European Union<\/a>\u00a0Ambassador to\u00a0<a style=\"color: #808080;\" title=\"Jordan\" href=\"https:\/\/en.wikipedia.org\/wiki\/Jordan\">Jordan<\/a> (2011\u20132015). ]<\/span><\/p>\n<p style=\"text-align: left;\"><span style=\"color: #000080;\">Moussawi is the head of international relations for Hezbollah, which is recognized as a terrorist organization by the US, UK, Germany, Japan and others. In December, Hezbollah\u00a0<a style=\"color: #000080;\" href=\"https:\/\/www.algemeiner.com\/2022\/12\/25\/lebanons-hezbollah-hands-over-suspected-killer-of-irish-un-peacekeeper\/\" target=\"_blank\" rel=\"noopener noreferrer\">handed over one of its supporters<\/a>\u00a0who shot and killed an Irish UN peacekeeper in an incident that Hezbollah\u2019s security chief called \u201cunintentional.\u201d A Hezbollah spokesperson\u00a0<a style=\"color: #000080;\" href=\"https:\/\/www.algemeiner.com\/2022\/12\/26\/lebanon-detains-hezbollah-supporter-in-probe-of-irish-un-peacekeepers-killing\/\" target=\"_blank\" rel=\"noopener noreferrer\">told Reuters<\/a>\u00a0at the time that the murder suspect was a supporter, but not a member, of the Iran-backed militia.<\/span><\/p>\n<p style=\"text-align: left;\"><span style=\"color: #000080;\">Israeli diplomats on Tuesday criticized Wronecka\u2019s decision to meet with Moussawi and for her choice of words in thanking him.<\/span><\/p>\n<p style=\"text-align: left;\"><span style=\"color: #000080;\">\u201cIs this real..??,\u201d Tweeted Joshua Zarka, Head of Strategic Affairs in Israel\u2019s Ministry of Foreign Affairs. \u201cAn official Senior UN Representative thanks the terrorist organization responsible for the murder of a UN peace keeper for \u2018a tour d\u2019horizon\u2019!!!\u201d<\/span><\/p>\n<p style=\"text-align: left;\"><span style=\"color: #000080;\">\u201cSo how does it feel to be indoctrinated by a terrorist? Care to share with us?\u201d asked Yaki Lopez, Head of Public Diplomacy at Israel\u2019s embassy in Berlin.<\/span><\/p>\n<p style=\"text-align: left;\"><span style=\"color: #000080;\">Wronecka, a Polish diplomat who previously as Poland\u2019s ambassador to the United Nations, is not the first special coordinator to court controversy for meeting with Hezbollah. Her predecessor, Jan Kubis, in 2019 met with Hezbollah Deputy Secretary General Naim Qassem and\u00a0<a style=\"color: #000080;\" href=\"http:\/\/www.algemeiner.com\/2019\/05\/21\/israel-condemns-top-un-official-for-meeting-with-hezbollah-leader\/\" target=\"_blank\" rel=\"noopener noreferrer\">was gifted a copy of his book<\/a>, which Kubis called \u201ca necessary reading.\u201d<\/span><\/p>\n<p style=\"text-align: left;\"><span style=\"color: #000080;\">She was also\u00a0<a style=\"color: #000080;\" href=\"https:\/\/unscol.unmissions.org\/statement-un-special-coordinator-lebanon-handover-letters-delineating-maritime-boundary-between\" target=\"_blank\" rel=\"noopener noreferrer\">involved<\/a>\u00a0with the dispute between Lebanon and Israel regarding the two countries\u2019 maritime borders<\/span><\/p>\n<hr style=\"height: 15px; background: #d0e6fa; width: 100%;\" \/>\n<div id=\"content\" class=\"content-alignment\">\n<div id=\"watch-description\" class=\"yt-uix-button-panel\">\n<div id=\"watch-description-text\" style=\"text-align: center;\">\n<p><em>Zawarto\u015b\u0107 publikowanych artyku\u0142\u00f3w i materia\u0142\u00f3w nie reprezentuje pogl\u0105d\u00f3w ani opinii Reunion&#8217;68,<\/em><em><br \/>\nani te\u017c webmastera Blogu Reunion&#8217;68, chyba ze jest to wyra\u017anie zaznaczone.<br \/>\nTwoje uwagi, linki, w\u0142asne artyku\u0142y lub wiadomo\u015bci prze\u015blij na adres:<br \/>\n<\/em><span style=\"color: #000080;\"><strong><em><a style=\"color: #000080;\" href=\"mailto:webmaster@reunion68.com\"><span style=\"text-decoration: underline;\">webmaster@reunion68.com<\/span><\/a><\/em><\/strong><\/span><\/p>\n<\/div>\n<\/div>\n<\/div>\n<hr style=\"width: 100%;\" \/>\n","protected":false},"excerpt":{"rendered":"<p>\u2018Is This Real..??\u2019: UN Lebanon Envoy Thanks Hezbollah for \u2018Tour\u2019 Eliciting Rebuke From Israeli Diplomats Andrew Bernard Lebanese army members and the United Nations peacekeepers (UNIFIL) stand near of what witnesses stated to be the UNIFIL vehicle that was carrying the Irish soldier who was killed on a U.N. peacekeeping Patrol, in Al-Aqbieh, south Lebanon [&hellip;]<\/p>\n","protected":false},"author":1,"featured_media":0,"comment_status":"closed","ping_status":"closed","sticky":false,"template":"","format":"standard","meta":[],"categories":[6],"tags":[26,24],"_links":{"self":[{"href":"https:\/\/www.reunion68.se\/index.php?rest_route=\/wp\/v2\/posts\/101410"}],"collection":[{"href":"https:\/\/www.reunion68.se\/index.php?rest_route=\/wp\/v2\/posts"}],"about":[{"href":"https:\/\/www.reunion68.se\/index.php?rest_route=\/wp\/v2\/types\/post"}],"author":[{"embeddable":true,"href":"https:\/\/www.reunion68.se\/index.php?rest_route=\/wp\/v2\/users\/1"}],"replies":[{"embeddable":true,"href":"https:\/\/www.reunion68.se\/index.php?rest_route=%2Fwp%2Fv2%2Fcomments&post=101410"}],"version-history":[{"count":9,"href":"https:\/\/www.reunion68.se\/index.php?rest_route=\/wp\/v2\/posts\/101410\/revisions"}],"predecessor-version":[{"id":101432,"href":"https:\/\/www.reunion68.se\/index.php?rest_route=\/wp\/v2\/posts\/101410\/revisions\/101432"}],"wp:attachment":[{"href":"https:\/\/www.reunion68.se\/index.php?rest_route=%2Fwp%2Fv2%2Fmedia&parent=101410"}],"wp:term":[{"taxonomy":"category","embeddable":true,"href":"https:\/\/www.reunion68.se\/index.php?rest_route=%2Fwp%2Fv2%2Fcategories&post=101410"},{"taxonomy":"post_tag","embeddable":true,"href":"https:\/\/www.reunion68.se\/index.php?rest_route=%2Fwp%2Fv2%2Ftags&post=101410"}],"curies":[{"name":"wp","href":"https:\/\/api.w.org\/{rel}","templated":true}]}}