{"id":101434,"date":"2023-01-19T17:00:07","date_gmt":"2023-01-19T15:00:07","guid":{"rendered":"http:\/\/www.reunion68.se\/?p=101434"},"modified":"2023-01-19T10:46:35","modified_gmt":"2023-01-19T08:46:35","slug":"25-09-76","status":"publish","type":"post","link":"https:\/\/www.reunion68.se\/?p=101434","title":{"rendered":"G\u0142\u00f3wny podejrzany w Katargate [Qatar] zawar\u0142 umow\u0119 z belgijsk\u0105 prokuratur\u0105. Mo\u017ce liczy\u0107 na minimaln\u0105 kar\u0119"},"content":{"rendered":"<p style=\"text-align: center;\"><img decoding=\"async\" class=\"aligncenter\" src=\"https:\/\/bi.im-g.pl\/im\/d7\/02\/1c\/z29372375AMP,Antonio-Panzeri--26-marca-2019-r-.jpg\" width=\"100%\"><span style=\"color: #808080;\"><em>Antonio Panzeri, 26 marca 2019 r. (Marc Dossman\/European Parliament via AP)<\/em><\/span><\/p>\n<hr>\n<h5 style=\"text-align: center;\"><a href=\"https:\/\/wyborcza.pl\/\" target=\"_blank\" rel=\"noopener noreferrer\"><img decoding=\"async\" class=\"center alignleft\" src=\"http:\/\/www.reunion68.com\/Biuletyn\/img\/wyborcza.png\" alt=\"\" width=\"35%\"><\/a><span style=\"text-decoration: underline; color: #000080;\"><strong><a style=\"color: #000080; text-decoration: underline;\" href=\"https:\/\/wyborcza.pl\/7,75399,29371158,glowny-podejrzany-w-katargate-zawarl-umowe-z-belgijska-prokuratura.html\" target=\"_blank\" rel=\"noopener noreferrer\">G\u0142\u00f3wny podejrzany w Katargate zawar\u0142 umow\u0119 z belgijsk\u0105 prokuratur\u0105. Mo\u017ce liczy\u0107 na minimaln\u0105 kar\u0119<\/a><\/strong><\/span><\/h5>\n<p style=\"text-align: center;\"><span style=\"color: #000000;\"><strong>Bartosz Hlebowicz<\/strong><\/span><\/p>\n<hr style=\"height: 15px; background: #d0e6fa; width: 100%;\">\n<h4 style=\"text-align: center;\"><span style=\"color: #808080;\"><strong>Antonio Panzeri, najwa\u017cniejszy \u0142\u0105cznik katarskiego i maroka\u0144skiego rz\u0105du w Parlamencie Europejskim, przyznaje si\u0119 do skorumpowania europos\u0142a, podaje konkretne sumy i opisuje mechanizm ich przekazywania. Obiecuje szerok\u0105 wsp\u00f3\u0142prac\u0119 z wymiarem sprawiedliwo\u015bci i liczy w zamian na nadzwyczajne z\u0142agodzenie kary.<\/strong><\/span><\/h4>\n<p>.<\/p>\n<p class=\"text--paragraph\" style=\"text-align: left;\"><span style=\"color: #000080;\">Z dokument\u00f3w dostarczonych przez belgijskich \u015bledczych do europarlamentarnej komisji sprawiedliwo\u015bci JURI, kt\u00f3ra ma zaopiniowa\u0107 wniosek o uchylenie immunitetu dw\u00f3m deputowanym&nbsp;\u2013 Markowi Tarabelli i Andrei Cozzolino \u2013 wynika, \u017ce Panzeri i belgijska prokuratura federalna podpisa\u0142y umow\u0119.<\/span><\/p>\n<p class=\"text--paragraph\" style=\"text-align: left;\"><span style=\"color: #000080;\">Zgodnie z dokumentem Panzeri \u201ezobowi\u0105zuje si\u0119 do udzielenia informacji \u015bledczym i wymiarowi sprawiedliwo\u015bci, w szczeg\u00f3lno\u015bci o: sposobie dzia\u0142ania, umowach finansowych z osobami trzecimi, utworzonych strukturach finansowych, ich beneficjentach i oferowanych korzy\u015bciach oraz udziale os\u00f3b znanych lub jeszcze nieznanych w sprawie, w tym o to\u017csamo\u015bci os\u00f3b, do kt\u00f3rych przekupienia si\u0119 przyznaje&#8221;. Umowa przewiduje \u201ekar\u0119 pozbawienia wolno\u015bci, grzywn\u0119 i konfiskat\u0119 wszystkich dotychczas zdobytych aktyw\u00f3w szacowanych obecnie na milion euro&#8221;, w tym 600 tys. zaj\u0119tych w got\u00f3wce w jego brukselskim domu.<\/span><\/p>\n<p style=\"text-align: left;\"><span style=\"color: #000080;\">Wprawdzie w umowie napisano o karze wi\u0119zienia, ale mia\u0142aby ona zosta\u0107 skr\u00f3cona do zaledwie jednego roku, a nawet zostawiono mo\u017cliwo\u015b\u0107 zamiany odsiadki na bransolet\u0119 elektroniczn\u0105. W normalnym trybie Panzeriemu grozi\u0142oby 10 lat odsiadki. Poza konfiskat\u0105 ca\u0142ego maj\u0105tku zdobytego w nieuczciwy spos\u00f3b Panzeri mia\u0142by zap\u0142aci\u0107 jeszcze mandat w wysoko\u015bci 80 tys. euro.<br \/>\n<\/span><\/p>\n<h4 class=\"text--title font-head-700\" style=\"text-align: left;\"><strong>Drugi &#8220;skruszony&#8221; w historii Belgii<\/strong><\/h4>\n<p class=\"text--paragraph\" style=\"text-align: left;\"><span style=\"color: #000080;\">Istnienie umowy potwierdzi\u0142a we wtorek po po\u0142udniu belgijska prokuratura, przekazuj\u0105c mediom notatk\u0119 z informacj\u0105, \u017ce by\u0142y europarlamentarzysta i by\u0142y szef DROI, czyli europarlamentarnej podkomisji praw cz\u0142owieka, zdecydowa\u0142 si\u0119 na przyznanie do winy i zamierza skorzysta\u0107 z belgijskiego prawa nosz\u0105cego w\u0142osk\u0105 nazw\u0119 Pentiti (Skruszeni). Przepisy wzorowane s\u0105 na w\u0142oskiej ustawie do walki z mafi\u0105, kt\u00f3ra przewiduje \u0142agodzenie kar mafiosom wsp\u00f3\u0142pracuj\u0105cym z prokuratur\u0105.<\/span><\/p>\n<p class=\"text--paragraph\" style=\"text-align: left;\"><span style=\"color: #000080;\">Beligijski wymiar sprawiedliwo\u015bci si\u0119ga po prawo o skruszonych dopiero drugi raz w historii. Po raz pierwszy prawo to zosta\u0142o wykorzystane w 2021 r., w \u015bledztwie dotycz\u0105cym afery korupcyjnej w belgijskiej pi\u0142ce no\u017cnej. Skruszonym wsp\u00f3\u0142pracownikiem wymiaru sprawiedliwo\u015bci zosta\u0142 w\u00f3wczas agent pi\u0142karski Dejan Veljkovic.<\/span><\/p>\n<h4 class=\"text--title font-head-700\" style=\"text-align: left;\">Panzeri&nbsp;obci\u0105\u017ca europos\u0142a Tarabell\u0119<\/h4>\n<p class=\"text--paragraph\" style=\"text-align: left;\"><span style=\"color: #000080;\">W\u015br\u00f3d dokument\u00f3w belgijskiej prokuratury towarzysz\u0105cych wnioskowi o odebranie immunitetu europos\u0142om Cozzolino i Tarabelli, znajduje si\u0119 raport, w kt\u00f3rym Panzeri przyznaje si\u0119, \u017ce zap\u0142aci\u0142 Tarabelli za wsp\u00f3\u0142prac\u0119 120-140 tys. euro w got\u00f3wce, w transzach po 20 tys. euro: \u201eGot\u00f3wka by\u0142a w papierowych workach (&#8230;). Przekazywali\u015bmy mu je w odst\u0119pach dwu-, trzymiesi\u0119cznych. Ostatni raz p\u00f3\u0142 roku temu&#8221; \u2013 zezna\u0142.<\/span><\/p>\n<p style=\"text-align: left;\"><span style=\"color: #000080;\">Panzeri i Tarabella byli przyjaci\u00f3\u0142mi, wsp\u00f3lnie kibicowali Interowi Mediolan, zasiadali razem przez 15 lat (2004-2019) w&nbsp;<a style=\"color: #000080;\" href=\"http:\/\/wyborcza.pl\/0,128956.html?tag=parlament+europejski#anchorLink\">Parlamencie Europejskim<\/a>&nbsp;w grupie Socjalist\u00f3w i Demokrat\u00f3w. Tarabella kontynuowa\u0142 karier\u0119 w europarlamencie, a Panzeri po pora\u017cce w wyborach za\u0142o\u017cy\u0142 w 2019 r. organizacj\u0119 pozarz\u0105dow\u0105 Fight Impunity. Mia\u0142a ona walczy\u0107 o prawa cz\u0142owieka, a jak uwa\u017caj\u0105 belgijscy \u015bledczy, w istocie s\u0142u\u017cy\u0142a do przyjmowania \u0142ap\u00f3wek z Kataru i Maroka w zamian za nielegalne lobbowanie za ich interesami w PE.<\/span><\/p>\n<p class=\"text--paragraph\" style=\"text-align: left;\"><span style=\"color: #000080;\">Tarabella, znany wcze\u015bniej z krytyki panuj\u0105cego w Katarze bezprawia w sferze swob\u00f3d obywatelskich, nagle 14 listopada, na kilka dni przed rozpocz\u0119ciem pi\u0142karskich mistrzostw \u015bwiata w tym kraju, wyst\u0105pi\u0142 na sesji DROI, prezentuj\u0105c pozytywn\u0105 opini\u0119 na temat Kataru. Jego wyst\u0105pieniu przys\u0142uchiwa\u0142 si\u0119 katarski minister pracy Ali Bin Samikh Al Marri, kt\u00f3rego zadaniem by\u0142o dbanie o dobry wizerunek kraju.<\/span><\/p>\n<p class=\"text--paragraph\" style=\"text-align: left;\"><span style=\"color: #000080;\">Je\u015bli chodzi o Cozzolino (by\u0142 cz\u0142onkiem podkomisji DROI, kt\u00f3rej w przesz\u0142o\u015bci przewodniczy\u0142 Panzeri), wniosek prokuratury belgijskiej m\u00f3wi&nbsp;og\u00f3lnikowo o \u201eudziale w organizacji przest\u0119pczej, korupcji i praniu pieni\u0119dzy&#8221;.<\/span><\/p>\n<h4 class=\"text--title font-head-700\" style=\"text-align: left;\"><strong><span style=\"color: #000080;\">Co z rodzin\u0105 Panzeriego?<\/span><\/strong><\/h4>\n<p class=\"text--paragraph\" style=\"text-align: left;\"><span style=\"color: #000080;\">\u2013 Jest zdruzgotany, przygn\u0119biony i chce si\u0119 wydosta\u0107 z tunelu \u2013 m\u00f3wi o Panzerim jego obro\u0144ca Laurent Kennes. Na umowie widnieje tak\u017ce jego podpis oraz Marka Uyttendaele, drugiego obro\u0144cy by\u0142ego eurodeputowanego.<\/span><\/p>\n<p class=\"text--paragraph\" style=\"text-align: left;\"><span style=\"color: #000080;\">Panzeri martwi si\u0119 nie tylko o w\u0142asny los, ale tak\u017ce o los \u017cony i c\u00f3rki. Obie, podobnie jak by\u0142y europose\u0142, zosta\u0142y aresztowane 9 grudnia. S\u0105 oskar\u017cone o \u015bwiadome czerpanie zysk\u00f3w z dzia\u0142alno\u015bci korupcyjnej Panzeriego. Konta ca\u0142ej tr\u00f3jki zosta\u0142y zamro\u017cone. Obie kobiety przebywaj\u0105 w areszcie domowym w Lombardii. Rz\u0105d w\u0142oski wyda\u0142 zgod\u0119 na ich ekstradycj\u0119 do Belgii, gdzie trafi\u0105 do wi\u0119zienia w Haren.<\/span><\/p>\n<p class=\"text--paragraph\" style=\"text-align: left;\"><span style=\"color: #000080;\">Silvia Panzeri, c\u00f3rka europos\u0142a, jest adwokatk\u0105. Jak ustali\u0142a w\u0142oska prasa, otrzymywa\u0142a comiesi\u0119czne wyp\u0142aty z dw\u00f3ch organizacji pozarz\u0105dowych dzia\u0142aj\u0105cych na rzecz praw cz\u0142owieka \u2013 w\u0142oskiej No Peace Without Justice (jej szef Niccol\u00f2 Fig\u00e0-Talamanca r\u00f3wnie\u017c przebywa w wi\u0119zieniu od 9 grudnia) oraz&nbsp;\u2013 rzadziej \u2013 od ameryka\u0144skiej Human Rights Foundation.<\/span><\/p>\n<p class=\"text--paragraph\" style=\"text-align: left;\"><span style=\"color: #000080;\">Inny z aresztowanych&nbsp;\u2013 Francesco Giorgi (m\u0105\u017c&nbsp;<a id=\"LinkArea:embed_link\" class=\"text--link \" style=\"color: #000080;\" title=\"tak\u017ce zatrzymanej w ramach Katargate wiceprzewodnicz\u0105cej Europarlamentu Evy Kaili\" href=\"https:\/\/wyborcza.pl\/7,75399,29352272,katargate-szefowa-podkomisji-praw-czlowieka-w-pe-zlozyla-rezygnacje.html#S.embed_link-K.C-B.1-L.1.zw\" rel=\"dofollow\">tak\u017ce zatrzymanej w ramach Katargate wiceprzewodnicz\u0105cej Europarlamentu Evy Kaili<\/a>, by\u0142y asystent w PE najpierw Panzeriego, a potem Cozzolino) \u2013 wyjawi\u0142 \u015bledczym, \u017ce Panzeri za\u0142o\u017cy\u0142 NGO Fight Impunity, \u017ceby przejmowa\u0107 pieni\u0105dze z Kataru. Pomys\u0142 ten mia\u0142 mu podsun\u0105\u0107 Bettahar Boudjellal, zwany \u201eAlgierczykiem&#8221;, asystent Aliego Bin Samikh Al Marriego. By skuteczniej przykry\u0107 proceder, pieni\u0105dze do Fight Impunity nie sz\u0142y bezpo\u015brednio z Kataru, lecz najpewniej poprzez Human Rights Foundation. Giorgi zastrzega, \u017ce nie ma dowod\u00f3w, i\u017c ameryka\u0144ska fundacja otrzymywa\u0142a pieni\u0105dze z Kataru. \u201eAnaliza ruch\u00f3w na kontach rodziny Panzeri zdaje si\u0119 potwierdza\u0107, i\u017c jest to s\u0142uszny trop&#8221;, zauwa\u017ca jednak \u201eLa Repubblica&#8221;.<\/span><\/p>\n<hr style=\"height: 15px; background: #d0e6fa; width: 100%;\">\n<div id=\"content\" class=\"content-alignment\">\n<div id=\"watch-description\" class=\"yt-uix-button-panel\">\n<div id=\"watch-description-text\" style=\"text-align: center;\">\n<p><em>Zawarto\u015b\u0107 publikowanych artyku\u0142\u00f3w i materia\u0142\u00f3w nie reprezentuje pogl\u0105d\u00f3w ani opinii Reunion&#8217;68,<\/em><em><br \/>\nani te\u017c webmastera Blogu Reunion&#8217;68, chyba ze jest to wyra\u017anie zaznaczone.<br \/>\nTwoje uwagi, linki, w\u0142asne artyku\u0142y lub wiadomo\u015bci prze\u015blij na adres:<br \/>\n<\/em><span style=\"color: #000080;\"><strong><em><a style=\"color: #000080;\" href=\"mailto:webmaster@reunion68.com\"><span style=\"text-decoration: underline;\">webmaster@reunion68.com<\/span><\/a><\/em><\/strong><\/span><\/p>\n<\/div>\n<\/div>\n<\/div>\n<hr style=\"width: 100%;\">\n","protected":false},"excerpt":{"rendered":"<p>Antonio Panzeri, 26 marca 2019 r. (Marc Dossman\/European Parliament via AP) G\u0142\u00f3wny podejrzany w Katargate zawar\u0142 umow\u0119 z belgijsk\u0105 prokuratur\u0105. Mo\u017ce liczy\u0107 na minimaln\u0105 kar\u0119 Bartosz Hlebowicz Antonio Panzeri, najwa\u017cniejszy \u0142\u0105cznik katarskiego i maroka\u0144skiego rz\u0105du w Parlamencie Europejskim, przyznaje si\u0119 do skorumpowania europos\u0142a, podaje konkretne sumy i opisuje mechanizm ich przekazywania. Obiecuje szerok\u0105 wsp\u00f3\u0142prac\u0119 z [&hellip;]<\/p>\n","protected":false},"author":1,"featured_media":0,"comment_status":"closed","ping_status":"closed","sticky":false,"template":"","format":"standard","meta":[],"categories":[6],"tags":[26,24],"_links":{"self":[{"href":"https:\/\/www.reunion68.se\/index.php?rest_route=\/wp\/v2\/posts\/101434"}],"collection":[{"href":"https:\/\/www.reunion68.se\/index.php?rest_route=\/wp\/v2\/posts"}],"about":[{"href":"https:\/\/www.reunion68.se\/index.php?rest_route=\/wp\/v2\/types\/post"}],"author":[{"embeddable":true,"href":"https:\/\/www.reunion68.se\/index.php?rest_route=\/wp\/v2\/users\/1"}],"replies":[{"embeddable":true,"href":"https:\/\/www.reunion68.se\/index.php?rest_route=%2Fwp%2Fv2%2Fcomments&post=101434"}],"version-history":[{"count":9,"href":"https:\/\/www.reunion68.se\/index.php?rest_route=\/wp\/v2\/posts\/101434\/revisions"}],"predecessor-version":[{"id":101449,"href":"https:\/\/www.reunion68.se\/index.php?rest_route=\/wp\/v2\/posts\/101434\/revisions\/101449"}],"wp:attachment":[{"href":"https:\/\/www.reunion68.se\/index.php?rest_route=%2Fwp%2Fv2%2Fmedia&parent=101434"}],"wp:term":[{"taxonomy":"category","embeddable":true,"href":"https:\/\/www.reunion68.se\/index.php?rest_route=%2Fwp%2Fv2%2Fcategories&post=101434"},{"taxonomy":"post_tag","embeddable":true,"href":"https:\/\/www.reunion68.se\/index.php?rest_route=%2Fwp%2Fv2%2Ftags&post=101434"}],"curies":[{"name":"wp","href":"https:\/\/api.w.org\/{rel}","templated":true}]}}