{"id":101436,"date":"2023-01-19T17:09:07","date_gmt":"2023-01-19T15:09:07","guid":{"rendered":"http:\/\/www.reunion68.se\/?p=101436"},"modified":"2023-01-19T11:27:59","modified_gmt":"2023-01-19T09:27:59","slug":"25-05-78","status":"publish","type":"post","link":"https:\/\/www.reunion68.se\/?p=101436","title":{"rendered":"Szpiedzy, walizki z pieni\u0119dzmi, tajne spotkania i sie\u0107 powi\u0105za\u0144. Wielkie \u015bledztwo ws. korupcji w europarlamencie [LE SOIR]"},"content":{"rendered":"<h5 style=\"text-align: center;\"><a href=\"https:\/\/wyborcza.pl\/\" target=\"_blank\" rel=\"noopener noreferrer\"><img decoding=\"async\" class=\"center alignleft\" src=\"http:\/\/www.reunion68.com\/Biuletyn\/img\/wyborcza.png\" alt=\"\" width=\"35%\"><\/a><span style=\"text-decoration: underline; color: #000080;\"><strong><a style=\"color: #000080; text-decoration: underline;\" href=\"https:\/\/wyborcza.pl\/7,179012,29355314,szpiedzy-walizki-z-pieniedzmi-tajne-spotkania-co-wynika-ze.html#S.embed_article-K.C-B.1-L.1.zw\" target=\"_blank\" rel=\"noopener noreferrer\">Szpiedzy, walizki z pieni\u0119dzmi, tajne spotkania i sie\u0107 powi\u0105za\u0144. Wielkie \u015bledztwo ws. korupcji w europarlamencie [LE SOIR]<\/a><\/strong><\/span><\/h5>\n<p style=\"text-align: center;\"><span style=\"color: #000000;\"><strong>Jo\u00ebl Matriche Louis Colart Le Soir<\/strong><\/span><\/p>\n<hr style=\"height: 15px; background: #d0e6fa; width: 100%;\">\n<h4 style=\"text-align: center;\"><span style=\"color: #808080;\"><strong><span style=\"text-align: left;\">Miesi\u0105c po wybuchu korupcyjnego skandalu, gdy okaza\u0142o si\u0119, \u017ce Maroko i Katar przekazuj\u0105 urz\u0119dnikom Parlamentu Europejskiego i lobbystom walizki z kas\u0105, Bruksela pr\u00f3buje oszacowa\u0107 skal\u0119 tej szokuj\u0105cej korupcji.<\/span><\/strong><\/span><\/h4>\n<p><img decoding=\"async\" class=\"aligncenter\" src=\"https:\/\/bi.im-g.pl\/im\/6\/23310\/m23310286,LE-SOIR.png\" alt=\"embed\"><\/p>\n<p class=\"text--paragraph\" style=\"text-align: left;\"><span style=\"color: #000080;\">S\u0105dowe \u015bledztwo dopiero si\u0119 rozpocz\u0119\u0142o \u2013 wobec dwojga europos\u0142\u00f3w, m.in. Belga Marca Tarabelli, zawnioskowano o uchylenie immunitetu.<\/span><\/p>\n<p class=\"text--paragraph\" style=\"text-align: left;\"><span style=\"color: #000080;\">Nasza szczeg\u00f3\u0142owa relacja przedstawia \u015bledztwo rozpocz\u0119te ju\u017c we wrze\u015bniu 2022 r. Opiera si\u0119 na wielu zeznaniach, dokumentach i poufnych relacjach z naszych \u017ar\u00f3de\u0142.<\/span><\/p>\n<h4 class=\"text--title font-head-700\" style=\"text-align: left;\"><strong>Rozdzia\u0142 pierwszy. Kod \u201eMezzo&#8221;<\/strong><\/h4>\n<p class=\"text--paragraph\" style=\"text-align: left;\"><span style=\"color: #000080;\">Wiosna 2022. Grupa agent\u00f3w s\u0142u\u017cb bezpiecze\u0144stwa wkracza dyskretnie do siedmiopi\u0119trowego budynku w Schaerbeek w Brukseli, p\u00f3\u0142 kilometra od Reyers Tower. Mieszkanie nale\u017cy do w\u0142oskiego ekspolityka Piera Antonia Panzeriego. Agenci wiedz\u0105, \u017ce nie ma go w domu.<\/span><\/p>\n<p class=\"text--paragraph\" style=\"text-align: left;\"><span style=\"color: #000080;\">Pod \u0142\u00f3\u017ckiem znajduj\u0105 czarn\u0105 walizk\u0119, a w niej cztery czerwone torby sieci\u00f3wki C&amp;A i plastikow\u0105 torb\u0119 z Carrefoura, w \u015brodku dok\u0142adnie 7601 banknot\u00f3w o nominale 50 euro, razem 380 050 euro. Bingo!<\/span><\/p>\n<p class=\"text--paragraph\" style=\"text-align: left;\"><span style=\"color: #000080;\">Ale to nie wszystko. W szafie Panzeri mia\u0142 sejf z cyfrowym zamkiem. Agenci znale\u017ali tam ksi\u0105\u017ck\u0119, DVD i pude\u0142ko, a tak\u017ce pliki banknot\u00f3w w wysokich nomina\u0142ach, kolejne 320 tys. euro. Sfotografowali wszystko, zatarli \u015blady swojego wtargni\u0119cia i wyszli.<\/span><\/p>\n<p style=\"text-align: center;\"><img decoding=\"async\" class=\"aligncenter\" src=\"https:\/\/bi.im-g.pl\/im\/97\/e5\/1b\/z29252247IH,Byly-europosel-Pier-Antonio-Panzeri-podczas-sesji-.jpg\" width=\"100%\"><span style=\"color: #808080;\"><em>By\u0142y europose\u0142 Pier Antonio Panzeri podczas sesji plenarnej Parlamentu Europejskiego w Strasburgu, 26 marca 2019 r. MARC DOSSMANN \/ MARC DOSSMANN\/AFP\/East News<\/em><\/span><\/p>\n<p class=\"text--paragraph\" style=\"text-align: left;\"><span style=\"color: #000080;\">Agenci dostali na przeszukanie zgod\u0119 trzech s\u0119dzi\u00f3w Komisji BIM monitoruj\u0105cej wykorzystanie \u201especjalnych metod wywiadowczych&#8221; w ramach wszcz\u0119tego w 2021 r. \u015bledztwa w sprawie ingerencji obcego pa\u0144stwa \u2013 wedle \u201ebardzo wiarygodnych&#8221; informacji przekazanych Belgom przez zaprzyja\u017aniony europejski wywiad, osoby zbli\u017cone do&nbsp;<a style=\"color: #000080;\" href=\"http:\/\/wyborcza.pl\/0,128956.html?tag=parlament+europejski#anchorLink\">Parlamentu Europejskiego<\/a>&nbsp;mia\u0142y zosta\u0107 przekupione przez maroka\u0144skie s\u0142u\u017cby specjalne, DGED, \u017ceby potajemnie wp\u0142ywa\u0107 na deklaracje i rezolucje PE. Uda\u0142o im si\u0119 nawet doprowadzi\u0107 do wprowadzenia pewnych europos\u0142\u00f3w do pewnych komisji.<\/span><\/p>\n<p class=\"text--paragraph\" style=\"text-align: left;\"><span style=\"color: #000080;\">W tym \u015bledztwie S\u00fbret\u00e9 wsp\u00f3\u0142pracuje z pewnym europejskim wywiadem, a tak\u017ce z czterema innymi s\u0142u\u017cbami specjalnymi.<\/span><\/p>\n<p class=\"text--paragraph\" style=\"text-align: left;\"><span style=\"color: #000080;\">Po tajnej operacji w domu Panzeriego S\u00fbret\u00e9 przekaza\u0142a wyniki Komisji BIM. 26 kwietnia 2022 komisja przes\u0142a\u0142a do prokuratury odtajniony siedmiostronicowy raport. \u201eW ramach dochodzenia wywiadowczego agenci s\u0142u\u017cb przeszukali dom W\u0142ocha Piera Antonia Panzeriego&#8221; \u2013 poinformowa\u0142 prokuratora federalnego Jean-Claude Claeys, szef Komisji BIM. \u201eTo by\u0142y cz\u0142onek PE, obecnie lobbysta w instytucjach europejskich&#8221;. Claeys opisuje wyniki dzia\u0142a\u0144 S\u00fbret\u00e9, wskazuj\u0105c na \u201epowa\u017cne przes\u0142anki, a przynajmniej uzasadnione podejrzenia&#8221;, \u017ce Panzeri jest uwik\u0142any w pranie brudnych pieni\u0119dzy.<\/span><\/p>\n<h4 class=\"text--question font-head-500\" style=\"text-align: left;\"><strong>Pralnia w sercu UE<\/strong><\/h4>\n<p class=\"text--paragraph\" style=\"text-align: left;\"><span style=\"color: #000080;\">\u2013 Ja sam nie mog\u0119 komentowa\u0107 \u015bledztwa \u2013 zaznaczy\u0142 w rozmowie z nami Claeys. \u2013 Nie odpowiem te\u017c na pytanie, czy S\u00fbret\u00e9 z\u0142o\u017cy\u0142o w tej sprawie not\u0119 organom s\u0105dowym. Mog\u0119 natomiast potwierdzi\u0107, \u017ce Komisja BIM odtajni raport, je\u015bli dzia\u0142ania wywiadowcze potwierdz\u0105 podejrzenia lub przes\u0142anki zaistnienia przest\u0119pstwa. Odk\u0105d w 2016 r. zosta\u0142em przewodnicz\u0105cym komisji, zdarzy\u0142o si\u0119 to ju\u017c kilkadziesi\u0105t razy. A wi\u0119c nie jest to a\u017c taki wyj\u0105tek. I \u017ceby by\u0142o jasne: protok\u00f3\u0142 \u015bledztwa to tylko materia\u0142 dowodowy, nie wystarczy, \u017ceby kogo\u015b skaza\u0107 w s\u0105dzie. To do organ\u00f3w wymiaru sprawiedliwo\u015bci nale\u017cy zebranie wszystkich niezb\u0119dnych materia\u0142\u00f3w.<\/span><\/p>\n<p class=\"text--paragraph\" style=\"text-align: left;\"><span style=\"color: #000080;\">Na podstawie raportu Komisji BIM 12 lipca 2022 prokuratura wszcz\u0119\u0142a \u015bledztwo w sprawie \u201eorganizacji przest\u0119pczej&#8221;. Prokurator&nbsp;Fr\u00e9d\u00e9ric Van Leeuw poprosi\u0142 S\u00fbret\u00e9 o przes\u0142anie wszystkich istotnych informacji. Otrzyma\u0142 pi\u0119tnastostronicowy dokument z nadrukiem \u201epilne&#8221;. Temat: \u201eInfiltracja Parlamentu Europejskiego&#8221;.<\/span><\/p>\n<p class=\"text--paragraph\" style=\"text-align: left;\"><span style=\"color: #000080;\">Dokument opisuje \u201esie\u0107 ingeruj\u0105c\u0105 w dzia\u0142alno\u015b\u0107 instytucji europejskich w imieniu Maroka, a tak\u017ce Kataru za po\u015brednictwem os\u00f3b zajmuj\u0105cych kluczowe stanowiska w instytucjach europejskich, przede wszystkim w PE&#8221;. Analizuje te\u017c funkcjonowanie i sk\u0142ad owej sieci, \u201ea tak\u017ce przes\u0142anki pozwalaj\u0105ce m\u00f3wi\u0107 o korupcji, praniu brudnych pieni\u0119dzy i ingerencji w dzia\u0142ania unijnych instytucji&#8221;.<\/span><\/p>\n<p class=\"text--paragraph\" style=\"text-align: left;\"><span style=\"color: #000080;\">Prokuratura powierzy\u0142a dochodzenie brukselskiemu s\u0119dziemu \u015bledczemu Michelowi Claise i Centralnemu Biuru do spraw Zwalczania Korupcji, OCRC \u2013 wyspecjalizowanej jednostce policji. W raporcie OCRC z 15 lipca 2022 znalaz\u0142y si\u0119 dodatkowe informacje na temat Panzeriego i dziesi\u0119ciu innych os\u00f3b, wraz z wnioskiem o zainstalowanie pods\u0142uchu telefonicznego.<\/span><\/p>\n<p class=\"text--paragraph\" style=\"text-align: left;\"><span style=\"color: #000080;\">Sprawa nosi\u0142a kryptonim \u201eMezzo&#8221; i by\u0142a na tyle delikatna, \u017ce pocz\u0105tkowo wiedzia\u0142a o niej ledwie garstka s\u0119dzi\u00f3w i agent\u00f3w. W j\u0119zyku s\u0142u\u017cb m\u00f3wi si\u0119 w tej sytuacji o \u201eembargu&#8221; \u2013 pierwszych raport\u00f3w nie w\u0142\u0105czano do policyjnej bazy danych, \u017ceby zapobiec przeciekom. Na wszelki wypadek, dla zabezpieczenia si\u0119 przed infiltracj\u0105, \u015bledczy kodowali podejrzanych kolorami. W tak grz\u0105skim terenie musieli porusza\u0107 si\u0119 ostro\u017cnie i liczy\u0107 si\u0119 z immunitetem potencjalnie zamieszanych w spraw\u0119 europos\u0142\u00f3w.<\/span><\/p>\n<h4 class=\"text--title font-head-700\" style=\"text-align: left;\"><strong>Rozdzia\u0142 drugi. Szpiedzy i podarki<\/strong><\/h4>\n<p class=\"text--paragraph\" style=\"text-align: left;\"><span style=\"color: #000080;\">Jest czerwiec 2022. \u017bona Panzeriego, Maria Colleoni, odwiedza Maroko. Podejmuje j\u0105 tam Abderrahim Atmoun, \u00f3wczesny ambasador kr\u00f3lestwa w Polsce i domniemany sponsor maroka\u0144skiej sieci wp\u0142ywu. Colleoni dzwoni do m\u0119\u017ca, a rozmow\u0119 nagrywa S\u00fbret\u00e9.<\/span><\/p>\n<p class=\"text--paragraph\" style=\"text-align: left;\"><span style=\"color: #000080;\">Posz\u0142o naprawd\u0119 dobrze, byli\u015bmy traktowani jak VIP-y&#8221; \u2013 opowiada. \u201ePoszli\u015bmy do Atmouna na kaw\u0119&#8221;.<\/span><\/p>\n<p class=\"text--paragraph\" style=\"text-align: left;\"><span style=\"color: #000080;\">Jej m\u0105\u017c niepokoi si\u0119, pyta, czy widzia\u0142a pude\u0142ka. Ona uspokaja \u2013 tak, nasz przyjaciel ambasador otworzy\u0142 dwa i pozwoli\u0142 zerkn\u0105\u0107 na zawarto\u015b\u0107. Potem, jak si\u0119 wyrazi\u0142a, dorzuci\u0142 to i owo do torby, m\u00f3wi\u0105c: \u201ePowiedz, \u017ce to prezent od Atmouna&#8221;.<\/span><\/p>\n<blockquote class=\"text--quote font-quotation-500\"><p><strong>Kr\u00f3tka rozmowa elektryzuje s\u0142u\u017cby \u2013 czy Panzeri wykorzysta\u0142 sw\u00f3j osobisty czar, tak do niedawna chwalony przez przyjaci\u00f3\u0142 z Parlamentu Europejskiego, \u017ceby dla krociowych zysk\u00f3w promowa\u0107 obce interesy w samym sercu europejskiej demokracji?<\/strong><\/p><\/blockquote>\n<h4 class=\"text--question font-head-500\" style=\"text-align: left;\"><strong>Cenny \u0142\u0105cznik<\/strong><\/h4>\n<p class=\"text--paragraph\" style=\"text-align: left;\"><span style=\"color: #000080;\">Przyja\u017a\u0144 maroka\u0144skiego dyplomaty z rodzin\u0105 Panzeriego si\u0119ga roku 2009, kiedy to w\u0142oski socjalista zosta\u0142 wybrany na kolejn\u0105 kadencj\u0119 do Parlamentu Europejskiego i delegowany do przewodniczenia komisji ds. stosunk\u00f3w z krajami Maghrebu oraz wsp\u00f3\u0142przewodniczenia, wraz z Abderrahimem Atmounem, komisji wsp\u00f3lnej parlamentarnej UE &#8211; Maroko. Innymi s\u0142owy, Panzeri by\u0142 w Rabacie \u2013 bardziej ni\u017c ktokolwiek inny \u2013 twarz\u0105 europejskiej dyplomacji, kim\u015b, kogo lepiej mie\u0107 za przyjaciela ni\u017c wroga. Albo, w bardziej dyplomatycznym j\u0119zyku, jak to zosta\u0142o podsumowane w \u201ewyciek\u0142ej&#8221; nocie dyplomatycznej misji UE w Rabacie z pa\u017adziernika 2011, Panzeri \u201emo\u017ce by\u0107 mocnym sojusznikiem albo gro\u017anym wrogiem&#8221;.<\/span><\/p>\n<p class=\"text--paragraph\" style=\"text-align: left;\"><span style=\"color: #000080;\">Celem owej noty by\u0142o przygotowanie wizyty, kt\u00f3r\u0105 pose\u0142 S&amp;D (frakcji Post\u0119powego Sojuszu Socjalist\u00f3w i Demokrat\u00f3w w Parlamencie Europejskim) mia\u0142 z\u0142o\u017cy\u0107 w krajach \u015br\u00f3dziemnomorskich. Zaplanowano trudny przystanek w Tinduf, gdzie ulokowane by\u0142y obozy saharyjskich uchod\u017ac\u00f3w. Sk\u0105din\u0105d konieczny, by potwierdzi\u0107 wiarygodno\u015b\u0107 Panzeriego wobec Algierii i Frontu Polisario (organizacji niepodleg\u0142o\u015bciowej w Saharze Zachodniej) i uprzedzi\u0107 ich zarzuty o \u201epromaroka\u0144sko\u015b\u0107&#8221;, o czym przestrzeg\u0142y unijne s\u0142u\u017cby w Maroku.<\/span><\/p>\n<p class=\"text--paragraph\" style=\"text-align: left;\"><span style=\"color: #000080;\">W innej depeszy, z 2013 r., maroka\u0144ska misja dyplomatyczna w Brukseli sugeruje swojemu rz\u0105dowi wiele dzia\u0142a\u0144 mog\u0105cych przeciwdzia\u0142a\u0107 \u201erosn\u0105cej aktywno\u015bci naszych przeciwnik\u00f3w w PE&#8221;, a w szczeg\u00f3lno\u015bci raportowi, kt\u00f3ry \u00f3wczesny brytyjski eurodeputowany Charles Tannock przygotowywa\u0142 na temat przestrzegania praw cz\u0142owieka w Saharze Zachodniej. Przewiduj\u0105c kilka strategii lobbingowych, misja zamierza \u201eskoordynowa\u0107 dzia\u0142ania z przewodnicz\u0105cym delegacji ds. Maghrebu w PE Panzerim, bliskim przyjacielem Maroka, co pozwoli zapobiec szkodliwym dzia\u0142aniom Tannocka&#8221;.<\/span><\/p>\n<blockquote class=\"text--quote font-quotation-500\"><p><strong>W lipcu 2014 Panzeri zosta\u0142 uhonorowany przez kr\u00f3la Mohammeda VI orderem Wissam Alaoui trzeciej klasy. Tego samego dnia dosta\u0142 go te\u017c jego przyjaciel Abderrahim Atmoun.<\/strong><\/p><\/blockquote>\n<p class=\"text--paragraph\" style=\"text-align: left;\"><span style=\"color: #000080;\">Przes\u0142uchany 10 grudnia przez s\u0119dziego Michela Claise&#8217;a Panzeri zaprzeczy\u0142, jakoby by\u0142 podw\u00f3jnym agentem, twierdz\u0105c, \u017ce nigdy jako wybrany w wyborach urz\u0119dnik nie zaprzeda\u0142 si\u0119 krajom trzecim. P\u0142atne zlecenia od Maroka\u0144czyk\u00f3w przyj\u0105\u0142 &#8211; jak twierdzi &#8211; ju\u017c po wyga\u015bni\u0119ciu swej trzeciej kadencji w 2019 r.: \u201eUmowa przewidywa\u0142a 50 tys. euro za dzia\u0142ania na rzecz przeciwdzia\u0142ania uchwa\u0142om przeciwko temu krajowi. To porozumienie zosta\u0142o zawarte w Maroku i w jakim\u015b sensie by\u0142o i jest kontynuowane za po\u015brednictwem obecnego ambasadora Maroka w Warszawie&#8221;.<\/span><\/p>\n<h4 class=\"text--question font-head-500\" style=\"text-align: left;\"><strong>\u201eCzuj\u0119 si\u0119 d\u0142u\u017cnikiem&#8221;<\/strong><\/h4>\n<p class=\"text--paragraph\" style=\"text-align: left;\"><span style=\"color: #000080;\">\u015aledczy zbadali histori\u0119 jego przyja\u017ani z Francesco Giorgim, kolejnym podejrzanym o czerpanie z maroka\u0144skiej, katarskiej i maureta\u0144skiej kasy. Jako&nbsp; absolwent nauk politycznych Uniwersytetu Mediola\u0144skiego Giorgi zapisa\u0142 si\u0119 na Universit\u00e9 Libre de Bruxelles jako stypendysta i rozpocz\u0105\u0142 sta\u017c w Parlamencie Europejskim. Pozna\u0142 tam Greczynk\u0119 Ev\u0119 Kaili, swoj\u0105 przysz\u0142\u0105 partnerk\u0119, ale tak\u017ce Antonia Panzeriego \u2013 na pocz\u0105tku swej drugiej kadencji pi\u0119\u0107dziesi\u0119cioletni europose\u0142 zaprzyja\u017ani\u0142 si\u0119 z m\u0142odym rodakiem i poliglot\u0105 \u2013 sam Panzeri m\u00f3wi tylko po w\u0142osku \u2013 i specjali\u015bcie od stosunk\u00f3w mi\u0119dzynarodowych. Stali si\u0119 nieroz\u0142\u0105czni.<\/span><\/p>\n<p class=\"text--paragraph\" style=\"text-align: left;\"><span style=\"color: #000080;\">Kiedy w 2019 r. Panzeri opu\u015bci\u0142 PE, Giorgi zosta\u0142 asystentem innego eurodeputowanego, Andrei Cozzolino, jednocze\u015bnie wspieraj\u0105c by\u0142ego szefa w uruchomieniu i zarz\u0105dzaniu Fight Impunity (brukselska NGO powo\u0142ana do zbierania &#8211; uwaga &#8211; katarskich funduszy): \u201ePanzeri zaoferowa\u0142 mi pierwsz\u0105 prac\u0119, czu\u0142em si\u0119 jego d\u0142u\u017cnikiem&#8221; \u2013 t\u0142umaczy\u0142 Giorgi policji. \u201eBola\u0142a go pora\u017cka w wyborach, ale pozwoli\u0142 mi skorzysta\u0107 ze swoich kontakt\u00f3w, kt\u00f3re przyda\u0142y si\u0119 w mojej pracy&#8221;.<\/span><\/p>\n<p class=\"text--paragraph\" style=\"text-align: left;\"><span style=\"color: #000080;\">Praca ta polega\u0142a na doradzaniu Andrei Cozzolino, od 2009 r. europos\u0142owi z ramienia S&amp;D i nast\u0119pcy Panzeriego na czele delegacji ds. Maghrebu i komisji wsp\u00f3lnej. We wniosku o uchylenie immunitetu, kt\u00f3ry belgijski wymiar sprawiedliwo\u015bci przes\u0142a\u0142 niedawno prezydium PE, cytuje si\u0119 wielokrotnie raport przekazany latem ubieg\u0142ego roku przez S\u00fbret\u00e9 s\u0105dom.<\/span><\/p>\n<p class=\"text--paragraph\" style=\"text-align: left;\"><span style=\"color: #000080;\">Wed\u0142ug belgijskich s\u0142u\u017cb Cozzolino mia\u0142 przynajmniej raz spotka\u0107 si\u0119 z szefem maroka\u0144skich s\u0142u\u017cb wywiadowczych \u2013 jesieni\u0105 2019. Kolejne spotkanie, tym razem w towarzystwie Panzeriego i ambasadora Maroka w Polsce, mia\u0142o odby\u0107 si\u0119 w Warszawie. Czy to wystarczy\u0142o, by dawny w\u0142oski komunista przeszed\u0142 na ciemn\u0105 stron\u0119 mocy? Panzeri od grudnia energicznie zaprzecza, jakoby zrobi\u0142 cokolwiek nielegalnego, i chce s\u0105dowego przes\u0142uchania. Belgijski wywiad podejrzewa go jednak o to, \u017ce na maroka\u0144skie zlecenie uda\u0142o mu si\u0119 spenetrowa\u0107 komisj\u0119 \u015bledcz\u0105 powo\u0142an\u0105 ws. Pegasusa przez PE w marcu 2022, celem zbadania, jak to oprogramowanie szpiegowskie wykorzystano w Europie.<\/span><\/p>\n<p class=\"text--paragraph\" style=\"text-align: left;\"><span style=\"color: #000080;\">Panzeri, kt\u00f3ry m\u00f3wi tylko po w\u0142osku, szukaj\u0105c wp\u0142yw\u00f3w w PE i pomocnik\u00f3w, zwr\u00f3ci\u0142 si\u0119 przede wszystkim do rodak\u00f3w \u2013 urz\u0119dnik\u00f3w, a nawet parlamentarzyst\u00f3w. Jak wynika z akt, za wszystkim sta\u0142 zaprzyja\u017aniony dyplomata Abderrahim Atmoun i domniemani zleceniodawcy z maroka\u0144skiej bezpieki. Chodzi o kieruj\u0105cego od 2005 r. maroka\u0144skim wywiadem Yassine&#8217;a Mansouriego i Mohameda Belharache&#8217;a, szpiega poszukiwanego przez francuskie w\u0142adze, kt\u00f3ry w 2016 r. zwerbowa\u0142 agenta stra\u017cy granicznej na lotnisku Orly i zdoby\u0142 blisko dwie\u015bcie tzw. kart S dotycz\u0105cych podejrzanych radyka\u0142\u00f3w.&nbsp;<\/span><\/p>\n<p><iframe loading=\"lazy\" class=\"kumu\" src=\"https:\/\/embed.kumu.io\/2c638ad0df543efdd7982d48659e25a3\" width=\"700px\" height=\"900\" frameborder=\"0\" data-mce-fragment=\"1\"><\/iframe><\/p>\n<h4 class=\"text--title font-head-700\" style=\"text-align: left;\"><strong>Rozdzia\u0142 trzeci. \u201eJakby\u015bmy grali w Ocean&#8217;s Eleven&#8221;<\/strong><\/h4>\n<p class=\"text--paragraph\" style=\"text-align: left;\"><span style=\"color: #000080;\">Scena w brukselskim mieszkaniu Antonia Panzeriego. On sam podejmuje go\u015bcia. \u015amiej\u0105 si\u0119. Za kilka tygodni go\u015b\u0107 Panzeriego, Luca Visentini, zostanie wybrany na sekretarza generalnego Mi\u0119dzynarodowej Konfederacji Zwi\u0105zk\u00f3w Zawodowych (ITUC). By\u0142 to punkt zwrotny w jego karierze, pod\u00f3wczas szefa europejskiej konfederacji zwi\u0105zk\u00f3w zawodowych.<\/span><\/p>\n<p class=\"text--paragraph\" style=\"text-align: left;\"><span style=\"color: #000080;\">Jednej rzeczy nie wiedzieli \u2013 \u017ce s\u0142u\u017cby par\u0119 miesi\u0119cy wcze\u015bniej za\u0142o\u017cy\u0142y im pods\u0142uch.<\/span><\/p>\n<blockquote class=\"text--quote font-quotation-500\">\n<p style=\"text-align: left;\"><strong>\u201eJakby\u015bmy grali w Ocean&#8217;s Eleven&#8221; \u2013 komentuje Visentini, kiedy Panzeri wr\u0119cza mu torb\u0119 z kas\u0105. \u201eOd \u015awi\u0119tego Miko\u0142aja&#8221; \u2013 \u017cartuje.<\/strong><\/p>\n<\/blockquote>\n<p class=\"text--paragraph\" style=\"text-align: left;\"><span style=\"color: #000080;\">Par\u0119 tygodni p\u00f3\u017aniej przes\u0142uchiwany przez mniej skorego do \u017cart\u00f3w s\u0119dziego \u015bledczego Visentini wyja\u015bnia: \u201ePieni\u0105dze by\u0142y w torbach ze \u015bw. Miko\u0142ajem. To mia\u0142 by\u0107 dowcip&#8221;. Osoba wybrana 20 listopada na szefa ITUC przyznaje, \u017ce \u201eotrzymywanie pieni\u0119dzy w got\u00f3wce&#8221; jest \u201enie do ko\u0144ca normalne&#8221;. \u201eZdarza si\u0119 jednak do\u015b\u0107 cz\u0119sto, \u017ce w mi\u0119dzynarodowym zwi\u0105zku zawodowym niekt\u00f3rych p\u0142atno\u015bci dokonuje si\u0119 w got\u00f3wce, w przypadku gdy pieni\u0105dze zosta\u0142y zebrane przez organizacje pozarz\u0105dowe spoza zwi\u0105zku&#8221; \u2013 usprawiedliwia\u0142 si\u0119 Visentini. Kr\u00f3tko m\u00f3wi\u0105c, my\u015bla\u0142, \u017ce otrzymuje darowizn\u0119 od stowarzyszenia zajmuj\u0105cego si\u0119 prawami cz\u0142owieka, Fight Impunity, z kt\u00f3rym nie tak dawno temu wsp\u00f3\u0142pracowa\u0142.<\/span><\/p>\n<p class=\"text--paragraph\" style=\"text-align: left;\"><span style=\"color: #000080;\">Mowa o nieca\u0142ych 50 tys. euro w got\u00f3wce. Na swoj\u0105 obron\u0119 Visentini m\u00f3wi, \u017ce pieni\u0105dze te, kt\u00f3re przesz\u0142y przez jego osobiste konta, zosta\u0142y nast\u0119pnie wyp\u0142acone ITUC i jej m\u0142odszej europejskiej organizacji siostrzanej \u2013 23 tys. dla pierwszej, 13 tys. dla drugiej. Finansowano z nich jego kampani\u0119 wyborcz\u0105 oraz \u201efundusz solidarno\u015bciowy wykorzystywany do wspierania najbiedniejszych zwi\u0105zk\u00f3w zawodowych&#8221;.<\/span><\/p>\n<p class=\"text--paragraph\" style=\"text-align: left;\"><span style=\"color: #000080;\">A r\u00f3\u017cnica mi\u0119dzy tymi 36 tys. euro a prawie 50 tys. przekazanymi mu przez Panzeriego? Mia\u0142a by\u0107 przeznaczona na kampani\u0119 podczas kongresu ITUC w Australii, gdzie Visentini tak\u017ce celowa\u0142 w stanowisko szefa zwi\u0105zk\u00f3w zawodowych. Policja ma to zweryfikowa\u0107. Tymczasem s\u0119dzia \u015bledczy cz\u0119\u015bciowo przyj\u0105\u0142 t\u0142umaczenia Visentiniego \u2013 nie postawiono mu wi\u0119c zarzutu udzia\u0142u w \u201eorganizacji przest\u0119pczej&#8221; i warunkowo zwolniono go z aresztu. Nie uniknie jednak zarzut\u00f3w o korupcj\u0119 i pranie pieni\u0119dzy.<\/span><\/p>\n<p class=\"text--paragraph\" style=\"text-align: left;\"><span style=\"color: #000080;\">Czy Katar, r\u0119kami Panzeriego i jego Fight Impunity, chcia\u0142 umie\u015bci\u0107 swojego cz\u0142owieka w kierownictwie zwi\u0105zk\u00f3w zawodowych? Prawa socjalne s\u0105 dla gazowego emiratu istotn\u0105 kwesti\u0105 wizerunkow\u0105. Co mo\u017ce mu bardziej pom\u00f3c w tej kwestii ni\u017c pob\u0142a\u017cliwo\u015b\u0107 ze strony ITUC?<\/span><\/p>\n<p class=\"text--paragraph\" style=\"text-align: left;\"><span style=\"color: #000080;\">Pierwszy odtajniony dokument belgijskiego wywiadu okaza\u0142 si\u0119 pouczaj\u0105cy: \u201ePierwotnie dochodzenie skupia\u0142o si\u0119 wy\u0142\u0105cznie na Maroku, ujawniono jednak przy okazji dzia\u0142ania prowadzone przez t\u0119 sam\u0105 grup\u0119 w imieniu Kataru, co obecnie stanowi znaczn\u0105 cz\u0119\u015b\u0107 informacji odkrytych przez s\u0142u\u017cby&#8221;.<\/span><\/p>\n<blockquote class=\"text--quote font-quotation-500\">\n<p style=\"text-align: left;\"><strong>I dalej: \u201eCele Kataru s\u0105 inne ni\u017c cele Maroka. O ile Maroko pr\u00f3buje zdoby\u0107 wp\u0142ywy w unijnych strukturach i uzyska\u0107 decyzje na swoj\u0105 korzy\u015b\u0107, katarski sponsor stara si\u0119 tylko poprawi\u0107 wizerunek Kataru w zakresie praw pracowniczych, nic wi\u0119cej&#8221;.<\/strong><\/p>\n<\/blockquote>\n<p class=\"text--paragraph\" style=\"text-align: left;\"><span style=\"color: #000080;\">\u201eKatar dowiedzia\u0142 si\u0119 o kandydaturze Visentiniego na sekretarza generalnego ITUC, a poniewa\u017c Panzeri zna\u0142 Visentiniego, Katarczycy poparli jego kandydatur\u0119&#8221; \u2013 zdradzi\u0142 podczas przes\u0142uchania Francesco Giorgi.<\/span><\/p>\n<h4 class=\"text--question font-head-500\"><strong>\u201eKorupcja jest nieakceptowalna&#8221;<\/strong><\/h4>\n<p class=\"text--paragraph\" style=\"text-align: left;\"><span style=\"color: #000080;\">Luca Visentini zaprzecza jednak, jakoby Katar jakkolwiek go politycznie wykorzystywa\u0142. Dowodem ma by\u0107 to, \u017ce \u2013 jak przekonuje \u015bledczych \u2013 g\u0142\u00f3wnym celem jego ostatniej podr\u00f3\u017cy do Kataru (pod koniec pa\u017adziernika 2022, bilety lotnicze op\u0142aci\u0142 Fight Impunity) by\u0142o spotkanie z Mi\u0119dzynarodow\u0105 Organizacj\u0105 Pracy (MOP), agencj\u0105 afiliowan\u0105 z ONZ z biurem w Dausze. Wspomagaj\u0105c si\u0119 wycinkami prasowymi, przekonuje, \u017ce wcale nie ma zbyt dobrego zdania na temat Kataru. Przecie\u017c kilka tygodni po wizycie w Katarze m\u00f3wi\u0142 AFP, \u017ce je\u015bli chodzi o wdra\u017canie reform pracowniczych, widzi tam \u201eogromne problemy&#8221;. \u201eKorupcja we wszystkich swoich formach jest ca\u0142kowicie nieakceptowalna, jestem mocno zaanga\u017cowany w walk\u0119 z korupcj\u0105 (\u2026). Chcia\u0142bym raz jeszcze powt\u00f3rzy\u0107 to, co ju\u017c m\u00f3wi\u0142em publicznie: w kwestii praw pracowniczych i w og\u00f3le praw cz\u0142owieka nale\u017cy wywrze\u0107 wi\u0119ksz\u0105 presj\u0119 na Katar. Sytuacja obecna wci\u0105\u017c nie jest zadowalaj\u0105ca&#8221;.<\/span><\/p>\n<p class=\"text--paragraph\" style=\"text-align: left;\"><span style=\"color: #000080;\">Tym razem zleceniodawc\u0105 namierzonym przez s\u0142u\u017cby nie jest, jak w przypadku maroka\u0144skim, wywiad, tylko minister pracy Kataru od 2021 r., Ali bin Samikh Al-Marri. Wcze\u015bniej by\u0142 twarz\u0105 katarskiego Komitetu Praw Cz\u0142owieka. W tym dwojakim charakterze podejmowa\u0142 w swoim kraju, przy okazji oficjalnych wizyt, wi\u0119kszo\u015b\u0107 os\u00f3b, kt\u00f3rych nazwiska pojawi\u0142y si\u0119 w tej aferze: Panzeriego i Giorgiego, Visentiniego czy europos\u0142anki i europos\u0142\u00f3w: Ev\u0119 Kaili, Alessandr\u0119 Moretti, Marca Tarabell\u0119 czy Marie Aren\u0119. Wszyscy pili herbat\u0119 w jego biurze w Dausze.<\/span><\/p>\n<h4 class=\"text--question font-head-500\" style=\"text-align: left;\"><strong>Spotkanie w pokoju 412<\/strong><\/h4>\n<p class=\"text--paragraph\" style=\"text-align: left;\"><span style=\"color: #000080;\">Ale epizody najbardziej interesuj\u0105ce dla \u015bledczych z OCRC maj\u0105 miejsce w Brukseli.<\/span><\/p>\n<p class=\"text--paragraph\" style=\"text-align: left;\"><span style=\"color: #000080;\">9 pa\u017adziernika do pi\u0119ciogwiazdkowego hotelu Steigenberger Wiltcher\u2019s przy Avenue Louise, w kt\u00f3rym Al-Marri zatrzymuje si\u0119, odwiedzaj\u0105c stolic\u0119 Europy, przybywa delegacja z Kataru. Dygnitarz spotka si\u0119 dwukrotnie z Ev\u0105 Kaili, cz\u0142onkini\u0105 delegacji Parlamentu Europejskiego ds. stosunk\u00f3w z P\u00f3\u0142wyspem Arabskim.<\/span><\/p>\n<p class=\"text--paragraph\" style=\"text-align: left;\"><span style=\"color: #000080;\">Nazajutrz Panzeri spotyka si\u0119 z Giorgim. Przez telefon wspominaj\u0105 o \u201enaszych ludziach&#8221;. Czyli o Katarczykach. Na nagraniu z monitoringu wida\u0107 dw\u00f3ch m\u0119\u017cczyzn pojawiaj\u0105cych si\u0119 w hotelowym lobby o godzinie 17.52, m\u0142odszy z dzieckiem w w\u00f3zku, kt\u00f3re powierza osobie niewidocznej na nagraniu.<\/span><\/p>\n<p class=\"text--paragraph\" style=\"text-align: left;\"><span style=\"color: #000080;\">Spotkanie Panzeriego z katarskim ministrem pracy w pokoju 412 trwa mniej wi\u0119cej godzin\u0119 i dwadzie\u015bcia minut. \u015aledczy odnotowuj\u0105 w raporcie, \u017ce ten pierwszy wychodzi z pokoju z grubsz\u0105 torb\u0105.<\/span><\/p>\n<p class=\"text--paragraph\" style=\"text-align: left;\"><span style=\"color: #000080;\">&#8211; Wsp\u00f3\u0142praca z Katarem zacz\u0119\u0142a si\u0119 na pocz\u0105tku 2019 r. \u2013 m\u00f3wi Francesco Giorgi podczas drugiego przes\u0142uchania. \u2013 Okre\u015blili\u015bmy kwoty, niedok\u0142adnie pami\u0119tam jakie, za poszczeg\u00f3lne interwencje. W&nbsp; got\u00f3wce.<\/span><\/p>\n<p class=\"text--paragraph\" style=\"text-align: left;\"><span style=\"color: #000080;\">\u00d3wczesny minister pracy Kataru chcia\u0142 poprawi\u0107 wizerunek swojego kraju. W jednym z dokument\u00f3w na swoim komputerze Giorgi streszcza \u201etrzyetapowe podej\u015bcie&#8221;: \u201ePowstrzyma\u0107 ataki innych kraj\u00f3w, promowa\u0107 pozytywne aspekty, zaatakowa\u0107 inne kraje&#8221;.<\/span><\/p>\n<p class=\"text--paragraph\" style=\"text-align: left;\"><span style=\"color: #000080;\">Przes\u0142uchiwany Panzeri wskazuje pocz\u0105tek p\u0142atnej wsp\u00f3\u0142pracy z Katarem na koniec 2019 r. Czyli po wyga\u015bni\u0119ciu mandatu w PE.<\/span><\/p>\n<h4 class=\"text--question font-head-500\" style=\"text-align: left;\"><strong>Komisja zdalnie sterowana<\/strong><\/h4>\n<p class=\"text--paragraph\" style=\"text-align: left;\"><span style=\"color: #000080;\">Pierwszych wp\u0142at dokonano tajnie, na polecenie asystenta Al-Marriego o pseudonimie \u201eAlgierczyk&#8221;. Ten doprowadzi\u0142 do po\u015brednika w Turcji, a w ko\u0144cu wskaza\u0142, kto przekazywa\u0142 walizki w Belgii. Przyzna\u0142, \u017ce cz\u0142owiekiem, kt\u00f3ry zarz\u0105dza\u0142 got\u00f3wk\u0105 dla tajnej organizacji, by\u0142 Francesco Giorgi.<\/span><\/p>\n<p class=\"text--paragraph\" style=\"text-align: left;\"><span style=\"color: #000080;\">Pod koniec 2019 r. strona katarska zaproponowa\u0142a za\u0142o\u017cenie organizacji non profit. Tak powsta\u0142o Fight Impunity. \u201eMusieli\u015bmy stworzy\u0107 przejrzysty system, kt\u00f3ry nie uruchamia\u0142by alarm\u00f3w&#8221;.<\/span><\/p>\n<p class=\"text--paragraph\" style=\"text-align: left;\"><span style=\"color: #000080;\">Grupa odnosi\u0142a sukcesy. Na przyk\u0142ad tajne spotkanie w hotelu Steigenberger Wiltcher\u2019s s\u0142u\u017cy\u0142o \u201eprzygotowaniu&#8221; podkomisji ds. praw cz\u0142owieka z 14 listopada 2022, kt\u00f3rej gwiazd\u0105 by\u0142 Ali bin Samikh Al-Marri.<\/span><\/p>\n<p class=\"text--paragraph\" style=\"text-align: left;\"><span style=\"color: #000080;\">Zza kulis za sznurki poci\u0105ga\u0142 Antonio Panzeri. Jak podejrzewaj\u0105 \u015bledczy, nie tylko przygotowa\u0142 odpowiedzi ministra, ustawi\u0142 te\u017c wiele pyta\u0144 zaprzyja\u017anionych pos\u0142\u00f3w. Marc Tarabella, kt\u00f3ry \u201enie planowa\u0142 zabiera\u0107 g\u0142osu&#8221;, jednak si\u0119 odzywa, gani\u0105c zbyt krytyczne jak na jego gust wypowiedzi, kt\u00f3re pojawi\u0142y si\u0119 w trakcie spotkania. By\u0142o to tu\u017c po rozmowie telefonicznej Panzeriego z Giorgim.<\/span><\/p>\n<p class=\"text--paragraph\" style=\"text-align: left;\"><span style=\"color: #000080;\">Czy podczas negocjacji nad rezolucj\u0105 w sprawie mundialu w Katarze sie\u0107 wp\u0142yw\u00f3w nadal dzia\u0142a\u0142a? Zastanawiaj\u0105 si\u0119 nad tym zw\u0142aszcza francuscy europos\u0142owie, tacy jak Marion Aubry (France insoumise) czy Rapha\u00ebl Glucksmann, nale\u017c\u0105cy do tej samej frakcji S&amp;D co wi\u0119kszo\u015b\u0107 podejrzanych.<\/span><\/p>\n<p class=\"text--paragraph\" style=\"text-align: left;\"><span style=\"color: #000080;\">\u201ePodczas ostatniej sesji plenarnej w listopadzie, wraz z kilkoma innymi pos\u0142ami sprzeciwia\u0142em si\u0119 pob\u0142a\u017cliwej postawie naszej frakcji wobec Dauhy. Rewelacje z 9 grudnia rzucaj\u0105 inne \u015bwiat\u0142o na absurdalne stanowisko zajmowane w\u00f3wczas przez niekt\u00f3rych wielbicieli Kataru&#8221; &#8211; m\u00f3wi Glucksmann.<\/span><\/p>\n<p class=\"text--paragraph\" style=\"text-align: left;\"><span style=\"color: #000080;\">Mo\u017ce francuski pose\u0142 odnosi si\u0119 do e-maila swojego kolegi, europos\u0142a z Neapolu Andrei Cozzolino, w kt\u00f3rym ten b\u0142aga\u0142 swoj\u0105 frakcj\u0119 o pow\u015bci\u0105gliwo\u015b\u0107 w g\u0142osowaniu nad poprawkami wymierzonymi przeciwko Katarowi? Cozzolino, kt\u00f3rego asystentem by\u0142 Giorgi, zaprzecza, jakoby dzia\u0142a\u0142 pod jakimkolwiek obcym wp\u0142ywem. Belgijski wymiar sprawiedliwo\u015bci wnioskuje o uchylenie mu immunitetu.<\/span><\/p>\n<h4 class=\"text--title font-head-700\" style=\"text-align: left;\"><strong>Rozdzia\u0142 czwarty. Walizki w Brukseli, kasa dla Europy<\/strong><\/h4>\n<p class=\"text--paragraph\" style=\"text-align: left;\"><span style=\"color: #000080;\">9 grudnia 2022 r. prokuratura i s\u0119dzia \u015bledczy Claise podejmuj\u0105 dzia\u0142ania. Wiele z podejrzanych os\u00f3b w\u0142a\u015bnie wybiera si\u0119 na \u015bwi\u0119ta za granic\u0119. Wi\u0119c teraz albo nigdy.<\/span><\/p>\n<p class=\"text--paragraph\" style=\"text-align: left;\"><span style=\"color: #000080;\">Wczesnym rankiem specjalne jednostki policji cierpliwie czekaj\u0105 na ulicy Wiertz w Brukseli \u2013 dwa kroki od siedziby PE \u2013 a\u017c Francesco Giorgi wyjdzie z domu. Ze wzgl\u0119du na immunitet poselski jego \u017cony Evy Kaili policja nie mo\u017ce wej\u015b\u0107 i zrobi\u0107 przeszukania. Mijaj\u0105 godziny. W ko\u0144cu nadchodzi ten moment \u2013 po czterech godzinach Giorgi wyje\u017cd\u017ca z gara\u017cu swoim landroverem discovery. Przes\u0142uchanie go i przej\u0119cie jego telefonu to kluczowe elementy \u015bledztwa.<\/span><\/p>\n<blockquote class=\"text--quote font-quotation-500\">\n<p style=\"text-align: left;\"><strong>Jego aresztowanie to pocz\u0105tek serii szesnastu przeszuka\u0144 w unijnej dzielnicy Brukseli i w innych miejscach. Agenci odwiedzaj\u0105 nie tylko dom Panzeriego, tak\u017ce kilku innych asystent\u00f3w parlamentarnych S&amp;D, urz\u0119dnik\u00f3w UE, lobbyst\u00f3w i biura r\u00f3\u017cnych stowarzysze\u0144. M.in. Fight Impunity.<\/strong><\/p>\n<\/blockquote>\n<p class=\"text--paragraph\" style=\"text-align: left;\">O 10 rano zatrzymuj\u0105 Panzeriego. Przes\u0142uchiwani s\u0105 te\u017c Giorgi, Visentini i Niccol\u00f2 Fig\u00e0-Talamanca z NGO No Peace Without Justice. Visentiniego zwolniono do domu. \u017beby zabezpieczy\u0107 si\u0119 przed niszczeniem dowod\u00f3w, w PE zamkni\u0119to kilka biur, w tym nale\u017c\u0105ce do zast\u0119pc\u00f3w i by\u0142ych zast\u0119pc\u00f3w Marie Areny i Marca Tarabelliego.<\/p>\n<p class=\"text--paragraph\" style=\"text-align: left;\">Tu\u017c przed po\u0142udniem media ju\u017c pisz\u0105 o nalotach policji \u2013 informacja obiega \u015bwiat. Prokuratura federalna potwierdza, \u017ce wszcz\u0119\u0142a \u015bledztwo w zwi\u0105zku z \u201epodejrzeniami korupcyjnych dzia\u0142a\u0144 pa\u0144stw regionu Zatoki Perskiej&#8221;, nie pada jednak nazwa \u201eKatar&#8221;, ani tym bardziej \u201eMaroko&#8221;.<\/p>\n<p class=\"text--paragraph\" style=\"text-align: left;\">Operacja ju\u017c jest sukcesem \u2013 zarekwirowano nie tylko komputery i smartfony, w domu Panzeriego \u015bledczy znale\u017ali te\u017c 600 tys. euro w got\u00f3wce.<\/p>\n<p class=\"text--paragraph\" style=\"text-align: left;\">Ale najlepsze, czy raczej najgorsze, dopiero przed nami.<\/p>\n<h4 class=\"text--question font-head-500\" style=\"text-align: left;\"><strong>Pieluchy i rolki kasy<\/strong><\/h4>\n<p class=\"text--paragraph\" style=\"text-align: left;\"><span style=\"color: #000080;\">W pi\u0105tkowe popo\u0142udnie unijna dzielnica Brukseli przez chwil\u0119 przypomina sceneri\u0119 filmu akcji. Zaalarmowana wydarzeniami Eva Kaili kontaktuje si\u0119 z ojcem, kt\u00f3ry akurat odwiedza Belgi\u0119. Wiedz\u0105c, \u017ce m\u0105\u017c trzyma w domu pieni\u0105dze, Kaili prosi ojca o pomoc \u2013 powie to \u015bledczym podczas przes\u0142uchania, dodaj\u0105c, \u017ce dzwoni\u0142a te\u017c do Tarabelli i Areny.<\/span><\/p>\n<p class=\"text--paragraph\" style=\"text-align: left;\"><span style=\"color: #000080;\">Chwil\u0119 p\u00f3\u017aniej ojca Kaili zatrzymuj\u0105 w Sofitelu w Etterbeek. In flagranti \u2013 ma przy sobie walizk\u0119 pe\u0142n\u0105 banknot\u00f3w o nomina\u0142ach 50 euro i kilkaset tysi\u0119cy euro schowane pod warstw\u0105 pieluch i dziecinnych butelek. Immunitet poselski Evy Kaili przestaje dzia\u0142a\u0107, \u015bledczy mog\u0105 ju\u017c zrewidowa\u0107 jej dom. Wezwano ponownie kilkunastu policjant\u00f3w, kt\u00f3rzy zd\u0105\u017cyli wr\u00f3ci\u0107 z innych rewizji, towarzyszy im s\u0119dzia \u015bledczy Michel Claise<\/span>.<\/p>\n<blockquote class=\"text--quote font-quotation-500\">\n<p style=\"text-align: left;\"><strong>W dwupoziomowym mieszkaniu Kaili i Giorgiego policja znalaz\u0142a kolejne pieni\u0105dze, tym razem ukryte w luksusowych torbach podr\u00f3\u017cnych. W sumie 150 tys. euro w banknotach o nominale 20 i 50 euro. W mieszkaniu by\u0142y inne warto\u015bciowe przedmioty.<\/strong><\/p>\n<\/blockquote>\n<p class=\"text--paragraph\" style=\"text-align: left;\"><span style=\"color: #000080;\">Kaili zatrzymano o 17.09. Tak\u017ce jej ojciec sp\u0119dzi\u0142 noc w wi\u0119zieniu.<\/span><\/p>\n<h4 class=\"text--question font-head-500\" style=\"text-align: left;\"><strong>Wy\u015bcig z czasem<\/strong><\/h4>\n<p class=\"text--paragraph\" style=\"text-align: left;\"><span style=\"color: #000080;\">Jest sobota wiecz\u00f3r, 10 grudnia.&nbsp; Airbus A320, kt\u00f3rym leci Roberta Metsola, sp\u00f3\u017ania si\u0119 o 42 minuty. Metsola, przewodnicz\u0105ca Parlamentu Europejskiego, jest na pok\u0142adzie, bo s\u0119dzia Claise wezwa\u0142 j\u0105 pilnie z Malty. Trzeba przeszuka\u0107 dom Marca Tarabelli w Anthisnes.<\/span><\/p>\n<p class=\"text--paragraph\" style=\"text-align: left;\"><span style=\"color: #000080;\">Samolot linii Air Malta l\u0105duje w Zaventem o 19.32. Robi si\u0119 naprawd\u0119 gor\u0105co. Z Zaventem do Anthisnes jest ponad 100 kilometr\u00f3w, a przeszukanie musi odby\u0107 si\u0119 przed godz. 21 \u2013 nocne rewizje s\u0105 w Belgii dopuszczalne wy\u0142\u0105cznie w sprawach zwi\u0105zanych z terroryzmem. A Metsola musi by\u0107 przy tym obecna. Opony piszcz\u0105 na zakr\u0119tach.<\/span><\/p>\n<p class=\"text--paragraph\" style=\"text-align: left;\"><span style=\"color: #000080;\">Ca\u0142a grupa \u2013 \u015bledczy, s\u0119dzia, s\u0119dzia federalny, przewodnicz\u0105ca PE i jej kierowca \u2013 przybywaj\u0105 w ostatniej chwili. Dom jest dok\u0142adnie przeszukany, nie ma got\u00f3wki, nic podejrzanego, detektywi wychodz\u0105 z dwoma telefonami i tabletem, kt\u00f3re przekazuj\u0105 s\u0142u\u017cbom technicznym, podobnie jak ca\u0142y sprz\u0119t komputerowy skonfiskowany podczas poprzednich rewizji.<\/span><\/p>\n<p class=\"text--paragraph\" style=\"text-align: left;\"><span style=\"color: #000080;\">Tymczasem we W\u0142oszech na wniosek belgijskiego wymiaru sprawiedliwo\u015bci policja aresztuje c\u00f3rk\u0119 i \u017con\u0119 Panzeriego. W Grecji Eva Kaili zostaje usuni\u0119ta z partii, Panhelle\u0144skiego Ruchu Socjalistycznego, a urz\u0105d ds. przeciwdzia\u0142ania praniu pieni\u0119dzy zamra\u017ca jej maj\u0105tek. Jej cz\u0142onkostwo w S&amp;D zostaje zawieszone ze skutkiem natychmiastowym.<\/span><\/p>\n<h4 class=\"text--question font-head-500\" style=\"text-align: left;\"><strong>Wi\u0119cej przejrzysto\u015bci<\/strong><\/h4>\n<p class=\"text--paragraph\" style=\"text-align: left;\"><span style=\"color: #000080;\">W poniedzia\u0142ek 12 grudnia belgijska policja przeprowadza kolejne przeszukanie, tym razem w dziesi\u0119ciu brukselskich biurach PE. Budynek europarlamentu jest prawie pusty, europos\u0142owie zebrali si\u0119 wtedy w Strasburgu na sesji plenarnej. Przewodnicz\u0105ca Metsola korzysta z okazji i zabiera g\u0142os, m\u00f3wi powa\u017cnym tonem: \u201eDrodzy koledzy, dosz\u0142o do ataku na Parlament Europejski, na europejsk\u0105 demokracj\u0119. Ataku na nasze otwarte, wolne i demokratyczne spo\u0142ecze\u0144stwa&#8221;.<\/span><\/p>\n<blockquote class=\"text--quote font-quotation-500\">\n<p style=\"text-align: left;\"><strong>W nast\u0119pnych dniach zdecydowana wi\u0119kszo\u015b\u0107 europos\u0142\u00f3w popiera projekt rezolucji w sprawie \u201epotrzeby przejrzysto\u015bci i odpowiedzialno\u015bci w instytucjach europejskich&#8221;. Pos\u0142owie wzywaj\u0105 do powo\u0142ania niezale\u017cnego organu s\u0142u\u017c\u0105cego nadzorowaniu kwestii etycznych i decyduj\u0105 o zawieszeniu wszelkich prac legislacyjnych zwi\u0105zanych z Katarem.<\/strong><\/p>\n<\/blockquote>\n<p class=\"text--paragraph\" style=\"text-align: left;\"><span style=\"color: #000080;\"><a id=\"LinkArea:embed_link\" class=\"text--link \" style=\"color: #000080;\" title=\"Sam Katar, przez swoje przedstawicielstwo przy UE, po raz pierwszy reaguje na korupcyjny skandal:\" href=\"https:\/\/wyborcza.pl\/7,75399,29278742,katar-szantazuje-europe.html#S.embed_link-K.C-B.1-L.1.zw\" rel=\"dofollow\">Sam Katar, przez swoje przedstawicielstwo przy UE, po raz pierwszy reaguje na korupcyjny skandal:<\/a>&nbsp;\u201e\u0141\u0105czenie zarzut\u00f3w w tej sprawie z rz\u0105dem w Dausze jest bezpodstawne&#8221;. Zapewnia, \u017ce w swoich dzia\u0142aniach w pe\u0142ni przestrzega mi\u0119dzynarodowych praw i przepis\u00f3w.<\/span><\/p>\n<blockquote class=\"text--quote font-quotation-500\">\n<p style=\"text-align: left;\"><strong>Jak donosi AFP, emirat ostrzega nawet, \u017ce ta sprawa mo\u017ce mie\u0107 negatywny wp\u0142yw na stosunki dyplomatyczne i dostawy gazu.<\/strong><\/p>\n<\/blockquote>\n<p class=\"text--paragraph\" style=\"text-align: left;\"><span style=\"color: #000080;\">Tak\u017ce Maroko, ustami szefa MSZ, publicznie zaprzecza, jakoby podejmowa\u0142o jakiekolwiek nieprzejrzyste&nbsp; dzia\u0142ania w zwi\u0105zku z ostatni\u0105 wizyt\u0105 szefa unijnej dyplomacji Josepa Borrella: \u201ePartnerstwo [z UE] nara\u017cone jest te\u017c na ataki w instytucjach europejskich, zw\u0142aszcza w \u0142onie Parlamentu, wskutek pyta\u0144 dotycz\u0105cych Maroka, za kt\u00f3rymi kryje si\u0119 wola zaszkodzenia naszemu partnerstwu&#8221;.<\/span><\/p>\n<p class=\"text--paragraph\" style=\"text-align: left;\"><span style=\"color: #000080;\">Francesco Giorgi utrzymuje, \u017ce r\u00f3wnie\u017c Mauretania korzysta\u0142a z us\u0142ug Panzeriego. Ambasada tego kraju w Brukseli odm\u00f3wi\u0142a komentarza w tej sprawie.<\/span><\/p>\n<p class=\"text--paragraph\" style=\"text-align: left;\"><span style=\"color: #000080;\">Panzeri, Kaili, Giorgi i Fig\u00e0-Talamanca siedz\u0105 w belgijskim wi\u0119zieniu. \u015aledztwo toczy si\u0119 dalej. Na wniosek belgijskiego wymiaru sprawiedliwo\u015bci Roberta Metsola wszcz\u0119\u0142a na pocz\u0105tku stycznia procedur\u0119 nadzwyczajn\u0105 ws. uchylenia immunitet\u00f3w europos\u0142om Andrei Cozzolinie i Marcowi Tarabelli. Obaj zapewniaj\u0105 o swojej niewinno\u015bci i deklaruj\u0105 ch\u0119\u0107 wsp\u00f3\u0142pracy w \u015bledztwie.<\/span><\/p>\n<hr>\n<p class=\"text--paragraph\" style=\"text-align: left;\"><span style=\"color: #808080;\"><i>wsp\u00f3\u0142praca: Kristof Cl\u00e9rix (\u201eKnack&#8221;)<\/i><\/span><\/p>\n<p class=\"text--paragraph\" style=\"text-align: left;\"><span style=\"color: #808080;\"><i>t\u0142um. Sergiusz Kowalski<\/i><\/span><\/p>\n<hr style=\"height: 15px; background: #d0e6fa; width: 100%;\">\n<div id=\"content\" class=\"content-alignment\">\n<div id=\"watch-description\" class=\"yt-uix-button-panel\">\n<div id=\"watch-description-text\" style=\"text-align: center;\">\n<p><em>Zawarto\u015b\u0107 publikowanych artyku\u0142\u00f3w i materia\u0142\u00f3w nie reprezentuje pogl\u0105d\u00f3w ani opinii Reunion&#8217;68,<\/em><em><br \/>\nani te\u017c webmastera Blogu Reunion&#8217;68, chyba ze jest to wyra\u017anie zaznaczone.<br \/>\nTwoje uwagi, linki, w\u0142asne artyku\u0142y lub wiadomo\u015bci prze\u015blij na adres:<br \/>\n<\/em><span style=\"color: #000080;\"><strong><em><a style=\"color: #000080;\" href=\"mailto:webmaster@reunion68.com\"><span style=\"text-decoration: underline;\">webmaster@reunion68.com<\/span><\/a><\/em><\/strong><\/span><\/p>\n<\/div>\n<\/div>\n<\/div>\n<hr style=\"width: 100%;\">\n","protected":false},"excerpt":{"rendered":"<p>Szpiedzy, walizki z pieni\u0119dzmi, tajne spotkania i sie\u0107 powi\u0105za\u0144. Wielkie \u015bledztwo ws. korupcji w europarlamencie [LE SOIR] Jo\u00ebl Matriche Louis Colart Le Soir Miesi\u0105c po wybuchu korupcyjnego skandalu, gdy okaza\u0142o si\u0119, \u017ce Maroko i Katar przekazuj\u0105 urz\u0119dnikom Parlamentu Europejskiego i lobbystom walizki z kas\u0105, Bruksela pr\u00f3buje oszacowa\u0107 skal\u0119 tej szokuj\u0105cej korupcji. S\u0105dowe \u015bledztwo dopiero si\u0119 [&hellip;]<\/p>\n","protected":false},"author":1,"featured_media":0,"comment_status":"closed","ping_status":"closed","sticky":false,"template":"","format":"standard","meta":[],"categories":[6],"tags":[26,24],"_links":{"self":[{"href":"https:\/\/www.reunion68.se\/index.php?rest_route=\/wp\/v2\/posts\/101436"}],"collection":[{"href":"https:\/\/www.reunion68.se\/index.php?rest_route=\/wp\/v2\/posts"}],"about":[{"href":"https:\/\/www.reunion68.se\/index.php?rest_route=\/wp\/v2\/types\/post"}],"author":[{"embeddable":true,"href":"https:\/\/www.reunion68.se\/index.php?rest_route=\/wp\/v2\/users\/1"}],"replies":[{"embeddable":true,"href":"https:\/\/www.reunion68.se\/index.php?rest_route=%2Fwp%2Fv2%2Fcomments&post=101436"}],"version-history":[{"count":23,"href":"https:\/\/www.reunion68.se\/index.php?rest_route=\/wp\/v2\/posts\/101436\/revisions"}],"predecessor-version":[{"id":101472,"href":"https:\/\/www.reunion68.se\/index.php?rest_route=\/wp\/v2\/posts\/101436\/revisions\/101472"}],"wp:attachment":[{"href":"https:\/\/www.reunion68.se\/index.php?rest_route=%2Fwp%2Fv2%2Fmedia&parent=101436"}],"wp:term":[{"taxonomy":"category","embeddable":true,"href":"https:\/\/www.reunion68.se\/index.php?rest_route=%2Fwp%2Fv2%2Fcategories&post=101436"},{"taxonomy":"post_tag","embeddable":true,"href":"https:\/\/www.reunion68.se\/index.php?rest_route=%2Fwp%2Fv2%2Ftags&post=101436"}],"curies":[{"name":"wp","href":"https:\/\/api.w.org\/{rel}","templated":true}]}}