{"id":101438,"date":"2023-01-19T17:00:44","date_gmt":"2023-01-19T15:00:44","guid":{"rendered":"http:\/\/www.reunion68.se\/?p=101438"},"modified":"2023-01-19T12:20:10","modified_gmt":"2023-01-19T10:20:10","slug":"25-00-76","status":"publish","type":"post","link":"https:\/\/www.reunion68.se\/?p=101438","title":{"rendered":"Katargate. [Qatar gate] Szefowa podkomisji praw cz\u0142owieka w PE z\u0142o\u017cy\u0142a rezygnacj\u0119"},"content":{"rendered":"<p style=\"text-align: center;\"><img decoding=\"async\" class=\"aligncenter\" src=\"https:\/\/bi.im-g.pl\/im\/b6\/fe\/1b\/z29352374AMP,Maria-Arena.jpg\" width=\"100%\" \/><span style=\"color: #808080;\"><em>Maria Arena Belgijska socjalistka (Fot. Fred MARVAUX\/European Union)<\/em><\/span><\/p>\n<hr \/>\n<h5 style=\"text-align: center;\"><a href=\"https:\/\/wyborcza.pl\/\" target=\"_blank\" rel=\"noopener noreferrer\"><img decoding=\"async\" class=\"center alignleft\" src=\"http:\/\/www.reunion68.com\/Biuletyn\/img\/wyborcza.png\" alt=\"\" width=\"35%\" \/><\/a><span style=\"text-decoration: underline; color: #000080;\"><strong><a style=\"color: #000080; text-decoration: underline;\" href=\"7,75399,29352272,katargate-szefowa-podkomisji-praw-czlowieka-w-pe-zlozyla-rezygnacje.html#S.embed_article-K.C-B.1-L.2.zw\" target=\"_blank\" rel=\"noopener noreferrer\">Katargate. [Qatar gate] Szefowa podkomisji praw cz\u0142owieka w PE z\u0142o\u017cy\u0142a rezygnacj\u0119<\/a><\/strong><\/span><\/h5>\n<p style=\"text-align: center;\"><span style=\"color: #000000;\"><strong>Bartosz Hlebowicz<\/strong><\/span><\/p>\n<hr style=\"height: 15px; background: #d0e6fa; width: 100%;\" \/>\n<h4 style=\"text-align: center;\"><span style=\"color: #808080;\"><strong>Belgijska europos\u0142anka Maria Arena ust\u0105pi\u0142a z funkcji przewodnicz\u0105cej europarlamentarnej komisji po ujawnieniu przez portal Politico, \u017ce ukry\u0142a informacje o op\u0142acaniu przez Dauh\u0119 jej podr\u00f3\u017cy do Kataru.<\/strong><\/span><\/h4>\n<p>.<\/p>\n<p class=\"text--paragraph\" style=\"text-align: left;\"><span style=\"color: #000080;\">Maria Arena nie jest podejrzan\u0105 w belgijskim \u015bledztwie i oskar\u017ca \u201emedia oraz rywali politycznych&#8221; o nies\u0142uszne ataki. W o\u015bwiadczeniu dla agencji BELGA napisa\u0142a, \u017ce ust\u0119puje ze stanowiska, \u017ceby ochroni\u0107 sw\u00f3j wizerunek oraz dorobek podkomisji.<\/span><\/p>\n<p class=\"text--paragraph\" style=\"text-align: left;\"><span style=\"color: #000080;\">\u201eOg\u0142aszam g\u0142o\u015bno i z dum\u0105, \u017ce w \u017caden spos\u00f3b nie jest zwi\u0105zana z t\u0105 spraw\u0105&#8221;\u00a0&#8211; zaznaczy\u0142a.<\/span><\/p>\n<p class=\"text--paragraph\" style=\"text-align: left;\"><span style=\"color: #000080;\">11 stycznia Politico\u00a0napisa\u0142o, \u017ce w dniach 8-9 maja Arena uczestniczy\u0142a w warsztatach zorganizowanych w stolicy Kataru przez katarski Narodowy Komitet Praw Cz\u0142owieka (temat spotkania \u201eUnia Europejska i prawa cz\u0142owieka&#8221;).<\/span><\/p>\n<p class=\"text--paragraph\" style=\"text-align: left;\"><span style=\"color: #000080;\">&#8211; Spotkanie w Dausze by\u0142o u\u017cyteczne dla lepszego rozumienia polityki praw cz\u0142owieka tego kraju i tego, jak wpasowuje si\u0119 ona do zapowiadanych reform. Koszt pokrywa\u0142a komisja praw cz\u0142owieka Kataru \u2013 powiedzia\u0142a Politico Arena. &#8211; Poproszono mnie, \u017cebym wyg\u0142osi\u0142a s\u0142owo wst\u0119pne na temat znaczenia i uniwersalno\u015bci praw cz\u0142owieka.<\/span><\/p>\n<p class=\"text--paragraph\" style=\"text-align: left;\"><span style=\"color: #000080;\">Politico zauwa\u017cy\u0142o jednak, \u017ce Arena nie zadeklarowa\u0142a, zgodnie z obowi\u0105zuj\u0105cymi w PE zasadami, \u017ce to Katar zap\u0142aci\u0142 za podr\u00f3\u017c. Europos\u0142anka przyzna\u0142a si\u0119 do b\u0142\u0119du, za kt\u00f3ry win\u0105 obarczy\u0142a swoj\u0105 asystentk\u0119.<\/span><\/p>\n<p class=\"text--paragraph\" style=\"text-align: left;\"><span style=\"color: #000080;\">&#8211; Niezw\u0142ocznie poprosz\u0119 j\u0105 o naprawienie tego b\u0142\u0119du &#8211; zapowiedzia\u0142a.<\/span><\/p>\n<h4 class=\"text--title font-head-700\" style=\"text-align: left;\"><strong>Politico: Podkomisja praw cz\u0142owieka pozwoli\u0142a, aby re\u017cimy ni\u0105 manipulowa\u0142y<\/strong><\/h4>\n<p class=\"text--paragraph\" style=\"text-align: left;\"><span style=\"color: #000080;\">Portal komentuje, \u017ce \u201epomy\u0142ka&#8221; Areny tudzie\u017c jej asystentki to drobiazg w por\u00f3wnaniu z ca\u0142\u0105 reszt\u0105 Katargate, w kt\u00f3rej \u2013 przypomnijmy \u2013 chodzi o nielegalne wywieranie wp\u0142ywu na jedn\u0105 z najwa\u017cniejszych instytucji unijnych na rzecz Kataru i Maroka, wsp\u00f3\u0142prac\u0119 europos\u0142\u00f3w i europejskich dzia\u0142aczy praw cz\u0142owieka ze s\u0142u\u017cbami specjalnymi obcego pa\u0144stwa i ogromn\u0105 korupcj\u0119 (\u015bledczy znale\u017ali ju\u017c 1,5 mln euro w domach podejrzanych). Ale, podkre\u015bla Politico, wszystkie tropy afery prowadz\u0105 w\u0142a\u015bnie do podkomisji, na czele kt\u00f3rej sta\u0142a od 2019 r. do wczoraj belgijska pos\u0142anka. To w\u0105tpliwo\u015bci zwi\u0105zane z jej by\u0142ymi i obecnymi cz\u0142onkami \u201epodkopuj\u0105 wiarygodno\u015b\u0107 i polityczn\u0105 legitymizacj\u0119 ca\u0142ej Unii Europejskiej&#8221;, uwa\u017ca Politico.<\/span><\/p>\n<p class=\"text--paragraph\" style=\"text-align: left;\"><span style=\"color: #000080;\">W opublikowanym we \u015brod\u0119 raporcie Politico wskazuje, \u017ce g\u0142\u00f3wni podejrzani po cichu wsp\u00f3\u0142pracowali z cz\u0142onkami podkomisji, a wyst\u0105pienia na forum tej\u017ce odzwierciedla\u0142y interesy korumpuj\u0105cych rz\u0105d\u00f3w, a nie idee, kt\u00f3re powinny przy\u015bwieca\u0107 jej dzia\u0142alno\u015bci. O tym, \u017ce DROI wykorzystana zosta\u0142a jako g\u0142\u00f3wne \u017ar\u00f3d\u0142o nacisku na europarlament, \u015bwiadcz\u0105 te\u017c s\u0142owa g\u0142\u00f3wnego podejrzanego, jej by\u0142ego szefa Antonio Panzeriego (2017-19), kt\u00f3ry przyzna\u0142 na grudniowym przes\u0142uchaniu w belgijskiej prokuraturze, \u017ce w 2019 r. dogada\u0142 si\u0119 z Marokiem i innymi pa\u0144stwami arabskimi, i\u017c za pieni\u0105dze on i jego ludzie b\u0119d\u0105 zwalcza\u0107 rezolucje wymierzone w te kraje.<\/span><\/p>\n<p class=\"text--paragraph\"><span style=\"text-decoration: underline;\"><strong><a id=\"LinkArea:embed_link\" class=\"text--link \" title=\"R\u00f3wnie\u017c najbli\u017cszy wsp\u00f3\u0142pracownik Panzeriego Francesco Giorgi (obaj siedz\u0105 w belgijskim wi\u0119zieniu) przyzna\u0142, \u017ce \u201ezrobi\u0142 to wszystko dla pieni\u0119dzy, kt\u00f3rych nie potrzebowa\u0142'.\" href=\"https:\/\/wyborcza.pl\/7,75399,29288270,byly-eurodeputowany-antonio-panzeri-wspolpracowalem-z-obcymi.html?_ga=2.29039740.1753051263.1673452073-973075392.1643489552#S.embed_link-K.C-B.1-L.1.zw\" rel=\"dofollow\">R\u00f3wnie\u017c najbli\u017cszy wsp\u00f3\u0142pracownik Panzeriego Francesco Giorgi (obaj siedz\u0105 w belgijskim wi\u0119zieniu) przyzna\u0142, \u017ce \u201ezrobi\u0142 to wszystko dla pieni\u0119dzy, kt\u00f3rych nie potrzebowa\u0142&#8221;.<\/a><\/strong><\/span><\/p>\n<h4 class=\"text--title font-head-700\" style=\"text-align: left;\"><strong>Podkomisja PE jako forum atak\u00f3w na rywali Kataru<\/strong><\/h4>\n<p class=\"text--paragraph\" style=\"text-align: left;\"><span style=\"color: #000080;\">&#8211; Z przykro\u015bci\u0105 obserwowa\u0142am, jak rywale Dauhy, np. Zjednoczone Emiraty czy Arabia Saudyjska, bywali ostro atakowani [na forum podkomisji] przez NGO-sy, niekt\u00f3re o niejasnych \u017ar\u00f3d\u0142ach finansowania. Wszystkie te pa\u0144stwa maj\u0105 problemy z prawami cz\u0142owieka, ale w tym, jak to bywa\u0142o przedstawiane w DROI, brakowa\u0142o r\u00f3wnowagi \u2013 opowiada Politico Hannah Neumann, rzeczniczka DROI.<\/span><\/p>\n<p><span style=\"color: #000080;\">Neumann dodaje, \u017ce o ile Katar dostawa\u0142 tyle przestrzeni, ile chcia\u0142, na przedstawianie w\u0142asnej perspektywy, inne kraje nie otrzymywa\u0142y w og\u00f3le mo\u017cliwo\u015bci bronienia si\u0119 w czasie posiedze\u0144 podkomisji.<\/span><\/p>\n<p class=\"text--paragraph\" style=\"text-align: left;\"><span style=\"color: #000080;\">Rzeczniczka podaje konkretny przyk\u0142ad: 10 maja Arena (zaraz po powrocie z Dauhy) przewodniczy\u0142a sesji podkomisji po\u015bwi\u0119conej ingerencji kraj\u00f3w Zatoki Perskiej\u00a0w dzia\u0142ania Brukseli w kontek\u015bcie praw cz\u0142owieka. Pierwszym m\u00f3wc\u0105 by\u0142\u00a0Nicola Giovannini, szef niewielkiej organizacji pozarz\u0105dowej Droit au Droit, kt\u00f3ry przedstawi\u0142 237-stronicowy raport o tym, jak Zjednoczone Emiraty Arabskie podst\u0119pnie lobbuj\u0105 w Brukseli.<\/span><\/p>\n<p class=\"text--paragraph\" style=\"text-align: left;\"><span style=\"color: #000080;\">Politico zauwa\u017ca, \u017ce sze\u015b\u0107 miesi\u0119cy przed mistrzostwami \u015bwiata w pi\u0142ce no\u017cnej w Katarze i w obliczu publicznego pot\u0119pienia tego kraju za \u0142amanie praw pracownik\u00f3w \u015bci\u0105ganych z zagranicy unijni legislatorzy powinni byli wykorzysta\u0107 spotkanie przede wszystkim do nacisku na Katar, a nie skupia\u0107 si\u0119 na jego rywalach w regionie.<\/span><\/p>\n<p class=\"text--paragraph\" style=\"text-align: left;\"><span style=\"color: #000080;\">W owym czasie Giovannini by\u0142 tak\u017ce rzecznikiem NGO No Peace Without Justice,\u00a0du\u017cej organizacji pozarz\u0105dowej zajmuj\u0105cej si\u0119 prawami cz\u0142owieka, kt\u00f3ra ma powi\u0105zania z rz\u0105dem katarskim i kt\u00f3rej szef\u00a0Niccol\u00f2 Fig\u00e0-Talamanca nale\u017cy do grupki aresztowanych 9 grudnia.\u00a0Fig\u00e0-Talamanca po\u015bredniczy\u0142 w organizacji panelu, kontaktuj\u0105c m\u00f3wc\u00f3w z cz\u0142onkami komisji, chocia\u017c jego organizacja oficjalnie nie bra\u0142a w nim udzia\u0142u. Ale tego samego dnia wyst\u0105pi\u0142a przed komisj\u0105 inna NGO \u2013 Fight Impunity, kt\u00f3r\u0105 w 2019 r. za\u0142o\u017cy\u0142 Antonio Panzeri po zako\u0144czeniu 15-letniego pos\u0142owania w PE (No Peace Without Justice i Fight Impunity maj\u0105 ten sam adres w Brukseli).<\/span><\/p>\n<h4 class=\"text--title font-head-700\" style=\"text-align: left;\"><strong>\u201eOsobisty deal&#8221; Panzeriego z Katarem<\/strong><\/h4>\n<p class=\"text--paragraph\" style=\"text-align: left;\"><span style=\"color: #000080;\">Panzeri i jego \u00f3wczesny asystent Francesco Giorgi (dzi\u015b obydwaj w areszcie) w 2018 r. odbyli podr\u00f3\u017c do Kataru, gdzie zawarli \u2013 jak ustali\u0142o Politico \u2013 nieformalny uk\u0142ad z pa\u0144stwowym komitetem praw cz\u0142owieka (tym samym, kt\u00f3ry go\u015bci\u0142 p\u00f3\u017aniej w Dausze nast\u0119pczyni\u0119 Panzeriego). Arena, nast\u0119pczyni Panzeriego, przyznaje, \u017ce Panzeri zawar\u0142 tak\u0105\u00a0umow\u0119, ale nie w imieniu\u00a0DROI, lecz by\u0142 to jego \u201eosobisty uk\u0142ad z Katarem&#8221;, a poza tym ona, obj\u0105wszy kierownictwo podkomisji, go nie przed\u0142u\u017cy\u0142a. Tak czy inaczej, od czasu zawarcia porozumienia DROI trzykrotnie u\u017cyczy\u0142a g\u0142osu\u00a0Ali bin Samikh Al Marriemu, \u00f3wcze\u015bnie szefowi katarskiej komisji, a obecnie ministrowi pracy. Ostatni raz wyst\u0105pi\u0142 przed komisj\u0105 kierowan\u0105 przez Aren\u0119 w listopadzie zesz\u0142ego roku, tu\u017c przed mistrzostwami \u015bwiata, ju\u017c jako szef resortu pracy, by argumentowa\u0107, \u017ce przedstawiane przez media statystyki dotycz\u0105ce \u015bmierci migrant\u00f3w w Katarze by\u0142y cz\u0119\u015bci\u0105 \u201ekampanii oszczerstw&#8221; przeciwko jego krajowi.<\/span><\/p>\n<p class=\"text--paragraph\" style=\"text-align: left;\"><span style=\"color: #000080;\">\u201ePytanie, przed kt\u00f3rym stoi teraz Arena i jej koledzy \u2013 podsumowuje Politico \u2013 brzmi: czy ta grupa europos\u0142\u00f3w nie sta\u0142a si\u0119 niczym wi\u0119cej ni\u017c panelem zombi, infiltrowanym przez zagraniczne mocarstwa, kt\u00f3re wykorzystuj\u0105 go do wybielania swoich w\u0142asnych &#8216;osi\u0105gni\u0119\u0107&#8217;\u00a0w dziedzinie praw cz\u0142owieka?&#8221;.<\/span><\/p>\n<h4 class=\"text--title font-head-700\" style=\"text-align: left;\"><strong>EPL: podkomisja praw cz\u0142owieka powinna zawiesi\u0107 dzia\u0142alno\u015b\u0107<\/strong><\/h4>\n<p class=\"text--paragraph\" style=\"text-align: left;\"><span style=\"color: #000080;\">W\u0142oska agencja ANSA donosi, \u017ce we \u015brod\u0119 ponownie przes\u0142uchano by\u0142\u0105 wiceprzewodnicz\u0105c\u0105 PE Ev\u0119 Kaili, jedn\u0105 z oskar\u017conych, a tak\u017ce jej rodzic\u00f3w.\u00a0Alexandros Kaili zosta\u0142 przy\u0142apany przez belgijsk\u0105 policj\u0119, kiedy 9\u00a0grudnia na rozkaz c\u00f3rki usi\u0142owa\u0142 przemyci\u0107 przechowywane w jej mieszkaniu 600 tys. euro w got\u00f3wce. Mimo to ojciec by\u0142ej wiceprzewodnicz\u0105cej PE tak\u017ce po tym przes\u0142uchaniu zosta\u0142 wypuszczony na wolno\u015b\u0107.<\/span><\/p>\n<p class=\"text--paragraph\" style=\"text-align: left;\"><span style=\"color: #000080;\">W wi\u0119zieniu przebywaj\u0105 zatrzymani 8 grudnia: Eva Kaili, Antonio Panzeri, Francesco Giorgi (m\u0105\u017c Evy Kaili) oraz Niccol\u00f2 Fig\u00e0-Talamanca. W areszcie domowym we W\u0142oszech przebywa \u017cona Panzeriego Maria Dolores Colleoni, kt\u00f3ra oczekuje na ekstradycj\u0119 do Belgii, a tak\u017ce jego c\u00f3rka Silvia Panzeri (rozprawa ekstradycyjna ma si\u0119 odby\u0107 16 stycznia).<\/span><\/p>\n<p class=\"text--paragraph\" style=\"text-align: left;\"><span style=\"color: #000080;\">Zamieszani w afer\u0119 obecni i byli europos\u0142owie nale\u017c\u0105 do europejskiego ugrupowania socjalist\u00f3w. Podobnie jak Andrea Cozzolino i Marco Tarabella, inni cz\u0142onkowie DROI, kt\u00f3rzy s\u0105 na celowniku belgijskich \u015bledczych. Prawdopodobnie na posiedzeniu w lutym PE uchyli im immunitet, o co poprosi\u0142a belgijska prokuratura. Cozzolino by\u0142 przewodnicz\u0105cym delegacji ds. stosunk\u00f3w z krajami Maghrebu oraz wsp\u00f3lnych komisji parlamentarnych UE &#8211; Maroko.<\/span><\/p>\n<p class=\"text--paragraph\" style=\"text-align: left;\"><span style=\"color: #000080;\">Centroprawicowa Europejska Partia Ludowa wzywa do wstrzymania na czas \u015bledztwa prac podkomisji praw cz\u0142owieka.<\/span><\/p>\n<p class=\"text--paragraph\" style=\"text-align: left;\"><span style=\"color: #000080;\">&#8211; Wszystkie fakty i zaanga\u017cowani ludzie obracaj\u0105 si\u0119 wok\u00f3\u0142 DROI i niekt\u00f3rych pos\u0142\u00f3w i doradc\u00f3w tam dzia\u0142aj\u0105cych \u2013 m\u00f3wi szef EPL Manfred Weber.<\/span><\/p>\n<hr style=\"height: 15px; background: #d0e6fa; width: 100%;\" \/>\n<h5 style=\"text-align: center;\"><a href=\"https:\/\/wyborcza.pl\/\" target=\"_blank\" rel=\"noopener noreferrer\"><img decoding=\"async\" class=\"center alignleft\" src=\"http:\/\/www.reunion68.com\/Biuletyn\/img\/wyborcza.png\" alt=\"\" width=\"35%\" \/><\/a><span style=\"text-decoration: underline; color: #000080;\"><strong><a style=\"color: #000080; text-decoration: underline;\" href=\"https:\/\/wyborcza.pl\/7,75399,29267227,katargate-europarlamentarzystow-korumpowalo-tez-maroko-partner.html#S.embed_article-K.C-B.1-L.2.zw\" target=\"_blank\" rel=\"noopener noreferrer\">Katargate [Qatar gate]. Europarlamentarzyst\u00f3w korumpowa\u0142o te\u017c Maroko. Partner Evy Kaili sypie<\/a><\/strong><\/span><\/h5>\n<p style=\"text-align: center;\"><span style=\"color: #000000;\"><strong>Bartosz Hlebowicz<\/strong><\/span><\/p>\n<hr style=\"height: 15px; background: #d0e6fa; width: 100%;\" \/>\n<h4 style=\"text-align: center;\"><span style=\"color: #808080;\"><strong>Maroka\u0144ska odnoga \u015bledztwa belgijskiej prokuratury staje si\u0119 co najmniej tak wa\u017cna jak katarska. Partner by\u0142ej wiceszefowej Parlamentu Europejskiego Evy Kaili przyznaje si\u0119 do winy i obci\u0105\u017ca innych.<\/strong><\/span><\/h4>\n<p>.<\/p>\n<p class=\"text--paragraph\" style=\"text-align: left;\"><span style=\"color: #000080;\">W\u0142oskie media, powo\u0142uj\u0105c si\u0119 na akta \u015bledztwa, wskazuj\u0105, \u017ce skorumpowani dzia\u0142acze ds. praw cz\u0142owieka i europarlamentarzy\u015bci prowadzili w UE dzia\u0142ania na rzecz nie tylko Kataru, ale tak\u017ce Maroka. Pomaga\u0142 im DGED, maroka\u0144ski wywiad wojskowy.<\/span><\/p>\n<h4 class=\"text--title font-head-700\" style=\"text-align: left;\"><strong>\u201eSie\u0107 wsparcia&#8221; Maroka i Kataru<\/strong><\/h4>\n<p class=\"text--paragraph\" style=\"text-align: left;\"><span style=\"color: #000080;\">W pi\u0105tek prokuratura belgijska, z kt\u00f3r\u0105 wsp\u00f3\u0142pracowa\u0142o pi\u0119\u0107 innych prokuratur europejskich, zatrzyma\u0142a by\u0142ego europos\u0142a Antonio Panzeriego (uwa\u017cany za szefa skorumpowanej grupy), odwo\u0142an\u0105 w poniedzia\u0142ek wiceszefow\u0105 PE Ev\u0119 Kaili, jej partnera Francesco Giorgiego, Niccolo Fig\u00e0 Talamank\u0119, dyrektora organizacji pozarz\u0105dowej No Peace Without Justice, oraz Luc\u0119 Visentiniego, szefa Mi\u0119dzynarodowej Konfederacji Zwi\u0105zk\u00f3w Zawodowych.<\/span><\/p>\n<p style=\"text-align: left;\"><span style=\"color: #000080;\">Zdaniem \u201eLa Repubbliki&#8221; cz\u0142onkiem sieci jest te\u017c europose\u0142 Andrea Cozzolino z Partii Demokratycznej. Cozzolino by\u0142 przewodnicz\u0105cym delegacji ds. stosunk\u00f3w z krajami Maghrebu oraz wsp\u00f3lnych komisji parlamentarnych UE &#8211; Maroko. By\u0142 te\u017c cz\u0142onkiem komisji praw cz\u0142owieka, kt\u00f3ra generowa\u0142a najbardziej kontrowersyjne, je\u015bli chodzi o Katar, uchwa\u0142y.<\/span><\/p>\n<p class=\"text--paragraph\" style=\"text-align: left;\"><span style=\"color: #000080;\">Namawia\u0142 r\u00f3wnie\u017c do g\u0142osowania przeciw rezolucji PE z 24 listopada pot\u0119piaj\u0105cej Katar. \u201eEuroparlament nie powinien oskar\u017ca\u0107 \u017cadnego pa\u0144stwa bez dowod\u00f3w. A je\u015bli chcemy m\u00f3wi\u0107 o korupcji w sporcie, nale\u017ca\u0142oby porozmawia\u0107 o mundialu w Niemczech w 2006 r.&#8221; &#8211; pisa\u0142 do koleg\u00f3w socjalist\u00f3w.<\/span><\/p>\n<p class=\"text--paragraph\" style=\"text-align: left;\"><span style=\"color: #000080;\">Wed\u0142ug &#8220;La Repubbliki&#8221; na trop \u201esieci wsparcia&#8221; Maroka prokuratura belgijska wpad\u0142a pi\u0119\u0107 miesi\u0119cy temu. \u201eAkta prokuratury zawieraj\u0105 niesamowite bogactwo szczeg\u00f3\u0142\u00f3w, szereg operacji uzgadnianych w ramach ustalonego systemu. W rzeczywisto\u015bci ka\u017cdy ruch ma na celu prowadzenie \u00bbdzia\u0142alno\u015bci ingeruj\u0105cej\u00ab w siedzibie UE i na kluczowych stanowiskach instytucji unijnych, w szczeg\u00f3lno\u015bci\u00a0<a style=\"color: #000080;\" href=\"http:\/\/wyborcza.pl\/0,128956.html?tag=parlament+europejski#anchorLink\">Parlamentu Europejskiego<\/a>&#8221; &#8211; opisuje w\u0142oski dziennik.<\/span><\/p>\n<p class=\"text--paragraph\" style=\"text-align: left;\"><span style=\"color: #000080;\">Czego chce Maroko?\u00a0\u201eKontroli nad przep\u0142ywami migracyjnymi&#8221; oraz wolnej r\u0119ki w Saharze Zachodniej, do kt\u00f3rej prawa ro\u015bci sobie Sahrawi, tubylczy lud z tego regionu reprezentowany przez Front Polisario.<\/span><\/p>\n<h4 class=\"text--title font-head-700\" style=\"text-align: left;\">Na salonach s\u0142u\u017cb specjalnych Maroka<\/h4>\n<p class=\"text--paragraph\" style=\"text-align: left;\"><span style=\"color: #000080;\">W\u0142oskie media relacjonuj\u0105, \u017ce Maroko poprzez swoje s\u0142u\u017cby specjalne organizowa\u0142o liczne spotkania z cz\u0142onkami grupy Panzeriego. \u201eSpotkania, rozmowy, kolacje z najwy\u017cszym kierownictwem s\u0142u\u017cb specjalnych w Rabacie s\u0105 sta\u0142ym elementem tego systemu&#8221; &#8211; relacjonuje \u201eLa Repubblica&#8221;.<\/span><\/p>\n<div id=\"adUnit-087-ADBOARD-A\" class=\"adviewDFPBanner DFP-087-ADBOARD-A activeBan\" data-google-query-id=\"CL_5x-6x0_wCFUQE4AodGa4Kmw\">\n<p class=\"text--paragraph\" style=\"text-align: left;\"><span style=\"color: #000080;\">Kontakt z grup\u0105 Panzeriego zainicjowa\u0142 urz\u0119duj\u0105cy w stolicy Maroka oficer DGED Belharace Mohammed. Wa\u017cn\u0105 rol\u0119 mia\u0142 te\u017c odgrywa\u0107 Abderrahim Atmoun, ambasador Maroka w Polsce, kt\u00f3ry pe\u0142ni\u0142 funkcj\u0119 koordynatora oraz przekazywa\u0142 prezenty \u0142ap\u00f3wki. M\u00f3zgiem operacji mia\u0142 by\u0107 Yassine Mansouri, dyrektor generalny DGED.<\/span><\/p>\n<p class=\"text--paragraph\" style=\"text-align: left;\"><span style=\"color: #000080;\">Zdaniem Belg\u00f3w Panzeri, Giorgi i Cozzolino \u201eponad wszelk\u0105 w\u0105tpliwo\u015b\u0107&#8221; wsp\u00f3\u0142pracowali z maroka\u0144skimi s\u0142u\u017cbami. Ca\u0142a tr\u00f3jka spotka\u0142a si\u0119 z szefem maroka\u0144skich s\u0142u\u017cb. Cozzolino, wed\u0142ug belgijskich s\u0142u\u017cb, wiele razy. W 2019 r. Maroka\u0144czycy mieli op\u0142aci\u0107 jego lot lini\u0105 Alitalia z Maroka do W\u0142och, aczkolwiek Belgowie zaznaczaj\u0105, \u017ce nie maj\u0105 pewno\u015bci, czy Cozzolino wsiad\u0142 do samolotu. \u201eOpis belgijskich s\u0142u\u017cb wygl\u0105da jednak na wyraz ostro\u017cno\u015bci, a nie w\u0105tpliwo\u015bci&#8221; &#8211; komentuje \u201eLa Repubblica&#8221;.<\/span><\/p>\n<p class=\"text--paragraph\" style=\"text-align: left;\"><span style=\"color: #000080;\">W lipcu 2021 r. na spotkanie z Mansourim mia\u0142 z kolei polecie\u0107 Panzeri. \u015aledczy uwa\u017caj\u0105, \u017ce celem tego spotkania by\u0142o om\u00f3wienie \u201estrategii Parlamentu Europejskiego&#8221; i wp\u0142yni\u0119cie na ni\u0105. Znowu Belgowie nie maj\u0105 stuprocentowej pewno\u015bci, \u017ce spotkanie si\u0119 odby\u0142o, pewne jednak jest to, \u017ce Maroko poczyni\u0142o starania, by do niego dosz\u0142o.<\/span><\/p>\n<p class=\"text--paragraph\" style=\"text-align: left;\"><span style=\"color: #000080;\">W\u0142oskie media podaj\u0105, \u017ce Mansouri kontaktowa\u0142 si\u0119 nie tylko z \u201etr\u00f3jk\u0105&#8221; Panzeriego, ale tak\u017ce innymi europos\u0142ami.<\/span><\/p>\n<p class=\"text--paragraph\" style=\"text-align: left;\"><span style=\"color: #000080;\">Cozzolino wraz Panzerim mieli te\u017c odwiedza\u0107 siedzib\u0119 maroka\u0144skiego ambasadora w Warszawie.<\/span><\/p>\n<p class=\"text--paragraph\" style=\"text-align: left;\"><span style=\"color: #000080;\">Francesco Giorgi traktowany by\u0142 przez Maroka\u0144czyk\u00f3w jako wys\u0142annik Panzeriego. Z maroka\u0144skimi s\u0142u\u017cbami mia\u0142 te\u017c wsp\u00f3\u0142pracowa\u0107 Niccolo Fig\u00e0 Talamanca, ale jego rola w ca\u0142ym procederze nie jest na razie znana.<\/span><\/p>\n<p style=\"text-align: center;\"><img decoding=\"async\" class=\"aligncenter\" src=\"https:\/\/bi.im-g.pl\/im\/68\/e9\/1b\/z29267816IH,Pieniadze-skonfiskowane-w-domu-bylego-wloskiego-po.jpg\" width=\"100%\" \/><span style=\"color: #808080;\"><em>Pieni\u0105dze skonfiskowane w domu by\u0142ego w\u0142oskiego pos\u0142a do Parlamentu Europejskiego Pier Antonio Panzeriego oraz w mieszkaniu wiceprzewodnicz\u0105cej parlamentu greckiego Evy Kaili. Fot. AP<\/em><\/span><\/p>\n<h4 style=\"text-align: left;\">\n<strong>Giorgi si\u0119 \u0142amie i broni Kaili<\/strong><\/h4>\n<p class=\"text--paragraph\" style=\"text-align: left;\"><span style=\"color: #000080;\">\u201eLa Repubblica&#8221; zauwa\u017ca, \u017ce w odr\u00f3\u017cnieniu od w\u0142adz maroka\u0144skich Katar nie bawi\u0142 si\u0119 w subtelno\u015bci w rodzaju nieoficjalnych spotka\u0144 ze s\u0142u\u017cbami specjalnymi. Zamiast szpieg\u00f3w z u\u017cytecznymi europejskimi partnerami spotykali si\u0119 po prostu przedstawiciele rz\u0105du, m.in. minister pracy Ali bin Samikh al-Marri. Organizowa\u0142 je niejaki &#8220;Bettahar&#8221;. Nie wiadomo, kim jest, znany jest tylko jego pseudonim &#8211; \u201eAlgierczyk&#8221;.<\/span><\/p>\n<p class=\"text--paragraph\" style=\"text-align: left;\"><span style=\"color: #000080;\">W\u0142oskie media donosz\u0105, \u017ce Giorgi ju\u017c przyzna\u0142 si\u0119 do wsp\u00f3\u0142pracy z Katarem i Marokiem. Mia\u0142 m.in. wsypa\u0107 belgijskiego europos\u0142a Marca Tarabell\u0119.<\/span><\/p>\n<p class=\"text--paragraph\" style=\"text-align: left;\"><span style=\"color: #000080;\">&#8211; Zrobi\u0142em to wszystko dla pieni\u0119dzy, kt\u00f3rych nie potrzebowa\u0142em \u2013 przyzna\u0142 podczas przes\u0142uchania Giorgi, kt\u00f3ry do Belgii przyjecha\u0142 w 2009 r. na studia, a potem zrobi\u0142 karier\u0119 jako asystent europos\u0142\u00f3w, zarabiaj\u0105c miesi\u0119cznie 2,5 tys. euro. Z Panzerim, kt\u00f3ry przyj\u0105\u0142 go na sta\u017c i kt\u00f3ry dla m\u0142odego dzia\u0142acza by\u0142 przewodnikiem i mentorem, zna\u0142 si\u0119 od 13 lat.<\/span><\/p>\n<p class=\"text--paragraph\" style=\"text-align: left;\"><span style=\"color: #000080;\">Giorgi przekonuje, \u017ce 150 tys. euro znalezionych w domu, kt\u00f3ry dzieli z Kaili w Brukseli, nie by\u0142o przeznaczone dla niej, lecz wy\u0142\u0105cznie dla niego i Panzeriego. Twierdzi, \u017ce nie ma \u017cadnej wiedzy, aby mia\u0142y pos\u0142u\u017cy\u0107 do skorumpowania innych os\u00f3b.<\/span><\/p>\n<p class=\"text--paragraph\" style=\"text-align: left;\"><span style=\"color: #000080;\">&#8211; Zrobi\u0119 wszystko, aby moja towarzyszka wysz\u0142a na wolno\u015b\u0107 i mog\u0142a zaj\u0105\u0107 si\u0119 nasz\u0105 22-miesi\u0119czn\u0105 c\u00f3rk\u0105 &#8211; powiedzia\u0142 Giorgi.<\/span><\/p>\n<p class=\"text--paragraph\" style=\"text-align: left;\"><span style=\"color: #000080;\">To samo m\u00f3wi adwokat Kaili Michalis Dimitrakopoulos: &#8211; Pieni\u0105dze znalezione w jej domu nie nale\u017ca\u0142y do niej. Giorgi jest jedyn\u0105 osob\u0105, kt\u00f3ra mo\u017ce wyja\u015bni\u0107, sk\u0105d si\u0119 tam wzi\u0119\u0142y. Kaili nie wiedzia\u0142a o ich istnieniu.<\/span><\/p>\n<p class=\"text--paragraph\" style=\"text-align: left;\"><span style=\"color: #000080;\">Poza 150 tys. euro w domu Kaili i Giorgiego policja znalaz\u0142a kolejne 600 tys., kt\u00f3re ojciec Kaili usi\u0142owa\u0142 wynie\u015b\u0107 po kryjomu z hotelu w Brukseli, ponad 600 tys. euro skonfiskowano w posiad\u0142o\u015bciach Panzeriego w Brukseli i pod Mediolanem, za\u015b w domu rodzic\u00f3w Giorgiego w Abbiategrasso w Lombardii odkryto klucz do skrytki depozytowej w banku, w kt\u00f3rej przechowywano 20 tys. euro w got\u00f3wce.<\/span><\/p>\n<h4 class=\"text--title font-head-700\" style=\"text-align: left;\"><strong><span style=\"color: #000000;\">Umoczonych ponad 60 europos\u0142\u00f3w<\/span><\/strong><\/h4>\n<p class=\"text--paragraph\" style=\"text-align: left;\"><span style=\"color: #000080;\">W \u015brod\u0119 odby\u0142y si\u0119 przes\u0142uchania wst\u0119pne Giorgiego, Panzeriego i Talamanki. S\u0105d postanowi\u0142 o przed\u0142u\u017ceniu aresztu dw\u00f3ch pierwszych. Talamanka wyszed\u0142 warunkowo, jest obj\u0119ty dozorem elektronicznym. Warunkowo na wolno\u015bci przebywa tak\u017ce Luca Visentini.<\/span><\/p>\n<div class=\"text--embed\">\n<div class=\"text--related\">\n<div class=\"text--related-wrapper\" style=\"text-align: center;\"><a id=\"LinkArea:embed_article\" class=\"text--related-link\" title=\"'NGO-sy? S\u0142u\u017c\u0105 temu, \u017ceby u\u0142atwia\u0107 przep\u0142yw pieni\u0119dzy'. Media ujawniaj\u0105 kulisy 'Katargate' - brukselskiej afery korupcyjnej\" href=\"https:\/\/wyborcza.pl\/7,75399,29262374,kolejne-aresztowania-w-katargate-brukselskiej-aferze-korupcyjnej.html#S.embed_article-K.C-B.1-L.3.zw\"><span style=\"text-decoration: underline;\"><strong>&#8220;NGO-sy? S\u0142u\u017c\u0105 temu, \u017ceby u\u0142atwia\u0107 przep\u0142yw pieni\u0119dzy&#8221;. Media ujawniaj\u0105 kulisy &#8220;Katargate&#8221; &#8211; brukselskiej afery korupcyjnej<\/strong><\/span><\/a><\/div>\n<\/div>\n<\/div>\n<p class=\"text--paragraph\" style=\"text-align: left;\"><span style=\"color: #000080;\">Eva Kaili poprosi\u0142a o przesuni\u0119cie terminu przes\u0142uchania. Odb\u0119dzie si\u0119 ono 22 grudnia.<\/span><\/p>\n<p class=\"text--paragraph\" style=\"text-align: left;\"><span style=\"color: #000080;\">Grecka telewizja Mega TV, powo\u0142uj\u0105c si\u0119 na niemiecki portal Focus.de, m\u00f3wi o \u201eponad 60 europos\u0142ach&#8221;, kt\u00f3rzy maj\u0105 by\u0107 jeszcze na celowniku belgijskiej prokuratury.<\/span><\/p>\n<hr style=\"height: 15px; background: #d0e6fa; width: 100%;\" \/>\n<div id=\"content\" class=\"content-alignment\">\n<div id=\"watch-description\" class=\"yt-uix-button-panel\">\n<div id=\"watch-description-text\" style=\"text-align: center;\">\n<p><em>Zawarto\u015b\u0107 publikowanych artyku\u0142\u00f3w i materia\u0142\u00f3w nie reprezentuje pogl\u0105d\u00f3w ani opinii Reunion&#8217;68,<\/em><em><br \/>\nani te\u017c webmastera Blogu Reunion&#8217;68, chyba ze jest to wyra\u017anie zaznaczone.<br \/>\nTwoje uwagi, linki, w\u0142asne artyku\u0142y lub wiadomo\u015bci prze\u015blij na adres:<br \/>\n<\/em><span style=\"color: #000080;\"><strong><em><a style=\"color: #000080;\" href=\"mailto:webmaster@reunion68.com\"><span style=\"text-decoration: underline;\">webmaster@reunion68.com<\/span><\/a><\/em><\/strong><\/span><\/p>\n<\/div>\n<\/div>\n<\/div>\n<hr style=\"width: 100%;\" \/>\n<\/div>\n","protected":false},"excerpt":{"rendered":"<p>Maria Arena Belgijska socjalistka (Fot. Fred MARVAUX\/European Union) Katargate. [Qatar gate] Szefowa podkomisji praw cz\u0142owieka w PE z\u0142o\u017cy\u0142a rezygnacj\u0119 Bartosz Hlebowicz Belgijska europos\u0142anka Maria Arena ust\u0105pi\u0142a z funkcji przewodnicz\u0105cej europarlamentarnej komisji po ujawnieniu przez portal Politico, \u017ce ukry\u0142a informacje o op\u0142acaniu przez Dauh\u0119 jej podr\u00f3\u017cy do Kataru. . Maria Arena nie jest podejrzan\u0105 w belgijskim [&hellip;]<\/p>\n","protected":false},"author":1,"featured_media":0,"comment_status":"closed","ping_status":"closed","sticky":false,"template":"","format":"standard","meta":[],"categories":[6],"tags":[26,24],"_links":{"self":[{"href":"https:\/\/www.reunion68.se\/index.php?rest_route=\/wp\/v2\/posts\/101438"}],"collection":[{"href":"https:\/\/www.reunion68.se\/index.php?rest_route=\/wp\/v2\/posts"}],"about":[{"href":"https:\/\/www.reunion68.se\/index.php?rest_route=\/wp\/v2\/types\/post"}],"author":[{"embeddable":true,"href":"https:\/\/www.reunion68.se\/index.php?rest_route=\/wp\/v2\/users\/1"}],"replies":[{"embeddable":true,"href":"https:\/\/www.reunion68.se\/index.php?rest_route=%2Fwp%2Fv2%2Fcomments&post=101438"}],"version-history":[{"count":12,"href":"https:\/\/www.reunion68.se\/index.php?rest_route=\/wp\/v2\/posts\/101438\/revisions"}],"predecessor-version":[{"id":101487,"href":"https:\/\/www.reunion68.se\/index.php?rest_route=\/wp\/v2\/posts\/101438\/revisions\/101487"}],"wp:attachment":[{"href":"https:\/\/www.reunion68.se\/index.php?rest_route=%2Fwp%2Fv2%2Fmedia&parent=101438"}],"wp:term":[{"taxonomy":"category","embeddable":true,"href":"https:\/\/www.reunion68.se\/index.php?rest_route=%2Fwp%2Fv2%2Fcategories&post=101438"},{"taxonomy":"post_tag","embeddable":true,"href":"https:\/\/www.reunion68.se\/index.php?rest_route=%2Fwp%2Fv2%2Ftags&post=101438"}],"curies":[{"name":"wp","href":"https:\/\/api.w.org\/{rel}","templated":true}]}}