{"id":1015,"date":"2014-05-15T00:03:31","date_gmt":"2014-05-14T22:03:31","guid":{"rendered":"http:\/\/www.reunion68.se\/?p=1015"},"modified":"2014-05-14T22:04:14","modified_gmt":"2014-05-14T20:04:14","slug":"480-rocznica-druku-pierwszej-ksiazki-zydowskiej-w-polsce","status":"publish","type":"post","link":"https:\/\/www.reunion68.se\/?p=1015","title":{"rendered":"480. rocznica druku pierwszej ksi\u0105\u017cki \u017cydowskiej w Polsce"},"content":{"rendered":"<h3 style=\"text-align: center;\"><img decoding=\"async\" class=\"alignleft\" src=\"http:\/\/www.reunion68.com\/Biuletyn\/img\/zih.png\" alt=\"\" \/><br \/>\n<strong><span style=\"text-decoration: underline;\"><a href=\"http:\/\/www.jhi.pl\/blog\/143\"><span style=\"color: #000080; text-decoration: underline;\">480. rocznica druku pierwszej ksi\u0105\u017cki \u017cydowskiej w Polsce<\/span><\/a><br \/>\n<\/span><\/strong><\/h3>\n<p><span style=\"color: #000080;\"><strong>\u017bydowski Instytut Historyczny<\/strong><br \/>\nautor:<\/span><strong><span style=\"color: #000080;\"> Magdalena Bendowska,<\/span><\/strong><span style=\"color: #000080;\"> 5 maja 2014\u00a0<\/span><\/p>\n<p><span style=\"color: #000080;\">W bie\u017c\u0105cym roku mija 480. rocznica druku w Polsce pierwszych ksi\u0105\u017cek w j\u0119zyku hebrajskim i jidysz. Ukaza\u0142y si\u0119 one w Krakowie w 1534 roku w oficynie za\u0142o\u017conej przez trzech braci Halicz\u00f3w: Szmuela, Aszera i Eliakima. Nie wiemy, sk\u0105d pochodzili \u2013 nigdzie tego nie podali. Nie wiadomo te\u017c, czy ich nazwisko powinno brzmie\u0107 Helicz czy Halicz. Forma Halicz mo\u017ce wskazywa\u0107 na pochodzenie z Halicza na Rusi Czerwonej. Nie ma pewno\u015bci, gdzie wyuczyli si\u0119 fachu drukarskiego. Niekt\u00f3rzy historycy przypuszczaj\u0105, \u017ce przybyli z Pragi, ale brak \u015blad\u00f3w ich pobytu w tym mie\u015bcie. Faktycznie czcionki u\u017cywane przez nich w Krakowie i karty tytu\u0142owe ich druk\u00f3w powielaj\u0105 wzory praskie.<\/span><\/p>\n<table border=\"0\" width=\"100%\" cellspacing=\"0\" cellpadding=\"0\">\n<tbody>\n<tr>\n<td style=\"vertical-align: top; text-align: left;\"><img decoding=\"async\" src=\"http:\/\/www.jhi.pl\/uploads\/image\/file\/4784\/layout_3_1.jpg\" alt=\"\" width=\"150\" \/><\/td>\n<td style=\"vertical-align: top; text-align: left;\"><span style=\"color: #000080;\"><span style=\"color: #000080;\"><span class=\"name\">Frontispis pierwszej na\u00a0\u015bwiecie ksi\u0105\u017cki wydrukowanej w\u00a0j\u0119zyku jidysz, przedstawiaj\u0105cy herb Korony (orze\u0142), herb Litwy (pogo\u0144), herb Sforz\u00f3w (smok po\u0142ykaj\u0105cy dziecko) \u2013\u00a0rodu, z\u00a0kt\u00f3rego pochodzi\u0142a \u017cona Zygmunta I,\u00a0oraz herb Krakowa<\/span><span class=\"author\">Aszer Anszel, \u201eMirkewes ha-miszne\u201d, (\u201eSejfer szel reb Anszel\u201d), Krak\u00f3w, Bracia Haliczowie, 1534.<br \/>\n<\/span><\/span><\/span><\/p>\n<hr \/>\n<p><span style=\"color: #000080;\">czytaj wiecej tu &#8230;<\/span><span style=\"color: #000080; text-decoration: underline;\"><strong><a href=\"http:\/\/www.jhi.pl\/blog\/143\"><span style=\"color: #000080; text-decoration: underline;\">480. rocznica druku pierwszej ksi\u0105\u017cki \u017cydowskiej w Polsce<\/span><\/a><\/strong><\/span><\/td>\n<\/tr>\n<\/tbody>\n<\/table>\n<hr \/>\n","protected":false},"excerpt":{"rendered":"<p>480. rocznica druku pierwszej ksi\u0105\u017cki \u017cydowskiej w Polsce \u017bydowski Instytut Historyczny autor: Magdalena Bendowska, 5 maja 2014\u00a0 W bie\u017c\u0105cym roku mija 480. rocznica druku w Polsce pierwszych ksi\u0105\u017cek w j\u0119zyku hebrajskim i jidysz. Ukaza\u0142y si\u0119 one w Krakowie w 1534 roku w oficynie za\u0142o\u017conej przez trzech braci Halicz\u00f3w: Szmuela, Aszera i Eliakima. Nie wiemy, sk\u0105d [&hellip;]<\/p>\n","protected":false},"author":1,"featured_media":0,"comment_status":"closed","ping_status":"closed","sticky":false,"template":"","format":"standard","meta":[],"categories":[4],"tags":[],"_links":{"self":[{"href":"https:\/\/www.reunion68.se\/index.php?rest_route=\/wp\/v2\/posts\/1015"}],"collection":[{"href":"https:\/\/www.reunion68.se\/index.php?rest_route=\/wp\/v2\/posts"}],"about":[{"href":"https:\/\/www.reunion68.se\/index.php?rest_route=\/wp\/v2\/types\/post"}],"author":[{"embeddable":true,"href":"https:\/\/www.reunion68.se\/index.php?rest_route=\/wp\/v2\/users\/1"}],"replies":[{"embeddable":true,"href":"https:\/\/www.reunion68.se\/index.php?rest_route=%2Fwp%2Fv2%2Fcomments&post=1015"}],"version-history":[{"count":21,"href":"https:\/\/www.reunion68.se\/index.php?rest_route=\/wp\/v2\/posts\/1015\/revisions"}],"predecessor-version":[{"id":1051,"href":"https:\/\/www.reunion68.se\/index.php?rest_route=\/wp\/v2\/posts\/1015\/revisions\/1051"}],"wp:attachment":[{"href":"https:\/\/www.reunion68.se\/index.php?rest_route=%2Fwp%2Fv2%2Fmedia&parent=1015"}],"wp:term":[{"taxonomy":"category","embeddable":true,"href":"https:\/\/www.reunion68.se\/index.php?rest_route=%2Fwp%2Fv2%2Fcategories&post=1015"},{"taxonomy":"post_tag","embeddable":true,"href":"https:\/\/www.reunion68.se\/index.php?rest_route=%2Fwp%2Fv2%2Ftags&post=1015"}],"curies":[{"name":"wp","href":"https:\/\/api.w.org\/{rel}","templated":true}]}}