{"id":101537,"date":"2023-01-22T17:00:06","date_gmt":"2023-01-22T15:00:06","guid":{"rendered":"http:\/\/www.reunion68.se\/?p=101537"},"modified":"2023-01-22T11:02:26","modified_gmt":"2023-01-22T09:02:26","slug":"28-05-79","status":"publish","type":"post","link":"https:\/\/www.reunion68.se\/?p=101537","title":{"rendered":"Protesty w Izraelu przeciwko reformie s\u0105downictwa premiera Netanjahu"},"content":{"rendered":"<p style=\"text-align: center;\"><img decoding=\"async\" class=\"aligncenter\" src=\"https:\/\/ocdn.eu\/pulscms-transforms\/1\/fdik9kuTURBXy9mM2VjYjBhNi1mMGQwLTRlYzUtYjU2Yy1hNTNmMzA4NGEwZDAuanBlZ5GVAs0DNADDw94AAaEwBQ\" width=\"100%\"><span style=\"color: #808080;\"><em>Binjamin Netanjahu \/ Shutterstock<\/em><\/span><\/p>\n<hr>\n<h5 style=\"text-align: center;\"><a href=\"https:\/\/www.gazetaprawna.pl\" target=\"_blank\" rel=\"noopener noreferrer\"><img decoding=\"async\" class=\"center alignleft\" src=\"https:\/\/ocdn.eu\/pulscms-transforms\/1\/wAvk9kpTURBXy80OWVhZjU4Y2UwNThjNzI3YWRjYmZjNTA1NjNiODRjZi5wbmeRlQLNAggAw8PeAAGhMAU\" alt=\"\" width=\"35%\"><\/a><span style=\"text-decoration: underline; color: #000080;\"><span><strong><a style=\"color: #000080; text-decoration: underline;\" href=\"https:\/\/www.gazetaprawna.pl\/wiadomosci\/swiat\/artykuly\/8636115,protesty-w-izraelu-reforma-sadownictwa-netanjahu.html\" target=\"_blank\" rel=\"noopener noreferrer\">Protesty w Izraelu przeciwko reformie s\u0105downictwa premiera Netanjahu<\/a><\/strong><\/span><\/span><\/h5>\n<p style=\"text-align: center;\"><span style=\"color: #000000;\"><strong>wr\/ mal\/<\/strong><\/span><\/p>\n<hr style=\"height: 15px; background: #d0e6fa; width: 100%;\">\n<h4 style=\"text-align: center;\"><span style=\"color: #808080;\"><strong>Dziesi\u0105tki tysi\u0119cy Izraelczyk\u00f3w demonstrowa\u0142y w sobot\u0119 przeciwko planom reformy s\u0105downictwa premiera Benjamina Netanjahu. Demonstranci oskar\u017cali go o podwa\u017canie rz\u0105d\u00f3w demokratycznych. Dosz\u0142o do tego w kilka tygodni po jego powrocie do w\u0142adzy.<\/strong><\/span><\/h4>\n<p style=\"text-align: left;\">.<br \/>\n<span style=\"color: #000080;\">Plan Netanjahu zak\u0142ada m.in. zwi\u0119kszenie kontroli rz\u0105du nad procesem wybor\u00f3w s\u0119dzi\u00f3w s\u0105du najwy\u017cszego, a tak\u017ce mo\u017cliwo\u015b\u0107 uchylania orzecze\u0144 tego s\u0105du wi\u0119kszo\u015bci\u0105 61 g\u0142os\u00f3w w 120-osobowym Knesecie (parlamencie).<\/span><\/p>\n<p class=\"hyphenate \" style=\"text-align: left;\" data-text-len=\"463\" data-scroll=\"paragraph_2\"><span style=\"color: #000080;\">Krytycy twierdz\u0105, \u017ce proponowane reformy S\u0105du Najwy\u017cszego sparali\u017cuj\u0105 niezawis\u0142o\u015b\u0107 s\u0105downictwa, b\u0119d\u0105 sprzyja\u0107 korupcji, ogranicz\u0105&nbsp;<a id=\"7d3c3313-929d-4a6b-a4de-c2a6fad3374a\" style=\"color: #000080;\" title=\"prawo\" href=\"https:\/\/www.gazetaprawna.pl\/tagi\/prawo\">prawa<\/a>&nbsp;mniejszo\u015bci i pozbawi\u0105 izraelski system s\u0105dowy wiarygodno\u015bci, kt\u00f3ra pomaga odpiera\u0107 oskar\u017cenia o zbrodnie wojenne za granic\u0105. W\u015br\u00f3d sprzeciwiaj\u0105cych si\u0119 reformom s\u0105 prezes S\u0105du Najwy\u017cszego i prokurator generalny kraju.<\/span><\/p>\n<p class=\"hyphenate \" style=\"text-align: left;\" data-text-len=\"115\" data-scroll=\"paragraph_3\"><span style=\"color: #000080;\">W demonstracjach w Tel Awiwie, Jerozolimie i Hajfie wzi\u0119\u0142o udzia\u0142 oko\u0142o 80 tys. ludzi &#8211; informuj\u0105 izraelskie media.<\/span><\/p>\n<p class=\"hyphenate \" style=\"text-align: left;\" data-text-len=\"115\" data-scroll=\"paragraph_3\"><span style=\"color: #000080;\">73-letni premier w pi\u0105tek zasygnalizowa\u0142 elastyczno\u015b\u0107 planu reform, m\u00f3wi\u0105c, \u017ce zostanie on wdro\u017cony \u201eze staranno\u015bci\u0105 i rozwag\u0105 po wys\u0142uchaniu wszystkich stanowisk\u201d.<\/span><\/p>\n<p class=\"hyphenate \" style=\"text-align: left;\" data-text-len=\"339\" data-scroll=\"paragraph_5\"><span style=\"color: #000080;\">Sonda\u017ce spo\u0142eczne r\u00f3\u017cni\u0105 si\u0119 w opiniach na temat proponowanych reform. Telewizja Channel 13 w zesz\u0142ym tygodniu stwierdzi\u0142a, \u017ce 53 proc. Izraelczyk\u00f3w jest przeciwnych zmianie procedury nominacji w s\u0105dach, podczas gdy 35 proc. by\u0142o za. Ale telewizja Channel 14 w czwartek znalaz\u0142a 61 proc. g\u0142os\u00f3w za, a 35 proc. przeciwko reformie Netanjahu.<\/span><\/p>\n<p class=\"hyphenate \" style=\"text-align: left;\" data-text-len=\"326\" data-scroll=\"paragraph_6\"><span style=\"color: #000080;\">\u201eDziesi\u0105tki tysi\u0119cy ludzi uczestniczy\u0142y w dzisiejszych demonstracjach. W wyborach, kt\u00f3re odby\u0142y si\u0119 dwa i p\u00f3\u0142 miesi\u0105ca temu, bra\u0142y udzia\u0142 miliony\u201d \u2014 napisa\u0142 na Twitterze Miki Zohar z konserwatywnej partii Likud Netanjahu. \u201eObiecali\u015bmy ludziom zmian\u0119, obiecali\u015bmy rz\u0105dy, obiecali\u015bmy reformy \u2013 i zrobimy to dobrze\u201d &#8211; doda\u0142.(PAP)<\/span><\/p>\n<hr style=\"height: 15px; background: #d0e6fa; width: 100%;\">\n<div id=\"content\" class=\"content-alignment\">\n<div id=\"watch-description\" class=\"yt-uix-button-panel\">\n<div id=\"watch-description-text\" style=\"text-align: center;\">\n<p><em>Zawarto\u015b\u0107 publikowanych artyku\u0142\u00f3w i materia\u0142\u00f3w nie reprezentuje pogl\u0105d\u00f3w ani opinii Reunion&#8217;68,<\/em><em><br \/>\nani te\u017c webmastera Blogu Reunion&#8217;68, chyba ze jest to wyra\u017anie zaznaczone.<br \/>\nTwoje uwagi, linki, w\u0142asne artyku\u0142y lub wiadomo\u015bci prze\u015blij na adres:<br \/>\n<\/em><span style=\"color: #000080;\"><strong><em><a style=\"color: #000080;\" href=\"mailto:webmaster@reunion68.com\"><span style=\"text-decoration: underline;\">webmaster@reunion68.com<\/span><\/a><\/em><\/strong><\/span><\/p>\n<\/div>\n<\/div>\n<\/div>\n<hr style=\"width: 100%;\">\n","protected":false},"excerpt":{"rendered":"<p>Binjamin Netanjahu \/ Shutterstock Protesty w Izraelu przeciwko reformie s\u0105downictwa premiera Netanjahu wr\/ mal\/ Dziesi\u0105tki tysi\u0119cy Izraelczyk\u00f3w demonstrowa\u0142y w sobot\u0119 przeciwko planom reformy s\u0105downictwa premiera Benjamina Netanjahu. Demonstranci oskar\u017cali go o podwa\u017canie rz\u0105d\u00f3w demokratycznych. Dosz\u0142o do tego w kilka tygodni po jego powrocie do w\u0142adzy. . Plan Netanjahu zak\u0142ada m.in. zwi\u0119kszenie kontroli rz\u0105du nad procesem [&hellip;]<\/p>\n","protected":false},"author":1,"featured_media":0,"comment_status":"closed","ping_status":"closed","sticky":false,"template":"","format":"standard","meta":[],"categories":[6],"tags":[26,24],"_links":{"self":[{"href":"https:\/\/www.reunion68.se\/index.php?rest_route=\/wp\/v2\/posts\/101537"}],"collection":[{"href":"https:\/\/www.reunion68.se\/index.php?rest_route=\/wp\/v2\/posts"}],"about":[{"href":"https:\/\/www.reunion68.se\/index.php?rest_route=\/wp\/v2\/types\/post"}],"author":[{"embeddable":true,"href":"https:\/\/www.reunion68.se\/index.php?rest_route=\/wp\/v2\/users\/1"}],"replies":[{"embeddable":true,"href":"https:\/\/www.reunion68.se\/index.php?rest_route=%2Fwp%2Fv2%2Fcomments&post=101537"}],"version-history":[{"count":4,"href":"https:\/\/www.reunion68.se\/index.php?rest_route=\/wp\/v2\/posts\/101537\/revisions"}],"predecessor-version":[{"id":101544,"href":"https:\/\/www.reunion68.se\/index.php?rest_route=\/wp\/v2\/posts\/101537\/revisions\/101544"}],"wp:attachment":[{"href":"https:\/\/www.reunion68.se\/index.php?rest_route=%2Fwp%2Fv2%2Fmedia&parent=101537"}],"wp:term":[{"taxonomy":"category","embeddable":true,"href":"https:\/\/www.reunion68.se\/index.php?rest_route=%2Fwp%2Fv2%2Fcategories&post=101537"},{"taxonomy":"post_tag","embeddable":true,"href":"https:\/\/www.reunion68.se\/index.php?rest_route=%2Fwp%2Fv2%2Ftags&post=101537"}],"curies":[{"name":"wp","href":"https:\/\/api.w.org\/{rel}","templated":true}]}}