{"id":101582,"date":"2023-01-24T17:00:19","date_gmt":"2023-01-24T15:00:19","guid":{"rendered":"http:\/\/www.reunion68.se\/?p=101582"},"modified":"2023-01-24T12:34:12","modified_gmt":"2023-01-24T10:34:12","slug":"30-00-73","status":"publish","type":"post","link":"https:\/\/www.reunion68.se\/?p=101582","title":{"rendered":"US, UK, EU Issue Coordinated Sanctions Against Iranian Officials"},"content":{"rendered":"<h5 style=\"text-align: center;\"><a href=\"https:\/\/www.algemeiner.com\/\" target=\"_blank\" rel=\"noopener noreferrer\"><img decoding=\"async\" class=\"center alignleft\" src=\"http:\/\/www.reunion68.com\/Biuletyn\/img\/algem.png\" alt=\"\" width=\"35%\"><\/a><span style=\"text-decoration: underline; color: #000080;\"><span><strong><a style=\"color: #000080; text-decoration: underline;\" href=\"https:\/\/www.algemeiner.com\/2023\/01\/23\/us-uk-eu-issue-coordinated-sanctions-against-iranian-officials\/\" target=\"_blank\" rel=\"noopener noreferrer\">US, UK, EU Issue Coordinated Sanctions Against Iranian Officials<\/a><\/strong><\/span><\/span><\/h5>\n<p style=\"text-align: center;\"><span style=\"color: #000000;\"><strong>Andrew Bernard<\/strong><\/span><\/p>\n<hr style=\"height: 15px; background: #d0e6fa; width: 100%;\">\n<p style=\"text-align: center;\"><img decoding=\"async\" class=\"aligncenter\" src=\"https:\/\/www.algemeiner.com\/wp-content\/uploads\/2022\/11\/Mahsa-Amini.jpg\" width=\"100%\"><span style=\"color: #808080;\"><em>FILE PHOTO: A newspaper with a cover picture of Mahsa Amini, a woman who died after being arrested by Iranian morality police is seen in Tehran, Iran, September 18, 2022. Majid Asgaripour\/WANA (West Asia News Agency) via REUTERS\/<\/em><\/span><\/p>\n<p style=\"text-align: left;\"><span style=\"color: #000080;\">The US, UK and EU issued coordinated sanctions Monday against senior Iranian officials, including Iran\u2019s deputy intelligence minister and four Iranian Revolutionary Guard Corps (IRGC) commanders.<\/span><\/p>\n<p style=\"text-align: left;\"><span style=\"color: #000080;\">UK Foreign Secretary James Cleverly said that there would be \u201cno hiding place\u201d for those guilty of violating human rights.<\/span><\/p>\n<p style=\"text-align: left;\"><span style=\"color: #000080;\">\u201cThose sanctioned today, from the judicial figures using the death penalty for political ends to the thugs beating protestors on the streets, are at the heart of the regime\u2019s brutal repression of the Iranian people,\u201d he said.<\/span><\/p>\n<p style=\"text-align: left;\"><span style=\"color: #000080;\">Pressure has mounted on the EU and UK to step up sanctions in recent weeks following a series of Iranian&nbsp;<a style=\"color: #000080;\" href=\"https:\/\/www.algemeiner.com\/2023\/01\/14\/iran-executes-british-iranian-accused-of-spying-uk-condemns-barbaric-act\/\" target=\"_blank\" rel=\"noopener noreferrer\">political executions<\/a>. On Wednesday the European Parliament&nbsp;<a style=\"color: #000080;\" href=\"https:\/\/www.algemeiner.com\/2023\/01\/18\/european-parliament-calls-on-eu-to-designate-irgc-as-terrorist-group\/\" target=\"_blank\" rel=\"noopener noreferrer\">voted to call for the IRGC to be designated<\/a>&nbsp;in its entirety, a decision that can only be made by the unanimous vote of the EU\u2019s Council of Ministers.&nbsp;<\/span><\/p>\n<p style=\"text-align: left;\"><span style=\"color: #000080;\">Speaking to reporters at the Council of Ministers meeting that imposed the new sanctions Monday, the EU\u2019s foreign policy chief Josep Borell said that&nbsp;<a style=\"color: #000080;\" href=\"https:\/\/www.algemeiner.com\/2023\/01\/23\/eu-agrees-new-iran-sanctions-wont-label-guards-as-terrorist-for-now\/\" target=\"_blank\" rel=\"noopener noreferrer\">the IRGC cannot be designated<\/a>&nbsp;without a court ruling by an EU member state.<\/span><\/p>\n<p style=\"text-align: left;\"><span style=\"color: #000080;\">\u201cIt is something that cannot be decided without a court\u2026 decision first. You cannot say I consider you a terrorist because I don\u2019t like you,\u201d he said.<\/span><\/p>\n<p style=\"text-align: left;\"><span style=\"color: #000080;\">Monday\u2019s new EU sanctions designate several regional units and unit commanders of the IRGC for their role in the crackdown on months-long protests following the death of Mahsa Amini, a Kurdish woman who died in regime custody after being arrested by Iran\u2019s Morality Police for allegedly failing to wear her hijab in the legally-required manner.<\/span><\/p>\n<p style=\"text-align: left;\"><span style=\"color: #000080;\">The EU had previously only listed&nbsp;<a style=\"color: #000080;\" href=\"https:\/\/www.algemeiner.com\/2022\/12\/08\/220-european-and-north-american-lawmakers-urge-terror-listing-for-iranian-revolutionary-guards\/\" target=\"_blank\" rel=\"noopener noreferrer\">the IRGC\u2019s Aerospace Force<\/a>&nbsp;as a terrorist entity for its role in supplying drones to Russia against Ukraine.<\/span><\/p>\n<p style=\"text-align: left;\"><span style=\"color: #000080;\">The IRGC commanders designated Monday include figures accused of firing on protesters with live ammunition.<\/span><\/p>\n<p style=\"text-align: left;\"><span style=\"color: #000080;\">\u201cIn Javanrud, a town in Kermanshah province, IRGC troops used live ammunition, including from semi-heavy machine guns, to quell protests, killing and wounding dozens,\u201d US Secretary of State Antony Blinken said.&nbsp; \u201cThe IRGC has shelled vehicles attempting to deliver blood bags to those wounded in local hospitals, preventing their delivery.\u201d<\/span><\/p>\n<p style=\"text-align: left;\"><span style=\"color: #000080;\">As of 9 January, Iran Human Rights, a Norway-based NGO, records at least 481 protesters killed by Iran since September and 109 protesters facing death penalty charges.<\/span><\/p>\n<hr style=\"height: 15px; background: #d0e6fa; width: 100%;\">\n<div id=\"content\" class=\"content-alignment\">\n<div id=\"watch-description\" class=\"yt-uix-button-panel\">\n<div id=\"watch-description-text\" style=\"text-align: center;\">\n<p><em>Zawarto\u015b\u0107 publikowanych artyku\u0142\u00f3w i materia\u0142\u00f3w nie reprezentuje pogl\u0105d\u00f3w ani opinii Reunion&#8217;68,<\/em><em><br \/>\nani te\u017c webmastera Blogu Reunion&#8217;68, chyba ze jest to wyra\u017anie zaznaczone.<br \/>\nTwoje uwagi, linki, w\u0142asne artyku\u0142y lub wiadomo\u015bci prze\u015blij na adres:<br \/>\n<\/em><span style=\"color: #000080;\"><strong><em><a style=\"color: #000080;\" href=\"mailto:webmaster@reunion68.com\"><span style=\"text-decoration: underline;\">webmaster@reunion68.com<\/span><\/a><\/em><\/strong><\/span><\/p>\n<\/div>\n<\/div>\n<\/div>\n<hr style=\"width: 100%;\">\n","protected":false},"excerpt":{"rendered":"<p>US, UK, EU Issue Coordinated Sanctions Against Iranian Officials Andrew Bernard FILE PHOTO: A newspaper with a cover picture of Mahsa Amini, a woman who died after being arrested by Iranian morality police is seen in Tehran, Iran, September 18, 2022. Majid Asgaripour\/WANA (West Asia News Agency) via REUTERS\/ The US, UK and EU issued [&hellip;]<\/p>\n","protected":false},"author":1,"featured_media":0,"comment_status":"closed","ping_status":"closed","sticky":false,"template":"","format":"standard","meta":[],"categories":[6],"tags":[26,24],"_links":{"self":[{"href":"https:\/\/www.reunion68.se\/index.php?rest_route=\/wp\/v2\/posts\/101582"}],"collection":[{"href":"https:\/\/www.reunion68.se\/index.php?rest_route=\/wp\/v2\/posts"}],"about":[{"href":"https:\/\/www.reunion68.se\/index.php?rest_route=\/wp\/v2\/types\/post"}],"author":[{"embeddable":true,"href":"https:\/\/www.reunion68.se\/index.php?rest_route=\/wp\/v2\/users\/1"}],"replies":[{"embeddable":true,"href":"https:\/\/www.reunion68.se\/index.php?rest_route=%2Fwp%2Fv2%2Fcomments&post=101582"}],"version-history":[{"count":7,"href":"https:\/\/www.reunion68.se\/index.php?rest_route=\/wp\/v2\/posts\/101582\/revisions"}],"predecessor-version":[{"id":101607,"href":"https:\/\/www.reunion68.se\/index.php?rest_route=\/wp\/v2\/posts\/101582\/revisions\/101607"}],"wp:attachment":[{"href":"https:\/\/www.reunion68.se\/index.php?rest_route=%2Fwp%2Fv2%2Fmedia&parent=101582"}],"wp:term":[{"taxonomy":"category","embeddable":true,"href":"https:\/\/www.reunion68.se\/index.php?rest_route=%2Fwp%2Fv2%2Fcategories&post=101582"},{"taxonomy":"post_tag","embeddable":true,"href":"https:\/\/www.reunion68.se\/index.php?rest_route=%2Fwp%2Fv2%2Ftags&post=101582"}],"curies":[{"name":"wp","href":"https:\/\/api.w.org\/{rel}","templated":true}]}}