{"id":101751,"date":"2023-01-30T17:00:34","date_gmt":"2023-01-30T15:00:34","guid":{"rendered":"http:\/\/www.reunion68.se\/?p=101751"},"modified":"2023-01-30T11:12:29","modified_gmt":"2023-01-30T09:12:29","slug":"05-05-85","status":"publish","type":"post","link":"https:\/\/www.reunion68.se\/?p=101751","title":{"rendered":"Terror in Jerusalem, PLO flags in Tel Aviv"},"content":{"rendered":"<h5 style=\"text-align: center;\"><a href=\"https:\/\/www.jewishpress.com\/\" target=\"_blank\" rel=\"noopener noreferrer\"><img decoding=\"async\" class=\"center alignleft\" src=\"http:\/\/www.reunion68.com\/Biuletyn\/img\/j-press.png\" alt=\"\" width=\"35%\" \/><\/a><span style=\"text-decoration: underline; color: #000080;\"><strong><a style=\"color: #000080; text-decoration: underline;\" href=\"https:\/\/www.jewishpress.com\/indepth\/opinions\/terror-in-jerusalem-plo-flags-in-tel-aviv\/2023\/01\/30\/\" target=\"_blank\" rel=\"noopener noreferrer\">Terror in Jerusalem, PLO flags in Tel Aviv<\/a><\/strong><\/span><\/h5>\n<p style=\"text-align: center;\"><span style=\"color: #000000;\"><strong>Ruthie Blum<\/strong><\/span><\/p>\n<hr style=\"height: 15px; background: #d0e6fa; width: 100%;\" \/>\n<p style=\"text-align: center;\"><img decoding=\"async\" class=\"aligncenter\" src=\"https:\/\/www.jewishpress.com\/wp-content\/uploads\/2023\/01\/Anti-Gov-protests-Tel-Aviv-696x392.jpeg\" width=\"100%\" \/><span style=\"color: #808080;\"><em>Anti-government protesters in Tel Aviv waving Palestinian flags. Jan. 28, 2023<\/em><\/span><\/p>\n<p style=\"text-align: left;\"><span style=\"color: #000080;\">Neither the terrorist\u00a0<a style=\"color: #000080;\" href=\"https:\/\/www.jns.org\/five-killed-in-jerusalem-terrorist-shooting-attack\/\">slaughter<\/a>\u00a0of seven Jewish worshipers and the wounding of three others in Jerusalem\u2019s Neve Yaakov neighborhood, nor the near-fatal\u00a0<a style=\"color: #000080;\" href=\"https:\/\/www.jns.org\/israeli-father-and-son-shot-in-second-jerusalem-terrorist-attack-in-24-hours\/\">shooting<\/a>\u00a0the following morning of a father and son at the entrance to the City of David National Park in the Israeli capital, prevented the anti-government protests from proceeding as scheduled.<\/span><\/p>\n<p style=\"text-align: left;\"><span style=\"color: #000080;\">Lest they lose an inch of their self-claimed moral high ground, however, those who came out in disputed numbers for the fourth Saturday night in a row\u2014ostensibly to decry Justice Minister Yariv Levin\u2019s plans to overhaul the judiciary\u2014kicked off their demonstrations with a moment of silence for the victims.<\/span><\/p>\n<div class=\"headline\">\n<p style=\"text-align: left;\"><span style=\"color: #000080;\">Given the personal and national tragedy of the previous 24 hours, the gesture was warranted. Still, nixing the rallies would have been far more appropriate under the circumstances.<\/span><\/p>\n<p style=\"text-align: left;\"><span style=\"color: #000080;\">Organizers reportedly considered this option, but decided against it. That the Knesset Constitution, Law and Justice Committee was set on Sunday to step up discussions on judicial-reform legislation tipped the scales in favor of virtue signaling in town squares.<\/span><\/p>\n<p style=\"text-align: left;\"><span style=\"color: #000080;\">As if that weren\u2019t bad enough, the business-as-usual spectacle that followed the 60-second acknowledgement of the occasion was abhorrent. Participants prancing around bemoaning a concocted danger\u2014the so-called \u201cdeath of Israeli democracy\u201d at the hands of Prime Minister Benjamin Netanyahu\u2019s coalition\u2014made a mockery of the actual mass murder of innocents.<\/span><\/p>\n<p style=\"text-align: left;\"><span style=\"color: #000080;\">These were 14-year-old Asher Natan, married couple 48-year-old Eli and 45-year-old Natalie Mizrahi, who were gunned down while attempting to administer aid to the wounded; Raphael Ben-Eliyahu, 56; Shaul Hai, 68; 26-year-old Ilya Sosansky; and Ukrainian national Irina Korolova.<\/span><\/p>\n<p style=\"text-align: left;\"><span style=\"color: #000080;\">The disrespect shown to the shattered families of the slain and injured didn\u2019t end there; among the sentiments voiced at the intersectional happenings was empathy for Palestinian terrorists.<\/span><\/p>\n<p style=\"text-align: left;\"><span style=\"color: #000080;\"><em>Channel 14<\/em>\u00a0correspondent Moti Kastel\u00a0<a style=\"color: #000080;\" href=\"https:\/\/twitter.com\/KastelMoti\">asked<\/a>\u00a0a group of \u201cjudicial reform\u201d opponents in Tel Aviv whether they weren\u2019t \u201cashamed\u201d to be waving PLO flags, particularly on such an evening, in the immediate aftermath of the murder of Jews.<\/span><\/p>\n<p style=\"text-align: left;\"><span style=\"color: #000080;\">\u201cNot at all,\u201d one answered. \u201cI\u2019m proud of it. We [Israelis] murder in return.\u201d<\/span><\/p>\n<p style=\"text-align: left;\"><span style=\"color: #000080;\">Another replied by pointing to the \u201cmurder\u201d of nine Palestinians in Jenin. It was an interesting way to describe the\u00a0<a style=\"color: #000080;\" href=\"https:\/\/www.jns.org\/daylight-jenin-raid-thwarted-a-major-imminent-pij-terror-plot\/\">elimination<\/a>\u00a0on Thursday of Palestinian Islamic Jihad terrorists plotting a major, imminent attack on Israelis.<\/span><\/p>\n<p style=\"text-align: left;\"><span style=\"color: #000080;\">A third blamed\u2014who else?\u2014supporters of the new ruling coalition for the fatalities. He suggested that the right \u201ctell the dead: \u2018We chose for you to die. We didn\u2019t want to compromise, so that\u2019s why we\u2019re burying you.\u2019\u201d<\/span><\/p>\n<p style=\"text-align: left;\"><span style=\"color: #000080;\">Alqam Khayri, the 21-year-old terrorist who opened fire on men, women and children outside the Ateret Avraham synagogue on the eve of Shabbat, and was killed by police before continuing his massacre, couldn\u2019t have put it better himself. Like his Jewish in-crowd apologists, the Israeli-I.D.-carrying resident of a-Tur in eastern Jerusalem was aligned with Palestinians bent on the country\u2019s destruction.<\/span><\/p>\n<p style=\"text-align: left;\"><span style=\"color: #000080;\">Unlike them, though, he didn\u2019t distinguish between one Israeli government and another. He certainly wouldn\u2019t have cared about the issue that\u2019s supposedly at the root of the rallies: preserving the power of appointed judges at the expense of the elected legislature.<\/span><\/p>\n<p style=\"text-align: left;\"><span style=\"color: #000080;\">His evil deed, as the response to it on the part of the protest movement, should and does shed light on the outcome of the November 1 Knesset elections.<\/span><\/p>\n<hr \/>\n<\/div>\n<p style=\"text-align: left;\"><span style=\"color: #808080;\"><em><a style=\"color: #808080;\" href=\"https:\/\/www.jns.org\/opinion\/terror-in-jerusalem-plo-flags-in-tel-aviv\/\">{<\/a>Reposted from\u00a0<a style=\"color: #808080;\" href=\"https:\/\/www.jns.org\/opinion\/terror-in-jerusalem-plo-flags-in-tel-aviv\/\">JNS}<\/a><\/em><\/span><\/p>\n<div class=\"td-author-name vcard author\" style=\"text-align: left;\"><span style=\"color: #808080;\"><em><span class=\"fn\"><a style=\"color: #808080;\" href=\"https:\/\/www.jewishpress.com\/author\/ruthieblum\/\"><strong>Ruthie Blum<\/strong> &#8211; <\/a><\/span>is an Israel-based journalist and author of \u201cTo Hell in a Handbasket: Carter, Obama, and the \u2018Arab Spring.\u2019 \u201d<\/em><\/span><\/div>\n<hr style=\"height: 15px; background: #d0e6fa; width: 100%;\" \/>\n<div id=\"content\" class=\"content-alignment\">\n<div id=\"watch-description\" class=\"yt-uix-button-panel\">\n<div id=\"watch-description-text\" style=\"text-align: center;\">\n<p><em>Zawarto\u015b\u0107 publikowanych artyku\u0142\u00f3w i materia\u0142\u00f3w nie reprezentuje pogl\u0105d\u00f3w ani opinii Reunion&#8217;68,<\/em><em><br \/>\nani te\u017c webmastera Blogu Reunion&#8217;68, chyba ze jest to wyra\u017anie zaznaczone.<br \/>\nTwoje uwagi, linki, w\u0142asne artyku\u0142y lub wiadomo\u015bci prze\u015blij na adres:<br \/>\n<\/em><span style=\"color: #000080;\"><strong><em><a style=\"color: #000080;\" href=\"mailto:webmaster@reunion68.com\"><span style=\"text-decoration: underline;\">webmaster@reunion68.com<\/span><\/a><\/em><\/strong><\/span><\/p>\n<\/div>\n<\/div>\n<\/div>\n<hr style=\"width: 100%;\" \/>\n","protected":false},"excerpt":{"rendered":"<p>Terror in Jerusalem, PLO flags in Tel Aviv Ruthie Blum Anti-government protesters in Tel Aviv waving Palestinian flags. Jan. 28, 2023 Neither the terrorist\u00a0slaughter\u00a0of seven Jewish worshipers and the wounding of three others in Jerusalem\u2019s Neve Yaakov neighborhood, nor the near-fatal\u00a0shooting\u00a0the following morning of a father and son at the entrance to the City of [&hellip;]<\/p>\n","protected":false},"author":1,"featured_media":0,"comment_status":"closed","ping_status":"closed","sticky":false,"template":"","format":"standard","meta":[],"categories":[3],"tags":[26,24],"_links":{"self":[{"href":"https:\/\/www.reunion68.se\/index.php?rest_route=\/wp\/v2\/posts\/101751"}],"collection":[{"href":"https:\/\/www.reunion68.se\/index.php?rest_route=\/wp\/v2\/posts"}],"about":[{"href":"https:\/\/www.reunion68.se\/index.php?rest_route=\/wp\/v2\/types\/post"}],"author":[{"embeddable":true,"href":"https:\/\/www.reunion68.se\/index.php?rest_route=\/wp\/v2\/users\/1"}],"replies":[{"embeddable":true,"href":"https:\/\/www.reunion68.se\/index.php?rest_route=%2Fwp%2Fv2%2Fcomments&post=101751"}],"version-history":[{"count":6,"href":"https:\/\/www.reunion68.se\/index.php?rest_route=\/wp\/v2\/posts\/101751\/revisions"}],"predecessor-version":[{"id":101773,"href":"https:\/\/www.reunion68.se\/index.php?rest_route=\/wp\/v2\/posts\/101751\/revisions\/101773"}],"wp:attachment":[{"href":"https:\/\/www.reunion68.se\/index.php?rest_route=%2Fwp%2Fv2%2Fmedia&parent=101751"}],"wp:term":[{"taxonomy":"category","embeddable":true,"href":"https:\/\/www.reunion68.se\/index.php?rest_route=%2Fwp%2Fv2%2Fcategories&post=101751"},{"taxonomy":"post_tag","embeddable":true,"href":"https:\/\/www.reunion68.se\/index.php?rest_route=%2Fwp%2Fv2%2Ftags&post=101751"}],"curies":[{"name":"wp","href":"https:\/\/api.w.org\/{rel}","templated":true}]}}