{"id":101806,"date":"2023-02-01T17:05:56","date_gmt":"2023-02-01T15:05:56","guid":{"rendered":"http:\/\/www.reunion68.se\/?p=101806"},"modified":"2023-02-01T11:03:46","modified_gmt":"2023-02-01T09:03:46","slug":"07-05-85","status":"publish","type":"post","link":"https:\/\/www.reunion68.se\/?p=101806","title":{"rendered":"Most online antisemitism stems from Palestinians, pro-Palestinian circles &#8211; report"},"content":{"rendered":"<h5 style=\"text-align: center;\"><a href=\"https:\/\/www.jpost.com\/\" target=\"_blank\" rel=\"noopener noreferrer\"><img decoding=\"async\" class=\"center alignleft\" src=\"http:\/\/www.reunion68.com\/Biuletyn\/img\/jpost.png\" alt=\"\" width=\"35%\" \/><\/a><span style=\"text-decoration: underline; color: #000080;\"><strong><a style=\"color: #000080; text-decoration: underline;\" href=\"https:\/\/www.jpost.com\/diaspora\/antisemitism\/article-729989\" target=\"_blank\" rel=\"noopener noreferrer\">Most online antisemitism stems from Palestinians, pro-Palestinian circles &#8211; report<\/a><\/strong><\/span><\/h5>\n<p style=\"text-align: center;\"><span style=\"color: #000000;\"><strong>ZVIKA KLEIN<\/strong><\/span><\/p>\n<hr style=\"height: 15px; background: #d0e6fa; width: 100%;\" \/>\n<h5 style=\"text-align: center;\"><strong>According to the comprehensive research carried out by the Diaspora Affairs Ministry, 68% of antisemitic discourse on social media is from Palestinian or progressive pro-Palestinian circles.<\/strong><\/h5>\n<p style=\"text-align: center;\">.<br \/>\n<img decoding=\"async\" class=\"aligncenter\" src=\"https:\/\/images.jpost.com\/image\/upload\/f_auto,fl_lossy\/t_JD_ArticleMainImageFaceDetect\/526041\" width=\"100%\" \/><span style=\"color: #808080;\"><em>Israeli Diaspora Affairs Minister Amichai Chikli during the cabinet meeting on January 29, 2023. \/ <\/em><\/span><span style=\"color: #808080;\"><em>(photo credit: DIASPORA AFFAIRS MINISTRY)<\/em><\/span><\/p>\n<p style=\"text-align: left;\"><strong>68%<\/strong> <span style=\"color: #000080;\">&#8211; Sixty-eight percent of online antisemitism originates in Palestinian or progressive pro-Palestinian circles \u2013 according to a new report on the state of antisemitism, by the Diaspora Affairs Ministry, which was exposed by Minister <a style=\"color: #000080;\" href=\"https:\/\/www.jpost.com\/breaking-news\/article-726060\">Amichai Chikli<\/a>\u00a0during the cabinet meeting on Sunday morning.<\/span><\/p>\n<p style=\"text-align: left;\"><span style=\"color: #000080;\">Chikli said that \u201cantisemitism is changing the way it manifests and it is increasingly focusing on hatred towards the Jewish state and the denial of its right to exist.\u201d<\/span><\/p>\n<p style=\"text-align: left;\"><span style=\"color: #000080;\">Chikli shared that most of the antisemitic discourse on social media, 68%, according to the comprehensive research carried out by the Diaspora Affairs Ministry, \u201coriginates in Palestinian or in progressive pro-Palestinian circles.\u201d<\/span><\/p>\n<p style=\"text-align: left;\"><span style=\"color: #000080;\">Chikli added that even though there has been a decrease in antisemitic incidents around the world, \u201cthere has been a noticeable jump in the number of antisemitic incidents specifically in the US, where a hostile atmosphere is emerging on some college campuses towards Jewish students, especially if they identify as Zionists.\u201d<\/span><\/p>\n<blockquote id=\"blockquote_cite_080e83ff-59cc-2e34-b5b7-6bc379ffdf3b\" class=\"blockquote_cite center\"><p><b>\u201cThere has been a noticeable jump in the number of antisemitic incidents specifically in the US, where a hostile atmosphere is emerging on some college campuses towards Jewish students, especially if they identify as Zionists.\u201d<\/b><cite>Amichai Chikli<\/cite><\/p><\/blockquote>\n<p style=\"text-align: left;\"><span style=\"color: #000080;\">\u201cThe State of Israel has a duty to lead the fight against antisemitism and to act in order to expand the adoption of the IHRA definition [for antisemitism], in as many countries and institutions as possible.&#8221;<\/span><\/p>\n<p style=\"text-align: center;\"><img decoding=\"async\" class=\"aligncenter\" src=\"https:\/\/images.jpost.com\/image\/upload\/f_auto,fl_lossy\/t_JD_ArticleMainImageFaceDetect\/526042\" width=\"100%\" \/><span style=\"color: #808080;\"><em>Israeli Diaspora Affairs Minister Amichai Chikli during the cabinet meeting on January 29, 2023. (credit: DIASPORA AFFAIRS MINISTRY)<\/em><\/span><\/p>\n<h4 style=\"text-align: left;\"><strong>Violent antisemitism is on the rise<\/strong><\/h4>\n<p style=\"text-align: left;\"><span style=\"color: #000080;\">In addition, the Diaspora affairs report specified a sharp increase of 13% in the scope of violent antisemitic events in 2022 compared to 2021. The report also showed a significant increase in antisemitic discourse online, compared to the last five years and in relation to 2021 in particular.<\/span><\/p>\n<p style=\"text-align: left;\"><span style=\"color: #000080;\">According to the report, compared to 2021, they have seen a decrease in antisemitic incidents in 2022. 2021 was a very eventful year with antisemitic incidents due to\u00a0<a style=\"color: #000080;\" href=\"https:\/\/www.jpost.com\/arab-israeli-conflict\/gaza-news\/op-guardian-of-the-walls-behind-the-scenes-of-targeting-hamas-terror-669989\">Operation Guardian of the Walls<\/a>\u00a0in Israel. The countries with the highest rates of antisemitic attacks in 2022 were the United States, the United Kingdom, Germany, and France &#8211; these countries are also some of the largest Jewish communities outside of Israel.<\/span><\/p>\n<p style=\"text-align: left;\"><span style=\"color: #000080;\">During the past year, three murder cases were recorded in France, in which antisemitic suspicion was investigated &#8211; compared to zero cases in 2020 and 2021.\u00a0<\/span><\/p>\n<p style=\"text-align: left;\"><span style=\"color: #000080;\">In the past year, there was a significant increase in\u00a0<a style=\"color: #000080;\" href=\"https:\/\/www.jpost.com\/diaspora\/antisemitic-discourse-in-social-media-the-significant-rise-in-2020-671872\">antisemitic discourse online<\/a>, in terms of the number of antisemitic posts published (27%+) and the number of users promoting antisemitic content (21%+). The cities that stood out in 2022 in terms of antisemitic discourse online are Paris, New York, Los Angeles, Washington and Berlin.<\/span><\/p>\n<p style=\"text-align: left;\"><span style=\"color: #000080;\">In the UK, there was a 28% increase in physical attacks as part of the total number of\u00a0<a style=\"color: #000080;\" href=\"https:\/\/www.jpost.com\/diaspora\/antisemitism\/article-723990\">antisemitic incidents<\/a>\u00a0recorded in the Kingdom in 2022, when most of the attacks were carried out against London residents and Jewish institutions whose Jewish outlook was clear. In France, 50% of the total number of antisemitic incidents in the past year were physical attacks. In Germany, there was a significant increase of 57% in the number of violent antisemitic incidents.<\/span><\/p>\n<p style=\"text-align: left;\"><span style=\"color: #000080;\">Chairman of the World Zionist Organization (WZO) Yaakov Hagoel also presented a report on antisemitism in 2022 at the cabinet meeting. Hagoel asked Prime Minister Benjamin Netanyahu and Foreign Minister Eli cohen to demand in their meetings with heads of foreign countries to adopt the IHRA definition of antisemitism. &#8220;Adopting the IHRA definition of antisemitism will give us tools in the fight against the sick and evil hate,&#8221; Hagoel said.\u00a0<\/span><\/p>\n<hr style=\"height: 15px; background: #d0e6fa; width: 100%;\" \/>\n<div id=\"content\" class=\"content-alignment\">\n<div id=\"watch-description\" class=\"yt-uix-button-panel\">\n<div id=\"watch-description-text\" style=\"text-align: center;\">\n<p><em>Zawarto\u015b\u0107 publikowanych artyku\u0142\u00f3w i materia\u0142\u00f3w nie reprezentuje pogl\u0105d\u00f3w ani opinii Reunion&#8217;68,<\/em><em><br \/>\nani te\u017c webmastera Blogu Reunion&#8217;68, chyba ze jest to wyra\u017anie zaznaczone.<br \/>\nTwoje uwagi, linki, w\u0142asne artyku\u0142y lub wiadomo\u015bci prze\u015blij na adres:<br \/>\n<\/em><span style=\"color: #000080;\"><strong><em><a style=\"color: #000080;\" href=\"mailto:webmaster@reunion68.com\"><span style=\"text-decoration: underline;\">webmaster@reunion68.com<\/span><\/a><\/em><\/strong><\/span><\/p>\n<\/div>\n<\/div>\n<\/div>\n<hr style=\"width: 100%;\" \/>\n","protected":false},"excerpt":{"rendered":"<p>Most online antisemitism stems from Palestinians, pro-Palestinian circles &#8211; report ZVIKA KLEIN According to the comprehensive research carried out by the Diaspora Affairs Ministry, 68% of antisemitic discourse on social media is from Palestinian or progressive pro-Palestinian circles. . Israeli Diaspora Affairs Minister Amichai Chikli during the cabinet meeting on January 29, 2023. \/ (photo [&hellip;]<\/p>\n","protected":false},"author":1,"featured_media":0,"comment_status":"closed","ping_status":"closed","sticky":false,"template":"","format":"standard","meta":[],"categories":[3],"tags":[26,24],"_links":{"self":[{"href":"https:\/\/www.reunion68.se\/index.php?rest_route=\/wp\/v2\/posts\/101806"}],"collection":[{"href":"https:\/\/www.reunion68.se\/index.php?rest_route=\/wp\/v2\/posts"}],"about":[{"href":"https:\/\/www.reunion68.se\/index.php?rest_route=\/wp\/v2\/types\/post"}],"author":[{"embeddable":true,"href":"https:\/\/www.reunion68.se\/index.php?rest_route=\/wp\/v2\/users\/1"}],"replies":[{"embeddable":true,"href":"https:\/\/www.reunion68.se\/index.php?rest_route=%2Fwp%2Fv2%2Fcomments&post=101806"}],"version-history":[{"count":8,"href":"https:\/\/www.reunion68.se\/index.php?rest_route=\/wp\/v2\/posts\/101806\/revisions"}],"predecessor-version":[{"id":101830,"href":"https:\/\/www.reunion68.se\/index.php?rest_route=\/wp\/v2\/posts\/101806\/revisions\/101830"}],"wp:attachment":[{"href":"https:\/\/www.reunion68.se\/index.php?rest_route=%2Fwp%2Fv2%2Fmedia&parent=101806"}],"wp:term":[{"taxonomy":"category","embeddable":true,"href":"https:\/\/www.reunion68.se\/index.php?rest_route=%2Fwp%2Fv2%2Fcategories&post=101806"},{"taxonomy":"post_tag","embeddable":true,"href":"https:\/\/www.reunion68.se\/index.php?rest_route=%2Fwp%2Fv2%2Ftags&post=101806"}],"curies":[{"name":"wp","href":"https:\/\/api.w.org\/{rel}","templated":true}]}}