{"id":101988,"date":"2023-02-07T17:09:37","date_gmt":"2023-02-07T15:09:37","guid":{"rendered":"http:\/\/www.reunion68.se\/?p=101988"},"modified":"2023-02-07T10:47:03","modified_gmt":"2023-02-07T08:47:03","slug":"13-09-64","status":"publish","type":"post","link":"https:\/\/www.reunion68.se\/?p=101988","title":{"rendered":"Palesty\u0144czycy rekrutuj\u0105 nieletnich, a potem pot\u0119piaj\u0105 Izrael za strzelanie do &#8220;niewinnych dzieci&#8221;"},"content":{"rendered":"<p style=\"text-align: center;\"><img decoding=\"async\" class=\"aligncenter\" src=\"https:\/\/www.gatestoneinstitute.org\/pics\/3532.jpg\" width=\"100%\" \/><span style=\"color: #808080;\"><em>Palesty\u0144skie grupy terrorystyczne rekrutuj\u0105 nieletnich do przeprowadzania atak\u00f3w terrorystycznych, podczas gdy przyw\u00f3dcy palesty\u0144scy i organizacje mi\u0119dzynarodowe krzycz\u0105, \u017ce &#8220;zabijane s\u0105 niewinne dzieci&#8221;. Palesty\u0144skie dzieci od ko\u0142yski s\u0105 poddawane praniu m\u00f3zgu przeciwko Izraelowi i celowo nara\u017cane na niebezpiecze\u0144stwo, podczas gdy ONZ i reszta \u015bwiata odwracaj\u0105 wzrok. Na zdj\u0119ciu: terrory\u015bci Hamasu uzbrojeni w granatniki id\u0105 w paradzie razem z dzie\u0107mi w Strefie Gazy 20 lipca 2017 r. (Zdj\u0119cie: Chris McGrath\/Getty Images)<\/em><\/span><\/p>\n<hr \/>\n<h5 style=\"text-align: center;\"><a href=\"https:\/\/pl.gatestoneinstitute.org\/\" target=\"_blank\" rel=\"noopener noreferrer\"><img decoding=\"async\" class=\"center alignleft\" src=\"https:\/\/pl.gatestoneinstitute.org\/images\/gatestone-logo-1000.gif\" alt=\"\" width=\"35%\" \/><\/a><span style=\"text-decoration: underline; color: #000080;\"><strong><a style=\"color: #000080; text-decoration: underline;\" href=\"https:\/\/pl.gatestoneinstitute.org\/19353\/palestynczycy-rekrutuja-nieletnich\" target=\"_blank\" rel=\"noopener noreferrer\">Palesty\u0144czycy rekrutuj\u0105 nieletnich, a potem pot\u0119piaj\u0105 Izrael za strzelanie do &#8220;niewinnych dzieci&#8221;<\/a><\/strong><\/span><\/h5>\n<p style=\"text-align: center;\"><span style=\"color: #000000;\"><strong>Bassam Tawil<br \/>\n<\/strong><span style=\"color: #808080;\">T\u0142umaczenie: <\/span><strong>Ma\u0142gorzata Koraszewska<\/strong><\/span><\/p>\n<hr style=\"height: 15px; background: #d0e6fa; width: 100%;\" \/>\n<p style=\"text-align: left;\"><span style=\"color: #000080;\">Rada Bezpiecze\u0144stwa Organizacji Narod\u00f3w Zjednoczonych (RB ONZ) 5 stycznia pospiesznie zwo\u0142a\u0142a nadzwyczajn\u0105 sesj\u0119, poniewa\u017c \u017byd odwa\u017cy\u0142 si\u0119 przej\u015b\u0107 po naj\u015bwi\u0119tszym miejscu judaizmu, Wzg\u00f3rzu \u015awi\u0105tynnym w Jerozolimie. Dwa dni wcze\u015bniej ten \u017byd, Itamar Ben-Gvir, minister bezpiecze\u0144stwa narodowego Izraela, odby\u0142 cich\u0105, 13-minutow\u0105 wycieczk\u0119 po tym miejscu.<\/span><\/p>\n<p style=\"text-align: left;\"><span style=\"color: #000080;\">Chocia\u017c \u017bydzi odwiedzaj\u0105cy Wzg\u00f3rze \u015awi\u0105tynne s\u0105 cz\u0119sto n\u0119kani, zastraszani, a czasami fizycznie\u00a0<a style=\"color: #000080;\" href=\"blank\" target=\"_blank\" rel=\"noopener noreferrer\">atakowani<\/a>\u00a0przez muzu\u0142man\u00f3w, kr\u00f3tka podr\u00f3\u017c Ben-Gvira zako\u0144czy\u0142a si\u0119 pokojowo i ani muzu\u0142manie, ani \u017bydzi nie zg\u0142osili \u017cadnych akt\u00f3w przemocy. Mimo to Palesty\u0144czycy i niekt\u00f3re kraje, nazywaj\u0105c t\u0119 wizyt\u0119 &#8220;niebezpieczn\u0105 i bezprecedensow\u0105 prowokacj\u0105&#8221;, nadal pot\u0119piali za ni\u0105 Izrael.<\/span><\/p>\n<p style=\"text-align: left;\"><span style=\"color: #000080;\">Znamienne jest to, \u017ce w tym samym tygodniu, w kt\u00f3rym Rada Bezpiecze\u0144stwa ONZ i r\u00f3\u017cne kraje pot\u0119pia\u0142y \u017byd\u00f3w za odwiedzanie ich naj\u015bwi\u0119tszego miejsca w Jerozolimie, Palesty\u0144czycy, kt\u00f3rzy nieustannie maltretuj\u0105 dzieci i pope\u0142niaj\u0105\u00a0<a style=\"color: #000080;\" href=\"blank\" target=\"_blank\" rel=\"noopener noreferrer\">zbrodnie przeciwko ludzko\u015bci<\/a>, co jest nieodmiennie ignorowane przez media i spo\u0142eczno\u015b\u0107 mi\u0119dzynarodow\u0105, ponownie wysy\u0142ali nieletnich do atakowania izraelskich \u017co\u0142nierzy na Zachodnim Brzegu [Judei i Samarii].<\/span><\/p>\n<p style=\"text-align: left;\"><span style=\"color: #000080;\">Wed\u0142ug Organizacji Narod\u00f3w Zjednoczonych zbrodnie przeciwko ludzko\u015bci obejmuj\u0105:<\/span><\/p>\n<blockquote>\n<p style=\"text-align: left;\"><strong>h. Prze\u015bladowanie jakiejkolwiek mo\u017cliwej do zidentyfikowania grupy lub zbiorowo\u015bci z powod\u00f3w politycznych, rasowych, narodowych, etnicznych, kulturowych, religijnych, p\u0142ci, jak zdefiniowano w paragrafie 3, lub z innych powod\u00f3w powszechnie uznanych za niedopuszczalne na podstawie prawa mi\u0119dzynarodowego, w zwi\u0105zku z jakimkolwiek czynem, do kt\u00f3rego odnosi si\u0119 niniejszy ust\u0119p, lub z jak\u0105kolwiek zbrodni\u0105 obj\u0119t\u0105 jurysdykcj\u0105 Trybuna\u0142u;<\/strong><\/p>\n<p style=\"text-align: left;\"><strong>k. Inne nieludzkie czyny o podobnym charakterze celowo powoduj\u0105ce ogromne cierpienie lub powa\u017cne uszkodzenie cia\u0142a albo zdrowia psychicznego lub fizycznego.<\/strong><\/p>\n<\/blockquote>\n<p style=\"text-align: left;\"><span style=\"color: #000080;\">Wykorzystywanie palesty\u0144skich nieletnich w wojnie przeciwko Izraelowi\u00a0<a style=\"color: #000080;\" href=\"blank\" target=\"_blank\" rel=\"noopener noreferrer\">nie<\/a>\u00a0jest nowym zjawiskiem. Zacz\u0119\u0142o si\u0119 natychmiast po utworzeniu kilku palesty\u0144skich grup terrorystycznych, zw\u0142aszcza Organizacji Wyzwolenia Palestyny (OWP), ponad 50 lat temu. Grupy te nie waha\u0142y si\u0119 przed praniem m\u00f3zg\u00f3w dzieci i\u00a0<a style=\"color: #000080;\" href=\"blank\" target=\"_blank\" rel=\"noopener noreferrer\">rekrutowaniem<\/a>\u00a0ich jako bojownik\u00f3w w &#8220;walce zbrojnej&#8221; przeciwko Izraelowi.<\/span><\/p>\n<p style=\"text-align: left;\"><span style=\"color: #000080;\">W ostatnich tygodniach palesty\u0144skie grupy terrorystyczne dzia\u0142aj\u0105ce na Zachodnim Brzegu\u00a0<a style=\"color: #000080;\" href=\"blank\" target=\"_blank\" rel=\"noopener noreferrer\">wysy\u0142a\u0142y<\/a>\u00a0nieletnich w wieku 15-17 lat, aby stawiali czo\u0142a izraelskim \u017co\u0142nierzom, kt\u00f3rzy wkraczaj\u0105 do spo\u0142eczno\u015bci palesty\u0144skich w celu aresztowania terroryst\u00f3w. Wielu nieletnich jest uzbrojonych w karabiny automatyczne i improwizowane \u0142adunki wybuchowe, a tak\u017ce koktajle Mo\u0142otowa, kamienie i inne przedmioty.<\/span><\/p>\n<p style=\"text-align: left;\"><span style=\"color: #000080;\">Kiedy ci nieletni zostaj\u0105 ranni lub zabici podczas star\u0107 z \u017co\u0142nierzami, palesty\u0144scy przyw\u00f3dcy szybko\u00a0<a style=\"color: #000080;\" href=\"blank\" target=\"_blank\" rel=\"noopener noreferrer\">pot\u0119piaj\u0105<\/a>\u00a0Izrael za zabijanie &#8220;niewinnych dzieci&#8221;. Wielu nieuczciwy zagranicznych dziennikarzy i obro\u0144c\u00f3w praw cz\u0142owieka nie ma problemu z papugowaniem fa\u0142szywej palesty\u0144skiej narracji o \u015bmierci nieletnich.<\/span><\/p>\n<p style=\"text-align: left;\"><span style=\"color: #000080;\">Ostatnie ofiary palesty\u0144skiego zn\u0119cania si\u0119 i wykorzystywania dzieci to 16-letni Amer Abu Zeitoun z obozu dla uchod\u017ac\u00f3w Balata i 15-letni Adam Ajjad z obozu dla uchod\u017ac\u00f3w Dheiszeh. Ci dwaj, kt\u00f3rzy zgin\u0119li podczas gwa\u0142townych star\u0107 z izraelskimi \u017co\u0142nierzami w pierwszym tygodniu stycznia, nie byli bynajmniej &#8220;niewinnymi dzie\u0107mi&#8221;.<\/span><\/p>\n<p style=\"text-align: left;\"><span style=\"color: #000080;\">Ci, kt\u00f3rzy wysy\u0142aj\u0105 nieletnich do przeprowadzania atak\u00f3w terrorystycznych, powinni zosta\u0107 poci\u0105gni\u0119ci do odpowiedzialno\u015bci za pope\u0142nienie zbrodni przeciwko Palesty\u0144czykom, za celowe nara\u017cenie swoich dzieci, a nie tylko Izraela.<\/span><\/p>\n<p style=\"text-align: left;\"><span style=\"color: #000080;\">Wed\u0142ug Palesty\u0144czyk\u00f3w Abu Zeitoun by\u0142 jednym z kilku nieletnich zwerbowanych przez grupy zbrojne w jego obozie do monitorowania ruch\u00f3w izraelskich \u017co\u0142nierzy zaanga\u017cowanych w operacje antyterrorystyczne. Nieletni nazywani s\u0105 &#8220;<a style=\"color: #000080;\" href=\"blank\" target=\"_blank\" rel=\"noopener noreferrer\">Stra\u017cnikami Obozu<\/a>&#8220;, a ich zadaniem jest zaalarmowanie terroryst\u00f3w, gdy zobacz\u0105 w okolicy \u017co\u0142nierzy.<\/span><\/p>\n<p style=\"text-align: left;\"><span style=\"color: #000080;\">Rz\u0105dz\u0105ca frakcja Fatahu na czele z prezydentem Autonomii Palesty\u0144skiej Mahmoudem Abbasem przyzna\u0142a, \u017ce Abu Zeitoun faktycznie by\u0142 zamieszany w starcia zbrojne mi\u0119dzy izraelskimi \u017co\u0142nierzami a palesty\u0144skimi terrorystami. Na\u00a0<a style=\"color: #000080;\" href=\"blank\" target=\"_blank\" rel=\"noopener noreferrer\">plakacie<\/a>\u00a0opublikowanym 5 stycznia Fatah okrzykn\u0105\u0142 Abu Zeitouna &#8220;m\u0119czennikiem, bohaterem i wojownikiem&#8221;.<\/span><\/p>\n<p style=\"text-align: left;\"><span style=\"color: #000080;\"><a style=\"color: #000080;\" href=\"blank\" target=\"_blank\" rel=\"noopener noreferrer\">Na pogrzeb<\/a>\u00a0Abu Zeitouna przyby\u0142y dziesi\u0105tki zbrojnych ludzi, najprawdopodobniej tych samych terroryst\u00f3w, kt\u00f3rzy go zwerbowali i wys\u0142ali do ataku na izraelskich \u017co\u0142nierzy.<\/span><\/p>\n<p style=\"text-align: left;\"><span style=\"color: #000080;\">Autonomia Palesty\u0144ska, kt\u00f3ra gloryfikuje terroryst\u00f3w i nagradza ich i ich rodziny comiesi\u0119cznymi wyp\u0142atami,\u00a0<a style=\"color: #000080;\" href=\"blank\" target=\"_blank\" rel=\"noopener noreferrer\">zorganizowa\u0142a<\/a>\u00a0&#8220;wojskowy pogrzeb&#8221; palesty\u0144skiego nieletniego. To ta sama Autonomia Palesty\u0144ska, kt\u00f3ra pozwala grupom terrorystycznym na swobodne dzia\u0142anie na terenach pod swoj\u0105 kontrol\u0105. To ta sama Autonomia Palesty\u0144ska, kt\u00f3ra nie pot\u0119pia terroryst\u00f3w za wykorzystywanie dzieci i wysy\u0142anie ich do walki z armi\u0105 izraelsk\u0105, jedn\u0105 z najsilniejszych armii na Bliskim Wschodzie.<\/span><\/p>\n<p style=\"text-align: left;\"><span style=\"color: #000080;\">Druga niedawna ofiara palesty\u0144skiego wykorzystywania dzieci, Adam Ajjad, r\u00f3wnie\u017c okaza\u0142a si\u0119 nie by\u0107 &#8220;niewinnym dzieckiem&#8221;. Wed\u0142ug jego przyjaci\u00f3\u0142 i s\u0105siad\u00f3w, Ajjad by\u0142\u00a0<a style=\"color: #000080;\" href=\"blank\" target=\"_blank\" rel=\"noopener noreferrer\">powi\u0105zany<\/a>\u00a0z Ludowym Frontem Wyzwolenia Palestyny (LFWP) OWP, nies\u0142awn\u0105 grup\u0105 palesty\u0144sk\u0105 uznan\u0105 za organizacj\u0119 terrorystyczn\u0105 przez Stany Zjednoczone, Uni\u0119 Europejsk\u0105, Kanad\u0119 i Izrael. Podczas jego pogrzebu cia\u0142o Ajjada by\u0142o owini\u0119te czerwon\u0105\u00a0<a style=\"color: #000080;\" href=\"blank\" target=\"_blank\" rel=\"noopener noreferrer\">flag\u0105<\/a>\u00a0LFWP.<\/span><\/p>\n<p style=\"text-align: left;\"><span style=\"color: #000080;\">Ajjad, kt\u00f3ry zgin\u0105\u0142 podczas gwa\u0142townych star\u0107 z izraelskimi \u017co\u0142nierzami, napisa\u0142 nawet\u00a0<a style=\"color: #000080;\" href=\"blank\" target=\"_blank\" rel=\"noopener noreferrer\">testament,<\/a>\u00a0w kt\u00f3rym wyrazi\u0142 pragnienie \u015bmierci jako &#8220;m\u0119czennik&#8221;.<\/span><\/p>\n<p style=\"text-align: left;\"><span style=\"color: #000080;\">&#8220;M\u00f3wi\u0119 wszystkim, \u017ce m\u0119cze\u0144stwo to nie tylko \u015bmier\u0107 \u2013\u00a0<a style=\"color: #000080;\" href=\"blank\" target=\"_blank\" rel=\"noopener noreferrer\">napisa\u0142<\/a>\u00a0Ajjad. &#8211; M\u0119cze\u0144stwo to duma dla ciebie i duma dla ca\u0142ego \u015bwiata. M\u0119cze\u0144stwo to prawdziwe zwyci\u0119stwo, kt\u00f3re ko\u0144czy twoje \u017cycie, ale ko\u0144czy si\u0119, gdy jeste\u015b szcz\u0119\u015bliwy. Ciesz\u0119 si\u0119, \u017ce B\u00f3g spe\u0142ni\u0142 jedno z moich marze\u0144: m\u0119cze\u0144stwo&#8221;.<\/span><\/p>\n<p style=\"text-align: left;\"><span style=\"color: #000080;\">To tyle, je\u015bli chodzi o bycie &#8220;niewinnym dzieckiem&#8221;. Podobnie jak Abu Zeitouneh i inni nieletni, Ajjad dok\u0142adnie wiedzia\u0142, co robi i \u017ce mo\u017ce zgin\u0105\u0107 podczas ataku na izraelskich \u017co\u0142nierzy. LFWP, kt\u00f3rej przyw\u00f3dcy zwerbowali i wys\u0142ali Ajjada na pole bitwy, zorganizowali p\u00f3\u017aniej\u00a0<a style=\"color: #000080;\" href=\"blank\" target=\"_blank\" rel=\"noopener noreferrer\">ceremoni\u0119<\/a>, aby uhonorowa\u0107 go za &#8220;m\u0119cze\u0144stwo&#8221;.<\/span><\/p>\n<p style=\"text-align: left;\"><span style=\"color: #000080;\">Abu Zeitouneh i Ajjad nie byli jedynymi nieletnimi zwerbowanymi przez grupy terrorystyczne do przeprowadzania atak\u00f3w terrorystycznych. W listopadzie 2022 roku Mahdi Haszasz, 15-letni\u00a0<a style=\"color: #000080;\" href=\"blank\" target=\"_blank\" rel=\"noopener noreferrer\">ch\u0142opiec<\/a>\u00a0z obozu dla uchod\u017ac\u00f3w Balata,\u00a0<a style=\"color: #000080;\" href=\"blank\" target=\"_blank\" rel=\"noopener noreferrer\">zgin\u0105\u0142<\/a>, gdy improwizowane urz\u0105dzenie wybuchowe, kt\u00f3re przygotowywa\u0142 do rzucenia w izraelskich \u017co\u0142nierzy, przypadkowo przedwcze\u015bnie wybuch\u0142o. Po jego \u015bmierci lokalna grupa terrorystyczna Batalion Balata\u00a0<a style=\"color: #000080;\" href=\"blank\" target=\"_blank\" rel=\"noopener noreferrer\">wychwala\u0142a<\/a>\u00a0Haszasza jako &#8220;bohatera&#8221; i &#8220;lwa&#8221;.<\/span><\/p>\n<p style=\"text-align: left;\"><span style=\"color: #000080;\">Palesty\u0144skie grupy terrorystyczne rekrutuj\u0105 nieletnich do przeprowadzania atak\u00f3w terrorystycznych, podczas gdy przyw\u00f3dcy palesty\u0144scy i organizacje mi\u0119dzynarodowe krzycz\u0105, \u017ce &#8220;zabijane s\u0105 niewinne dzieci&#8221;.<\/span><\/p>\n<p style=\"text-align: left;\"><span style=\"color: #000080;\">Palesty\u0144skie dzieci od ko\u0142yski s\u0105 poddawane praniu m\u00f3zgu przeciwko Izraelowi i celowo nara\u017cane na niebezpiecze\u0144stwo, podczas gdy ONZ i reszta \u015bwiata odwracaj\u0105 wzrok.<\/span><\/p>\n<p style=\"text-align: left;\"><span style=\"color: #000080;\">Cz\u0142onkowie ONZ, kt\u00f3rzy zwo\u0142ali nadzwyczajn\u0105 sesj\u0119 w celu przedyskutowania wizyty \u017byda na Wzg\u00f3rzu \u015awi\u0105tynnym, s\u0105 najwi\u0119kszymi hipokrytami ze wszystkich. Ci rzekomi dostawcy cn\u00f3t nie chc\u0105 przyzna\u0107, \u017ce palesty\u0144ska rekrutacja dzieci na \u017co\u0142nierzy jest prawdziwym zagro\u017ceniem dla pokoju i bezpiecze\u0144stwa, a nie \u017byd spaceruj\u0105cy po terenie \u015bwi\u0119tego miejsca w Jerozolimie.<\/span><\/p>\n<p style=\"text-align: left;\"><span style=\"color: #000080;\">By\u0142oby lepiej dla ONZ i wszystkich tych, kt\u00f3rzy rzucili si\u0119 do pot\u0119pienia wizyty Ben-Gvira, gdyby zwo\u0142ali posiedzenie nadzwyczajne, aby zobaczy\u0107, dlaczego palesty\u0144skie dzieci s\u0105 wysy\u0142ane przez ich w\u0142asny nar\u00f3d na \u015bmier\u0107 w starciach z armi\u0105 izraelsk\u0105.<\/span><\/p>\n<p style=\"text-align: left;\"><span style=\"color: #000080;\">By\u0142oby r\u00f3wnie\u017c lepiej, gdyby ONZ zorganizowa\u0142a specjaln\u0105 sesj\u0119 w celu przedyskutowania odpowiedzialno\u015bci przyw\u00f3dc\u00f3w palesty\u0144skich za trwaj\u0105ce pod\u017ceganie przeciwko Izraelowi i zach\u0119canie nieletnich do szukania \u015bmierci jako &#8220;m\u0119czennicy&#8221;.<\/span><\/p>\n<p style=\"text-align: left;\"><span style=\"color: #000080;\">Nie stawiaj\u0105c czo\u0142a wykorzystywaniu dzieci, ONZ i wrogowie Izraela nara\u017caj\u0105 na niebezpiecze\u0144stwo \u017cycie wi\u0119kszej liczby palesty\u0144skich dzieci, kt\u00f3re zosta\u0142y zwerbowane do d\u017cihadu (\u015bwi\u0119tej wojny) przeciwko Izraelowi i \u017bydom.<\/span><\/p>\n<p style=\"text-align: left;\"><span style=\"color: #000080;\">Krew nast\u0119pnego palesty\u0144skiego dziecka zabitego w bitwie b\u0119dzie na r\u0119kach k\u0142amc\u00f3w na korytarzach ONZ i dziennikarzy z redakcji g\u0142\u00f3wnych gazet na ca\u0142ym \u015bwiecie, kt\u00f3re nadal ignoruj\u0105 palesty\u0144skie okrucie\u0144stwa wobec w\u0142asnego narodu.<\/span><\/p>\n<hr \/>\n<p style=\"text-align: left;\"><span style=\"color: #808080;\"><i><strong>Bassam Tawil<\/strong> jest muzu\u0142ma\u0144skim badaczem i publicyst\u0105 mieszkaj\u0105cym na Bliskim Wschodzie.<\/i><\/span><\/p>\n<hr style=\"height: 15px; background: #d0e6fa; width: 100%;\" \/>\n<div id=\"content\" class=\"content-alignment\">\n<div id=\"watch-description\" class=\"yt-uix-button-panel\">\n<div id=\"watch-description-text\" style=\"text-align: center;\">\n<p><em>Zawarto\u015b\u0107 publikowanych artyku\u0142\u00f3w i materia\u0142\u00f3w nie reprezentuje pogl\u0105d\u00f3w ani opinii Reunion&#8217;68,<\/em><em><br \/>\nani te\u017c webmastera Blogu Reunion&#8217;68, chyba ze jest to wyra\u017anie zaznaczone.<br \/>\nTwoje uwagi, linki, w\u0142asne artyku\u0142y lub wiadomo\u015bci prze\u015blij na adres:<br \/>\n<\/em><span style=\"color: #000080;\"><strong><em><a style=\"color: #000080;\" href=\"mailto:webmaster@reunion68.com\"><span style=\"text-decoration: underline;\">webmaster@reunion68.com<\/span><\/a><\/em><\/strong><\/span><\/p>\n<\/div>\n<\/div>\n<\/div>\n<hr style=\"width: 100%;\" \/>\n","protected":false},"excerpt":{"rendered":"<p>Palesty\u0144skie grupy terrorystyczne rekrutuj\u0105 nieletnich do przeprowadzania atak\u00f3w terrorystycznych, podczas gdy przyw\u00f3dcy palesty\u0144scy i organizacje mi\u0119dzynarodowe krzycz\u0105, \u017ce &#8220;zabijane s\u0105 niewinne dzieci&#8221;. Palesty\u0144skie dzieci od ko\u0142yski s\u0105 poddawane praniu m\u00f3zgu przeciwko Izraelowi i celowo nara\u017cane na niebezpiecze\u0144stwo, podczas gdy ONZ i reszta \u015bwiata odwracaj\u0105 wzrok. Na zdj\u0119ciu: terrory\u015bci Hamasu uzbrojeni w granatniki id\u0105 w paradzie [&hellip;]<\/p>\n","protected":false},"author":1,"featured_media":0,"comment_status":"closed","ping_status":"closed","sticky":false,"template":"","format":"standard","meta":[],"categories":[6],"tags":[26,24],"_links":{"self":[{"href":"https:\/\/www.reunion68.se\/index.php?rest_route=\/wp\/v2\/posts\/101988"}],"collection":[{"href":"https:\/\/www.reunion68.se\/index.php?rest_route=\/wp\/v2\/posts"}],"about":[{"href":"https:\/\/www.reunion68.se\/index.php?rest_route=\/wp\/v2\/types\/post"}],"author":[{"embeddable":true,"href":"https:\/\/www.reunion68.se\/index.php?rest_route=\/wp\/v2\/users\/1"}],"replies":[{"embeddable":true,"href":"https:\/\/www.reunion68.se\/index.php?rest_route=%2Fwp%2Fv2%2Fcomments&post=101988"}],"version-history":[{"count":4,"href":"https:\/\/www.reunion68.se\/index.php?rest_route=\/wp\/v2\/posts\/101988\/revisions"}],"predecessor-version":[{"id":101996,"href":"https:\/\/www.reunion68.se\/index.php?rest_route=\/wp\/v2\/posts\/101988\/revisions\/101996"}],"wp:attachment":[{"href":"https:\/\/www.reunion68.se\/index.php?rest_route=%2Fwp%2Fv2%2Fmedia&parent=101988"}],"wp:term":[{"taxonomy":"category","embeddable":true,"href":"https:\/\/www.reunion68.se\/index.php?rest_route=%2Fwp%2Fv2%2Fcategories&post=101988"},{"taxonomy":"post_tag","embeddable":true,"href":"https:\/\/www.reunion68.se\/index.php?rest_route=%2Fwp%2Fv2%2Ftags&post=101988"}],"curies":[{"name":"wp","href":"https:\/\/api.w.org\/{rel}","templated":true}]}}