{"id":10205,"date":"2014-12-05T07:00:51","date_gmt":"2014-12-05T05:00:51","guid":{"rendered":"http:\/\/www.reunion68.se\/?p=10205"},"modified":"2014-12-05T08:09:45","modified_gmt":"2014-12-05T06:09:45","slug":"uwagi-jana-tomasza-grossa-o-planowanym-pomniku-sprawiedliwych-fundowanym-przez-filantropa-z-rolata","status":"publish","type":"post","link":"https:\/\/www.reunion68.se\/?p=10205","title":{"rendered":"Uwagi Jana Tomasza Grossa o planowanym Pomniku Sprawiedliwych fundowanym przez filantropa Z. Rolata"},"content":{"rendered":"<h5 style=\"text-align: center;\"><a href=\"https:\/\/www.facebook.com\/pages\/Czy-upami%C4%99tni%C4%87-Sprawiedliwych-na-terenie-by%C5%82ego-getta\/1457448724499165\" target=\"_blank\"><img decoding=\"async\" class=\"profilePic img alignleft\" src=\"https:\/\/fbcdn-profile-a.akamaihd.net\/hprofile-ak-xpf1\/v\/t1.0-1\/c47.0.160.160\/p160x160\/10371426_1458509167726454_9144791700683995753_n.jpg?oh=9efc5aa6ff243ea4ab3b87d7a8e958af&amp;oe=551EF121&amp;__gda__=1428143223_a7b7859c0eb3706080d650e526bfa583\" alt=\"Czy upami\u0119tni\u0107 Sprawiedliwych na terenie by\u0142ego getta\" \/><\/a><\/h5>\n<p style=\"text-align: center;\"><span style=\"text-decoration: underline; color: #000080;\"><span style=\"text-decoration: underline;\"><strong><a style=\"color: #000080; text-decoration: underline;\" href=\"https:\/\/www.facebook.com\/notes\/czy-upami%C4%99tni%C4%87-sprawiedliwych-na-terenie-by%C5%82ego-getta\/uwagi-jana-tomasza-grossa-o-planowanym-pomniku-sprawiedliwych-fundowanym-przez-f\/1537392526504784\" target=\"_blank\">Uwagi Jana Tomasza Grossa o planowanym Pomniku<br \/>\nSprawiedliwych fundowanym przez filantropa Z. Rolata<\/a><\/strong><\/span><\/span><\/p>\n<hr style=\"height: 15px; background: #d0e6fa; width: 710px;\" \/>\n<p style=\"text-align: center;\"><strong><span style=\"color: #333333;\">Transkrypt uwag Prof. Jana Tomasza Grossa o<br \/>\nplanowanym Pomniku Sprawiedliwych fundowanym przez filantropa Z. Rolata<\/span><\/strong><\/p>\n<p>&nbsp;<\/p>\n<p style=\"text-align: left;\"><span style=\"color: #000080;\">(Indeks czasowy 1:11:07 \u2013 Poczatek)<\/span><\/p>\n<p style=\"text-align: left;\"><span style=\"color: #000080;\">Zrodlo: <span style=\"text-decoration: underline;\"><strong><a style=\"color: #000080; text-decoration: underline;\" href=\"https:\/\/www.youtube.com\/watch?v=V3TfngtXq-0&amp;feature=youtu.be\">youtube.com<\/a><\/strong><\/span><\/span><\/p>\n<p style=\"text-align: left;\"><span style=\"color: #333333;\"><strong>Na zako\u0144czenie chcia\u0142bym dodac dwa slowa do niedawnej dyskusji na temat wybudowania Pomnika Sprawiedliwych tu\u017c obok Muzeum Historii \u017bydow Polskich. Sp\u03ccr dotyczy\u0142 wy\u0142\u0105cznie kwestii lokalizacji pomnika chocia\u017c w polskim spo\u0142ecze\u0144stwie, jak ju\u017c m\u03ccwi\u0142a profesor Tokarska-Bakir, nie ma zgody co do tego jak\u0105 rol\u0119 odgrywali Sprawiedliwi w czasie wojny.<\/strong><\/span><\/p>\n<p style=\"text-align: left;\"><span style=\"color: #000080;\">I bez zastanowienia co o nich na planowanym pomniku powiedzie\u0107 sko\u0144czy si\u0119 tym, \u017ce inicjatywa b\u0119dzie odebrana jako ustawianie biegu z przeszkodami przez \u0141aweczke Karskiego, \u015acie\u017ck\u0119 Sendlerowej, Pomnik Sprawiedliwych i dla najbardziej wytrzyma\u0142ych jeszcze drugi Pomnik Sprawiedliwych projektowany przez srodowiska endekow i enerowcow pod kosciolem Wszystkich \u015awietych na Placu Grzybowskim aby wbi\u0107 do g\u0142owy odwiedzaj\u0105cym Muzeum jeszcze zanim przekrocz\u0105 pr\u03ccg budynku jak bardzo Polacy troszczyli si\u0119 w czasie okupacji o swoich \u017cydowskich wsp\u03cclobywateli.<\/span><\/p>\n<p style=\"text-align: left;\"><span style=\"color: #000080;\">A jako \u017ce Polska w tej sprawie jest na cenzurowanym efekt szczeg\u03cclnie na cudzozniemcow b\u0119dzie dok\u0142adnie odwrotny od zamierzonego. Za\u015b \u017ce pytanie co pomnik ma wyra\u017cac nie zosta\u0142o przemy\u015blane zrozumialem kiedy uslyszalem jako wa\u017cny argument za od osoby popieraj\u0105cej t\u0105 inicjatyw\u0119 \u017ce Polska ani grosza na pomnik nie wyda bo w ca\u0142osci b\u0119dzie sfinansowany przez \u017cydowskie pieni\u0105dze.<\/span><\/p>\n<p style=\"text-align: left;\"><span style=\"color: #000080;\">Taka sk\u0105dinad chwalebna troska o bud\u017cet publiczny swiadczy o kompletnym pomyleniu racji kt\u03ccre tutaj naprawd\u0119 wchodz\u0105 w gr\u0119.<\/span><\/p>\n<p style=\"text-align: left;\"><span style=\"color: #000080;\">\u017bydzi bez przerwy od 1953 roku kiedy utworzyli w Jerozolimie pa\u0144stwow\u0105 instytucj\u0119 pami\u0119ci o Zag\u0142adzie &#8211; Yad Vashem &#8211; dzi\u0119kuj\u0105 Polakom kt\u03ccrzy ratowali \u017bydow w czasie okupacji i honoruj\u0105 ich pami\u0119\u0107 wsadzaj\u0105c drzewka dedykowane Sprawiedliwym na zboczach G\u03ccry Pami\u0119ci \u2013 the Mount of Rememberance &#8211; Har HaZikaron \u2013 niedaleko grobowca Herzla, a wi\u0119c w bardzo wa\u017cnym lieu de m\u00e9moire \u017cydowskiego pa\u0144stwa.<\/span><\/p>\n<p style=\"text-align: left;\"><span style=\"color: #000080;\">Przez ca\u0142y ten czas najlepsze co da\u0142oby si\u0119 powiedzie\u0107 o stosunku polskiego pa\u0144stwa i spo\u0142ecze\u0144stwa do Sprawiedliwych to \u017ce o nich kompletnie zapomniano.<\/span><\/p>\n<p style=\"text-align: left;\"><span style=\"color: #000080;\">S\u0105siedztwo Muzeum Historii \u017bydow stwarza wreszcie \u015bwietn\u0105 okazj\u0119 aby po up\u0142ywie 70 lat od ko\u0144ca wojny i polskie spo\u0142ecze\u0144stwo uhonorowa\u0142o Sprawiedliwych tak jak na to zasluguj\u0105. Bo kwestia Sprawiedliwych, jak z reszt\u0105 calo\u015b\u0107 problematyki dotycz\u0105cej polsko-\u017cydowskich stosunk\u03ccw w czasie okupacji, nie jest spraw\u0105 do wyjasnienia mi\u0119dzy \u017bydami i Polakami tylko wewnetrzn\u0105 spraw\u0105 polska.<\/span><\/p>\n<p style=\"text-align: left;\"><strong><span style=\"color: #000080;\">Ale pedagogik\u0105 spoleczna na terenie lieu de m\u00e9moire &#8211; jakim jest centrum Warszawskiego Getta &#8211; powinny si\u0119 zajmowac autorytety pa\u0144stwowe a NIE osoby prywatne.<\/span><\/strong><\/p>\n<p style=\"text-align: left;\"><strong><span style=\"color: #000080;\">Sprawiedliwi to s\u0105 przecie\u017c tak naprawd\u0119 \u017bo\u0142nierze Wykl\u0119ci ktorzy wbrew zarowno Niemcom i wsp\u03cc\u0142ziomkom przechowali w czasie wojny nie tylko \u017byd\u03ccw ale r\u03ccwnie\u017c honor i godno\u015b\u0107 narodow\u0105 Polakow.<\/span><\/strong><\/p>\n<p style=\"text-align: left;\"><span style=\"color: #000080;\"><strong>\u017bydowski filantrop<\/strong> kt\u03ccry prze\u017cy\u0142 Zaglad\u0119 wystawiajac w tym miejscu pomnik wdzi\u0119cznosci za w\u0142asne pieni\u0105dze<strong> nie mia\u0142by tytu\u0142u \u017ceby zamie\u015bcic na nim tabliczk\u0119 zawieraj\u0105c\u0105 intencje donatora takimi s\u0142owami:<\/strong><\/span><\/p>\n<p style=\"text-align: left;\"><em><span style=\"color: #000080;\">\u201cPolakom kt\u03ccrzy nara\u017cajac na \u015bmier\u0107 z r\u0105k niemieckiego okupanta siebie i najbli\u017csz\u0105 rodzine nie\u015bli bezinteresown\u0105 pomoc bli\u017aniemu, \u017bydowi, dzia\u0142aj\u0105c w osamotnieniu, wbrew wrogo\u015bci polskiego otoczenia, ratuj\u0105c w ten spos\u03ccb r\u03ccwnie\u017c i honor narodu polskiego.<br \/>\nWdzi\u0119czni rodacy&#8221;<\/span><\/em><\/p>\n<p style=\"text-align: left;\"><span style=\"color: #000080;\">I pasowa\u0142oby \u017ceby na cokole znalaz\u0142 si\u0119 jeszcze podpis:<\/span><\/p>\n<p style=\"text-align: left;\"><strong><span style=\"color: #000080;\">Prezydent, Sejm i Senat Rzeczypospolitej<\/span><\/strong><\/p>\n<p style=\"text-align: left;\"><span style=\"color: #000080;\">By\u0142oby wielk\u0105 szkod\u0105 dla polskiego interesu narodowego, dla przysz\u0142ych pokole\u0144 polskiej m\u0142odzie\u017cy odwiedzaj\u0105cej nekropoli\u0119 warszawskiego getta aby zpozna\u0107 si\u0119 z histori\u0105 w\u0142asnego kraju, gdyby takiego napisu w jakim\u015b wariancie nie mo\u017cna by\u0142oby nigdzie znale\u017a\u0107 w okolicy Muzeum Historii \u017byd\u03ccw Polskich<\/span><\/p>\n<p style=\"text-align: left;\"><span style=\"color: #000080;\">A kiedy potrafimy t\u0119 prawd\u0119 wypowiedzie\u0107 w przestrzeni publicznej to b\u0119dzie znak, \u017ce \u017bydzi od tysi\u0105ca lat, wsp\u03cclgospodarze tych ziem, powoli przestaj\u0105 byc polskim problemem i staj\u0105 si\u0119 nareszcie cz\u0119sci\u0105 polskiej historii.<\/span><\/p>\n<p style=\"text-align: left;\"><span style=\"color: #000080;\">Dzi\u0119kuj\u0119<\/span><\/p>\n<p style=\"text-align: left;\"><span style=\"color: #000080;\">&#8212;&#8212;&#8212;&#8212;&#8212;&#8212;&#8212;&#8212;&#8212;&#8212;&#8212;&#8212;&#8212;&#8212;&#8212;&#8212;&#8212;&#8212;&#8212;&#8212;&#8212;&#8212;&#8212;&#8212;&#8212;&#8212;&#8212;&#8212;&#8212;&#8212;&#8212;&#8212;&#8212;&#8212;&#8212;&#8212;&#8212;&#8212;&#8212;&#8212;&#8212;&#8212;&#8212;&#8212;&#8212;&#8212;&#8212;&#8212;&#8212;&#8212;&#8212;&#8212;&#8212;<\/span><\/p>\n<p style=\"text-align: left;\"><span style=\"color: #000080;\">Odpowied\u017a Jana Tomasza Grossa do uwag Konstantego Geberta dotycz\u0105cej jego prawa wyra\u017cenia jego prywatnej wdzi\u0119cznosci &#8211;<\/span><\/p>\n<p style=\"text-align: left;\"><span style=\"color: #000080;\">Indeks czasowy:Indeks czasowy \u2013 Start: 2:14:11<\/span><\/p>\n<p style=\"text-align: left;\"><span style=\"color: #000080;\">Absolutnie nie jest w mojej intencji odbierania Tobie, ani komu innemu, prawa do tego \u017ceby prywatnie wyra\u017ca\u0107 cokolwiek rownie\u017c wdzi\u0119czno\u015b\u0107 za to \u017ce zostalo si\u0119 uratowanym b\u0119dac \u017bydem w Polsce w czasie okupacji.<\/span><\/p>\n<p style=\"text-align: left;\"><strong><span style=\"color: #000080;\">Wszelako, lieu de m\u00e9moire to nie jest miejsce na kt\u03ccrym z natury i z tytu\u0142u rzeczy istnieje wolno\u015b\u0107 s\u0142owa \u017ce prywatna osoba, ka\u017cda prywatna osoba, mo\u017ce sobie stawiac pomnik dlatego \u017ce zarobi\u0142a wystarczaj\u0105c\u0105 ilo\u015b\u0107 pieni\u0119dzy.<\/span><\/strong><\/p>\n<p style=\"text-align: left;\"><span style=\"color: #000080;\">Je\u015bli chodzi o Pana Rolata kt\u03ccry jest tutaj donatorem to absolutnie mo\u017ce sobie postawic taki pomnik, nie sobie oczywiscie ale wyra\u017cajacy swoje intencje.<\/span><\/p>\n<p style=\"text-align: left;\"><span style=\"color: #000080;\">Ma \u015bwietn\u0105 do tego lokalizacje, na pewno jest to zrealizowania. Jako \u017byd z Cz\u0119stochowy, i jak dobrze rozumiem jest honorowym obywatelem tego miasta, m\u03ccg\u0142by postawic ten pomnik, no ju\u017c nie mowie o Jasnej G\u03ccrze, tu trzeba sie dogadac bo to jest kolejne lieu de m\u00e9moire jednak on tak sobie z tego tytu\u0142u \u017ce go po prostu na to stac, mo\u017ce mu na to nie pozwola, ale mo\u017ce Ojcowie Paulini zechc\u0105 tutaj mie\u0107 otwart\u0105 g\u0142ow\u0119.<\/span><\/p>\n<p style=\"text-align: left;\"><span style=\"color: #000080;\">Ale w samej Cz\u0119stochowie to tak bo tamt\u0119dy id\u0105 pielgrzymki co roku w du\u017cych ilosciach. To by by\u0142o niezwykle edukacyjne i wa\u017cne miejsce.<\/span><\/p>\n<p style=\"text-align: left;\"><span style=\"color: #000080;\">Tutaj &#8211; w Warszawie, w pobli\u017cu Muzeum &#8211; powinien sta\u0107 pomnik ktory ma wyra\u017ca\u0107 prawd\u0119 kt\u03ccrej Pan Rolat nie jest w stanie ze wzgl\u0119d\u03ccw przyzwoito\u015bci podpisac.<\/span><\/p>\n<p style=\"text-align: left;\"><span style=\"color: #000080;\">Oczywiscie zapoznam sie z warunkami konkursu ktore sformu\u0142owaliscie Panowie na Pomnik Sprawiedliwych ale jestem przekonany ze nie proponujecie tam aby na cokole pomnika by\u0142o napisane:<\/span><\/p>\n<p style=\"text-align: left;\"><span style=\"color: #000080;\">\u201cwdzieczni rodacy dzi\u0119kuja Polakom za to \u017ce wbrew oporowi spo\u0142ecznemu ratowali honor narodu polskiego pomagaj\u0105c bli\u017aniemu \u017bydowi\u201d<\/span><\/p>\n<hr style=\"height: 15px; background: #d0e6fa; width: 710px;\" \/>\n<div id=\"content\" class=\"  content-alignment&lt;br \/&gt;&lt;br \/&gt; \">\n<div id=\"watch-description\" class=\"yt-uix-button-panel\">\n<div id=\"watch-description-text\">\n<p style=\"text-align: center;\"><span style=\"color: #808080;\"> twoje uwagi, linki, wlasne artykuly, lub wiadomosci przeslij do: <strong><span style=\"text-decoration: underline;\"><span style=\"color: #808080; text-decoration: underline;\"><a href=\"mailto:webmaster@reunion68.com\">webmaster@reunion68.com<\/a><\/span><\/span><\/strong><\/span><\/p>\n<\/div>\n<\/div>\n<\/div>\n<p>&nbsp;<\/p>\n<hr style=\"width: 710px;\" \/>\n","protected":false},"excerpt":{"rendered":"<p>Uwagi Jana Tomasza Grossa o planowanym Pomniku Sprawiedliwych fundowanym przez filantropa Z. Rolata Transkrypt uwag Prof. Jana Tomasza Grossa o planowanym Pomniku Sprawiedliwych fundowanym przez filantropa Z. Rolata &nbsp; (Indeks czasowy 1:11:07 \u2013 Poczatek) Zrodlo: youtube.com Na zako\u0144czenie chcia\u0142bym dodac dwa slowa do niedawnej dyskusji na temat wybudowania Pomnika Sprawiedliwych tu\u017c obok Muzeum Historii \u017bydow [&hellip;]<\/p>\n","protected":false},"author":1,"featured_media":0,"comment_status":"closed","ping_status":"closed","sticky":false,"template":"","format":"standard","meta":[],"categories":[4],"tags":[24],"_links":{"self":[{"href":"https:\/\/www.reunion68.se\/index.php?rest_route=\/wp\/v2\/posts\/10205"}],"collection":[{"href":"https:\/\/www.reunion68.se\/index.php?rest_route=\/wp\/v2\/posts"}],"about":[{"href":"https:\/\/www.reunion68.se\/index.php?rest_route=\/wp\/v2\/types\/post"}],"author":[{"embeddable":true,"href":"https:\/\/www.reunion68.se\/index.php?rest_route=\/wp\/v2\/users\/1"}],"replies":[{"embeddable":true,"href":"https:\/\/www.reunion68.se\/index.php?rest_route=%2Fwp%2Fv2%2Fcomments&post=10205"}],"version-history":[{"count":11,"href":"https:\/\/www.reunion68.se\/index.php?rest_route=\/wp\/v2\/posts\/10205\/revisions"}],"predecessor-version":[{"id":10211,"href":"https:\/\/www.reunion68.se\/index.php?rest_route=\/wp\/v2\/posts\/10205\/revisions\/10211"}],"wp:attachment":[{"href":"https:\/\/www.reunion68.se\/index.php?rest_route=%2Fwp%2Fv2%2Fmedia&parent=10205"}],"wp:term":[{"taxonomy":"category","embeddable":true,"href":"https:\/\/www.reunion68.se\/index.php?rest_route=%2Fwp%2Fv2%2Fcategories&post=10205"},{"taxonomy":"post_tag","embeddable":true,"href":"https:\/\/www.reunion68.se\/index.php?rest_route=%2Fwp%2Fv2%2Ftags&post=10205"}],"curies":[{"name":"wp","href":"https:\/\/api.w.org\/{rel}","templated":true}]}}