{"id":102364,"date":"2023-03-01T17:09:33","date_gmt":"2023-03-01T15:09:33","guid":{"rendered":"http:\/\/www.reunion68.se\/?p=102364"},"modified":"2023-02-23T16:56:08","modified_gmt":"2023-02-23T14:56:08","slug":"01-09-70","status":"publish","type":"post","link":"https:\/\/www.reunion68.se\/?p=102364","title":{"rendered":"Plany \u017bIH na 2023 rok"},"content":{"rendered":"<p><img decoding=\"async\" class=\"aligncenter\" src=\"https:\/\/www.jhi.pl\/storage\/image\/core_files\/2021\/1\/4\/dc409bbfd765032572fe7e72e35c47f6\/jpg\/jhi\/header\/JHI_thumbnail_1.webp\" width=\"100%\" \/><\/p>\n<hr \/>\n<h5 style=\"text-align: center;\"><a href=\"https:\/\/www.jhi.pl\/\" target=\"_blank\" rel=\"noopener noreferrer\"><img decoding=\"async\" class=\"center alignleft\" src=\"http:\/\/www.reunion68.com\/Biuletyn\/img\/zih-1.png\" alt=\"\" width=\"35%\" \/><\/a><span style=\"text-decoration: underline; color: #000080;\"><strong><a style=\"color: #000080; text-decoration: underline;\" href=\"https:\/\/www.jhi.pl\/artykuly\/plany-zih-na-2023-rok,6696\" target=\"_blank\" rel=\"noopener noreferrer\">Plany \u017bIH na 2023 rok<\/a><\/strong><\/span><\/h5>\n<p style=\"text-align: center;\"><span style=\"color: #000000;\"><strong>\u017bydowski Instytut Historyczny<\/strong><\/span><\/p>\n<hr style=\"height: 15px; background: #d0e6fa; width: 100%;\" \/>\n<h4 style=\"text-align: center;\"><span style=\"color: #808080;\"><strong>Plany \u017bIH na 2023 r. s\u0105 \u015bci\u015ble zwi\u0105zane z rocznicami: w tym roku mija 80 lat od wybuchu powstania w getcie warszawskim, kt\u00f3remu po\u015bwi\u0119cimy dwie wystawy, a tak\u017ce liczne publikacje. R\u00f3wnie\u017c 80 lat temu dosz\u0142o do buntu wi\u0119\u017ani\u00f3w obozu zag\u0142ady w Treblince. Z kolei jubileusz 75-lecia \u017bydowskiego Instytutu Historycznego to \u015bwietna okazja by opowiedzie\u0107 wi\u0119cej o dzia\u0142aniach instytucji oraz tworz\u0105cych j\u0105 ludziach.<\/strong><\/span><\/h4>\n<p><img decoding=\"async\" class=\"aligncenter\" src=\"https:\/\/www.jhi.pl\/storage\/image\/core_files\/2023\/2\/13\/084c815cb0b077f125c3c2cec9a3e2ed\/png\/jhi\/normal_big\/Grafiki%20na%20stron%C4%99(2).webp\" width=\"100%\" \/><\/p>\n<p style=\"text-align: left;\"><span style=\"color: #000080;\">To b\u0119dzie intensywny rok \u2013 kalendarz \u017bIH jest wype\u0142niony licznymi wydarzeniami: w\u015br\u00f3d nich s\u0105 trzy du\u017ce wystawy czasowe i wystawa plenerowa, konferencje, uroczysto\u015bci organizowane przez \u017bIH cyklicznie czy publikacje. Ich celem jest piel\u0119gnowanie pami\u0119ci o historii \u017byd\u00f3w w Polsce.<\/span><\/p>\n<p style=\"text-align: left;\"><span style=\"color: #000080;\">\u2013 Nie by\u0142oby powstania w getcie warszawskim ani buntu w Treblince, gdyby nie ogromna wewn\u0119trzna si\u0142a i odwaga bohater\u00f3w tamtych wydarze\u0144, kt\u00f3rzy postanowili postawi\u0107 op\u00f3r bestialstwu okupanta. Chcemy przypomina\u0107 nie tylko o tragedii, jaka ich spotka\u0142a, ale tak\u017ce o ich niezwyk\u0142ej postawie \u2013 m\u00f3wi Dyrektor \u017bIH Monika Krawczyk.<\/span><\/p>\n<p><img decoding=\"async\" class=\"aligncenter\" src=\"https:\/\/www.jhi.pl\/storage\/image\/core_files\/2023\/2\/13\/c77e0bab4d80eae79a7a20e8a7920539\/png\/jhi\/preview\/NA%20FB.png\" width=\"100%\" \/><\/p>\n<h4><strong>WYSTAWY<\/strong><\/h4>\n<p style=\"text-align: left;\"><span style=\"color: #000080;\">Ju\u017c 21.04 otwarta zostanie wystawa\u00a0<strong>\u201e<a style=\"color: #000080;\" href=\"https:\/\/www.jhi.pl\/wystawy\/pomniki-oporu-sztuka-wobec-powstania-w-getcie-warszawskim-1945-1956,386\">Pomniki oporu. Sztuka wobec powstania w getcie warszawskim (1943-1956)<\/a>\u201d.<\/strong>\u00a0Po raz pierwszy w historii b\u0119dzie mo\u017cna zobaczy\u0107, jak wydarzenia z 1943 roku by\u0142y interpretowane i ukazywane w pracach artyst\u00f3w powojnia i okresu stalinowskiego. Kuratorom uda\u0142o si\u0119 zgromadzi\u0107 imponuj\u0105c\u0105 kolekcj\u0119 dzie\u0142. W\u015br\u00f3d nich s\u0105 projekty plakat\u00f3w, obrazy olejne, rysunki, fotografie, a nawet rze\u017aby. Wra\u017cenie robi\u0105 tak\u017ce nazwiska artyst\u00f3w, kt\u00f3rych prace pojawi\u0105 si\u0119 na wystawie \u2013 to m.in. Eryk Lipi\u0144ski, Andrzej Wajda, Alina Szapocznikow czy Tadeusz Kulisiewicz.<\/span><\/p>\n<p style=\"text-align: left;\"><span style=\"color: #000080;\">Wystawa \u201ePomniki oporu. Sztuka wobec powstania w getcie warszawskim (1943-1956)\u201d 21 kwietnia \u2013 1 pa\u017adziernika 2023 r.<\/span><\/p>\n<p style=\"text-align: left;\"><span style=\"color: #000080;\"><u>Kuratorzy wystawy:<\/u>\u00a0Marta Kape\u0142u\u015b (\u017bIH), Micha\u0142 Krasicki (\u017bIH) oraz dr Piotr S\u0142odkowski (Akademia Sztuk Pi\u0119knych w Warszawie).<\/span><\/p>\n<p style=\"text-align: left;\"><span style=\"color: #000080;\">W drugiej po\u0142owie roku go\u015bcie \u017bIH b\u0119d\u0105 mogli odkry\u0107 tw\u00f3rczo\u015b\u0107 \u017cydowskiego malarza, rysownika i grafika Izaaka Celnikiera. Ekspozycja\u00a0<strong>\u201e<a style=\"color: #000080;\" href=\"https:\/\/www.jhi.pl\/wystawy\/niewielkie-resztki-z-solnej-izaak-celnikier-wobec-doswiadczenia-zaglady,391\">Niewielkie resztki z Solnej. Izaak\u00a0<\/a><\/strong><a style=\"color: #000080;\" href=\"https:\/\/www.jhi.pl\/wystawy\/niewielkie-resztki-z-solnej-izaak-celnikier-wobec-doswiadczenia-zaglady,391\"><strong>Celnikier<\/strong><\/a><strong><a style=\"color: #000080;\" href=\"https:\/\/www.jhi.pl\/wystawy\/niewielkie-resztki-z-solnej-izaak-celnikier-wobec-doswiadczenia-zaglady,391\">\u00a0wobec do\u015bwiadczenia Zag\u0142ady<\/a>\u201d\u00a0<\/strong>b\u0119dzie po\u015bwi\u0119cona powojennej, powstaj\u0105cej na styku socrealizmu z estetyk\u0105 Arsena\u0142u, m\u0142odzie\u0144czej tw\u00f3rczo\u015bci Izaaka Celnikiera. By\u0142 on wychowankiem Domu Sierot Janusza Korczaka, wi\u0119\u017aniem nazistowskich oboz\u00f3w Stutthof, Auschwitz-Birkenau, Flossenb\u00fcrg i Dachau, cudem ocala\u0142 z Zag\u0142ady. B\u0119dzie to pierwsza ekspozycja jego wczesnych dzie\u0142, w szczeg\u00f3lno\u015bci licznych rysunk\u00f3w z lat 40. i 50. XX w. (m.in. ilustracji do opowiada\u0144 Abrahama Rejzena i wierszy Dawida Sfarda), kt\u00f3re nigdy wcze\u015bniej nie zosta\u0142y zebrane w jedn\u0105 ca\u0142o\u015b\u0107 i nie by\u0142y pokazywane publicznie.<\/span><\/p>\n<p style=\"text-align: left;\"><span style=\"color: #000080;\">Wystawa \u201eNiewielkie resztki z Solnej. Izaak Celnikier wobec do\u015bwiadczenia Zag\u0142ady\u201d 10 listopada 2023 r. \u2013 8 czerwca 2024 r.<\/span><\/p>\n<p style=\"text-align: left;\"><span style=\"color: #000080;\"><u>Kuratorka:<\/u>\u00a0Zuzanna Benesz-Goldfinger (\u017bydowski Instytut Historyczny)<\/span><\/p>\n<p style=\"text-align: left;\"><span style=\"color: #000080;\">\u017bydowski Instytut Historyczny b\u0119dzie tak\u017ce opowiada\u0142 histori\u0119 poza granicami kraju: ju\u017c w czerwcu w NS-Dokumentationszentrum w Monachium otwarta zostanie wystawa\u00a0<strong>\u201e<\/strong><strong>More<\/strong>\u00a0<strong>important<\/strong>\u00a0<strong>than<\/strong><strong>\u00a0life&#8230;\u201d\u00a0<\/strong>\u2013 wystawa o Archiwum Ringelbluma, kt\u00f3rej wsp\u00f3\u0142kuratorem jest pracownik Dzia\u0142u Sztuki \u017bIH, dr Piotr Rypson. Opowie\u015b\u0107 o niezwyk\u0142ej historii Podziemnego Archiwum Getta Warszawskiego zyska nowy wymiar poprzez zaprezentowanie jej w NS\u2011Dokumentationszentrum w Monachium. Jest to Centrum Dokumentacji Narodowego Socjalizmu, instytucja powo\u0142ana, by przestawia\u0107 histori\u0119 totalitaryzmu nazistowskiego. Przeciwstawiona narracji tamtejszej wystawy sta\u0142ej b\u0119dzie dzia\u0142alno\u015b\u0107 grupy Oneg Szabat, dokumentuj\u0105ca \u017cycie spo\u0142eczno\u015bci \u017cydowskiej w getcie i na terenach okupowanych przez Niemc\u00f3w, oraz pope\u0142nione przez Niemc\u00f3w zbrodnie.<\/span><\/p>\n<p style=\"text-align: left;\"><span style=\"color: #000080;\">\u201eMore important than life\u201d czerwiec 2023 \u2013 stycze\u0144 2024 r.<\/span><\/p>\n<p style=\"text-align: left;\"><span style=\"color: #000080;\"><u>Kuratorzy<\/u>: dr Piotr Rypson (\u017bIH), Ulla-Britta\u202fVollhardt (NS-Dokumentationszentrum)<\/span><\/p>\n<p style=\"text-align: left;\"><span style=\"color: #000080;\"><strong>\u201eDrogi do powstania. Op\u00f3r w getcie warszawskim\u201d<\/strong>\u00a0to tytu\u0142 wystawy, kt\u00f3ra b\u0119dzie towarzyszy\u0107 Marszowi Pami\u0119ci \u2013 \u017bydowski Instytut Historyczny organizuje go 21 lipca, by w ten spos\u00f3b upami\u0119tni\u0107 wielk\u0105 deportacj\u0119 z getta warszawskiego z lata 1942 roku, gdy Niemcy wywie\u017ali z Warszawy niemal 300 tysi\u0119cy \u017byd\u00f3w. Plenerowa ekspozycja b\u0119dzie po\u015bwi\u0119cona r\u00f3\u017cnym formom oporu w getcie warszawskim i pozwoli zobaczy\u0107. jak dzia\u0142alno\u015b\u0107 organizacji m\u0142odzie\u017cowych, politycznych i spo\u0142ecznych w getcie doprowadzi\u0142a do zorganizowana zbrojnego oporu w kwietniu i maju 1943 roku.<\/span><\/p>\n<p style=\"text-align: left;\"><span style=\"color: #000080;\">\u201eDrogi do powstania. Op\u00f3r w getcie warszawskim\u201d\u00a021 lipca \u2013 21 wrze\u015bnia 2023 r.<\/span><\/p>\n<p style=\"text-align: left;\"><span style=\"color: #000080;\">Kuratorzy: dr Maria Ferenc (\u017bIH) i Franciszek Boja\u0144czyk (\u017bIH)<\/span><\/p>\n<p><img decoding=\"async\" class=\"aligncenter\" src=\"https:\/\/www.jhi.pl\/storage\/image\/core_files\/2023\/2\/13\/b7a42155ff487d5fd0a0061e54242e77\/png\/jhi\/preview\/NA%20FB(1).png\" width=\"100%\" \/><\/p>\n<h4 style=\"text-align: left;\"><strong>WYDARZENIA CYKLICZNE<\/strong><\/h4>\n<p style=\"text-align: left;\"><span style=\"color: #000080;\">W 2023 r. odb\u0119d\u0105 si\u0119 tak\u017ce wydarzenia cykliczne, kt\u00f3re na sta\u0142e wpisa\u0142y si\u0119 ju\u017c do kalendarza \u017bydowskiego Instytutu Historycznego.<\/span><\/p>\n<p style=\"text-align: left;\"><span style=\"color: #000080;\">21 lipca 2023 ju\u017c po raz dwunasty ulicami Warszawy przejdzie\u00a0<strong>Marsz Pami\u0119ci<\/strong>, kt\u00f3ry upami\u0119tnia wielk\u0105 deportacj\u0119 z getta warszawskiego, kt\u00f3r\u0105 Niemcy rozpocz\u0119li 22 lipca 1942 r. Oficjalnie nazywali j\u0105 \u201eprzesiedleniem na wsch\u00f3d\u201d, ale wype\u0142nione lud\u017ami wagony bydl\u0119ce jecha\u0142y do obozu zag\u0142ady w Treblince. Marsz, kt\u00f3ry od lat cieszy si\u0119 rosn\u0105cym zainteresowaniem, symbolicznie poprowadzi uczestnik\u00f3w tras\u0105 wiod\u0105c\u0105 od \u015bmierci do \u017cycia. Wyruszy spod pomnika Umschlagplatz w g\u0142\u0105b Muranowa i zako\u0144czy si\u0119 w samym jego sercu. W tym roku, z okazji 80. rocznicy powstania w getcie warszawskim, w spos\u00f3b szczeg\u00f3lny wspomina\u0107 b\u0119dziemy o r\u00f3\u017cnych formach oporu, tak cywilnych, jak i zbrojnych.<\/span><\/p>\n<p style=\"text-align: left;\"><span style=\"color: #000080;\">\u017bydowski Instytut Historyczny upami\u0119tni tak\u017ce\u00a0<strong>80. ju\u017c rocznic\u0119 buntu wi\u0119\u017ani\u00f3w obozu zag\u0142ady Treblinka II<\/strong>. 2 sierpnia 1943 roku cz\u0142onkom Sonderkommanda uda\u0142o si\u0119 wznieci\u0107 powstanie i przeciwstawi\u0107 w\u0142adzom obozu. Powstanie tak\u017ce specjalny materia\u0142, dzi\u0119ki kt\u00f3remu b\u0119dzie mo\u017cna pozna\u0107 relacje ocala\u0142ych z Treblinki. Obchody u\u015bwietni\u0105 te\u017c wydarzenia artystyczne.<\/span><\/p>\n<p><img decoding=\"async\" class=\"aligncenter\" src=\"https:\/\/www.jhi.pl\/storage\/image\/core_files\/2023\/2\/13\/813075baec709ef85b5aea0ccbc0cf63\/png\/jhi\/preview\/NA%20FB(2).png\" width=\"100%\" \/><\/p>\n<h5 style=\"text-align: left;\"><strong>WYDAWNICTWA<\/strong><\/h5>\n<p style=\"text-align: left;\"><span style=\"color: #000080;\">W\u015br\u00f3d naszych propozycji znajduje si\u0119\u00a0<strong>10 nowych publikacji<\/strong>. W\u015br\u00f3d nich album przygotowany przez Ann\u0119 Du\u0144czyk-Szulc (Muzeum Warszawy) i dr Agnieszk\u0119 Kajczyk (\u017bIH) pt.\u00a0<em>Antologia spojrze\u0144. Getto warszawskie \u2013 fotografie i filmy<\/em>, nawi\u0105zuj\u0105cy do tegorocznej rocznicy. Warto zapozna\u0107 si\u0119 z drug\u0105 cz\u0119\u015bci\u0105\u00a0<em>Serca Tory<\/em>\u00a0Shai\u2019a Helda (uznana za jedn\u0105 z 7 ksi\u0105\u017cek 2022 roku przez autork\u0119 bloga \u017bydoteka). Tradycyjnie ju\u017c \u017bIH wyda bogato ilustrowane katalogi towarzysz\u0105ce prezentowanym w tom roku wystawom czasowym.<\/span><\/p>\n<p style=\"text-align: left;\"><span style=\"color: #000080;\">Jednym z filar\u00f3w \u017bIH jest dzia\u0142alno\u015b\u0107 naukowa. Dowodem na to s\u0105 m.in. publikacje b\u0119d\u0105ce wynikiem wieloletnich, pog\u0142\u0119bionych bada\u0144 autor\u00f3w oraz konferencje naukowe: w tym roku b\u0119d\u0105 dotyczy\u0107 poezji polsko-\u017cydowskiej (marzec), zbrojnego oporu polskich \u017byd\u00f3w w epoce Holokaustu (pa\u017adziernik) oraz tw\u00f3rczo\u015bci Hanny Krall (listopad).\u00a0<\/span><\/p>\n<p style=\"text-align: left;\"><span style=\"color: #000080;\">O wydarzeniach w \u017bydowskim Instytucie Historycznym w dalszym ci\u0105gu b\u0119dzie informowa\u0142 magazyn\u00a0<strong>T\u0142omackie<\/strong><strong>\u00a03\/5<\/strong>\u00a0\u2013 to trzeci ju\u017c rok z nowymi numerami tej publikacji.\u00a0<\/span><\/p>\n<p style=\"text-align: left;\"><span style=\"color: #000080;\"><strong>\u017bydowski Instytut Historyczny dzia\u0142a ju\u017c od 75 lat!<\/strong><\/span><\/p>\n<p><span style=\"color: #000080;\">Tegoroczny jubileusz to okazja, by lepiej pozna\u0107 \u017bIH \u2013 tak\u017ce od kulis, gdzie rzadko mo\u017cna zajrze\u0107. R\u00f3wnie\u017c z tego powodu historyk dr Pawe\u0142 Fija\u0142kowski podj\u0105\u0142 si\u0119 przygotowanej publikacji\u00a0<strong><em>T\u0142omackie<\/em><\/strong><strong><em>\u00a0\u2013 miejsce i ludzie<\/em><\/strong>. Jak wielokrotnie podkre\u015blano, o wyj\u0105tkowo\u015bci \u017bydowskiego Instytutu Historycznego stanowi\u0105 przede wszystkim ludzie \u2013 w pierwszych latach swojej dzia\u0142alno\u015bci instytut by\u0142 skupiony wok\u00f3\u0142 os\u00f3b ocalonych z Zag\u0142ady. Ale T\u0142omackie 3\/5 to miejsce, kt\u00f3re mo\u017cna odkrywa\u0107 wieloma zmys\u0142ami. Jubileuszowy\u00a0<strong>podcast,<\/strong>\u00a0kt\u00f3ry ju\u017c wkr\u00f3tce zadebiutuje w sieci, pozwoli spojrze\u0107 na \u017bIH z nowej perspektywy. Najbli\u017csza okazja, by osobi\u015bcie przekona\u0107 si\u0119, jak wygl\u0105da \u017cycie \u017bIH od kuchni \u2013 ju\u017c 13.05 podczas\u00a0<strong>Nocy Muze\u00f3w,<\/strong>\u00a0do kt\u00f3rej instytut tak\u017ce do\u0142\u0105cza. Wi\u0119cej informacji b\u0119dzie pojawia\u0142o si\u0119 w mediach spo\u0142eczno\u015bciowych: na Facebooku oraz Instagramie, a tak\u017ce na\u00a0<a style=\"color: #000080;\" href=\"http:\/\/www.jhi.pl\/\"><strong>www.jhi.pl<\/strong><\/a>\u00a0<\/span><\/p>\n<hr style=\"height: 15px; background: #d0e6fa; width: 100%;\" \/>\n<div id=\"content\" class=\"content-alignment\">\n<div id=\"watch-description\" class=\"yt-uix-button-panel\">\n<div id=\"watch-description-text\" style=\"text-align: center;\">\n<p><em>Zawarto\u015b\u0107 publikowanych artyku\u0142\u00f3w i materia\u0142\u00f3w nie reprezentuje pogl\u0105d\u00f3w ani opinii Reunion&#8217;68,<\/em><em><br \/>\nani te\u017c webmastera Blogu Reunion&#8217;68, chyba ze jest to wyra\u017anie zaznaczone.<br \/>\nTwoje uwagi, linki, w\u0142asne artyku\u0142y lub wiadomo\u015bci prze\u015blij na adres:<br \/>\n<\/em><span style=\"color: #000080;\"><strong><em><a style=\"color: #000080;\" href=\"mailto:webmaster@reunion68.com\"><span style=\"text-decoration: underline;\">webmaster@reunion68.com<\/span><\/a><\/em><\/strong><\/span><\/p>\n<\/div>\n<\/div>\n<\/div>\n<hr style=\"width: 100%;\" \/>\n","protected":false},"excerpt":{"rendered":"<p>Plany \u017bIH na 2023 rok \u017bydowski Instytut Historyczny Plany \u017bIH na 2023 r. s\u0105 \u015bci\u015ble zwi\u0105zane z rocznicami: w tym roku mija 80 lat od wybuchu powstania w getcie warszawskim, kt\u00f3remu po\u015bwi\u0119cimy dwie wystawy, a tak\u017ce liczne publikacje. R\u00f3wnie\u017c 80 lat temu dosz\u0142o do buntu wi\u0119\u017ani\u00f3w obozu zag\u0142ady w Treblince. Z kolei jubileusz 75-lecia \u017bydowskiego [&hellip;]<\/p>\n","protected":false},"author":1,"featured_media":0,"comment_status":"closed","ping_status":"closed","sticky":false,"template":"","format":"standard","meta":[],"categories":[6],"tags":[26,24],"_links":{"self":[{"href":"https:\/\/www.reunion68.se\/index.php?rest_route=\/wp\/v2\/posts\/102364"}],"collection":[{"href":"https:\/\/www.reunion68.se\/index.php?rest_route=\/wp\/v2\/posts"}],"about":[{"href":"https:\/\/www.reunion68.se\/index.php?rest_route=\/wp\/v2\/types\/post"}],"author":[{"embeddable":true,"href":"https:\/\/www.reunion68.se\/index.php?rest_route=\/wp\/v2\/users\/1"}],"replies":[{"embeddable":true,"href":"https:\/\/www.reunion68.se\/index.php?rest_route=%2Fwp%2Fv2%2Fcomments&post=102364"}],"version-history":[{"count":9,"href":"https:\/\/www.reunion68.se\/index.php?rest_route=\/wp\/v2\/posts\/102364\/revisions"}],"predecessor-version":[{"id":102383,"href":"https:\/\/www.reunion68.se\/index.php?rest_route=\/wp\/v2\/posts\/102364\/revisions\/102383"}],"wp:attachment":[{"href":"https:\/\/www.reunion68.se\/index.php?rest_route=%2Fwp%2Fv2%2Fmedia&parent=102364"}],"wp:term":[{"taxonomy":"category","embeddable":true,"href":"https:\/\/www.reunion68.se\/index.php?rest_route=%2Fwp%2Fv2%2Fcategories&post=102364"},{"taxonomy":"post_tag","embeddable":true,"href":"https:\/\/www.reunion68.se\/index.php?rest_route=%2Fwp%2Fv2%2Ftags&post=102364"}],"curies":[{"name":"wp","href":"https:\/\/api.w.org\/{rel}","templated":true}]}}