{"id":102547,"date":"2023-03-02T17:09:58","date_gmt":"2023-03-02T15:09:58","guid":{"rendered":"http:\/\/www.reunion68.se\/?p=102547"},"modified":"2023-03-02T07:47:36","modified_gmt":"2023-03-02T05:47:36","slug":"08-09-77","status":"publish","type":"post","link":"https:\/\/www.reunion68.se\/?p=102547","title":{"rendered":"Zabijanie \u017byd\u00f3w wnosi rado\u015b\u0107 w serca Palesty\u0144czyk\u00f3w"},"content":{"rendered":"<p style=\"text-align: center;\"><img decoding=\"async\" class=\"aligncenter\" src=\"https:\/\/www.gatestoneinstitute.org\/pics\/3860.jpg\" width=\"100%\" \/><span style=\"color: #808080;\"><em>W tym, co sta\u0142o si\u0119 znane jako &#8220;p\u0142aca za mord&#8221;, prezydent Autonomii Palesty\u0144skiej Mahmoud Abbas jest nieugi\u0119ty. Nadal b\u0119dzie wyp\u0142aca\u0142 du\u017ce \u015bwiadczenia terrorystom i ich rodzinom. Na zdj\u0119ciu: Abbas przemawia na ceremonii ku czci palesty\u0144skich terroryst\u00f3w 23 lipca 2018 r. Powiedzia\u0142 wtedy: &#8220;Nie zmniejszymy ani nie wstrzymamy zasi\u0142k\u00f3w rodzinom m\u0119czennik\u00f3w, wi\u0119\u017ani\u00f3w i zwolnionych wi\u0119\u017ani\u00f3w&#8230; gdyby pozosta\u0142 nam jeden grosz, wydaliby\u015bmy go na rodziny m\u0119czennik\u00f3w i wi\u0119\u017ani\u00f3w&#8221;. (\u0179r\u00f3d\u0142o: MEMRI)<\/em><\/span><\/p>\n<hr \/>\n<h5 style=\"text-align: center;\"><a href=\"https:\/\/pl.gatestoneinstitute.org\/\" target=\"_blank\" rel=\"noopener noreferrer\"><img decoding=\"async\" class=\"center alignleft\" src=\"https:\/\/pl.gatestoneinstitute.org\/images\/gatestone-logo-1000.gif\" alt=\"\" width=\"50%\" \/><\/a><span style=\"text-decoration: underline; color: #000080;\"><span><strong><a style=\"color: #000080; text-decoration: underline;\" href=\"https:\/\/pl.gatestoneinstitute.org\/19442\/zabijanie-zydow-wnosi-radosc-serca-palestynczykow\" target=\"_blank\" rel=\"noopener noreferrer\">Zabijanie \u017byd\u00f3w wnosi rado\u015b\u0107 w serca Palesty\u0144czyk\u00f3w<\/a><\/strong><\/span><\/span><\/h5>\n<p style=\"text-align: center;\"><span style=\"color: #000000;\"><strong> Bassam Tawil<\/p>\n<p><\/strong><span style=\"color: #808080;\">T\u0142umaczenie:<\/span><strong> Ma\u0142gorzata Koraszewska<\/strong><\/span><\/p>\n<hr style=\"height: 15px; background: #d0e6fa; width: 100%;\" \/>\n<p style=\"text-align: left;\"><span style=\"color: #000080;\">Po niedawnej fali atak\u00f3w terrorystycznych w Jerozolimie i na Zachodnim Brzegu [tj. Judei i Samarii, MK] Palesty\u0144czycy ponownie wyszli na ulice, by\u00a0<a style=\"color: #000080;\" href=\"blank\" target=\"_blank\" rel=\"noopener noreferrer\">\u015bwi\u0119towa\u0107<\/a>\u00a0mord na \u017bydach. W ramach\u00a0<a style=\"color: #000080;\" href=\"blank\" target=\"_blank\" rel=\"noopener noreferrer\">obchod\u00f3w<\/a>\u00a0Palesty\u0144czycy ta\u0144czyli, skandowali has\u0142a poparcia dla terroryst\u00f3w i rozdawali s\u0142odycze przechodniom.<\/span><\/p>\n<p style=\"text-align: left;\"><span style=\"color: #000080;\">Czy celowo, czy nie, \u015bwiatowe media nadal pomijaj\u0105 wiele z takiego \u015bwi\u0119towania, w tym niepohamowan\u0105\u00a0<a style=\"color: #000080;\" href=\"blank\" target=\"_blank\" rel=\"noopener noreferrer\">rado\u015b\u0107 Palesty\u0144czyk\u00f3w po 11 wrze\u015bnia<\/a>, kiedy niekt\u00f3re media ujawni\u0142y nagrania Palesty\u0144czyk\u00f3w ta\u0144cz\u0105cych, rozdaj\u0105cych s\u0142odycze i \u015bwi\u0119tuj\u0105cych zamordowanie tysi\u0119cy Amerykan\u00f3w.<\/span><\/p>\n<p style=\"text-align: left;\"><span style=\"color: #000080;\">Amerykanie i inni ludzie na ca\u0142ym \u015bwiecie, kt\u00f3rzy byli wstrz\u0105\u015bni\u0119ci horrorem 11 wrze\u015bnia, byli oburzeni, gdy \u015bwiat\u0142o dzienne ujrza\u0142y nagrania palesty\u0144skich uroczysto\u015bci. Dla Izraelczyk\u00f3w ta rado\u015b\u0107 w odpowiedzi na terror jest koszmarem, z kt\u00f3rym zmagaj\u0105 si\u0119 od\u00a0<a style=\"color: #000080;\" href=\"blank#2023\" target=\"_blank\" rel=\"noopener noreferrer\">dziesi\u0119cioleci<\/a>.<\/span><\/p>\n<p style=\"text-align: left;\"><span style=\"color: #000080;\">W jednym z najnowszych atak\u00f3w na izraelskich cywil\u00f3w, palesty\u0144ski terrorysta\u00a0<a style=\"color: #000080;\" href=\"blank\" target=\"_blank\" rel=\"noopener noreferrer\">zamordowa\u0142<\/a>\u00a0siedmiu \u017byd\u00f3w tu\u017c po szabatowych modlitwach w synagodze. Palesty\u0144czycy\u00a0<a style=\"color: #000080;\" href=\"blank\" target=\"_blank\" rel=\"noopener noreferrer\">radowali si\u0119<\/a>\u00a0na\u00a0<a style=\"color: #000080;\" href=\"blank\" target=\"_blank\" rel=\"noopener noreferrer\">ulicach<\/a>, ta\u0144cz\u0105c, rozdaj\u0105c s\u0142odycze i strzelaj\u0105c\u00a0<a style=\"color: #000080;\" href=\"blank\" target=\"_blank\" rel=\"noopener noreferrer\">fajerwerkami<\/a>.<\/span><\/p>\n<p style=\"text-align: left;\"><span style=\"color: #000080;\">Kilkakrotnie udokumentowano, \u017ce wy\u017csi urz\u0119dnicy z rz\u0105dz\u0105cej frakcji Fatah, na czele z prezydentem Autonomii Palesty\u0144skiej Mahmoudem Abbasem, uczestniczyli w orgiach rado\u015bci z powodu mordowania \u017byd\u00f3w.<\/span><\/p>\n<p style=\"text-align: left;\"><span style=\"color: #000080;\">28 stycznia Ata Abu Rumaileh, szef Fatahu w mie\u015bcie D\u017cenin na p\u00f3\u0142nocnym Zachodnim Brzegu,\u00a0<a style=\"color: #000080;\" href=\"blank\" target=\"_blank\" rel=\"noopener noreferrer\">wzi\u0105\u0142 udzia\u0142<\/a>\u00a0w marszu \u015bwi\u0119tuj\u0105cym dwa ataki terrorystyczne w Jerozolimie.<\/span><\/p>\n<p style=\"text-align: left;\"><span style=\"color: #000080;\">Podczas marszu Abu Rumaileh, wymachuj\u0105cy karabinem szturmowym typu M-16, by\u0142 otoczony dziesi\u0105tkami uzbrojonych i zamaskowanych terroryst\u00f3w.\u00a0<a style=\"color: #000080;\" href=\"blank\" target=\"_blank\" rel=\"noopener noreferrer\">Chwali\u0142<\/a>\u00a0&#8220;sprawiedliwych m\u0119czennik\u00f3w&#8221;<a style=\"color: #000080;\" href=\"blank\" target=\"_blank\" rel=\"noopener noreferrer\">,<\/a>\u00a0kt\u00f3rzy przeprowadzili ataki i wezwa\u0142 do nasilenia terroryzmu przeciwko Izraelowi.<\/span><\/p>\n<p style=\"text-align: left;\"><span style=\"color: #000080;\"><a style=\"color: #000080;\" href=\"blank\" target=\"_blank\" rel=\"noopener noreferrer\">Powiedzia\u0142<\/a>, \u017ce bro\u0144 i kule powinny by\u0107 jedynym j\u0119zykiem u\u017cywanym w kontaktach z Izraelem. Intifada (powstanie), kontynuowa\u0142, &#8220;przekszta\u0142ci\u0142a si\u0119 w wojn\u0119&#8221;, kt\u00f3ra nie zako\u0144czy si\u0119, dop\u00f3ki krew &#8220;m\u0119czennik\u00f3w&#8221; nie zostanie pomszczona. &#8220;Niech te ataki wy\u015bl\u0105 ich [\u017byd\u00f3w] do piek\u0142a. Dzisiaj rozdajemy s\u0142odycze&#8230; w gratulacjach dla naszych bohaterskich m\u0119czennik\u00f3w&#8221;.<\/span><\/p>\n<p style=\"text-align: left;\"><span style=\"color: #000080;\">Warto zauwa\u017cy\u0107, \u017ce Abu Rumaileh reprezentuje frakcj\u0119 Fatahu, kt\u00f3r\u0105 ludzie Zachodu cz\u0119sto\u00a0<a style=\"color: #000080;\" href=\"blank\" target=\"_blank\" rel=\"noopener noreferrer\">okre\u015blaj\u0105<\/a>\u00a0jako &#8220;umiarkowan\u0105&#8221;.<\/span><\/p>\n<p style=\"text-align: left;\"><span style=\"color: #000080;\">Zaledwie w zesz\u0142ym tygodniu szef tej partii, Mahmoud Abbas, odebra\u0142 telefon od sekretarza stanu USA Antony&#8217;ego Blinkena, kt\u00f3ry podobno\u00a0<a style=\"color: #000080;\" href=\"blank\" target=\"_blank\" rel=\"noopener noreferrer\">obieca\u0142<\/a>\u00a0wywrze\u0107 presj\u0119 na Izrael, aby wstrzyma\u0142 &#8220;jednostronne dzia\u0142ania&#8221;. Nie trzeba dodawa\u0107, \u017ce Blinken nie krytkowa\u0142 Abbasa za pod\u017ceganie Fatahu do terroru ani za celebrowanie atak\u00f3w terrorystycznych przez wielu Palesty\u0144czyk\u00f3w.<\/span><\/p>\n<p style=\"text-align: left;\"><span style=\"color: #000080;\">D\u017camal Al-Huwail, inny wysokiej rangi cz\u0142onek frakcji Fatahu Mahmuda Abbasa, r\u00f3wnie\u017c\u00a0<a style=\"color: #000080;\" href=\"blank\" target=\"_blank\" rel=\"noopener noreferrer\">chwali\u0142<\/a>\u00a0mordowanie \u017byd\u00f3w. Kilka miesi\u0119cy temu Al-Huwail powiedzia\u0142, \u017ce Diaa Al-Hamarszeh, terrorysta, kt\u00f3ry zamordowa\u0142 pi\u0119ciu Izraelczyk\u00f3w w mie\u015bcie Bnei Brak, &#8220;wni\u00f3s\u0142 rado\u015b\u0107 w serca Palesty\u0144czyk\u00f3w&#8221;.<\/span><\/p>\n<p style=\"text-align: left;\"><span style=\"color: #000080;\">&#8220;Ludzie w D\u017ceninie wyszli na ulice, aby \u015bwi\u0119towa\u0107 \u2013\u00a0<a style=\"color: #000080;\" href=\"blank\" target=\"_blank\" rel=\"noopener noreferrer\">doda\u0142<\/a>. &#8211; Al-Hamarszeh i jego rodzina przywr\u00f3cili chwa\u0142\u0119 Fatahowi, Hamasowi, LFWP [Ludowemu Frontowi Wyzwolenia Palestyny] i Islamskiemu D\u017cihadowi&#8221;.<\/span><\/p>\n<p style=\"text-align: left;\"><span style=\"color: #000080;\">Atak terrorystyczny w Bnei Brak rzeczywi\u015bcie zgromadzi\u0142\u00a0<a style=\"color: #000080;\" href=\"blank\" target=\"_blank\" rel=\"noopener noreferrer\">rozradowane t\u0142umy<\/a>\u00a0ta\u0144cz\u0105cych Palesty\u0144czyk\u00f3w w D\u017ceninie i gdzie indziej, kt\u00f3rzy skandowali: &#8220;Miliony m\u0119czennik\u00f3w maszeruj\u0105 do Jerozolimy!&#8221; i okrzykn\u0119li terroryst\u0119 &#8220;bohaterskim przyw\u00f3dc\u0105 m\u0119czennik\u00f3w&#8221;.<\/span><\/p>\n<p style=\"text-align: left;\"><span style=\"color: #000080;\">Nieco ponad miesi\u0105c p\u00f3\u017aniej, kilka kilometr\u00f3w dalej, w mie\u015bcie Elad, dw\u00f3ch palesty\u0144skich terroryst\u00f3w\u00a0<a style=\"color: #000080;\" href=\"blank\" target=\"_blank\" rel=\"noopener noreferrer\">zaatakowa\u0142o<\/a>\u00a0\u017byd\u00f3w (siekier\u0105 i no\u017cem), morduj\u0105c czterech m\u0119\u017cczyzn, z kt\u00f3rych ostatni niedawno zmar\u0142 z powodu odniesionych ran.<\/span><\/p>\n<p style=\"text-align: left;\"><span style=\"color: #000080;\">W surrealistycznym zwrocie akcji, funkcjonariusz Abbasa z Fatahu, Ata Abu Rumaileh, zapewnia\u0142, \u017ce terrory\u015bci maj\u0105 etyk\u0119 skaut\u00f3w: &#8220;Odm\u00f3wili zabijania kobiet, dzieci i os\u00f3b starszych. Taka jest moralno\u015b\u0107 bojownik\u00f3w i cz\u0142onk\u00f3w ruchu oporu&#8221;.<\/span><\/p>\n<p style=\"text-align: left;\"><span style=\"color: #000080;\">Organizacja\u00a0<a style=\"color: #000080;\" href=\"blank\" target=\"_blank\" rel=\"noopener noreferrer\">Palestinian Media Watch<\/a>\u00a0znacz\u0105co doda\u0142a, \u017ce &#8220;moralno\u015b\u0107&#8221; terroryst\u00f3w jako\u015b nie ca\u0142kiem dorasta do tych standard\u00f3w: &#8220;zamordowali ojc\u00f3w siekierami i no\u017cami\u00a0<a style=\"color: #000080;\" href=\"blank\" target=\"_blank\" rel=\"noopener noreferrer\">na oczach ich dzieci<\/a>\u00a0w parku&#8221;.<\/span><\/p>\n<p style=\"text-align: left;\"><span style=\"color: #000080;\">By\u0107 mo\u017ce Abu Rumaileh uzna\u0142by za precedensowe &#8220;etyczne zwyci\u0119stwo&#8221;, kiedy podczas straszliwej\u00a0<a style=\"color: #000080;\" href=\"blank\" target=\"_blank\" rel=\"noopener noreferrer\">masakry paschalnej<\/a>\u00a0w Netanji w 2002 roku Palesty\u0144czycy\u00a0<a style=\"color: #000080;\" href=\"blank\" target=\"_blank\" rel=\"noopener noreferrer\">ta\u0144czyli<\/a>\u00a0z rado\u015bci z powodu trudnego &#8220;osi\u0105gni\u0119cia&#8221; zamordowania 30 \u017byd\u00f3w i zranienia 140 innych os\u00f3b, g\u0142\u00f3wnie starych ludzi, podczas \u015bwi\u0105tecznego posi\u0142ku.<\/span><\/p>\n<p style=\"text-align: left;\"><span style=\"color: #000080;\">Podobne \u015bwi\u0119towanie\u00a0<a style=\"color: #000080;\" href=\"blank\" target=\"_blank\" rel=\"noopener noreferrer\">mia\u0142o miejsce<\/a>\u00a0w nast\u0119pstwie\u00a0<a style=\"color: #000080;\" href=\"blank\" target=\"_blank\" rel=\"noopener noreferrer\">masakry<\/a>\u00a0w jesziwie Merkaz HaRav w 2008 roku, po tym jak palesty\u0144ski terrorysta zastrzeli\u0142 o\u015bmiu \u017cydowskich uczni\u00f3w. Potem &#8220;<a style=\"color: #000080;\" href=\"blank\" target=\"_blank\" rel=\"noopener noreferrer\">tysi\u0105ce<\/a>\u00a0Palesty\u0144czyk\u00f3w [wysz\u0142o] na ulice, strzelaj\u0105c z broni palnej w powietrze, odmawiaj\u0105c modlitwy dzi\u0119kczynne i rozdaj\u0105c s\u0142odycze miejscowym dzieciom. Nie obchodzili \u015bwi\u0119ta religijnego ani mistrzostw sportowych. \u015awi\u0119towali okrutne zamordowanie o\u015bmiu ch\u0142opc\u00f3w&#8221;.<\/span><\/p>\n<p style=\"text-align: left;\"><span style=\"color: #000080;\">S\u0105 Palesty\u0144czycy, kt\u00f3rzy po prostu chc\u0105 \u017cy\u0107 w pokoju i aktywnie\u00a0<a style=\"color: #000080;\" href=\"blank\" target=\"_blank\" rel=\"noopener noreferrer\">pomagaj\u0105<\/a>\u00a0izraelskim \u017bydom w niebezpiecznych sytuacjach, ale ich g\u0142osy i historie nie zwracaj\u0105 uwagi medi\u00f3w.\u00a0<a style=\"color: #000080;\" href=\"blank\" target=\"_blank\" rel=\"noopener noreferrer\">Jeden<\/a>\u00a0z takich Palesty\u0144czyk\u00f3w zosta\u0142 &#8220;zmuszony do ucieczki [z] Zachodniego Brzegu po gro\u017abach \u015bmierci za uratowanie dzieci zamordowanego rabina Miki Marka&#8221;.<\/span><\/p>\n<p style=\"text-align: left;\"><span style=\"color: #000080;\">Powodem milczenia jest strach.<\/span><\/p>\n<p style=\"text-align: left;\"><span style=\"color: #000080;\">Trudno jednak wyt\u0142umaczy\u0107 wielotysi\u0119czne t\u0142umy ta\u0144cz\u0105ce i raduj\u0105ce si\u0119 z powodu zabijania niewinnych. Co sprawia, \u017ce cz\u0142owiek m\u00f3wi, i\u017c celowe zmia\u017cd\u017cenie niemowl\u0119cia pod ko\u0142ami samochodu czyni sprawc\u0119 &#8220;bohaterem&#8221;? Co sprawia, \u017ce nazywaj\u0105 zamordowanie dw\u00f3ch\u00a0<a style=\"color: #000080;\" href=\"blank\" target=\"_blank\" rel=\"noopener noreferrer\">braci w wieku o\u015bmiu i sze\u015bciu lat<\/a>\u00a0przez wjechanie samochodem w przystanek autobusowy &#8220;heroiczn\u0105 operacj\u0105 komandos\u00f3w&#8221;?<\/span><\/p>\n<p style=\"text-align: left;\"><span style=\"color: #000080;\">Jest to wynikiem dziesi\u0119cioleci antyizraelskiego pod\u017cegania i prania m\u00f3zg\u00f3w przez przyw\u00f3dc\u00f3w palesty\u0144skich, kt\u00f3rych sponsorzy nigdy im nie powiedzieli, \u017ce jest to z\u0142e. Dla wi\u0119kszo\u015bci Palesty\u0144czyk\u00f3w: 1) wszyscy \u017bydzi s\u0105 &#8220;osadnikami&#8221; i 2) Izrael jest jednym wielkim osiedlem, kt\u00f3re nale\u017cy zlikwidowa\u0107.<\/span><\/p>\n<p style=\"text-align: left;\"><span style=\"color: #000080;\">Co wi\u0119cej, trudno zrozumie\u0107 uznanie za zabawn\u0105\u00a0<a style=\"color: #000080;\" href=\"blank\" target=\"_blank\" rel=\"noopener noreferrer\">karykatur\u0119<\/a>\u00a0przedstawiaj\u0105c\u0105 g\u0142ow\u0119 ofiary ataku terrorystycznego na p\u00f3\u0142misku, kt\u00f3ra ma by\u0107 zjedzona w ramach tradycyjnej palesty\u0144skiej uczty. Dlaczego wci\u0105\u017c s\u0142yszymy, jak Palesty\u0144czycy twierdz\u0105, \u017ce terror i gloryfikowanie mordowania niewinnych cywil\u00f3w jest &#8220;<a style=\"color: #000080;\" href=\"blank\" target=\"_blank\" rel=\"noopener noreferrer\">naturaln\u0105 reakcj\u0105<\/a>&#8220;?<\/span><\/p>\n<p style=\"text-align: left;\"><span style=\"color: #000080;\">Nie ma nic &#8220;naturalnego&#8221; w mordowaniu \u017cydowskich dzieci czekaj\u0105cych na przystanku autobusowym. Nie ma nic &#8220;naturalnego&#8221; w mordowaniu nieuzbrojonych cywil\u00f3w przed synagog\u0105. Nie ma nic &#8220;naturalnego&#8221; w ta\u0144cu i rozdawaniu cukierk\u00f3w w celu uczczenia terroryzmu i mordowania \u017byd\u00f3w lub kogokolwiek innego.<\/span><\/p>\n<p style=\"text-align: left;\"><span style=\"color: #000080;\">Podczas gdy Abbas od czasu do czasu pot\u0119pia atak, kt\u00f3ry wywo\u0142a\u0142 tak du\u017ce mi\u0119dzynarodowe\u00a0<a style=\"color: #000080;\" href=\"blank\" target=\"_blank\" rel=\"noopener noreferrer\">oburzenie<\/a>, \u017ce mo\u017ce\u00a0<a style=\"color: #000080;\" href=\"blank\" target=\"_blank\" rel=\"noopener noreferrer\">zaszkodzi\u0107<\/a>\u00a0wizerunkowi Autonomii Palesty\u0144skiej, jego czyny m\u00f3wi\u0105 g\u0142o\u015bniej ni\u017c s\u0142owa.<\/span><\/p>\n<p style=\"text-align: left;\"><span style=\"color: #000080;\">W tym, co sta\u0142o si\u0119 znane jako &#8220;<a style=\"color: #000080;\" href=\"blank\" target=\"_blank\" rel=\"noopener noreferrer\">p\u0142aca za mordowanie<\/a>&#8220;, Abbas stanowczo opowiada si\u0119 za dalszym wyp\u0142acaniem wielkich\u00a0<a style=\"color: #000080;\" href=\"blank\" target=\"_blank\" rel=\"noopener noreferrer\">\u015bwiadcze\u0144<\/a>\u00a0<a style=\"color: #000080;\" href=\"blank\" target=\"_blank\" rel=\"noopener noreferrer\">rodzinom<\/a>\u00a0terroryst\u00f3w: &#8220;Nawet je\u015bli b\u0119d\u0119 musia\u0142 opu\u015bci\u0107 swoje stanowisko, nie p\u00f3jd\u0119 na kompromis w kwestii wynagrodzenia m\u0119czennikowi (szahid) lub wi\u0119\u017aniowi&#8221; \u2013\u00a0<a style=\"color: #000080;\" href=\"blank\" target=\"_blank\" rel=\"noopener noreferrer\">obieca\u0142<\/a>\u00a0Abbas .<\/span><\/p>\n<p style=\"text-align: left;\"><span style=\"color: #000080;\">W wieku 87 lat Abbas nadal trzyma si\u0119 urz\u0119du. Pomimo ameryka\u0144skiego\u00a0<a style=\"color: #000080;\" href=\"blank\" target=\"_blank\" rel=\"noopener noreferrer\">ustawodawstwa<\/a>\u00a0maj\u0105cego na celu przeciwdzia\u0142anie wyp\u0142acania terrorystom i ich rodzinom setek milion\u00f3w dolar\u00f3w\u00a0<a style=\"color: #000080;\" href=\"blank\" target=\"_blank\" rel=\"noopener noreferrer\">ameryka\u0144skiej<\/a>,\u00a0<a style=\"color: #000080;\" href=\"blank\" target=\"_blank\" rel=\"noopener noreferrer\">unijnej<\/a>\u00a0i mi\u0119dzynarodowej pomocy zagranicznej, Abbas wci\u0105\u017c znajduje\u00a0<a style=\"color: #000080;\" href=\"blank\" target=\"_blank\" rel=\"noopener noreferrer\">kreatywne<\/a>\u00a0sposoby na kontynuacj\u0119. Od 2017 r. Stwierdzono, \u017ce \u015brodki te &#8220;r\u00f3wne s\u0105 w sumie oko\u0142o\u00a0<a style=\"color: #000080;\" href=\"blank\" target=\"_blank\" rel=\"noopener noreferrer\">po\u0142owie pomocy zagranicznej na wsparcie bud\u017cetu<\/a>&#8221; AP. W kolejnych latach ci\u0105gle ros\u0142y.<\/span><\/p>\n<p style=\"text-align: left;\"><span style=\"color: #000080;\">UE, Stany Zjednoczone i inni mi\u0119dzynarodowi sponsorzy Palesty\u0144czyk\u00f3w nadal finansuj\u0105 rz\u0105d, kt\u00f3ry nie tylko odmawia pot\u0119pienia terroryzmu, ale wr\u0119cz uprawia go jak lukratywn\u0105 hodowl\u0119 terroryst\u00f3w. Dla niekt\u00f3rych Palesty\u0144czyk\u00f3w, takich jak przyw\u00f3dcy Hamasu i Palesty\u0144skiego Islamskiego D\u017cihadu, obejmuje to nawet wysy\u0142anie kobiet i dzieci do wysadzania si\u0119 w powietrze i u\u017cywanie dzieci jako \u017cywych tarcz. Przyw\u00f3dcy nie wysy\u0142aj\u0105 oczywi\u015bcie cz\u0142onk\u00f3w swoich rodzin po takie &#8220;osi\u0105gni\u0119cia&#8221;.<\/span><\/p>\n<p style=\"text-align: left;\"><span style=\"color: #000080;\">Niestety, ci darczy\u0144cy nawet nie\u00a0<i>prosz\u0105<\/i>\u00a0palesty\u0144skich przyw\u00f3dc\u00f3w, by przestali nawo\u0142ywa\u0107 do przemocy i by przestali nagradza\u0107 za morderstwa jako warunku ich finansowania. Trzeba zada\u0107 sobie pytanie: dlaczego nie? Je\u015bli p\u00f3jdziesz do banku i poprosisz o kredyt hipoteczny, bank okre\u015bli warunki.\u00a0<i>To<\/i>\u00a0jest &#8220;naturalne&#8221;.<\/span><\/p>\n<p style=\"text-align: left;\"><span style=\"color: #000080;\">Bior\u0105c pod uwag\u0119 nieskrywan\u0105 jadowito\u015b\u0107 Fatahu i Autonomii Palesty\u0144skiej we wspieraniu terroryzmu \u2013 zar\u00f3wno s\u0142owami, jak i pieni\u0119dzmi \u2013 jak mo\u017cna powa\u017cnie oczekiwa\u0107 od Izraela zaanga\u017cowania si\u0119 w jakiekolwiek owocne rozmowy pokojowe z tymi Palesty\u0144czykami?<\/span><\/p>\n<hr \/>\n<p style=\"text-align: left;\"><span style=\"color: #808080;\"><i><b>Bassam Tawil<\/b>\u00a0&#8211; muzu\u0142ma\u0144ski badacz i publicysta mieszkaj\u0105cy na Bliskim Wschodzie.<\/i><\/span><\/p>\n<hr style=\"height: 15px; background: #d0e6fa; width: 100%;\" \/>\n<div id=\"content\" class=\"content-alignment\">\n<div id=\"watch-description\" class=\"yt-uix-button-panel\">\n<div id=\"watch-description-text\" style=\"text-align: center;\">\n<p><em>Zawarto\u015b\u0107 publikowanych artyku\u0142\u00f3w i materia\u0142\u00f3w nie reprezentuje pogl\u0105d\u00f3w ani opinii Reunion&#8217;68,<\/em><em><br \/>\nani te\u017c webmastera Blogu Reunion&#8217;68, chyba ze jest to wyra\u017anie zaznaczone.<br \/>\nTwoje uwagi, linki, w\u0142asne artyku\u0142y lub wiadomo\u015bci prze\u015blij na adres:<br \/>\n<\/em><span style=\"color: #000080;\"><strong><em><a style=\"color: #000080;\" href=\"mailto:webmaster@reunion68.com\"><span style=\"text-decoration: underline;\">webmaster@reunion68.com<\/span><\/a><\/em><\/strong><\/span><\/p>\n<\/div>\n<\/div>\n<\/div>\n<hr style=\"width: 100%;\" \/>\n","protected":false},"excerpt":{"rendered":"<p>W tym, co sta\u0142o si\u0119 znane jako &#8220;p\u0142aca za mord&#8221;, prezydent Autonomii Palesty\u0144skiej Mahmoud Abbas jest nieugi\u0119ty. Nadal b\u0119dzie wyp\u0142aca\u0142 du\u017ce \u015bwiadczenia terrorystom i ich rodzinom. Na zdj\u0119ciu: Abbas przemawia na ceremonii ku czci palesty\u0144skich terroryst\u00f3w 23 lipca 2018 r. Powiedzia\u0142 wtedy: &#8220;Nie zmniejszymy ani nie wstrzymamy zasi\u0142k\u00f3w rodzinom m\u0119czennik\u00f3w, wi\u0119\u017ani\u00f3w i zwolnionych wi\u0119\u017ani\u00f3w&#8230; gdyby [&hellip;]<\/p>\n","protected":false},"author":1,"featured_media":0,"comment_status":"closed","ping_status":"closed","sticky":false,"template":"","format":"standard","meta":[],"categories":[6],"tags":[26,24],"_links":{"self":[{"href":"https:\/\/www.reunion68.se\/index.php?rest_route=\/wp\/v2\/posts\/102547"}],"collection":[{"href":"https:\/\/www.reunion68.se\/index.php?rest_route=\/wp\/v2\/posts"}],"about":[{"href":"https:\/\/www.reunion68.se\/index.php?rest_route=\/wp\/v2\/types\/post"}],"author":[{"embeddable":true,"href":"https:\/\/www.reunion68.se\/index.php?rest_route=\/wp\/v2\/users\/1"}],"replies":[{"embeddable":true,"href":"https:\/\/www.reunion68.se\/index.php?rest_route=%2Fwp%2Fv2%2Fcomments&post=102547"}],"version-history":[{"count":5,"href":"https:\/\/www.reunion68.se\/index.php?rest_route=\/wp\/v2\/posts\/102547\/revisions"}],"predecessor-version":[{"id":102556,"href":"https:\/\/www.reunion68.se\/index.php?rest_route=\/wp\/v2\/posts\/102547\/revisions\/102556"}],"wp:attachment":[{"href":"https:\/\/www.reunion68.se\/index.php?rest_route=%2Fwp%2Fv2%2Fmedia&parent=102547"}],"wp:term":[{"taxonomy":"category","embeddable":true,"href":"https:\/\/www.reunion68.se\/index.php?rest_route=%2Fwp%2Fv2%2Fcategories&post=102547"},{"taxonomy":"post_tag","embeddable":true,"href":"https:\/\/www.reunion68.se\/index.php?rest_route=%2Fwp%2Fv2%2Ftags&post=102547"}],"curies":[{"name":"wp","href":"https:\/\/api.w.org\/{rel}","templated":true}]}}