{"id":102564,"date":"2023-03-03T17:09:42","date_gmt":"2023-03-03T15:09:42","guid":{"rendered":"http:\/\/www.reunion68.se\/?p=102564"},"modified":"2023-03-03T11:05:22","modified_gmt":"2023-03-03T09:05:22","slug":"09-09-72","status":"publish","type":"post","link":"https:\/\/www.reunion68.se\/?p=102564","title":{"rendered":"Przedmarcowy beat: \u015aliwki, Nast\u0119pcy Tron\u00f3w i inni"},"content":{"rendered":"<p><img decoding=\"async\" class=\"aligncenter\" title=\"Zesp\u00f3\u0142 &quot;\u015aliwki&quot;, fotografie dzi\u0119ki uprzejmo\u015bci Ryszarda Rozenberga z kolekcji Lidii Saje\u0144czuk, facebook.com\/Sliwki\/\" src=\"https:\/\/api.culture.pl\/sites\/default\/files\/styles\/1920_auto\/public\/images\/imported\/muzyka\/linkbajty%20i%20inne%20takie\/zydowski_Big_Bit_\/sliwki_1.jpg?itok=3BMviIRn\" alt=\"Zesp\u00f3\u0142 &quot;\u015aliwki&quot;, fotografie dzi\u0119ki uprzejmo\u015bci Ryszarda Rozenberga z kolekcji Lidii Saje\u0144czuk, facebook.com\/Sliwki\/\" width=\"100%\" data-src=\"https:\/\/api.culture.pl\/sites\/default\/files\/styles\/1920_auto\/public\/images\/imported\/muzyka\/linkbajty%20i%20inne%20takie\/zydowski_Big_Bit_\/sliwki_1.jpg?itok=3BMviIRn\" \/><\/p>\n<div class=\"description\">\n<p style=\"text-align: center;\"><span style=\"color: #808080;\"><em>Zesp\u00f3\u0142 &#8220;\u015aliwki&#8221;, fotografie dzi\u0119ki uprzejmo\u015bci Ryszarda Rozenberga z kolekcji Lidii Saje\u0144czuk, facebook.com\/Sliwki\/<\/em><\/span><\/p>\n<hr \/>\n<h5 style=\"text-align: center;\"><a href=\"https:\/\/culture.pl\/\" target=\"_blank\" rel=\"noopener noreferrer\"><img decoding=\"async\" class=\"center alignleft\" src=\"http:\/\/www.reunion68.com\/Biuletyn\/img\/culture-2.png\" alt=\"\" width=\"35%\" \/><\/a><span style=\"text-decoration: underline; color: #000080;\"><strong><a style=\"color: #000080; text-decoration: underline;\" href=\"https:\/\/culture.pl\/pl\/artykul\/przedmarcowy-beat-sliwki-nastepcy-tronow-i-inni\" target=\"_blank\" rel=\"noopener noreferrer\">Przedmarcowy beat: \u015aliwki, Nast\u0119pcy Tron\u00f3w i inni<\/a><\/strong><\/span><\/h5>\n<p style=\"text-align: center;\"><span style=\"color: #000000;\"><strong> Patryk Zakrzewski<\/strong><\/span><\/p>\n<hr style=\"height: 15px; background: #d0e6fa; width: 100%;\" \/>\n<h4 style=\"text-align: center;\"><span style=\"color: #808080;\"><strong>Jak potoczy\u0142aby si\u0119 historia polskiego rock\u2019n\u2019rolla, gdyby nie wydarzenia 1968 roku? Przypominamy historie zespo\u0142\u00f3w bigbitowych graj\u0105cych przy klubach m\u0142odzie\u017cy \u017cydowskiej.<\/strong><\/span><\/h4>\n<p>.<\/p>\n<p style=\"text-align: left;\"><span style=\"color: #000080;\">&#8220;Trzysta tysi\u0119cy gitar nam gra, \u017cy\u0107 nie umiera\u0107&#8221; \u2013 \u015bpiewa\u0142a Karin Stanek. W latach 60. bigbit hula\u0142 po domach kultury, przyzak\u0142adowych \u015bwietlicach, klubach i sto\u0142\u00f3wkach \u2013 w zasadzie wsz\u0119dzie tam, gdzie da\u0142o si\u0119 wcisn\u0105\u0107 zestaw perkusyjny i wzmacniacze. Mocne uderzenie nie omin\u0119\u0142o te\u017c m\u0142odzie\u017cowych klub\u00f3w Towarzystwa Spo\u0142eczno-Kulturalnego \u017byd\u00f3w w Polsce.<\/span><\/p>\n<p style=\"text-align: left;\"><span style=\"color: #000080;\">TSK\u017b by\u0142, jak nazwa\u0142 to\u00a0<a style=\"color: #000080;\" href=\"http:\/\/culture.pl\/pl\/tworca\/henryk-grynberg\">Henryk Grynberg<\/a>, &#8220;rodzajem \u017cydowskiego ministerstwa&#8221;, kt\u00f3re ustanowiono odg\u00f3rnie w czasach stalinowskiej centralizacji w miejsce r\u00f3\u017cnych odradzaj\u0105cych si\u0119 po wojnie \u017cydowskich inicjatyw spo\u0142ecznych. By\u0142a to oczywi\u015bcie instytucja \u015bwiecka o jedynym w\u00f3wczas akceptowalnym profilu ideologicznym. Po odwil\u017cy stwierdzono: &#8220;Do\u015b\u0107 &#8220;zaskorupienia&#8221; si\u0119 klub\u00f3w \u2013 ma by\u0107 i miejsce dla m\u0142odzie\u017cy&#8221;.<\/span><\/p>\n<p style=\"text-align: left;\"><span style=\"color: #000080;\">W Klubach mo\u017cna by\u0142o uczestniczy\u0107 w r\u00f3\u017cnorakich sekcjach zainteresowa\u0144, ale te\u017c wpa\u015b\u0107 na pota\u0144c\u00f3wk\u0119 czy pogra\u0107 w bryd\u017ca. Tolek z \u0141odzi opowiada\u0142 Joannie Wiszniewicz:<\/span><\/p>\n<p style=\"text-align: left;\"><strong>Od dwunastego roku \u017cycia codziennie lecia\u0142em na Wi\u0119ckowskiego do Klubu TSK\u017b-u. Codziennie! Przychodzi\u0142em do domu, obiad zjedzony, lekcje odrobione \u2013 &#8220;Mamo, id\u0119 do Klubu!&#8221;.<\/strong><\/p>\n<p style=\"text-align: left;\"><span style=\"color: #000080;\">Franciszek Gecht z zespo\u0142u Nast\u0119pcy Tron\u00f3w, o kt\u00f3rym b\u0119dzie mowa ni\u017cej, wspomina\u0142 Ma\u0142gorzacie Frymus:<\/span><\/p>\n<blockquote><p><strong>Polski Pa\u017adziernik oznacza nie tylko zmiany polityczne, a te\u017c now\u0105 muzyk\u0119 dla nas, nastolatk\u00f3w. [\u2026] Audycje &#8220;Radia Wolna Europa&#8221;, a szczeg\u00f3lnie &#8220;Radia Luxemburg&#8221; wype\u0142nione now\u0105 ciekaw\u0105 muzyk\u0105 zacz\u0119\u0142y wype\u0142nia\u0107 nasz wolny czas. Zacz\u0119li\u015bmy od jazzu i szybko przeszli\u015bmy na rock\u2019n\u2019roll. [\u2026] Na\u015bladowali\u015bmy ich wygl\u0105d zewn\u0119trzny, ubrania i fryzury. Zacz\u0119li\u015bmy ta\u0144czy\u0107 inaczej. [\u2026] Starsze pokolenie kr\u0119ci nosem.<\/strong><\/p><\/blockquote>\n<p style=\"text-align: left;\"><span style=\"color: #000080;\">Po koncercie \u0142\u00f3dzkiego KMS-u (Klubu M\u0142odzie\u017cy Szkolnej) w 1963 roku, na kt\u00f3rym bawi\u0142o pono\u0107 600 os\u00f3b, redaktor &#8220;Naszego G\u0142osu&#8221;, m\u0142odzie\u017cowego (i polskoj\u0119zycznego, bo pokolenie wychowane w Polsce Ludowej nie zna\u0142o ju\u017c zazwyczaj jidysz) dodatku do gazety TSK\u017b &#8220;Fo\u0142ks-Sztyme&#8221;, relacjonowa\u0142:<\/span><\/p>\n<blockquote><p><strong>Sk\u0105d u tych dzieciak\u00f3w \u2013 m\u00f3wiono w\u015br\u00f3d &#8220;ponad\u015brednich&#8221; &#8211; maniera \u015bpiewania pod gwiazdowe zespo\u0142y i co oni robi\u0105 z \u017cydowskiej piosenki? \u017be co? \u017be jazz? \u017be mocne uderzenie? Robienie z piosenki \u017cydowskiej tego, czym w zarodku nie by\u0142a? Kto wie, a mo\u017ce to jest w\u0142a\u015bnie ta nowa forma?<\/strong><\/p><\/blockquote>\n<h4 style=\"text-align: center;\"><strong>Na tropie \u015aliwek<\/strong><\/h4>\n<p><img decoding=\"async\" class=\"aligncenter\" src=\"https:\/\/api.culture.pl\/sites\/default\/files\/images\/imported\/muzyka\/linkbajty%20i%20inne%20takie\/zydowski_Big_Bit_\/na_rozdrozu_okladka_4.jpg\" alt=\"Fragment ok\u0142adki ksi\u0105\u017cki &quot;Na rozdro\u017cu. M\u0142odzie\u017c \u017cydowska w PRL 1956\u20131968&quot;, wydawca: \u017bydowski Instytut Historyczny, 2014, fot. dzieki uprzejmo\u015bci wydawnictwa\" width=\"100%\" data-src=\"https:\/\/api.culture.pl\/sites\/default\/files\/images\/imported\/muzyka\/linkbajty i inne takie\/zydowski_Big_Bit_\/na_rozdrozu_okladka_4.jpg\" data-vue-img-src=\"https:\/\/api.culture.pl\/sites\/default\/files\/images\/imported\/muzyka\/linkbajty i inne takie\/zydowski_Big_Bit_\/na_rozdrozu_okladka_4.jpg\" data-vue-img-group=\"paragraphs\" \/><\/p>\n<\/div>\n<p style=\"text-align: center;\"><span style=\"color: #808080;\"><em>Fragment ok\u0142adki ksi\u0105\u017cki &#8220;Na rozdro\u017cu. M\u0142odzie\u017c \u017cydowska w PRL 1956\u20131968&#8221;, wydawca: \u017bydowski Instytut Historyczny, 2014, fot. dzieki uprzejmo\u015bci wydawnictwa<\/em><\/span><\/p>\n<p style=\"text-align: left;\"><span style=\"color: #000080;\">Ze wspomnianego KMS-u wywodzi\u0142 si\u0119 zesp\u00f3\u0142 \u015aliwki. W 2011 roku wysz\u0142a w Niemczech na winylu bootlegowa sk\u0142adanka, &#8220;Working Class Devils. Subversive Beat, R\u2019n\u2019B &amp; Psych from Poland (1965\u20131971)&#8221;. Jak trafi\u0142a na ni\u0105 piosenka \u015aliwek \u2013 nie wiadomo. Wiadomo, \u017ce wywo\u0142a\u0142a szereg zdarze\u0144, kt\u00f3re da\u0142y \u015aliwkom drugie \u017cycie. Piosenka &#8220;Gdy oczy zamkn\u0119&#8221; (tekst: William Szekspir, sonet XLIII, muzyka: Ryszard Henryk Rozenberg) z winyla trafi\u0142a na YouTube. Link do niej udost\u0119pni\u0142 na Facebooku znajomy Marcina Pryta, wokalisty zespo\u0142u 19 Wiosen i syna Ryszarda \u2013 jednego z za\u0142o\u017cycieli \u015aliwek.<\/span><\/p>\n<blockquote><p><strong>Dobrze zapami\u0119ta\u0142em z dzieci\u0144stwa jak odwiedza\u0142 ojca Leonard Gwiazda. Peerelowska bieda, mieszkali\u015bmy na strychu, potem w blokach, a tu nagle przyje\u017cd\u017ca wujek ze Szwecji. Oni grali razem w jakim\u015b zespole! Tata opowiada\u0142 mi, \u017ce gra\u0142 i \u015bpiewa\u0142 w \u015aliwkach, wymy\u015bli\u0142 nazw\u0119 i \u017ce potem wszyscy jego kumple wyjechali w okolicach 68 roku. &#8220;A co by\u0142o w &#8217;68 roku? &#8220;; &#8220;\u017byd\u00f3w z Polski wyrzucali&#8221;. Od dziecka takie tajemnicze historie. Ros\u0142a w mojej g\u0142owie legenda \u015aliwek, ale nigdy w \u017cyciu nie s\u0142ysza\u0142em \u017cadnego utworu. To nagranie by\u0142o dla mnie piorunuj\u0105ce. Bardzo to prze\u017cy\u0142em, bo mia\u0142em wra\u017cenie, \u017ce s\u0142ysz\u0119 g\u0142os ojca z za\u015bwiat\u00f3w. Tata zmar\u0142 w 1999 roku. Potem si\u0119 dowiedzia\u0142em, \u017ce ju\u017c nie gra\u0142 w tym sk\u0142adzie \u015aliwek, troch\u0119 to napi\u0119cie zesz\u0142o i zaj\u0105\u0142em si\u0119 pasjonuj\u0105c\u0105 zabaw\u0105 w kronikarza i administratora.<\/strong><\/p><\/blockquote>\n<div id=\"content\" class=\"content-alignment\">\n<div id=\"watch-description\" class=\"yt-uix-button-panel\">\n<div id=\"watch-description-text\" style=\"text-align: center;\"><iframe loading=\"lazy\" class=\"video-processed\" src=\"https:\/\/www.youtube.com\/embed\/AQwkkGnRVKw\" width=\"680\" height=\"400\" frameborder=\"0\" data-mce-fragment=\"1\"><\/iframe><\/div>\n<\/div>\n<\/div>\n<p>.<\/p>\n<p style=\"text-align: left;\"><span style=\"color: #000080;\">Za\u0142o\u017cy\u0142 fanpage i zacz\u0119\u0142o si\u0119 i\u015bcie detektywistyczne odtwarzanie historii zespo\u0142u. Po jakim\u015b czasie napisa\u0142 do niego perkusista Filip Sztulman i Ryszard Rozenberg, g\u0142\u00f3wny kompozytor grupy. Od swojej mamy dowiedzia\u0142 si\u0119, \u017ce w \u0141odzi, kilka blok\u00f3w dalej, mieszka Jerzy Tworkiewicz, gitarzysta \u015aliwek. To ju\u017c spora cz\u0119\u015b\u0107 ekipy, a odzywaj\u0105 si\u0119 kolejni, aktywizuj\u0105 si\u0119 przyjaciele grupy. Wok\u00f3\u0142 facebookowej strony wytworzy\u0142a si\u0119, a w\u0142a\u015bciwie spotka\u0142a na nowo, ca\u0142a spo\u0142eczno\u015b\u0107:<\/span><\/p>\n<blockquote><p><strong>Pojawi\u0142y si\u0119 komentarze z ca\u0142ego \u015bwiata. My\u015bl\u0119, \u017ce ci ludzie w prywatnych wiadomo\u015bciach zacz\u0119li si\u0119 przypomina\u0107 sobie po latach, kontaktowa\u0107, a \u015aliwki by\u0142y do tego pretekstem. Dla mnie to by\u0142o poruszaj\u0105ce prze\u017cycie, cicha satysfakcja i duma. By\u0142em zaskoczony, \u017ce a\u017c taki odd\u017awi\u0119k wywo\u0142a\u0142a ta strona i \u017ce tak silne s\u0105 wspomnienia zwi\u0105zane z t\u0105 grup\u0105.<\/strong><\/p><\/blockquote>\n<p style=\"text-align: left;\"><span style=\"color: #000080;\">Okaza\u0142o si\u0119, \u017ce Rozenberg w Szwecji i Tworkiewicz w \u0141odzi mieli w sumie kilkana\u015bcie utwor\u00f3w z sesji dla Polskiego Radia \u0141\u00f3d\u017a, kt\u00f3re skrz\u0119tnie przez lata przegrywali z ta\u015bm szpulowych na kasety, potem kasety digitalizowali. O \u017cadnych nagraniach KMS-u dotychczas nie by\u0142o wiadomo, ale niedawno natrafi\u0142em w &#8220;Naszym G\u0142osie&#8221; na list podpisany przez Leonarda Gwiazd\u0119 i\u00a0<a style=\"color: #000080;\" href=\"http:\/\/culture.pl\/pl\/tworca\/wojciech-wiszniewski\">Wojciecha Wiszniewskiego<\/a>\u00a0(p\u00f3\u017aniej wybitnego re\u017cysera film\u00f3w dokumentalnych), w kt\u00f3rym panowie chwal\u0105 si\u0119 czytelnikom, \u017ce nagrali na potrzeby rozg\u0142o\u015bni dwie piosenki w jidysz: &#8220;\u0141omir ale zingen&#8221; i &#8220;Arum dem fajer&#8221;. Przekazuj\u0119 ten trop Marcinowi, ale to, \u017ce utwory by\u0142y transmitowane w radiu, nie musi oznacza\u0107, \u017ce nagrania istniej\u0105 do dzi\u015b. Gdy w rozg\u0142o\u015bniach brakowa\u0142o ta\u015bm, szpule s\u0142u\u017cy\u0142y do wielokrotnego u\u017cytku.<\/span><\/p>\n<div id=\"content\" class=\"content-alignment\">\n<div id=\"watch-description\" class=\"yt-uix-button-panel\">\n<div id=\"watch-description-text\" style=\"text-align: center;\"><iframe loading=\"lazy\" src=\"https:\/\/w.soundcloud.com\/player\/?url=https%3A\/\/api.soundcloud.com\/tracks\/50695620&amp;color=%23ff5500&amp;auto_play=false&amp;hide_related=false&amp;show_comments=true&amp;show_user=true&amp;show_reposts=false&amp;show_teaser=true&amp;visual=true\" width=\"680\" height=\"400\" frameborder=\"no\" scrolling=\"no\" data-mce-fragment=\"1\"><\/iframe><\/p>\n<\/div>\n<\/div>\n<\/div>\n<p>.<\/p>\n<p style=\"text-align: left;\"><span style=\"color: #000080;\">Docieka\u0144 by\u0142o wi\u0119cej. Np. sk\u0105d si\u0119 wzi\u0119\u0142a nazwa \u015aliwki. Wiadomo, \u017ce wymy\u015bli\u0142 j\u0105 Ryszard Pryt, jak jednak pisa\u0142 w swoich wspomnieniach Jerzy Tworkiewicz: &#8220;by\u0142a \u017cartem o nieodgadnionej proweniencji \u2013 sam tw\u00f3rca nie bardzo kwapi\u0142 si\u0119 z wyja\u015bnieniami. Chyba chodzi\u0142o o to \u017ce\u015bmy zieloni, \u015bwie\u017cy, niedojrzali&#8221;. Marcin Pryt stworzy\u0142 swoj\u0105 hipotez\u0119:<\/span><\/p>\n<blockquote><p><strong>Przeczyta\u0142em we wspomnieniach <a href=\"http:\/\/culture.pl\/pl\/tworca\/janusz-glowacki\">G\u0142owackiego<\/a>\u00a0i w artykule ze starego &#8220;Przekroju&#8221;, \u017ce by\u0142 wtedy popularny szewc w Warszawie, kt\u00f3ry robi\u0142 tzw. bananowej m\u0142odzie\u017cy buty rockandrollowe \u2013 ze spiczastymi czubami, w stylu tych, kt\u00f3re nosili Beatlesi czy Rolling Stonesi. I ten szewc nazywa\u0142 si\u0119 \u015aliwa. M\u00f3j tata by\u0142 zawsze autoironiczny i dlatego my\u015bl\u0119, \u017ce ta nazwa nie wzi\u0119\u0142a si\u0119 od owoc\u00f3w, tylko od tych modnych but\u00f3w od \u015aliwki. Tak czuj\u0119, cho\u0107 nie mam na to \u017cadnych dowod\u00f3w, poza swoj\u0105 intuicj\u0105.<\/strong><\/p><\/blockquote>\n<p style=\"text-align: left;\"><span style=\"color: #000080;\">\u015aliwki mocno wyr\u00f3\u017cnia\u0142y si\u0119 w warstwie lirycznej na tle wi\u0119kszo\u015bci krajowej sceny mocnego uderzenia \u2013 to nie by\u0142y piosenki w stylu &#8220;Rudego rydza&#8221; czy &#8220;Bo ty si\u0119 boisz myszy&#8221;. W autorskich tekstach Boles\u0142awa Zedermana pojawiaj\u0105 si\u0119, owszem, w\u0105tki m\u0142odzie\u0144czych mi\u0142o\u015bci (&#8220;Wiosna zakochanego bigbitowca&#8221;), ale te\u017c wojenne echa (&#8220;Zgin\u0119\u0142o miasto&#8221;) czy futurologiczny pesymizm, jak w &#8220;Naszym XX wieku&#8221; (&#8220;Czy era bomb, czy era gwiazd?&#8221;) i &#8220;Roku 2000&#8221;:<\/span><\/p>\n<blockquote><p><strong>Rok dwutysi\u0119czny, mrzonka, sen lub rzeczywisto\u015b\u0107?<\/strong><\/p>\n<p style=\"text-align: left;\"><strong>Czy takim go zastanie \u015bwiat?<\/strong><br \/>\n<strong>Rok pierwszy ery zdalnie kierowanych maszyn<\/strong><br \/>\n<strong>lub ery maczug jeszcze raz?<\/strong><\/p>\n<p style=\"text-align: left;\"><strong>W ogromnych, ludnych miastach w\u015br\u00f3d szarych, d\u0142ugich ulic<\/strong><br \/>\n<strong>Nieznanych twarzy ostry, twardy mur.<\/strong><br \/>\n<strong>Cz\u0142owieku naszych czas\u00f3w, ku jakim dniom pod\u0105\u017casz<\/strong><br \/>\n<strong>wtopiony w gro\u017any bezimienny t\u0142um?<\/strong><\/p>\n<\/blockquote>\n<div id=\"content\" class=\"content-alignment\">\n<div id=\"watch-description\" class=\"yt-uix-button-panel\">\n<div id=\"watch-description-text\" style=\"text-align: center;\">\n<p><iframe loading=\"lazy\" src=\"https:\/\/w.soundcloud.com\/player\/?url=https%3A\/\/api.soundcloud.com\/tracks\/181568786&amp;color=%23ff5500&amp;auto_play=false&amp;hide_related=false&amp;show_comments=true&amp;show_user=true&amp;show_reposts=false&amp;show_teaser=true&amp;visual=true\" width=\"680\" height=\"400\" frameborder=\"no\" scrolling=\"no\" data-mce-fragment=\"1\"><\/iframe><\/p>\n<\/div>\n<\/div>\n<\/div>\n<p>.<br \/>\nCzasem pojawia\u0142a si\u0119 subtelna kontestacja, jak w ironicznym &#8220;Modelu ma\u0142ej stabilizacji&#8221;:<\/p>\n<blockquote>\n<p style=\"text-align: left;\"><strong>Jeste\u015b ju\u017c w tym wieku gdy traci si\u0119 z\u0142udzenia<\/strong><br \/>\n<strong>Gdy m\u0142odzie\u0144cze plany wzi\u0119\u0142y w \u0142eb<\/strong><br \/>\n<strong>Ju\u017c znudzona \u015bwiatem, nieprzystosowana<\/strong><br \/>\n<strong>sfrustrowane serce chcesz da\u0107 mnie.<\/strong><\/p>\n<p style=\"text-align: left;\"><strong>Tata, pan profesor bardzo \u015bcis\u0142ych nauk<\/strong><br \/>\n<strong>Mamy za\u015b r\u0119kojmi\u0105 jest pan m\u0105\u017c<\/strong><br \/>\n<strong>Po\u015br\u00f3d pseudoikon i d\u0119bowych krzese\u0142<\/strong><br \/>\n<strong>Mia\u0142bym wej\u015b\u0107 w stabilizacji g\u0105szcz?<\/strong><\/p>\n<p style=\"text-align: left;\"><strong>Oczywi\u015bcie by\u0142bym szcz\u0119\u015bliwy!<\/strong><br \/>\n<strong>Oczywi\u015bcie by\u0142bym szcz\u0119\u015bliwy!<\/strong><\/p>\n<p style=\"text-align: left;\"><strong>Po roku bli\u017aniaki, po trzech wi\u0119c mieszkanie,<\/strong><br \/>\n<strong>Dalej telewizor, pralka, st\u00f3\u0142<\/strong><br \/>\n<strong>Wa\u017cne wizyty, niedzielne popo\u0142udnia<\/strong><br \/>\n<strong>Jeszcze jedna z mych \u017cyciowych r\u00f3l.<\/strong><\/p>\n<p style=\"text-align: left;\"><strong>O czym m\u00f3wi Nowak, czego chce Kowalski<\/strong><br \/>\n<strong>Szare problemy i szare dni.<\/strong><br \/>\n<strong>Gdzie\u015b tak pod czterdziestk\u0119 zacz\u0105\u0142bym ju\u017c \u0142ysie\u0107,<\/strong><br \/>\n<strong>Oraz miewa\u0107 erotyczne sny.<\/strong><\/p>\n<\/blockquote>\n<p style=\"text-align: left;\"><span style=\"color: #000080;\">Na beatow\u0105 mod\u0142\u0119 przerabiali te\u017c klasyk\u0119 poezji, zreszt\u0105 czego tam nie by\u0142o! A\u015bwagosza \u2013 buddyjski poeta z I wieku n.e.,\u00a0<a style=\"color: #000080;\" href=\"http:\/\/culture.pl\/pl\/tworca\/stefan-zeromski\">\u017beromski<\/a>\u00a0(&#8220;Ogary posz\u0142y w las&#8221; na motywach z &#8220;Popio\u0142\u00f3w&#8221;), Balmont w t\u0142umaczeniu\u00a0<a style=\"color: #000080;\" href=\"http:\/\/culture.pl\/pl\/tworca\/julian-tuwim\">Tuwima<\/a>\u00a0i starofrancuska parodia eposu rycerskiego, &#8220;Rzecz o Alkazynie i Nikolecie&#8221;.<\/span><\/p>\n<div id=\"content\" class=\"content-alignment\">\n<div id=\"watch-description\" class=\"yt-uix-button-panel\">\n<div id=\"watch-description-text\" style=\"text-align: center;\">\n<p><iframe loading=\"lazy\" src=\"https:\/\/w.soundcloud.com\/player\/?url=https%3A\/\/api.soundcloud.com\/tracks\/124959346&amp;color=%23ff5500&amp;auto_play=false&amp;hide_related=false&amp;show_comments=true&amp;show_user=true&amp;show_reposts=false&amp;show_teaser=true&amp;visual=true\" width=\"680\" height=\"400\" frameborder=\"no\" scrolling=\"no\" data-mce-fragment=\"1\"><\/iframe><\/p>\n<\/div>\n<\/div>\n<\/div>\n<p>.<\/p>\n<p style=\"text-align: left;\"><span style=\"color: #000080;\">Byli wa\u017cnym graczem na, wcale niema\u0142ej, \u0142\u00f3dzkiej scenie. Wyst\u0119powali i w Teatrze Nowym i w akademikach na Lumumbowie, w legendarnych w \u0141odzi &#8220;Si\u00f3demkach&#8221; i warszawskim &#8220;Bablu&#8221;.<\/span><\/p>\n<p style=\"text-align: left;\"><span style=\"color: #000080;\">17 marca 1968 roku \u015aliwki graj\u0105 w Kaliszu na &#8220;Konfrontacjach beatowych&#8221;. Dwa dni p\u00f3\u017aniej W\u0142adys\u0142aw Gomu\u0142ka na wiecu w Sali Kongresowej perorowa\u0142 o syjonistach i o wydawaniu emigracyjnych paszport\u00f3w &#8220;tym, kt\u00f3rzy uwa\u017caj\u0105 Izrael za swoj\u0105 ojczyzn\u0119&#8221;. Zagraj\u0105 potem jeszcze kilka koncert\u00f3w, m.in. na Musicoramie w warszawskiej Operetce, ale historia \u015aliwek wkr\u00f3tce dobiegnie ko\u0144ca. Jerzy Tworkiewicz w swoich wspomnieniach pisa\u0142 w rozdziale o wymownym tytule &#8220;\u015aliwki i moczarowy potw\u00f3r&#8221;:<\/span><\/p>\n<p style=\"text-align: left;\"><strong>Byli\u015bmy ch\u0142opcami z TSK\u017b-u \u2013 implikacje tego faktu, tak jasne i oczywiste dzisiaj, wtedy nie by\u0142y dla mnie tak wa\u017cne. Nie przychodzi\u0142o mi do g\u0142owy, by zastanawia\u0107 si\u0119 kto Polak, a kto \u017byd \u2013 ci m\u0142odzi ludzie z Klubu i ze \u015aliwek byli przede wszystkim kolegami, ba, przyjaci\u00f3\u0142mi.<\/strong><\/p>\n<h4 style=\"text-align: center;\"><strong>&#8220;Gniewne ksi\u0105\u017c\u0105tka&#8221;\u00a0z Niebuszewa<\/strong><\/h4>\n<p style=\"text-align: center;\"><img decoding=\"async\" class=\"aligncenter\" src=\"https:\/\/api.culture.pl\/sites\/default\/files\/images\/imported\/muzyka\/linkbajty%20i%20inne%20takie\/zydowski_Big_Bit_\/nastepcy_tronow.jpg\" alt=\"Zesp\u00f3\u0142 &quot;Nast\u0119pcy Tron\u00f3w&quot;, fotografia z ksi\u0105\u017cki &quot;Na rozdro\u017cu. M\u0142odzie\u017c \u017cydowska w PRL 1956\u20131968&quot;, wydawca: \u017bydowski Instytut Historyczny, 2014 fot. z archiwum prywatne R\u00f3\u017cy Klajman\" width=\"100%\" data-src=\"https:\/\/api.culture.pl\/sites\/default\/files\/images\/imported\/muzyka\/linkbajty i inne takie\/zydowski_Big_Bit_\/nastepcy_tronow.jpg\" data-vue-img-src=\"https:\/\/api.culture.pl\/sites\/default\/files\/images\/imported\/muzyka\/linkbajty i inne takie\/zydowski_Big_Bit_\/nastepcy_tronow.jpg\" data-vue-img-group=\"paragraphs\" \/><span style=\"color: #808080;\"><em>Zesp\u00f3\u0142 &#8220;Nast\u0119pcy Tron\u00f3w&#8221;, fotografia z ksi\u0105\u017cki &#8220;Na rozdro\u017cu. M\u0142odzie\u017c \u017cydowska w PRL 1956\u20131968&#8221;, wydawca: \u017bydowski Instytut Historyczny, 2014 fot. z archiwum prywatne R\u00f3\u017cy Klajman<\/em><\/span><\/p>\n<p style=\"text-align: left;\"><span style=\"color: #000080;\">Fani przezywali ich (&#8220;\u017cartobliwie i z sympati\u0105&#8221;, jak m\u00f3wi\u0142 lider grupy Mieczys\u0142aw Klajman) The \u017bydous albo po prostu \u017bydo\u0142si. To od The Shadows, kt\u00f3rymi inspirowali si\u0119. Naprawd\u0119 nazywali si\u0119 Nast\u0119pcy Tron\u00f3w. To z kolei od popularnego wtedy w\u0142oskiego filmu z Claudi\u0105 Cardinale (i, co te\u017c wa\u017cne, z rock\u2019n\u2019rollow\u0105 \u015bcie\u017ck\u0105 d\u017awi\u0119kow\u0105) opowiadaj\u0105cego o m\u0142odzie\u017cy, kt\u00f3r\u0105 na krajowym gruncie propaganda nazwa\u0142aby bananow\u0105. Melodia z filmu sta\u0142a si\u0119 ich koncertowym sygna\u0142em.<\/span><\/p>\n<p style=\"text-align: left;\"><span style=\"color: #000080;\">Nast\u0119pc\u00f3w Tron\u00f3w przekr\u0119cano te\u017c czasem na &#8220;Wybra\u0144c\u00f3w bog\u00f3w&#8221;. Mieczys\u0142aw Klajman opowiada\u0142 Joannie Wiszniewicz:<\/span><\/p>\n<blockquote><p><strong>Mieli\u015bmy dobre czasy. Kilkaset os\u00f3b z ca\u0142ego Szczecina do TSK\u017b-u przyje\u017cd\u017ca\u0142o, kiedy gra\u0142 nasz zesp\u00f3\u0142. I to by\u0142o przyjemne, \u017ce w \u017cydowskim klubie nie by\u0142o: &#8220;tylko \u017bydzi&#8221;. [\u2026] Na nasze prywatki du\u017co Polak\u00f3w te\u017c przychodzi\u0142o, a od sze\u015b\u0107dziesi\u0105tego drugiego roku, jak zacz\u0119li\u015bmy koncerty dawa\u0107 w Warszawie, \u0141odzi, Wroc\u0142awiu i Koszalinie, to ludzie nas nie puszczali ca\u0142\u0105 noc ze sceny!<\/strong><\/p><\/blockquote>\n<p style=\"text-align: left;\">Jak przysta\u0142o na koncert popularnego zespo\u0142u mocnego uderzenia, nie tylko fruwa\u0142y marynary, ale te\u017c p\u0119ka\u0142y szyby w oknach. Kierownictwo ich macierzystego klubu nie podziela\u0142o entuzjazmu m\u0142odzie\u0144c\u00f3w:<\/p>\n<blockquote><p><strong>Owszem \u2013 zesp\u00f3\u0142 ten gra nie najgorzej, ale wy\u0142\u0105cznie\u2026 big-beat i jeszcze jakie\u015b takie straszliwe wywrzaskiwanki. \u015aci\u0105ga to oczywi\u015bcie na ulic\u0119 S\u0142owackiego ludzi z ca\u0142ego Niebuszewa. Kilka dni temu w czasie pr\u00f3by [\u2026] dosz\u0142o do tego, \u017ce w naszym klubie wybito szyby. [\u2026] Nic dziwnego, \u017ce kierownik naszego klubu TSK\u017b nie chce wydawa\u0107 &#8220;gniewnym&#8221; ksi\u0105\u017c\u0105tkom instrument\u00f3w muzycznych. [\u2026] &#8220;Zaledwie w kilka tygodni po remoncie generalnym \u2013 m\u00f3wi on \u2013 \u015bciany pomieszcze\u0144 klubu m\u0142odzie\u017cowego by\u0142y poobijane i podziurawione.<\/strong><\/p><\/blockquote>\n<p style=\"text-align: left;\"><span style=\"color: #000080;\">Konflikty by\u0142y wcze\u015bniej, pisali list do &#8220;Naszego G\u0142osu&#8221;, zatytu\u0142owany &#8220;Chcemy gra\u0107, chcemy istnie\u0107&#8221;:<\/span><\/p>\n<blockquote><p><strong>Tutejszy Zarz\u0105d TSK\u017b traktuje nas jako z\u0142o konieczne. [\u2026] Wychodzi z za\u0142o\u017cenia, \u017ce nasz zesp\u00f3\u0142 nie ma szans d\u0142u\u017cszego przetrwania i na nasze miejsce pragnie zorganizowa\u0107 wieloosobowy zesp\u00f3\u0142 mandolinist\u00f3w.<\/strong><\/p><\/blockquote>\n<p style=\"text-align: left;\"><span style=\"color: #000080;\">Dzia\u0142aczy, i to nie by\u0142 tylko szczeci\u0144ski problem, szczeg\u00f3lnie irytowa\u0142o, \u017ce \u017cydowska m\u0142odzie\u017c nie \u015bpiewa po \u017cydowsku. Id\u0105 na kompromis z kierownictwem klubu i na koncertach w TSK\u017b pojawiaj\u0105 si\u0119 te\u017c klasyczne piosenki w jidysz, np. &#8220;Kindern Jorn&#8221;\u00a0<a style=\"color: #000080;\" href=\"http:\/\/culture.pl\/pl\/tworca\/mordechaj-gebirtig\">Mordechaja Gebirtiga<\/a>. Na letnich koloniach TSK\u017b powstaje skomponowan\u0105 przez gitarzyst\u0119 grupy Mieczys\u0142awa Lisaka piosenka &#8220;Ich wi\u0142 dir zingen aza lid\u0142&#8221;.<\/span><\/p>\n<p style=\"text-align: left;\"><span style=\"color: #000080;\">Na pocz\u0105tku, jak zreszt\u0105 wi\u0119kszo\u015b\u0107 kapel tamtych dni, grali covery. Zachodnie p\u0142yty do Szczecina docieraj\u0105 szybko \u2013 wykonuj\u0105 numery The Beatles i The Kinks nied\u0142ugo po ich brytyjskich premierach. Z czasem dorabiaj\u0105 si\u0119 w\u0142asnego repertuaru. Autorkami tekst\u00f3w by\u0142y zaprzyja\u017anione studentki pozna\u0144skiej polonistyki, Krystyna Biercewicz i Luba Zylber, a tak\u017ce R\u00f3\u017ca Pojman, przysz\u0142a \u017cona Klajmana.<\/span><\/p>\n<div id=\"content\" class=\"content-alignment\">\n<div id=\"watch-description\" class=\"yt-uix-button-panel\">\n<div id=\"watch-description-text\" style=\"text-align: center;\"><iframe loading=\"lazy\" class=\"video-processed\" src=\"https:\/\/www.youtube.com\/embed\/5qOITIICrsQ\" width=\"680\" height=\"400\" frameborder=\"0\" data-mce-fragment=\"1\"><\/iframe><\/div>\n<\/div>\n<\/div>\n<p>.<\/p>\n<p style=\"text-align: left;\"><span style=\"color: #000080;\">S\u0105 na topie. &#8220;Sztandar M\u0142odych&#8221; chwali &#8220;rytmiczn\u0105 i efektown\u0105&#8221;, a &#8220;zarazem kulturaln\u0105&#8221; gr\u0119 zespo\u0142u. Dwudziestotysi\u0119czna (!) publiczno\u015b\u0107 ogl\u0105da\u0142a ich w ramach imprezy &#8220;Na nas czeka zlotowa Warszawa&#8221; w szczeci\u0144skim parku Kasprowicza. Bior\u0105 udzia\u0142 w \u201eRejsie przyja\u017ani\u201d, gdzie m\u0142odzie\u017c NRD i PRL integruje si\u0119 na statku p\u0142yn\u0105cym ze Szczecina do Wroc\u0142awia. Udaje im si\u0119 zrealizowa\u0107 profesjonaln\u0105 sesj\u0119 w Polskim Radiu Szczecin, gdzie nagrywaj\u0105 transmitowane p\u00f3\u017aniej w eterze utwory: &#8220;Papieros&#8221;, &#8220;Dla ciebie zawsze jest maj&#8221;, &#8220;Kud\u0142acze&#8221;, &#8220;\u017bo\u0142nierze id\u0105 na front&#8221; i &#8220;Wozy jad\u0105 na zach\u00f3d&#8221; (ciekawe, czy to by\u0142o o pionierach z prerii czy o powojennej kolonizacji Szczecina). Prawdopodobnie jedynym zachowanym dzi\u015b nagraniem jest &#8220;P\u0142acz wietnamskich dzieci&#8221;. Wpisuje si\u0119 on w kontrkulturow\u0105 tradycj\u0119 antywojennych protest song\u00f3w, cho\u0107 w lokalnym kontek\u015bcie by\u0142 zgodny z &#8220;antyimperialistyczn\u0105&#8221; lini\u0105 partii:<\/span><\/p>\n<blockquote><p><strong>Gdzie jest m\u00f3j ojciec i moja matka? \u2013<\/strong><\/p>\n<p style=\"text-align: left;\"><strong>Wietnamskie dzieci pytaj\u0105 \u015bwiat<\/strong><br \/>\n<strong>I te z Po\u0142udnia, i te z P\u00f3\u0142nocy<\/strong><br \/>\n<strong>Kt\u00f3rym rodzic\u00f3w zabra\u0142 z\u0142y czas<\/strong><\/p>\n<p style=\"text-align: left;\"><strong>Czy s\u0142yszysz p\u0142acz wietnamskich dzieci<\/strong><br \/>\n<strong>Czy wiesz, \u017ce wojna ci\u0105gle trwa?<\/strong><br \/>\n<strong>A je\u015bli tak, to powiedz &#8220;nie&#8221;<\/strong><br \/>\n<strong>Niech wojna szybciej sko\u0144czy si\u0119<\/strong><\/p>\n<\/blockquote>\n<p style=\"text-align: left;\"><span style=\"color: #000080;\">Na Festiwalu M\u0142odych Talent\u00f3w w Szczecinie zajmuj\u0105 pierwsze miejsce na szczeblu wojew\u00f3dzkim.<\/span><\/p>\n<blockquote><p><strong>Ale to ju\u017c niestety by\u0142 czerwiec sze\u015b\u0107dziesi\u0105tego si\u00f3dmego, wi\u0119c si\u0119 robi\u0142o inaczej i nam zacz\u0119li krzycze\u0107 &#8220;\u017bydzi do Palestyny!&#8221; (nie mogli przebole\u0107, \u017ce pierwsze miejsce ma zesp\u00f3\u0142 przy klubie \u017cydowskim).<\/strong><\/p><\/blockquote>\n<p style=\"text-align: left;\"><span style=\"color: #000080;\">Po wojnie sze\u015bciodniowej i zerwaniu przez PRL stosunk\u00f3w z Izraelem, takie nieprzyjemne historie zdarzaj\u0105 si\u0119 cz\u0119\u015bciej. Grupa chuligan\u00f3w grozi &#8220;etnicznym Polakom&#8221; zwi\u0105zanym z zespo\u0142em, \u017ce im r\u0119ce po\u0142ami\u0105 jak nie przestan\u0105 gra\u0107 z \u017bydami. Zespo\u0142em zaczynaj\u0105 te\u017c interesowa\u0107 si\u0119 s\u0142u\u017cby. M\u00f3wi\u0142 Mieczys\u0142aw Klajman w cytowanym wy\u017cej wywiadzie:<\/span><\/p>\n<blockquote><p><strong>Wychodz\u0119 rano po bu\u0142ki, a tu dw\u00f3ch pan\u00f3w w ciemnych okularach i kapeluszach idzie naprzeciw i m\u00f3wi, \u017ce prosz\u0119 zaraz jecha\u0107 z nami i spowiada\u0107 si\u0119 dlaczego pisz\u0119 listy na Zach\u00f3d. [\u2026] Bo ja w Klubie TSK\u017b-u by\u0142em jednym z nielicznych, co znali co\u015bkolwiek angielski, i my\u015bmy pisali do Ameryki do HIAS-u [Hebrew Immigrant Aid Society \u2013 P.Z.], \u017ceby nam sfinansowali gitary (Klub w \u0141odzi ju\u017c dosta\u0142 i my\u015bmy tak\u017ce chcieli dosta\u0107) \u2013 a ci na milicji do mnie, \u017ce te gitary to na pewno zap\u0142ata dla mnie za &#8220;dzia\u0142alno\u015b\u0107 antypolsk\u0105&#8221;.<\/strong><\/p><\/blockquote>\n<h4 style=\"text-align: center;\"><strong>&#8220;Syjonistyczna ekspozytura&#8221;<\/strong><\/h4>\n<p style=\"text-align: left;\"><span style=\"color: #000080;\">\u015aliwki i Nast\u0119pcy Tron\u00f3w zyskali najwi\u0119kszy rozg\u0142os, ale na nich lista zespo\u0142\u00f3w mocnego uderzenia z TSK\u017b si\u0119 nie ko\u0144czy. W \u017barach gra\u0142y gitarowe Czarne Koty. W \u015awidnicy zaistnia\u0142a grupa pod szumn\u0105 nazw\u0105 Estrada M\u0142odzie\u017cowa. W Gda\u0144sku Bokary, w Wa\u0142brzychu Alkany. We wroc\u0142awskim TSK\u017b poznali si\u0119 dwaj muzycy Nastolatk\u00f3w, swego czasu najpopularniejszej grupy bigbitowej nad Odr\u0105 \u2013 Natan Walden, kt\u00f3ry przed wyjazdem z Polski gra\u0142 jeszcze w Akwarelach Niemena i Adam Szladow. Ze wspomnianym wcze\u015bniej \u0142\u00f3dzkim klubem zwi\u0105zany by\u0142 Marian Lichtman, perkusista Trubadur\u00f3w.<\/span><\/p>\n<p style=\"text-align: left;\"><span style=\"color: #000080;\">Warszawa d\u0142ugo pozostawa\u0142a w tyle, ale sytuacja zacz\u0119\u0142a si\u0119 zmienia\u0107 gdzie\u015b oko\u0142o 1966 roku. W sprawozdaniu z dzia\u0142alno\u015bci Klubu Babel, dzia\u0142aj\u0105cego pod auspicjami TSK\u017b, chwalono si\u0119 dwoma zespo\u0142ami:<\/span><\/p>\n<blockquote><p><strong>Zesp\u00f3\u0142 big-beatowy. Dawniej Tu\u0142acze. Teraz osiedli na dobre [\u2026]. Trzon zespo\u0142u: Sasza Glikson, Ludwik Kahane i J\u00f3zek Wein pozosta\u0142 bez zmian. Jedynie gitar\u0119 rytmiczn\u0105 zast\u0105pi\u0142y organy elektryczne. Gra Marek Malesa. [\u2026] Graj\u0105 mo\u017ce nie najg\u0142o\u015bniej w Polsce, ale nie\u017ale. By\u0142oby lepiej, gdyby dysponowali lepszym sprz\u0119tem. Ale c\u00f3\u017c \u2013 perkusja w rozsypce, kable montowane ze z\u0142omu, stale co\u015b wysiada, najcz\u0119\u015bciej zreszt\u0105 nerwy graj\u0105cych.<\/strong><\/p>\n<p style=\"text-align: left;\"><strong>Drugi zesp\u00f3\u0142 Babel-Combo, gra u nas niemal\u017ce w ka\u017cd\u0105 sobot\u0119 i w p\u00f3\u017ane \u015brodowe wieczory. [\u2026] Ostatnio zajmuj\u0105 si\u0119 wsp\u00f3\u0142czesn\u0105 aran\u017cacj\u0105 starych piosenek \u017cydowskich. Innowacja przyj\u0119ta zosta\u0142a entuzjastycznie zar\u00f3wno przez cz\u0142onk\u00f3w klubu, jak i przez naszych go\u015bci, warszawskich student\u00f3w, ostatnio coraz cz\u0119\u015bciej odwiedzaj\u0105cych nasz klub. Jak wskazuj\u0105 zaczerpni\u0119te z szatni dane, co sobota ponad sto dwadzie\u015bcia os\u00f3b go\u015bci w naszych, nieco ju\u017c przyciasnych progach. Stajemy si\u0119 popularni w stolicy!<\/strong><\/p>\n<\/blockquote>\n<p style=\"text-align: left;\"><span style=\"color: #000080;\">Babel sta\u0142 si\u0119 wkr\u00f3tce jednym z najmodniejszych miejsc w mie\u015bcie. Jedna z rozm\u00f3wczy\u0144 Joanny Wiszniewicz w ksi\u0105\u017cce &#8220;\u017bycie przeci\u0119te&#8221; m\u00f3wi\u0142a: &#8220;Wali\u0142a tam na pota\u0144c\u00f3wki m\u0142odzie\u017c z ca\u0142ej Warszawy. W\u00f3wczas niekt\u00f3re dziewczyny z mojej klasy zacz\u0119\u0142y si\u0119 martwi\u0107, \u017ce nie s\u0105 \u017byd\u00f3wkami&#8221;. Wreszcie, Babel odegra\u0142 kluczow\u0105 rol\u0119 w antysemickiej kampanii. W prasie pojawi\u0142 si\u0119 wtedy szereg artyku\u0142\u00f3w &#8220;demaskuj\u0105cych&#8221; klub jako &#8220;syjonistyczn\u0105 ekspozytur\u0119&#8221;.<\/span><\/p>\n<p style=\"text-align: left;\"><span style=\"color: #000080;\">Epilog do tej historii mo\u017cna zobaczy\u0107 w filmie &#8220;Skibet \/Hatikvah&#8221; Mariana Marzy\u0144skiego. Pierwsze s\u0142owo to po du\u0144sku &#8220;statek&#8221;, bo na zacumowanym w kopenhaskim porcie statku, dawnym domu uciech, du\u0144skie w\u0142adze zorganizowa\u0142y o\u015brodek dla azylant\u00f3w. Hatikvah za\u015b znaczy po hebrajsku &#8220;nadzieja&#8221;. Tak nazwa\u0142 si\u0119 powsta\u0142y tam zesp\u00f3\u0142, w kt\u00f3rym udzielali si\u0119 m.in. gwiazda \u0142\u00f3dzkiego KMS-u, solistka Bela Chackielewicz i lider warszawskiego Babel-Combo, Juliusz Pilpel. Wyjecha\u0142a te\u017c wi\u0119kszo\u015b\u0107 \u015aliwek: wokalista W\u0142odzimierz Szeps do Danii, bracia Henryk i Leonard Gwiazdowie i Ryszard Rozenberg do Szwecji, Filip Sztulman do Izraela; wyje\u017cd\u017cali Nast\u0119pcy Tron\u00f3w: Klajman i Sioma Zakalik wyemigrowali do Nowego Jorku; Lisak mieszka\u0142 w G\u00f6teborgu, a Gecht w Izraelu.<\/span><\/p>\n<p style=\"text-align: left;\"><span style=\"color: #000080;\">Obu zespo\u0142om uda\u0142o si\u0119 jednak jeszcze wsp\u00f3lnie zagra\u0107 po latach. Nast\u0119pcy mieli swoje jam session na zlocie marcowych emigrant\u00f3w w 2003 roku w Szczecinie, spora cz\u0119\u015b\u0107 \u015aliwek zebra\u0142a si\u0119 na minikoncert w Kopenhadze w 2015. Pojawi\u0142y si\u0119 te\u017c wsp\u00f3\u0142czesne covery. Franciszek Wicz, weteran \u0142\u00f3dzkiego i berli\u0144skiego undergroundu, znany z takich zespo\u0142\u00f3w jak 19 Wiosen, Na Kraw\u0119dzi Deportacji, Pustostator czy Niebiescy i Kutman, nagra\u0142 &#8220;XX wiek&#8221; \u015aliwek. Szczeci\u0144scy Pomorzanie reinterpretowali pacyfistyczny przeb\u00f3j swoich ziomk\u00f3w w uaktualnionej wersji, jako &#8220;P\u0142acz afga\u0144skich dzieci&#8221;.<\/span><\/p>\n<p style=\"text-align: left;\"><span style=\"color: #000080;\">Historia polskiego bigbitu sk\u0142ada si\u0119 z tabun\u00f3w efemerycznych zespo\u0142\u00f3w, po kt\u00f3rych zosta\u0142y dzi\u015b szcz\u0105tkowe \u015blady: pojedyncze nagrania, zdj\u0119cia, czy same wspomnienia zainteresowanych. Szans\u0119 wydania singla, ju\u017c nie m\u00f3wi\u0105c o p\u0142ycie d\u0142ugograj\u0105cej, mia\u0142 jeden zesp\u00f3\u0142 na dziesi\u0119\u0107, ba, mo\u017ce i jeden na sto. Kto dzi\u015b pami\u0119ta o \u0142\u00f3dzkich Puchaczach, warszawskich Poganiaczach Kot\u00f3w, czy gda\u0144skich P\u0142omiennych, by wspomnie\u0107 tylko kilka losowych zespo\u0142\u00f3w na liter\u0119 &#8220;p&#8221;? Niestety, w przypadku opisywanych wcze\u015bniej zespo\u0142\u00f3w, nie dowiemy si\u0119 ju\u017c, jak potoczy\u0142yby si\u0119 ich dalsze kariery, gdyby nie przerwa\u0142 ich Marzec.<\/span><\/p>\n<hr \/>\n<p>Autor: Patryk Zakrzewski &#8211; Antropolog kulturowy, czasem DJ. Poszukiwacz nies\u0142usznie zapomnianych zjawisk z dziej\u00f3w polskiej kultury.<\/p>\n<hr style=\"height: 15px; background: #d0e6fa; width: 100%;\" \/>\n<div id=\"content\" class=\"content-alignment\">\n<div id=\"watch-description\" class=\"yt-uix-button-panel\">\n<div id=\"watch-description-text\" style=\"text-align: center;\">\n<p><em>Zawarto\u015b\u0107 publikowanych artyku\u0142\u00f3w i materia\u0142\u00f3w nie reprezentuje pogl\u0105d\u00f3w ani opinii Reunion&#8217;68,<\/em><em><br \/>\nani te\u017c webmastera Blogu Reunion&#8217;68, chyba ze jest to wyra\u017anie zaznaczone.<br \/>\nTwoje uwagi, linki, w\u0142asne artyku\u0142y lub wiadomo\u015bci prze\u015blij na adres:<br \/>\n<\/em><span style=\"color: #000080;\"><strong><em><a style=\"color: #000080;\" href=\"mailto:webmaster@reunion68.com\"><span style=\"text-decoration: underline;\">webmaster@reunion68.com<\/span><\/a><\/em><\/strong><\/span><\/p>\n<\/div>\n<\/div>\n<\/div>\n<hr style=\"width: 100%;\" \/>\n","protected":false},"excerpt":{"rendered":"<p>Zesp\u00f3\u0142 &#8220;\u015aliwki&#8221;, fotografie dzi\u0119ki uprzejmo\u015bci Ryszarda Rozenberga z kolekcji Lidii Saje\u0144czuk, facebook.com\/Sliwki\/ Przedmarcowy beat: \u015aliwki, Nast\u0119pcy Tron\u00f3w i inni Patryk Zakrzewski Jak potoczy\u0142aby si\u0119 historia polskiego rock\u2019n\u2019rolla, gdyby nie wydarzenia 1968 roku? Przypominamy historie zespo\u0142\u00f3w bigbitowych graj\u0105cych przy klubach m\u0142odzie\u017cy \u017cydowskiej. . &#8220;Trzysta tysi\u0119cy gitar nam gra, \u017cy\u0107 nie umiera\u0107&#8221; \u2013 \u015bpiewa\u0142a Karin Stanek. W [&hellip;]<\/p>\n","protected":false},"author":1,"featured_media":0,"comment_status":"closed","ping_status":"closed","sticky":false,"template":"","format":"standard","meta":[],"categories":[6],"tags":[26,24],"_links":{"self":[{"href":"https:\/\/www.reunion68.se\/index.php?rest_route=\/wp\/v2\/posts\/102564"}],"collection":[{"href":"https:\/\/www.reunion68.se\/index.php?rest_route=\/wp\/v2\/posts"}],"about":[{"href":"https:\/\/www.reunion68.se\/index.php?rest_route=\/wp\/v2\/types\/post"}],"author":[{"embeddable":true,"href":"https:\/\/www.reunion68.se\/index.php?rest_route=\/wp\/v2\/users\/1"}],"replies":[{"embeddable":true,"href":"https:\/\/www.reunion68.se\/index.php?rest_route=%2Fwp%2Fv2%2Fcomments&post=102564"}],"version-history":[{"count":20,"href":"https:\/\/www.reunion68.se\/index.php?rest_route=\/wp\/v2\/posts\/102564\/revisions"}],"predecessor-version":[{"id":102571,"href":"https:\/\/www.reunion68.se\/index.php?rest_route=\/wp\/v2\/posts\/102564\/revisions\/102571"}],"wp:attachment":[{"href":"https:\/\/www.reunion68.se\/index.php?rest_route=%2Fwp%2Fv2%2Fmedia&parent=102564"}],"wp:term":[{"taxonomy":"category","embeddable":true,"href":"https:\/\/www.reunion68.se\/index.php?rest_route=%2Fwp%2Fv2%2Fcategories&post=102564"},{"taxonomy":"post_tag","embeddable":true,"href":"https:\/\/www.reunion68.se\/index.php?rest_route=%2Fwp%2Fv2%2Ftags&post=102564"}],"curies":[{"name":"wp","href":"https:\/\/api.w.org\/{rel}","templated":true}]}}