{"id":102600,"date":"2023-03-04T17:09:23","date_gmt":"2023-03-04T15:09:23","guid":{"rendered":"http:\/\/www.reunion68.se\/?p=102600"},"modified":"2023-03-04T14:41:22","modified_gmt":"2023-03-04T12:41:22","slug":"10-09-81","status":"publish","type":"post","link":"https:\/\/www.reunion68.se\/?p=102600","title":{"rendered":"Palesty\u0144ska wojna przeciwko Izraelowi nie jest reakcj\u0105 na rz\u0105dy Netanjahu."},"content":{"rendered":"<p style=\"text-align: center;\"><img decoding=\"async\" class=\"aligncenter\" src=\"https:\/\/images.jpost.com\/image\/upload\/f_auto,fl_lossy\/t_JD_ArticleMainImageFaceDetect\/528722\" width=\"100%\" \/><span style=\"color: #808080;\"><em>Premier Benjamin Netanjahu odwiedza miejsce styczniowego ataku na synagog\u0119 w jerozolimskiej dzielnicy Neveh Ya\u2019acov, w kt\u00f3rym zgin\u0119\u0142o siedem os\u00f3b. Arabski terroryzm nie jest odpowiedzi\u0105 na Netanjahu lub osadnik\u00f3w, m\u00f3wi pisarz. \/\u00a0(\u017ar\u00f3d\u0142o zdj\u0119cia: OLIVIER FITOUSSI\/FLASH90)<\/em><\/span><\/p>\n<hr \/>\n<h5 style=\"text-align: center;\"><a href=\"https:\/\/www.jpost.com\/\" target=\"_blank\" rel=\"noopener noreferrer\"><img decoding=\"async\" class=\"center alignleft\" src=\"http:\/\/www.reunion68.com\/Biuletyn\/img\/jpost.png\" alt=\"\" width=\"35%\" \/><\/a><span style=\"text-decoration: underline; color: #000080;\"><strong><a style=\"color: #000080; text-decoration: underline;\" href=\"https:\/\/www.jpost.com\/opinion\/article-733266\" target=\"_blank\" rel=\"noopener noreferrer\">Palesty\u0144ska wojna przeciwko Izraelowi nie jest reakcj\u0105 na rz\u0105dy Netanjahu.<\/a><\/strong><\/span><\/h5>\n<p style=\"text-align: center;\"><span style=\"color: #000000;\"><strong>STEPHEN M. FLATOW<br \/>\n<\/strong><span style=\"color: #808080;\"><em>t\u0142umaczenie:<\/em> <\/span><strong>google<\/strong><\/span><\/p>\n<hr style=\"height: 15px; background: #d0e6fa; width: 100%;\" \/>\n<h3 style=\"text-align: center;\"><strong>Terror antyizraelski nie narodzi\u0142 si\u0119 wczoraj, zacz\u0105\u0142 si\u0119 od czterodniowego pogromu w Jerozolimie i okolicach w kwietniu 1920 roku.<br \/>\n<span style=\"color: #000080;\"><a style=\"color: #000080;\" href=\"https:\/\/en.wikipedia.org\/wiki\/1920_Nebi_Musa_riots\" target=\"_blank\" rel=\"noopener noreferrer\">wiecej &#8211; Jerusalem Kwiecien 1920<\/a><\/span><\/strong><\/h3>\n<p><img decoding=\"async\" src=\"https:\/\/upload.wikimedia.org\/wikipedia\/commons\/a\/a1\/Nebi_Musa_riots%2C_The_Times%2C_Thursday%2C_Apr_08%2C_1920.png\" width=\"100%\" \/><br \/>\n.<\/p>\n<p style=\"text-align: left;\"><span style=\"color: #000080;\">Niekt\u00f3rzy dziennikarze i eksperci, kt\u00f3rzy pisz\u0105 o Izraelu, wydaj\u0105 si\u0119 cierpie\u0107 na co\u015b, co nazywam Syndromem Urodzonego Wczoraj, w kt\u00f3rym udaj\u0105, \u017ce terroryzm palesty\u0144skich Arab\u00f3w jest odpowiedzi\u0105 na jak\u0105\u015b niedawn\u0105 polityk\u0119 Izraela. Najcz\u0119stszym przyk\u0142adem jest twierdzenie, \u017ce terroryzm arabski jest odpowiedzi\u0105 na obecno\u015b\u0107 Izraela na terytoriach, kt\u00f3re wygra\u0142 w wojnie sze\u015bciodniowej w 1967 r. \u2013 tak jakby przed 1967 r. nie by\u0142o \u017cadnej wojny arabskiej przeciwko Izraelowi.<\/span><\/p>\n<p style=\"text-align: left;\"><span style=\"color: #000080;\">Teraz widzimy oznaki syndromu urodzonego wczoraj w zarzutach, \u017ce ostatnie ataki terrorystyczne Arab\u00f3w palesty\u0144skich s\u0105 win\u0105 niedawno wybranego rz\u0105du izraelskiego.<\/span><\/p>\n<p style=\"text-align: left;\"><span style=\"color: #000080;\">Rekonstrukcjonistyczne Stowarzyszenie Rabin\u00f3w o\u015bwiadczy\u0142o w tym tygodniu, \u017ce ostatnie \u201ewybuchy przemocy\u201d arabskich terroryst\u00f3w \u201es\u0105 w du\u017cej mierze wynikiem [polityki] izraelskiego rz\u0105du i retoryki niekt\u00f3rych cz\u0142onk\u00f3w rz\u0105dz\u0105cej koalicji, kt\u00f3re mo\u017cna postrzega\u0107 jedynie jako zach\u0119t\u0119. \u201d<\/span><\/p>\n<p style=\"text-align: left;\"><span style=\"color: #000080;\">J Street m\u00f3wi r\u00f3wnie\u017c, \u017ce \u201eostatnie powa\u017cne ruchy skrajnie prawicowego izraelskiego rz\u0105du w kierunku aneksji i pog\u0142\u0119bienia okupacji\u201d s\u0105 winne \u201enieustannego podsycania cyklu pog\u0142\u0119biaj\u0105cych si\u0119 konflikt\u00f3w i niesprawiedliwo\u015bci\u201d. (W rzeczywisto\u015bci rz\u0105d niczego nie \u201ezaanektowa\u0142\u201d ani nie zmieni\u0142 \u201eokupacji\u201d terytorium, kt\u00f3re w porozumieniu z Oslo odda\u0142o pod kontrol\u0119 Izraela \u2013 ale niewa\u017cne te niewygodne fakty.)<\/span><\/p>\n<p style=\"text-align: left;\"><span style=\"color: #000080;\">W tym samym duchu niedawny komunikat agencji informacyjnej Reuters g\u0142osi\u0142, \u017ce \u201eNapi\u0119cia wzros\u0142y jeszcze bardziej, odk\u0105d premier Benjamin Netanjahu powr\u00f3ci\u0142 do w\u0142adzy w grudniu z religijnymi nacjonalistami na kluczowych stanowiskach w rz\u0105dzie\u2026\u201d<\/span><\/p>\n<p style=\"text-align: center;\"><img decoding=\"async\" class=\"aligncenter\" src=\"https:\/\/images.jpost.com\/image\/upload\/f_auto,fl_lossy\/t_JD_ArticleMainImageFaceDetect\/528358\" width=\"100%\" \/><span style=\"color: #808080;\"><em>Przyjaciele i rodzina bior\u0105 udzia\u0142 w pogrzebie braci Hallela, lat 21, i Jagla Janowa, lat 19, na cmentarzu wojskowym Mount Herzl w Jerozolimie. Dwaj bracia zostali zastrzeleni zesz\u0142ej nocy podczas ataku terrorystycznego w mie\u015bcie Huwara na Zachodnim Brzegu. 27 lutego 2023 r. (\u017ar\u00f3d\u0142o: YONATAN SINDEL\/FLASH90)<\/em><\/span><\/p>\n<p style=\"text-align: left;\"><span style=\"color: #000080;\">Break the Wave poprzedzi\u0142o Netanjahu<\/span><br \/>\n<span style=\"color: #000080;\">Tym, co ci eksperci i reporterzy tuszuj\u0105, jest fakt, \u017ce izraelska polityka wysy\u0142ania si\u0142 bezpiecze\u0144stwa w celu aresztowania terroryst\u00f3w w miastach Autonomii Palesty\u0144skiej nie rozpocz\u0119\u0142a si\u0119 za niedawno wybranego rz\u0105du Netanjahu. W rzeczywisto\u015bci polityka, znana jako Operacja Prze\u0142ama\u0107 Fal\u0119, by\u0142a pomys\u0142em rz\u0105dz\u0105cej koalicji Lewicy Centrum, kt\u00f3ra poprzedza\u0142a Netanjahu.<\/span><\/p>\n<p style=\"text-align: left;\"><span style=\"color: #000080;\">\u201eFala\u201d, kt\u00f3r\u0105 mia\u0142a przerwa\u0107, by\u0142a pot\u0119\u017cn\u0105 fal\u0105 terroryzmu palesty\u0144skich Arab\u00f3w, kt\u00f3ra uderzy\u0142a w Izrael w marcu 2022 r.<\/span><\/p>\n<p style=\"text-align: left;\"><span style=\"color: #000080;\">6 marca palesty\u0144ski arabski terrorysta rzuci\u0142 bomb\u0119 zapalaj\u0105c\u0105 na Izraelczyk\u00f3w w Abu Dis. 7 marca arabscy terrory\u015bci zad\u017agali i zranili dw\u00f3ch Izraelczyk\u00f3w w Jerozolimie. 15 marca terrorysta strzela\u0142 do izraelskich \u017co\u0142nierzy pr\u00f3buj\u0105cych dokona\u0107 aresztowania w Balacie. Tego samego dnia arabski t\u0142um zaatakowa\u0142 Izraelczyk\u00f3w, aresztuj\u0105c terroryst\u0119 w Kalandiya.<\/span><\/p>\n<p style=\"text-align: left;\"><span style=\"color: #000080;\">22 marca palesty\u0144ski arabski terrorysta w Beer-Szebie zasztyletowa\u0142 trzech \u017byd\u00f3w, a czwartego zamordowa\u0142 swoim samochodem. 27 marca arabscy terrory\u015bci zamordowali w Haderze dw\u00f3ch Izraelczyk\u00f3w. 29 marca terrorysta dokona\u0142 masakry pi\u0119ciu Izraelczyk\u00f3w w Bnei Brak. Dwa dni p\u00f3\u017aniej Arabowie palesty\u0144scy zastrzelili i zranili Izraelczyka w Jenin, d\u017agn\u0119li i powa\u017cnie zranili Izraelczyka w pobli\u017cu Elazar i pr\u00f3bowali ukamienowa\u0107 Izraelczyk\u00f3w w Tarkumiya.<\/span><\/p>\n<p style=\"text-align: left;\"><span style=\"color: #000080;\">W ci\u0105gu zaledwie dziewi\u0119ciu dni zamordowano jedenastu Izraelczyk\u00f3w, a trzech zosta\u0142o rannych. W tym czasie najwi\u0119ksz\u0105 frakcj\u0105 w izraelskim rz\u0105dzie by\u0142a lewicowa partia Yaira Lapida Yesh Atid. Inni partnerzy koalicyjni to lewicowa Partia Pracy, skrajnie lewicowa partia Meretz i arabska nacjonalistyczna partia Ra\u2019am.<\/span><\/p>\n<p style=\"text-align: left;\"><span style=\"color: #000080;\">WSZYSCY poparli og\u0142oszenie przez by\u0142ego premiera Naftalego Bennetta \u201eOperacji Prze\u0142ama\u0107 Fal\u0119\u201d. Wszyscy oni popierali polityk\u0119 \u015bcigania terroryst\u00f3w w miastach kontrolowanych przez AP. A ich ameryka\u0144scy zwolennicy, tacy jak J Street i rekonstrukcjoni\u015bci, powstrzymywali si\u0119 od oskar\u017cania izraelskiego rz\u0105du o \u201eeskalacj\u0119 napi\u0119\u0107\u201d.<\/span><\/p>\n<p style=\"text-align: left;\"><span style=\"color: #000080;\">Bennett zrezygnowa\u0142 nied\u0142ugo potem. Lapid zosta\u0142 premierem. Kontynuowa\u0142 operacj\u0119 Break the Wave przez ca\u0142e pi\u0119\u0107 miesi\u0119cy sprawowania urz\u0119du. Jego nast\u0119pca, Benjamin Netanjahu, zdecydowa\u0142 si\u0119 na kontynuacj\u0119 polityki Bennetta-Lapida.<\/span><\/p>\n<p style=\"text-align: left;\"><span style=\"color: #000080;\">Netanjahu kontynuowa\u0142 polityk\u0119 Bennetta-Lapida<\/span><br \/>\n<span style=\"color: #000080;\">I nie bez powodu: w Izraelu panuje zgoda co do tego, \u017ce si\u0142y bezpiecze\u0144stwa powinny \u015bciga\u0107 i zatrzymywa\u0107 terroryst\u00f3w. Podobnie jak w Ameryce panuje zgoda co do tego, \u017ce policja powinna \u015bciga\u0107 i zatrzymywa\u0107 przest\u0119pc\u00f3w. Izraelska strategia antyterrorystyczna nie jest jak\u0105\u015b \u201eprawicow\u0105\u201d polityk\u0105; zosta\u0142a zainicjowana przez izraelsk\u0105 lewic\u0119 i wspierana przez \u017cydowskie cheerleaderki izraelskiej lewicy.<\/span><\/p>\n<p style=\"text-align: left;\"><span style=\"color: #000080;\">Oczywi\u015bcie wojna palesty\u0144skich Arab\u00f3w przeciwko Izraelowi nie zacz\u0119\u0142a si\u0119 w marcu 2022 roku. Nie zacz\u0119\u0142a si\u0119 te\u017c w czerwcu 1967 roku. Zacz\u0119\u0142a si\u0119 od pierwszej zorganizowanej arabskiej przemocy wobec \u017byd\u00f3w w Ziemi Izraela w czasach nowo\u017cytnych, czterodniowego pogromu w i wok\u00f3\u0142 Jerozolimy w kwietniu 1920 r.<\/span><\/p>\n<p style=\"text-align: left;\"><span style=\"color: #000080;\">Nie by\u0142o wtedy \u201enielegalnych osiedli\u201d. \u017badnych \u201eterytori\u00f3w okupowanych\u201d. \u017badnego \u201eprawicowego rz\u0105du izraelskiego\u201d. \u017badnej z tak zwanych prowokacji, kt\u00f3re rzekomo s\u0105 winne arabskiemu terroryzmowi.<\/span><\/p>\n<p style=\"text-align: left;\"><span style=\"color: #000080;\">Nie, terroryzm palesty\u0144skich Arab\u00f3w nie narodzi\u0142 si\u0119 wczoraj. To nie jest odpowied\u017a dla Netanjahu ani osadnik\u00f3w. Jest odpowiedzi\u0105 na pragnienie \u017byd\u00f3w do \u017cycia w ich staro\u017cytnej ojczy\u017anie i istnienie pa\u0144stwa \u017cydowskiego dowolnej wielko\u015bci, niezale\u017cnie od konkretnego rz\u0105du lub polityki.<\/span><\/p>\n<hr \/>\n<p style=\"text-align: left;\"><span style=\"color: #808080;\"><em>Pisarz jest adwokatem i ojcem <strong>Alisy Flatow<\/strong>, kt\u00f3ra zosta\u0142a zamordowana w sponsorowanym przez Iran palesty\u0144skim ataku terrorystycznym w 1995 roku. Jest autorem ksi\u0105\u017cki A Father&#8217;s Story: My Fight for Justice Against Iranian Terror i jest oleh chadash (nowym imigrantem ).<\/em><\/span><\/p>\n<hr style=\"height: 15px; background: #d0e6fa; width: 100%;\" \/>\n<div id=\"content\" class=\"content-alignment\">\n<div id=\"watch-description\" class=\"yt-uix-button-panel\">\n<div id=\"watch-description-text\" style=\"text-align: center;\">\n<p><em>Zawarto\u015b\u0107 publikowanych artyku\u0142\u00f3w i materia\u0142\u00f3w nie reprezentuje pogl\u0105d\u00f3w ani opinii Reunion&#8217;68,<\/em><em><br \/>\nani te\u017c webmastera Blogu Reunion&#8217;68, chyba ze jest to wyra\u017anie zaznaczone.<br \/>\nTwoje uwagi, linki, w\u0142asne artyku\u0142y lub wiadomo\u015bci prze\u015blij na adres:<br \/>\n<\/em><span style=\"color: #000080;\"><strong><em><a style=\"color: #000080;\" href=\"mailto:webmaster@reunion68.com\"><span style=\"text-decoration: underline;\">webmaster@reunion68.com<\/span><\/a><\/em><\/strong><\/span><\/p>\n<\/div>\n<\/div>\n<\/div>\n<hr style=\"width: 100%;\" \/>\n","protected":false},"excerpt":{"rendered":"<p>Premier Benjamin Netanjahu odwiedza miejsce styczniowego ataku na synagog\u0119 w jerozolimskiej dzielnicy Neveh Ya\u2019acov, w kt\u00f3rym zgin\u0119\u0142o siedem os\u00f3b. Arabski terroryzm nie jest odpowiedzi\u0105 na Netanjahu lub osadnik\u00f3w, m\u00f3wi pisarz. \/\u00a0(\u017ar\u00f3d\u0142o zdj\u0119cia: OLIVIER FITOUSSI\/FLASH90) Palesty\u0144ska wojna przeciwko Izraelowi nie jest reakcj\u0105 na rz\u0105dy Netanjahu. STEPHEN M. FLATOW t\u0142umaczenie: google Terror antyizraelski nie narodzi\u0142 si\u0119 wczoraj, [&hellip;]<\/p>\n","protected":false},"author":1,"featured_media":0,"comment_status":"closed","ping_status":"closed","sticky":false,"template":"","format":"standard","meta":[],"categories":[3],"tags":[44,24],"_links":{"self":[{"href":"https:\/\/www.reunion68.se\/index.php?rest_route=\/wp\/v2\/posts\/102600"}],"collection":[{"href":"https:\/\/www.reunion68.se\/index.php?rest_route=\/wp\/v2\/posts"}],"about":[{"href":"https:\/\/www.reunion68.se\/index.php?rest_route=\/wp\/v2\/types\/post"}],"author":[{"embeddable":true,"href":"https:\/\/www.reunion68.se\/index.php?rest_route=\/wp\/v2\/users\/1"}],"replies":[{"embeddable":true,"href":"https:\/\/www.reunion68.se\/index.php?rest_route=%2Fwp%2Fv2%2Fcomments&post=102600"}],"version-history":[{"count":11,"href":"https:\/\/www.reunion68.se\/index.php?rest_route=\/wp\/v2\/posts\/102600\/revisions"}],"predecessor-version":[{"id":102616,"href":"https:\/\/www.reunion68.se\/index.php?rest_route=\/wp\/v2\/posts\/102600\/revisions\/102616"}],"wp:attachment":[{"href":"https:\/\/www.reunion68.se\/index.php?rest_route=%2Fwp%2Fv2%2Fmedia&parent=102600"}],"wp:term":[{"taxonomy":"category","embeddable":true,"href":"https:\/\/www.reunion68.se\/index.php?rest_route=%2Fwp%2Fv2%2Fcategories&post=102600"},{"taxonomy":"post_tag","embeddable":true,"href":"https:\/\/www.reunion68.se\/index.php?rest_route=%2Fwp%2Fv2%2Ftags&post=102600"}],"curies":[{"name":"wp","href":"https:\/\/api.w.org\/{rel}","templated":true}]}}