{"id":102706,"date":"2023-03-08T17:09:57","date_gmt":"2023-03-08T15:09:57","guid":{"rendered":"http:\/\/www.reunion68.se\/?p=102706"},"modified":"2023-03-08T09:22:31","modified_gmt":"2023-03-08T07:22:31","slug":"14-09-79","status":"publish","type":"post","link":"https:\/\/www.reunion68.se\/?p=102706","title":{"rendered":"Shamima Begum, &#8220;panna m\u0142oda ISIS&#8221;, jaki obiekt kampanii newswashing"},"content":{"rendered":"<p style=\"text-align: center;\"><img decoding=\"async\" class=\"aligncenter\" src=\"https:\/\/www.gatestoneinstitute.org\/pics\/4581.jpg\" width=\"100%\" \/><span style=\"color: #808080;\"><em>Wiele zachodnich medi\u00f3w przedstawia Shamim\u0119 Begum, by\u0142\u0105 &#8220;pann\u0119 m\u0142od\u0105 ISIS&#8221;, nie tylko jako ofiar\u0119, ale tak\u017ce celebrytk\u0119. Panny m\u0142ode ISIS bra\u0142y udzia\u0142 w ludob\u00f3jstwie ISIS i zbrodniach przeciwko ludzko\u015bci. ISIS zamordowa\u0142o tysi\u0105ce ludzi i przymusowo wysiedli\u0142o setki tysi\u0119cy, zw\u0142aszcza ze spo\u0142eczno\u015bci niemuzu\u0142ma\u0144skich, w tym Jazyd\u00f3w i chrze\u015bcijan. Na zdj\u0119ciu: Jazydzi w obozie dla ludzi wewn\u0119trznie przesiedlonych (IDP) w rejonie Sharya w autonomicznym irackim Kurdystanie, 17 stycznia 2023 r. (Zdj\u0119cie: Safin Hamed\/AFP via Getty Images)<\/em><\/span><\/p>\n<hr \/>\n<h5 style=\"text-align: center;\"><a href=\"https:\/\/pl.gatestoneinstitute.org\/\" target=\"_blank\" rel=\"noopener noreferrer\"><img decoding=\"async\" class=\"center alignleft\" src=\"https:\/\/pl.gatestoneinstitute.org\/images\/gatestone-logo-1000.gif\" alt=\"\" width=\"35%\" \/><\/a><span style=\"text-decoration: underline; color: #000080;\"><span style=\"text-decoration: underline;\"><strong><a style=\"color: #000080; text-decoration: underline;\" href=\"https:\/\/pl.gatestoneinstitute.org\/19466\/shamima-begum\" target=\"_blank\" rel=\"noopener noreferrer\">Shamima Begum, &#8220;panna m\u0142oda ISIS&#8221;, jaki obiekt kampanii newswashing<\/a><\/strong><\/span><\/span><\/h5>\n<p style=\"text-align: center;\"><span style=\"color: #000000;\"><strong>Uzay Bulut<\/strong><\/span><\/p>\n<p style=\"text-align: center;\"><span style=\"color: #808080;\">T\u0142umaczenie:<\/span> <strong>Ma\u0142gorzata Koraszewska<\/strong><\/p>\n<hr style=\"height: 15px; background: #d0e6fa; width: 100%;\" \/>\n<div class=\"article_body itemprop_articlebody\">\n<p style=\"text-align: left;\"><span style=\"color: #000080;\">Podczas gdy organizacja terrorystyczna Pa\u0144stwa Islamskiego (ISIS) wci\u0105\u017c\u00a0<a style=\"color: #000080;\" href=\"blank\" target=\"_blank\" rel=\"noopener noreferrer\">przetrzymuje w niewoli<\/a>\u00a0oko\u0142o 3000 jazydzkich dzieci i kobiet, wiele zachodnich medi\u00f3w przedstawia by\u0142\u0105 &#8220;pann\u0119 m\u0142od\u0105 ISIS&#8221; nie tylko jako ofiar\u0119, ale tak\u017ce jako celebrytk\u0119.<\/span><\/p>\n<p style=\"text-align: left;\"><span style=\"color: #000080;\">Panna m\u0142oda ISIS, o kt\u00f3rej mowa, Shamima Begum, obywatelka brytyjska, opu\u015bci\u0142a Wielk\u0105 Brytani\u0119, aby do\u0142\u0105czy\u0107 do ISIS w Syrii w 2015 r., a p\u00f3\u017aniej odebrano jej obywatelstwo brytyjskie. Brytyjski &#8220;Times Magazine&#8221; w numerze z 4 lutego postanowi\u0142 wyr\u00f3\u017cni\u0107 Begum umieszczaj\u0105 jej zdj\u0119cie, zar\u00f3wno na\u00a0<a style=\"color: #000080;\" href=\"blank\" target=\"_blank\" rel=\"noopener noreferrer\">ok\u0142adce<\/a>, jak i w\u00a0<a style=\"color: #000080;\" href=\"blank\" target=\"_blank\" rel=\"noopener noreferrer\">o\u015bmiostronicowym artykule<\/a>. Jest teraz cz\u0119\u015bci\u0105 upi\u0119kszaj\u0105cej kampanii &#8220;<i>newswashing<\/i>&#8220;, kt\u00f3ra ma pom\u00f3c jej w odzyskaniu brytyjskiego obywatelstwa.<\/span><\/p>\n<p style=\"text-align: left;\"><span style=\"color: #000080;\">Brytyjski Specjalny Imigracyjny Trybuna\u0142 Apelacyjny ma\u00a0<a style=\"color: #000080;\" href=\"blank\" target=\"_blank\" rel=\"noopener noreferrer\">rozstrzygn\u0105\u0107<\/a>\u00a0w tym tygodniu spraw\u0119 apelacji Begum przeciwko pozbawieniu jej obywatelstwa*.<\/span><\/p>\n<p style=\"text-align: left;\"><span style=\"color: #000080;\">Panny m\u0142ode ISIS bra\u0142y udzia\u0142 w ludob\u00f3jstwie ISIS i zbrodniach przeciwko ludzko\u015bci. Niewa\u017cne, \u017ce zak\u0142adnik\u00f3w wieszano g\u0142ow\u0105 w d\u00f3\u0142, a nast\u0119pnie\u00a0<a style=\"color: #000080;\" href=\"blank\" target=\"_blank\" rel=\"noopener noreferrer\">palono \u017cywcem<\/a>, zamykano w klatkach, a potem wrzucano do wody, by\u00a0<a style=\"color: #000080;\" href=\"blank\" target=\"_blank\" rel=\"noopener noreferrer\">uton\u0119li<\/a>, lub\u00a0<a style=\"color: #000080;\" href=\"blank\" target=\"_blank\" rel=\"noopener noreferrer\">krzy\u017cowano<\/a>\u00a0godzinami &#8220;jak Jezusa&#8221;; lub \u017ce dzieci by\u0142y\u00a0<a style=\"color: #000080;\" href=\"blank\" target=\"_blank\" rel=\"noopener noreferrer\">krzy\u017cowane lub sprzedawane jako niewolnicy seksualni<\/a>; lub \u017ce niezliczona liczba innych by\u0142a torturowana, gwa\u0142cona lub ustawiana w kolejkach do poder\u017cni\u0119cia im gard\u0142a. Niewa\u017cne s\u0105 \u015bci\u0119cia dziennikarzy, takich jak\u00a0<a style=\"color: #000080;\" href=\"blank\" target=\"_blank\" rel=\"noopener noreferrer\">James Foley<\/a>\u00a0czy\u00a0<a style=\"color: #000080;\" href=\"blank\" target=\"_blank\" rel=\"noopener noreferrer\">Steven Sotloff<\/a>, czy osiemdziesi\u0119ciodwuletniego syryjskiego uczonego Chaleda al-Asaada, kt\u00f3ry by\u0142 torturowany przez miesi\u0105c, a nast\u0119pnie \u015bci\u0119ty, poniewa\u017c odm\u00f3wi\u0142 przekazania ISIS bezcennych antyk\u00f3w z Palmyry. Ta lista ci\u0105gnie si\u0119&#8230;.<\/span><\/p>\n<p style=\"text-align: left;\"><span style=\"color: #000080;\">Fundacja Free Yezidi Foundation\u00a0<a style=\"color: #000080;\" href=\"blank\" target=\"_blank\" rel=\"noopener noreferrer\">napisa\u0142a<\/a>\u00a0ostatnio o ISIS i Begum:<\/span><\/p>\n<blockquote>\n<p style=\"text-align: left;\"><strong>&#8220;Nie tylko terrorystyczny kult \u015bmierci, ale organizacja ludob\u00f3jcza masowych gwa\u0142t\u00f3w. Decyzja o przyst\u0105pieniu do niej [organizacji ISIS] nale\u017ca\u0142a do niej. Jej dzia\u0142ania przyczyni\u0142y si\u0119 do niewypowiedzianych akt\u00f3w brutalno\u015bci, kt\u00f3re kontynuowa\u0142aby, gdyby ISIS i Daesh nie zosta\u0142y militarnie pokonane&#8221;.<\/strong><\/p>\n<\/blockquote>\n<p style=\"text-align: left;\"><span style=\"color: #000080;\">W szczytowym momencie ISIS\u00a0<a style=\"color: #000080;\" href=\"blank\" target=\"_blank\" rel=\"noopener noreferrer\">kontrolowa\u0142o<\/a>\u00a0oko\u0142o jednej trzeciej terytorium Syrii i 40% terytorium Iraku. 29 czerwca 2014 r. przyw\u00f3dca ISIS Abu Bakr al Baghdadi\u00a0<a style=\"color: #000080;\" href=\"blank\" target=\"_blank\" rel=\"noopener noreferrer\">og\u0142osi\u0142<\/a>\u00a0utworzenie kalifatu rozci\u0105gaj\u0105cego si\u0119 od Aleppo w Syrii do Diyala w Iraku. Gdziekolwiek ISIS najecha\u0142o, przynosi\u0142o \u015bmier\u0107 i zniszczenie, zw\u0142aszcza spo\u0142eczno\u015bciom niemuzu\u0142ma\u0144skim, w tym Jazydom i chrze\u015bcijanom.<\/span><\/p>\n<p style=\"text-align: left;\"><span style=\"color: #000080;\">ISIS\u00a0<a style=\"color: #000080;\" href=\"blank\" target=\"_blank\" rel=\"noopener noreferrer\">zamordowa\u0142o<\/a>\u00a0tysi\u0105ce i przymusowo\u00a0<a style=\"color: #000080;\" href=\"blank\" target=\"_blank\" rel=\"noopener noreferrer\">przesiedli\u0142o<\/a>\u00a0setki tysi\u0119cy. ISIS systematycznie pope\u0142nia\u0142o r\u00f3wnie\u017c przest\u0119pstwa, takie jak\u00a0<a style=\"color: #000080;\" href=\"blank\" target=\"_blank\" rel=\"noopener noreferrer\">przymusowe nawracanie<\/a>,\u00a0<a style=\"color: #000080;\" href=\"blank\" target=\"_blank\" rel=\"noopener noreferrer\">branie zak\u0142adnik\u00f3w<\/a>,\u00a0<a style=\"color: #000080;\" href=\"blank\" target=\"_blank\" rel=\"noopener noreferrer\">gwa\u0142ty<\/a>\u00a0na dzieciach i kobietach,\u00a0<a style=\"color: #000080;\" href=\"blank\" target=\"_blank\" rel=\"noopener noreferrer\">niewolnictwo seksualne<\/a>,\u00a0<a style=\"color: #000080;\" href=\"blank\" target=\"_blank\" rel=\"noopener noreferrer\">kradzie\u017ce<\/a>,\u00a0<a style=\"color: #000080;\" href=\"blank\" target=\"_blank\" rel=\"noopener noreferrer\">niszczenie<\/a>,\u00a0<a style=\"color: #000080;\" href=\"blank\" target=\"_blank\" rel=\"noopener noreferrer\">przemyt<\/a>,\u00a0<a style=\"color: #000080;\" href=\"blank\" target=\"_blank\" rel=\"noopener noreferrer\">przymusowe zagini\u0119cia<\/a>\u00a0i rekrutowanie ch\u0142opc\u00f3w jako\u00a0<a style=\"color: #000080;\" href=\"blank\" target=\"_blank\" rel=\"noopener noreferrer\">dzieci-\u017co\u0142nierzy<\/a>. Stosowane przez nich metody przemocy obejmowa\u0142y nie tylko\u00a0<a style=\"color: #000080;\" href=\"blank\" target=\"_blank\" rel=\"noopener noreferrer\">obcinanie g\u0142\u00f3w<\/a>\u00a0i\u00a0<a style=\"color: #000080;\" href=\"blank\" target=\"_blank\" rel=\"noopener noreferrer\">krzy\u017cowanie<\/a>, ale tak\u017ce\u00a0<a style=\"color: #000080;\" href=\"blank\" target=\"_blank\" rel=\"noopener noreferrer\">okaleczanie<\/a>,\u00a0<a style=\"color: #000080;\" href=\"blank\" target=\"_blank\" rel=\"noopener noreferrer\">\u0107wiartowanie,<\/a>\u00a0<a style=\"color: #000080;\" href=\"blank\" target=\"_blank\" rel=\"noopener noreferrer\">kamienowanie<\/a>\u00a0i zmuszanie zak\u0142adnik\u00f3w do\u00a0<a style=\"color: #000080;\" href=\"blank\" target=\"_blank\" rel=\"noopener noreferrer\">kl\u0119kania na materia\u0142ach wybuchowych<\/a>. Niezliczona liczba os\u00f3b zosta\u0142a uchod\u017acami i pozostaje\u00a0<a style=\"color: #000080;\" href=\"blank\" target=\"_blank\" rel=\"noopener noreferrer\">wysiedlona<\/a>\u00a0z powodu ludob\u00f3jstwa ISIS.<\/span><\/p>\n<p style=\"text-align: left;\"><span style=\"color: #000080;\">Do grudnia 2017 r. ISIS straci\u0142o\u00a0<a style=\"color: #000080;\" href=\"blank\" target=\"_blank\" rel=\"noopener noreferrer\">95<\/a>% swojego terytorium, w tym dwa najwi\u0119ksze o\u015brodki: Mosul, drugie co do wielko\u015bci miasto Iraku, oraz syryjskie miasto Rakka, jego nominaln\u0105 stolic\u0119.<\/span><\/p>\n<p style=\"text-align: left;\"><span style=\"color: #000080;\">Od marca 2019 r., kiedy ISIS zosta\u0142o\u00a0<a style=\"color: #000080;\" href=\"text=In%20March%202019%20the%20Islamic,industry%2C%20commerce%2C%20and%20agriculture.\" target=\"_blank\" rel=\"noopener noreferrer\">wyparte<\/a>\u00a0z ostatniego z zaj\u0119tych przez siebie terytori\u00f3w i od upadku ich kalifatu, wielu terroryst\u00f3w ISIS (niekt\u00f3rzy z nich s\u0105 obywatelami kraj\u00f3w zachodnich) pr\u00f3buje wr\u00f3ci\u0107 do swoich kraj\u00f3w.<\/span><\/p>\n<p style=\"text-align: left;\"><span style=\"color: #000080;\">Europejska Sie\u0107 \u015aledcza i \u015acigania Ludob\u00f3jstwa, Zbrodni Przeciwko Ludzko\u015bci i Zbrodni Wojennych (&#8220;Genocide Network&#8221;)\u00a0<a style=\"color: #000080;\" href=\"blank\" target=\"_blank\" rel=\"noopener noreferrer\">odnotowa\u0142a<\/a>\u00a0w raporcie z 2020 r.:<\/span><\/p>\n<blockquote>\n<p style=\"text-align: left;\"><strong>&#8220;ISIS, kt\u00f3re zosta\u0142o sklasyfikowane jako organizacja terrorystyczna, dopu\u015bci\u0142o si\u0119 przera\u017caj\u0105cych akt\u00f3w przemocy w konfliktach zbrojnych w p\u00f3\u0142nocnym Iraku i Syrii. Kwestia \u015bcigania i oskar\u017cania jego cz\u0142onk\u00f3w oraz zagranicznych bojownik\u00f3w terrorystycznych powracaj\u0105cych do kraj\u00f3w pochodzenia sk\u0142oni\u0142a wi\u0119kszo\u015b\u0107 pa\u0144stw cz\u0142onkowskich UE do skoncentrowania si\u0119 na\u00a0zapobieganiu\u00a0i karaniu przest\u0119pstw zwi\u0105zanych z terroryzmem. ISIS nie nale\u017cy jednak uznawa\u0107 wy\u0142\u0105cznie za organizacj\u0119 terrorystyczn\u0105. ISIS spe\u0142ni\u0142o kryteria Mi\u0119dzynarodowego Prawa Humanitarnego jako strona niemi\u0119dzynarodowego konfliktu zbrojnego w Iraku i Syrii, dzia\u0142aj\u0105c jako zorganizowana niepa\u0144stwowa grupa zbrojna. W zwi\u0105zku z tym jej cz\u0142onkowie i zagraniczni bojownicy terrorystyczni mog\u0105 by\u0107 odpowiedzialni za pope\u0142nienie zbrodni wojennych i innych najpowa\u017cniejszych zbrodni o wadze mi\u0119dzynarodowej&#8221;. [<i>Podkre\u015bleni dodane.]<\/i><\/strong><\/p>\n<\/blockquote>\n<p style=\"text-align: left;\"><span style=\"color: #000080;\">BBC to kolejny kana\u0142 medialny, kt\u00f3ry wydaje si\u0119 mie\u0107 obsesyjn\u0105 fascynacj\u0119 na punkcie Begum, produkuj\u0105c zar\u00f3wno film, jak i seri\u0119 podcast\u00f3w o tak zwanej podr\u00f3\u017cy by\u0142ej cz\u0142onkini ISIS do Syrii. Ten nadawca\u00a0<a style=\"color: #000080;\" href=\"blank\" target=\"_blank\" rel=\"noopener noreferrer\">informowa\u0142<\/a>\u00a011 lipca 2022 r.:<\/span><\/p>\n<blockquote>\n<p style=\"text-align: left;\"><strong>&#8220;BBC og\u0142osi\u0142a dzi\u015b prze\u0142omowy film dokumentalny dla BBC Two i BBC iPlayer oraz 10-cz\u0119\u015bciow\u0105 seri\u0119 audio dla Radio 5 Live i BBC Sounds, na temat historii Shamimy Begum. Podcast pochodzi od zespo\u0142u odpowiedzialnego za wielokrotnie nagradzan\u0105 serii podcast\u00f3w BBC, &#8216;Nie jestem potworem'&#8221;.<\/strong><\/p>\n<\/blockquote>\n<p style=\"text-align: left;\"><span style=\"color: #000080;\">Widzowie BBC wprost odpowiedzieli,\u00a0<a style=\"color: #000080;\" href=\"blank\" target=\"_blank\" rel=\"noopener noreferrer\">wed\u0142ug<\/a>\u00a0&#8220;Daily Mail&#8221; z 8 lutego:<\/span><\/p>\n<blockquote>\n<p style=\"text-align: left;\"><strong>&#8220;&#8216;Dlaczego BBC daje Shamimie Begum wi\u0119cej czasu antenowego?&#8217;: &#8216;Pe\u0142ni obrzydzenia&#8217; widzowie krytykuj\u0105 nadawc\u0119 za wyemitowanie 90-minutowego filmu dokumentalnego, kt\u00f3ry &#8216;prezentuje pann\u0119 m\u0142od\u0105 ISIS jako celebrytk\u0119&#8217; zaledwie kilka tygodni po uruchomieniu 10-cz\u0119\u015bciowego podcastu &#8216;\u015bledz\u0105cego jej kroki&#8217;.<\/strong><\/p>\n<p style=\"text-align: left;\"><strong>Widzowie przysi\u0119gli anulowa\u0107 swoje licencje telewizyjne, gdy wczoraj wieczorem zjechali &#8216;obrzydliwy&#8217; 90-minutowy film dokumentalny o Shamimie Begum w BBC&#8221;.<\/strong><\/p>\n<\/blockquote>\n<p style=\"text-align: left;\"><span style=\"color: #000080;\">Zamiast skupia\u0107 si\u0119 na ludob\u00f3jczych zbrodniach pope\u0142nionych przez ISIS na swoich ofiarach i przeprowadza\u0107 bezpo\u015brednie wywiady z ofiarami, serial i seria dokumentalna BBC w du\u017cej mierze zajmuj\u0105 si\u0119 pretensjonalnym portretem tego, dlaczego i jak Begum do\u0142\u0105czy\u0142a do ISIS oraz jej p\u00f3\u017aniejszego \u017cycia w\u015br\u00f3d zbrodniarzy.<\/span><\/p>\n<p style=\"text-align: left;\"><span style=\"color: #000080;\">Fundacja Wolni Jazydzi\u00a0<a style=\"color: #000080;\" href=\"blank\" target=\"_blank\" rel=\"noopener noreferrer\">donosi\u0142a<\/a>\u00a0w 2019 roku:<\/span><\/p>\n<blockquote>\n<p style=\"text-align: left;\"><strong>&#8220;Kobiety nale\u017c\u0105ce do Pa\u0144stwa Islamskiego (IS, ISIS, ISIL, Daesh) aktywnie anga\u017cuj\u0105 si\u0119 w dzia\u0142alno\u015b\u0107 terrorystyczn\u0105 i ra\u017c\u0105ce naruszenia praw cz\u0142owieka, a w wielu przypadkach staraj\u0105 si\u0119 manipulowa\u0107 brakiem dowod\u00f3w, brakiem niezale\u017cnej weryfikacji lub innymi \u015brodkami, by b\u0142aga\u0107 o wsp\u00f3\u0142czucie w s\u0105dach i opinii publicznej, by tylko unikn\u0105\u0107 odpowiedzialno\u015bci. Co najwa\u017cniejsze, nie wolno pozwoli\u0107 osobom, kt\u00f3re do\u0142\u0105czy\u0142y do organizacji terrorystycznej i ludob\u00f3jczej, na przekszta\u0142canie narracji w celu umniejszania lub unikania w\u0142asnej sprawczo\u015bci i odpowiedzialno\u015bci za okropno\u015bci, jakie spowodowa\u0142y lub u\u0142atwi\u0142y.<\/strong><\/p>\n<p style=\"text-align: left;\"><strong>Kobiety cz\u0142onkinie ISIS s\u0105 cz\u0119sto postrzegane jako bierne, naiwne, a nawet ofiary. To niebezpieczna i szalenie przek\u0142amana ocena. Publikacja holenderskiego Ministerstwa Spraw Wewn\u0119trznych &#8216;Kobiety-d\u017cihadystki, zagro\u017cenie, kt\u00f3rego nie mo\u017cna lekcewa\u017cy\u0107&#8217; stwierdza:<\/strong><\/p>\n<p style=\"text-align: left;\"><strong><i>Nie nale\u017cy lekcewa\u017cy\u0107 roli, jak\u0105 te d\u017cihadystki odgrywaj\u0105 w ruchu d\u017cihadystycznym. W wielu przypadkach d\u017cihadystki s\u0105 co najmniej tak samo oddane d\u017cihadowi jak m\u0119\u017cczy\u017ani. Stanowi\u0105 zagro\u017cenie dla Holandii, rekrutuj\u0105c innych, produkuj\u0105c i rozpowszechniaj\u0105c propagand\u0119, i zbieraj\u0105c funduszy. Co wi\u0119cej, indoktrynuj\u0105 swoje dzieci ideologi\u0105 d\u017cihadystyczn\u0105. Kobiety stanowi\u0105 zasadnicz\u0105 cz\u0119\u015b\u0107 ruchu d\u017cihadystycznego, zar\u00f3wno w Holandii, jak i na obszarze obj\u0119tym konfliktem w Syrii i Iraku.<\/i><\/strong><\/p>\n<p style=\"text-align: left;\"><strong>Zachowanie i dzia\u0142ania kobiet nale\u017c\u0105cych do ISIS by\u0142y przedmiotem uzasadnionej debaty prawnej i politycznej, jak r\u00f3wnie\u017c chorobliwej fascynacji. By\u0142o to widoczne w przypadku Shamimy Begum z Wielkiej Brytanii, Amerykanki Hody Mothana i innych podobnych przypadk\u00f3w. Kiedy obywatele innych kraj\u00f3w przyst\u0105pili do ISIS i albo si\u0119 poddali, albo uciekli z ISIS, rozpocz\u0119\u0142a si\u0119 powa\u017cna debata na temat prawa mi\u0119dzynarodowego. Fakt, \u017ce domniemane zbrodnie mia\u0142y miejsce za granic\u0105, stanowi prawdziwe wyzwanie dla urz\u0119dnik\u00f3w bezpiecze\u0144stwa i wymiaru sprawiedliwo\u015bci w zakresie gromadzenia dowod\u00f3w i konstrukcji solidnych, mo\u017cliwych do os\u0105dzenia spraw. Dla spo\u0142eczno\u015bci Jazyd\u00f3w wa\u017cne jest, by zbrodnie pope\u0142nione przez ISIS, w tym pope\u0142nione przez kobiety ISIS, nie zosta\u0142y zapomniane&#8230;<\/strong><\/p>\n<p style=\"text-align: left;\"><strong>Pani Begum, na przyk\u0142ad, twierdzi\u0142a, \u017ce by\u0142a tylko gospodyni\u0105 domow\u0105 i nie bra\u0142a udzia\u0142u w \u017cadnych ohydnych zbrodniach ani \u0142amaniu praw cz\u0142owieka jako cz\u0142onek ISIS. Niekt\u00f3rzy przedstawiali j\u0105 jako niewinn\u0105 uczennic\u0119, kt\u00f3rej m\u00f3zg wyprano, kt\u00f3ra by\u0142a niedoinformowana i po prostu chcia\u0142a wr\u00f3ci\u0107 do domu w Wielkiej Brytanii. Niekt\u00f3rzy obro\u0144cy praw cz\u0142owieka, politycy i inni komentatorzy kwestionowali por\u00f3wnanie pani Begum do bojownik\u00f3w ISIS. Jednak teraz dowody sugeruj\u0105, \u017ce w rzeczywisto\u015bci by\u0142a cz\u0142onkiem policji moralno\u015bci ISIS, grupy kobiet ISIS kt\u00f3ra by\u0142a integraln\u0105 cz\u0119\u015bci\u0105 aparatu terroru i okrucie\u0144stwa ISIS i nosi\u0142a bro\u0144 automatyczn\u0105 podczas swoich patroli. Przest\u0119pstwa pope\u0142nione przez policj\u0119 moralno\u015bci obejmuj\u0105 powa\u017cne naruszenia praw cz\u0142owieka, w tym wspieranie dokonywanego przez ISIS handlu jazydzkimi niewolnikami.<\/strong><\/p>\n<p style=\"text-align: left;\"><strong>Dwa zasadnicze punkty: po pierwsze, wed\u0142ug zezna\u0144 ocala\u0142ych Jazyd\u00f3w, cz\u0142onkinie ISIS akceptowa\u0142y niewol\u0119 Jazyd\u00f3w i maltretowanie ich przez cz\u0142onk\u00f3w ISIS; a po drugie, kobiety z ISIS by\u0142y bardziej wsp\u00f3\u0142winne pope\u0142niania masowych gwa\u0142t\u00f3w, handlu lud\u017ami, zbrodni przeciwko ludzko\u015bci i ludob\u00f3jstwa ni\u017c twierdz\u0105, i z wi\u0119ksz\u0105 sprawczo\u015bci\u0105&#8221;.<\/strong><\/p>\n<\/blockquote>\n<p style=\"text-align: left;\"><span style=\"color: #000080;\">5 lutego, dzie\u0144 po opublikowaniu numeru &#8220;Times Magazine&#8221; z udzia\u0142em Begum, pojawi\u0142a si\u0119 wiadomo\u015b\u0107, \u017ce dwoje jazydzkich dzieci w wieku dw\u00f3ch i czterech lat\u00a0<a style=\"color: #000080;\" href=\"blank\" target=\"_blank\" rel=\"noopener noreferrer\">zgin\u0119\u0142o<\/a>\u00a0w po\u017carze, kt\u00f3ry przetoczy\u0142 si\u0119 przez ob\u00f3z dla &#8220;przesiedle\u0144c\u00f3w wewn\u0119trznych&#8221; (IDP) w Regionie Kurdystanu w Iraku. Powodem, dla kt\u00f3rego Jazydzi nadal mieszkaj\u0105 w obozach dla przesiedle\u0144c\u00f3w wewn\u0119trznych, jest to, \u017ce ISIS, organizacja, kt\u00f3rej cz\u0119\u015bci\u0105 by\u0142a Begum, w du\u017cej mierze\u00a0<a style=\"color: #000080;\" href=\"blank\" target=\"_blank\" rel=\"noopener noreferrer\">zniszczy\u0142a<\/a>\u00a0ojczyzn\u0119 Jazyd\u00f3w Sind\u017car w Iraku.<\/span><\/p>\n<p style=\"text-align: left;\"><span style=\"color: #000080;\">Wed\u0142ug ksi\u0105\u017cki\u00a0<i>The Last Yezidi Genocide<\/i>\u00a0autorstwa Amy L Beam, kiedy ISIS najecha\u0142o Sind\u017car w 2014 roku,\u00a0<a style=\"color: #000080;\" href=\"blank\" target=\"_blank\" rel=\"noopener noreferrer\">zamordowa\u0142o lub porwa\u0142o oko\u0142o 10 tysi\u0119cy Jazyd\u00f3w.<\/a>\u00a0Od tego czasu w Sind\u017car odkryto ponad 83\u00a0<a style=\"color: #000080;\" href=\"blank\" target=\"_blank\" rel=\"noopener noreferrer\">masowe groby Jazyd\u00f3w.<\/a>\u00a0Setki tysi\u0119cy Jazyd\u00f3w musia\u0142o\u00a0<a style=\"color: #000080;\" href=\"blank\" target=\"_blank\" rel=\"noopener noreferrer\">ucieka\u0107 i zosta\u0107<\/a>\u00a0przesiedle\u0144cami lub uchod\u017acami. Prawie dziewi\u0119\u0107 lat p\u00f3\u017aniej wi\u0119kszo\u015b\u0107 Sind\u017caru pozostaje w gruzach, co utrudnia Jazydom powr\u00f3t. W rezultacie oko\u0142o 180 tysi\u0119cy Jazyd\u00f3w\u00a0<a style=\"color: #000080;\" href=\"blank\" target=\"_blank\" rel=\"noopener noreferrer\">pozostaje wewn\u0119trznie przesiedlonych<\/a>, g\u0142\u00f3wnie w 15 obozach dla przesiedle\u0144c\u00f3w wewn\u0119trznych w Regionie Kurdystanu w Iraku.<\/span><\/p>\n<p style=\"text-align: left;\"><span style=\"color: #000080;\"><a style=\"color: #000080;\" href=\"blank\" target=\"_blank\" rel=\"noopener noreferrer\">Wed\u0142ug<\/a>\u00a0Free Yezidi Foundation, ISIS uprowadzi\u0142o, zgwa\u0142ci\u0142o i zniewoli\u0142o 6417 jazydzkich kobiet i dzieci. Obecnie zaginionych pozostaje ponad 2693 Jazyd\u00f3w. W 2021 roku zesp\u00f3\u0142 ONZ badaj\u0105cy okrucie\u0144stwa ISIS w Iraku\u00a0<a style=\"color: #000080;\" href=\"blank\" target=\"_blank\" rel=\"noopener noreferrer\">zebra\u0142<\/a>\u00a0&#8220;wyra\u017ane i przekonuj\u0105ce dowody&#8221; ludob\u00f3jstwa na Jazydach. Ni\u017csza izba niemieckiego parlamentu, Bundestag, 19 stycznia 2023 r.\u00a0<a style=\"color: #000080;\" href=\"blank\" target=\"_blank\" rel=\"noopener noreferrer\">uzna\u0142a<\/a>\u00a0masakr\u0119 Jazyd\u00f3w dokonan\u0105 przez ISIS w Iraku w 2014 r. za &#8220;ludob\u00f3jstwo&#8221; i wezwa\u0142a do podj\u0119cia dzia\u0142a\u0144 na rzecz pomocy prze\u015bladowanej mniejszo\u015bci.<\/span><\/p>\n<p style=\"text-align: left;\"><span style=\"color: #000080;\">Mieszkaj\u0105cy w Iraku dzia\u0142acz na rzecz praw Jazyd\u00f3w podzieli\u0142 si\u0119 z Gatestone swoj\u0105 opini\u0105 pod warunkiem zachowania anonimowo\u015bci w obawie przed odwetem. Powiedzia\u0142, \u017ce by\u0142 w Sind\u017car podczas inwazji ISIS w 2014 roku:<\/span><\/p>\n<blockquote>\n<p style=\"text-align: left;\"><strong>&#8220;To, czego my Jazydzi oczekujemy od spo\u0142eczno\u015bci mi\u0119dzynarodowej, to wsparcie i solidarno\u015b\u0107, a nie rozdrapywanie ran. Przest\u0119pcy ISIS musz\u0105 stan\u0105\u0107 przed s\u0105dem za to, co zrobili i praktykowali. Oczekujemy, \u017ce Zach\u00f3d poci\u0105gnie ISIS do odpowiedzialno\u015bci przed s\u0105dem, zamiast umieszcza\u0107 ich na ok\u0142adce ich magazynu. Takie historie s\u0105 szczeg\u00f3lnie trudne dla nas jako Jazyd\u00f3w, poniewa\u017c te kobiety z ISIS torturowa\u0142y i maltretowa\u0142y jazydzkie kobiety, kiedy by\u0142y w niewoli ISIS&#8221;.<\/strong><\/p>\n<\/blockquote>\n<p style=\"text-align: left;\"><span style=\"color: #000080;\">ISIS spustoszy\u0142o tak\u017ce wsp\u00f3lnoty chrze\u015bcija\u0144skie w Iraku i Syrii. Podczas przes\u0142uchania w 2015 r. przed Komisj\u0105 Spraw Zagranicznych Izby Reprezentant\u00f3w USA, siostra Diana Momeka ze Zgromadzenia Si\u00f3str Dominikanek \u015bw. Katarzyny ze Sieny w Mosulu w Iraku\u00a0<a style=\"color: #000080;\" href=\"blank\" target=\"_blank\" rel=\"noopener noreferrer\">opisa\u0142a<\/a>\u00a0wojn\u0119 ISIS z mniejszo\u015bciami religijnymi:<\/span><\/p>\n<blockquote>\n<p style=\"text-align: left;\"><strong>&#8220;10 czerwca 2014 r. tak zwane Pa\u0144stwo Islamskie w Iraku i Syrii, czyli ISIS, dokona\u0142o inwazji na R\u00f3wnin\u0119 Niniwy, na kt\u00f3rej znajduje si\u0119 Karakosz. Pocz\u0105wszy od miasta Mosul, ISIS opanowa\u0142o jedno miasto po drugim, daj\u0105c chrze\u015bcijanom regionu trzy mo\u017cliwo\u015bci: przej\u015b\u0107 na islam, zap\u0142aci\u0107 danin\u0119 d\u017cizja ISIS, opu\u015bci\u0107 swoje miasto, miasta takie jak Mosul, z niczym poza ubraniem na grzbiecie. Gdy ten horror rozprzestrzeni\u0142 si\u0119 na r\u00f3wninie Niniwy, do 6 sierpnia 2014, Niniwa by\u0142a oczyszczona z chrze\u015bcijan i niestety, po raz pierwszy od VII wieku naszej ery, na R\u00f3wninie Niniwy nie bi\u0142y \u017cadne dzwony ko\u015bcielne na msz\u0119.<\/strong><\/p>\n<p style=\"text-align: left;\"><strong>Od czerwca 2014 r. ponad 120 tysi\u0119cy ludzi zosta\u0142o przesiedlonych i bezdomnych w regionie Kurdystanu w Iraku, pozostawiaj\u0105c za sob\u0105 swoje dziedzictwo i wszystko, na co pracowali przez wieki. To wykorzenienie, ta kradzie\u017c wszystkiego, co posiadali chrze\u015bcijanie, wysiedli\u0142o ich cia\u0142a i dusze, pozbawiaj\u0105c ich cz\u0142owiecze\u0144stwa i godno\u015bci&#8221;.<\/strong><\/p>\n<\/blockquote>\n<p style=\"text-align: left;\"><span style=\"color: #000080;\">Przemoc ISIS nie ogranicza\u0142a si\u0119 do Iraku i Syrii. ISIS rozros\u0142o si\u0119 do globalnej sieci, kt\u00f3ra przeprowadza\u0142a ataki poza granicami zniszczonego ju\u017c kalifatu. Na przyk\u0142ad 13 listopada 2015 r. 130 os\u00f3b zosta\u0142o zamordowanych, a ponad 300 zosta\u0142o rannych w\u00a0<a style=\"color: #000080;\" href=\"blank\" target=\"_blank\" rel=\"noopener noreferrer\">serii skoordynowanych atak\u00f3w<\/a>\u00a0w Pary\u017cu we Francji. A w czerwcu 2016 r. terrorysta, kt\u00f3ry\u00a0<a style=\"color: #000080;\" href=\"blank\" target=\"_blank\" rel=\"noopener noreferrer\">przysi\u0119ga\u0142 wierno\u015b\u0107 ISIS,<\/a>\u00a0zamordowa\u0142 49 os\u00f3b w gejowskim klubie nocnym w Orlando na Florydzie.<\/span><\/p>\n<p style=\"text-align: left;\"><span style=\"color: #000080;\">Pytanie brzmi: dlaczego niekt\u00f3re du\u017ce zachodnie korporacje medialne wyra\u017anie opowiadaj\u0105 si\u0119 po stronie ludob\u00f3jczej grupy terrorystycznej, a nie po stronie jej niewinnych ofiarach?<\/span><\/p>\n<p style=\"text-align: left;\"><span style=\"color: #000080;\">Inni obro\u0144cy ofiar islamskiego terroryzmu r\u00f3wnie\u017c pot\u0119pili spos\u00f3b, w jaki niekt\u00f3re zachodnie media przedstawiaj\u0105 cz\u0142onk\u00f3w ISIS. Juliana Taimoorazy, za\u0142o\u017cycielka i przewodnicz\u0105ca\u00a0<a style=\"color: #000080;\" href=\"blank\" target=\"_blank\" rel=\"noopener noreferrer\">Iraqi Christian Relief Council<\/a>, od 2007 roku pomaga ocala\u0142ym z islamskiego terroryzmu, w tym ISIS. Powiedzia\u0142a Gatestone:<\/span><\/p>\n<blockquote>\n<p style=\"text-align: left;\"><strong>&#8220;Uwa\u017cam, \u017ce to policzek wymierzony w twarze tych wszystkich, kt\u00f3rzy cierpieli z r\u0105k terroryst\u00f3w, nie tylko ISIS, ale innych kult\u00f3w \u015bmierci, takich jak Boko Haram. To plucie w twarz wszystkim tym, kt\u00f3rych bliscy zostali zamordowani i nie mam na my\u015bli tylko Jazyd\u00f3w, Asyryjczyk\u00f3w czy Nigeryjczyk\u00f3w, ale wszystkich niewinnych ludzi Zachodu, kt\u00f3rzy zgin\u0119li z powodu islamskiego terroryzmu, jak we Francji, Wielkiej Brytanii, Stanach Zjednoczonych i innych krajach. Media ca\u0142kowicie utraci\u0142y swoje warto\u015bci moralne. Co jest dla mnie smutniejsze, to \u017ce my, jako spo\u0142ecze\u0144stwo, stali\u015bmy si\u0119 znieczuleni na rzeczy, kt\u00f3re kiedy\u015b by\u0142y oburzaj\u0105ce. Jeste\u015bmy bici, by zaakceptowa\u0107 i nie m\u00f3wi\u0107 ani nie podejmowa\u0107 powa\u017cnych dzia\u0142a\u0144 przeciwko temu, co jest niesprawiedliwe &#8220;.<\/strong><\/p>\n<\/blockquote>\n<\/div>\n<hr style=\"height: 15px; background: #d0e6fa; width: 100%;\" \/>\n<div id=\"content\" class=\"content-alignment\">\n<div id=\"watch-description\" class=\"yt-uix-button-panel\">\n<div id=\"watch-description-text\" style=\"text-align: center;\">\n<p><em>Zawarto\u015b\u0107 publikowanych artyku\u0142\u00f3w i materia\u0142\u00f3w nie reprezentuje pogl\u0105d\u00f3w ani opinii Reunion&#8217;68,<\/em><em><br \/>\nani te\u017c webmastera Blogu Reunion&#8217;68, chyba ze jest to wyra\u017anie zaznaczone.<br \/>\nTwoje uwagi, linki, w\u0142asne artyku\u0142y lub wiadomo\u015bci prze\u015blij na adres:<br \/>\n<\/em><span style=\"color: #000080;\"><strong><em><a style=\"color: #000080;\" href=\"mailto:webmaster@reunion68.com\"><span style=\"text-decoration: underline;\">webmaster@reunion68.com<\/span><\/a><\/em><\/strong><\/span><\/p>\n<\/div>\n<\/div>\n<\/div>\n<hr style=\"width: 100%;\" \/>\n","protected":false},"excerpt":{"rendered":"<p>Wiele zachodnich medi\u00f3w przedstawia Shamim\u0119 Begum, by\u0142\u0105 &#8220;pann\u0119 m\u0142od\u0105 ISIS&#8221;, nie tylko jako ofiar\u0119, ale tak\u017ce celebrytk\u0119. Panny m\u0142ode ISIS bra\u0142y udzia\u0142 w ludob\u00f3jstwie ISIS i zbrodniach przeciwko ludzko\u015bci. ISIS zamordowa\u0142o tysi\u0105ce ludzi i przymusowo wysiedli\u0142o setki tysi\u0119cy, zw\u0142aszcza ze spo\u0142eczno\u015bci niemuzu\u0142ma\u0144skich, w tym Jazyd\u00f3w i chrze\u015bcijan. Na zdj\u0119ciu: Jazydzi w obozie dla ludzi wewn\u0119trznie [&hellip;]<\/p>\n","protected":false},"author":1,"featured_media":0,"comment_status":"closed","ping_status":"closed","sticky":false,"template":"","format":"standard","meta":[],"categories":[6],"tags":[26,24],"_links":{"self":[{"href":"https:\/\/www.reunion68.se\/index.php?rest_route=\/wp\/v2\/posts\/102706"}],"collection":[{"href":"https:\/\/www.reunion68.se\/index.php?rest_route=\/wp\/v2\/posts"}],"about":[{"href":"https:\/\/www.reunion68.se\/index.php?rest_route=\/wp\/v2\/types\/post"}],"author":[{"embeddable":true,"href":"https:\/\/www.reunion68.se\/index.php?rest_route=\/wp\/v2\/users\/1"}],"replies":[{"embeddable":true,"href":"https:\/\/www.reunion68.se\/index.php?rest_route=%2Fwp%2Fv2%2Fcomments&post=102706"}],"version-history":[{"count":8,"href":"https:\/\/www.reunion68.se\/index.php?rest_route=\/wp\/v2\/posts\/102706\/revisions"}],"predecessor-version":[{"id":102718,"href":"https:\/\/www.reunion68.se\/index.php?rest_route=\/wp\/v2\/posts\/102706\/revisions\/102718"}],"wp:attachment":[{"href":"https:\/\/www.reunion68.se\/index.php?rest_route=%2Fwp%2Fv2%2Fmedia&parent=102706"}],"wp:term":[{"taxonomy":"category","embeddable":true,"href":"https:\/\/www.reunion68.se\/index.php?rest_route=%2Fwp%2Fv2%2Fcategories&post=102706"},{"taxonomy":"post_tag","embeddable":true,"href":"https:\/\/www.reunion68.se\/index.php?rest_route=%2Fwp%2Fv2%2Ftags&post=102706"}],"curies":[{"name":"wp","href":"https:\/\/api.w.org\/{rel}","templated":true}]}}