{"id":102748,"date":"2023-03-10T17:00:06","date_gmt":"2023-03-10T15:00:06","guid":{"rendered":"http:\/\/www.reunion68.se\/?p=102748"},"modified":"2023-03-10T14:05:41","modified_gmt":"2023-03-10T12:05:41","slug":"16-09-77","status":"publish","type":"post","link":"https:\/\/www.reunion68.se\/?p=102748","title":{"rendered":"&#8220;Widok\u00f3wka&#8221; &#8211; czytanie performatywne"},"content":{"rendered":"<h5 style=\"text-align: center;\"><a href=\"https:\/\/www.teatr-zydowski.art.pl\/\" target=\"_blank\" rel=\"noopener noreferrer\"><img decoding=\"async\" class=\"center alignleft\" src=\"http:\/\/www.reunion68.com\/Biuletyn\/img\/teatr-g1.png\" alt=\"\" width=\"25%\" \/><\/a><span style=\"text-decoration: underline; color: #000080;\"><span style=\"text-decoration: underline;\"><strong><a style=\"color: #000080; text-decoration: underline;\" href=\"https:\/\/www.teatr-zydowski.art.pl\/wydarzenia\/widokowka-czytanie-performatywne\" target=\"_blank\" rel=\"noopener noreferrer\">&#8220;Widok\u00f3wka&#8221; &#8211; czytanie performatywne<\/a><\/strong><\/span><\/span><\/h5>\n<p style=\"text-align: center;\"><span style=\"color: #000000;\"><strong>Teatr \u017bydowski im. Estery Rachel i Idy Kami\u0144skich Centrum Kultury Jidysz<\/strong><\/span><\/p>\n<hr style=\"height: 15px; background: #d0e6fa; width: 100%;\" \/>\n<div class=\"page\">\n<header class=\"header\" role=\"banner\">\n<h4 class=\"header__region logo layout-center stickynav-processed\" style=\"text-align: center;\"><span style=\"color: #000000;\"><strong>2 marca o godz. 19:00 zapraszamy na Scen\u0119 Kameraln\u0105 Teatru \u017bydowskiego na czytanie performatywne..<\/strong><\/span><\/h4>\n<\/header>\n<div class=\"layout-center\">\n<div class=\"layout-swap\"><main class=\"layout-swap__bottom main-content\"><\/p>\n<div class=\"layout-18col layout-18col--with-border\">\n<div class=\"layout-18col__col-2\">\n<div class=\"ds-2col-stacked-fluid node node-wydarzenie node-promoted node-sticky view-mode-full  clearfix\">\n<div class=\"group-header\">\n<h4 class=\"title\" style=\"text-align: center;\"><strong>&#8220;Widok\u00f3wka&#8221; &#8211; czytanie performatywne<\/strong><\/h4>\n<p>.<\/p>\n<\/div>\n<div class=\"group-left\">\n<div class=\"cover\">\n<p><a class=\"colorbox colorbox-insert-image init-colorbox-processed cboxElement\" title=\"&quot;Widok\u00f3wka&quot; - czytanie performatywne \" href=\"https:\/\/www.teatr-zydowski.art.pl\/sites\/default\/files\/respondr\/tresc\/wydarzenie\/2023\/03\/widokowka-czytanie-performatywne\/ikona\/telegram1.jpg\" data-colorbox-gallery=\"gallery-all\"><img decoding=\"async\" class=\"aligncenter\" title=\"&quot;Widok\u00f3wka&quot; - czytanie performatywne \" src=\"https:\/\/www.teatr-zydowski.art.pl\/sites\/default\/files\/respondr\/styles\/news_image\/public\/tresc\/wydarzenie\/2023\/03\/widokowka-czytanie-performatywne\/ikona\/telegram1.jpg?itok=mf0ldXjA\" alt=\"\" width=\"100% class=\" \/><\/a><\/p>\n<\/div>\n<\/div>\n<div class=\"group-right\">\n<div class=\"field field-name-body\">\n<p>.<\/p>\n<h5 style=\"text-align: left;\"><span style=\"color: #000080;\">22 marca o godz. 19:00 zapraszamy na Scen\u0119 Kameraln\u0105 Teatru \u017bydowskiego na czytanie performatywne. Scenariusz powsta\u0142 na podstawie \u201eWidok\u00f3wki\u201d Aleksandra Rotnera oraz fragment\u00f3w \u201eJeste\u015bmy. Rozstania 68\u201d Teresy Tora\u0144skiej.<\/span><\/h5>\n<h5 style=\"text-align: left;\"><span style=\"color: #000080;\">\u201eWidok\u00f3wka\u201d to podr\u00f3\u017c do marca 1968 roku. Studenckie strajki opanowa\u0142y Polsk\u0119, wrze na Uniwersytetach ale Polska Zjednoczona Partia Robotnicza nie \u015bpi. Wszak to niemo\u017cliwe aby polskiemu spo\u0142ecze\u0144stwu przesta\u0142 si\u0119 podoba\u0107 socjalizm. A zatem za fal\u0105 strajk\u00f3w zapewne stali jacy\u015b Obcy. Trzeba by\u0142o kogo\u015b obwini\u0107, a do obwiniania o cokolwiek nikt nigdy si\u0119\u00a0 lepiej nie nadawa\u0142 od \u017byd\u00f3w. I tak w 1968 roku Polska wyplu\u0142a w \u015bwiat ludzi, kt\u00f3rzy mieszkali tu od zawsze, byli polskimi obywatelami, zostawili\u00a0 swoje domy, przyjaci\u00f3\u0142 i osoby, kt\u00f3re kochali.<\/span><\/h5>\n<hr \/>\n<h4 style=\"text-align: center;\"><strong>WIDOK\u00d3WKA<\/strong><\/h4>\n<p style=\"padding-left: 40px;\"><strong>re\u017c. <\/strong><\/p>\n<p style=\"padding-left: 80px;\"><strong><span style=\"color: #000080;\">Karolina Kirsz<\/span><\/strong><\/p>\n<p><strong>Obsada:<\/strong><\/p>\n<p style=\"padding-left: 80px;\"><span style=\"color: #000080;\"><strong>Sylwia Najah<\/strong><\/span><br \/>\n<span style=\"color: #000080;\"><strong>Rafa\u0142 Rutowicz<\/strong><\/span><br \/>\n<span style=\"color: #000080;\"><strong>Izabella Rzeszowska<\/strong><\/span><br \/>\n<span style=\"color: #000080;\"><strong>Piotr Sierecki<\/strong><\/span><br \/>\n<span style=\"color: #000080;\"><strong>Piotr Siwek<\/strong><\/span><br \/>\n<span style=\"color: #000080;\"><strong>Monika Soszka<\/strong><\/span><br \/>\n<span style=\"color: #000080;\"><strong>Alina \u015awidowska<\/strong><\/span><br \/>\n<span style=\"color: #000080;\"><strong>Jacek Mazurkiewicz<\/strong><\/span><\/p>\n<hr \/>\n<\/div>\n<\/div>\n<h4 class=\"block__title\" style=\"text-align: center;\"><strong>KONTAKT<\/strong><\/h4>\n<div class=\"content\" style=\"text-align: center;\">\n<h5><strong>Teatr \u017bydowski im. Estery Rachel i Idy Kami\u0144skich<\/strong><br \/>\n<strong>Centrum Kultury Jidysz<\/strong><\/h5>\n<p><span style=\"color: #000080;\">ul. Senatorska 35<\/span><br \/>\n<span style=\"color: #000080;\">00-099 Warszawa<\/span><\/p>\n<p><span style=\"color: #000080;\">22 526 20 15<\/span><br \/>\n<span style=\"color: #000080;\">22 620 70 25<\/span><\/p>\n<p><span style=\"color: #000080;\"><a style=\"color: #000080;\" href=\"mailto:sekretariat@teatr-zydowski.art.pl\" data-extlink=\"\">sekretariat@teatr-zydowski.art.pl<span class=\"mailto\"><span class=\"element-invisible\">(link sends e-mail)<\/span><\/span><\/a><\/span><\/p>\n<hr \/>\n<\/div>\n<\/div>\n<div id=\"block-block-48\" class=\"block block-block even\" style=\"text-align: center;\">\n<h4 class=\"block__title\"><span style=\"color: #000000;\"><strong>KASA<\/strong><\/span><\/h4>\n<div class=\"content\">\n<p><span style=\"color: #000080;\">Kasy teatru znajduj\u0105 si\u0119 w Klubie Dow\u00f3dztwa Garnizonu w Warszawie, aleja Niepodleg\u0142o\u015bci 141a oraz w siedzibie Teatru \u017bydowskiego przy ul. Senatorskiej 35.<\/span><\/p>\n<p><span style=\"color: #000080;\">Godziny otwarcia kas:<\/span><\/p>\n<p><span style=\"color: #000080;\">od poniedzia\u0142ku do pi\u0105tku: 10.00 &#8211; 18.00<\/span><\/p>\n<p><span style=\"color: #000080;\">w dniu grania spektaklu: 10.00 \u2013 do rozpocz\u0119cia spektaklu<\/span><\/p>\n<p><span style=\"color: #000080;\">sobota i niedziela: 15.00 \u2013 do rozpocz\u0119cia spektaklu (tylko w dniach, kiedy na danej scenie grany jest spektakl)<\/span><\/p>\n<p><span style=\"color: #000080;\"><a class=\"get-ticket\" style=\"color: #000080;\" href=\"https:\/\/www.teatr-zydowski.art.pl\/repertuar\">Kup bilet<\/a><\/span><\/p>\n<\/div>\n<\/div>\n<div id=\"block-views-partnerzy-block\" class=\"block block-views last odd\">\n<div class=\"content\">\n<div class=\"view view-partnerzy view-id-partnerzy view-display-id-block partners view-dom-id-75c7fdc6bce14c23b83b23d32d1b0db5\">\n<div class=\"view-content\" style=\"text-align: center;\">\n<div class=\"item-list clearfix\">\n<p><span style=\"color: #000080;\"><a style=\"color: #000080;\" href=\"https:\/\/www.gov.pl\/web\/kultura\" target=\"_blank\" rel=\"noopener noreferrer\"><img decoding=\"async\" loading=\"lazy\" class=\"auto_image_style landscape\" title=\"Ministerstwo Kultury i Dziedzictwa Narodowego\" src=\"https:\/\/www.teatr-zydowski.art.pl\/sites\/default\/files\/respondr\/styles\/partner_logo_landscape\/public\/tresc\/partners\/mkidn-logo-pl.png?itok=iSDY-frp\" alt=\"Ministerstwo Kultury i Dziedzictwa Narodowego\" width=\"213\" height=\"60\" \/><\/a><\/span><\/p>\n<\/div>\n<\/div>\n<div class=\"view-footer\">\n<div class=\"views-row views-row-1\" style=\"text-align: center;\">\n<p><span style=\"color: #000080;\">Instytucja kultury Miasta Sto\u0142ecznego Warszawy<\/span><\/p>\n<p><a href=\"http:\/\/www.um.warszawa.pl\/\" target=\"_blank\" rel=\"noopener noreferrer\"><img decoding=\"async\" loading=\"lazy\" class=\"auto_image_style landscape\" title=\"Instytucja kultury Miasta Sto\u0142ecznego Warszawy\" src=\"https:\/\/www.teatr-zydowski.art.pl\/sites\/default\/files\/respondr\/styles\/partner_logo_landscape\/public\/tresc\/partners\/znak-promocyjny-warszawy.png?itok=nIHI-kiJ\" alt=\"Instytucja kultury Miasta Sto\u0142ecznego Warszawy\" width=\"101\" height=\"60\" \/><\/a><\/p>\n<\/div>\n<div class=\"views-row views-row-2\"><img decoding=\"async\" loading=\"lazy\" class=\"auto_image_style landscape aligncenter\" title=\"kicket.com\" src=\"https:\/\/www.teatr-zydowski.art.pl\/sites\/default\/files\/respondr\/styles\/partner_logo_landscape\/public\/tresc\/partners\/kicket.png?itok=V-sgYKhf\" alt=\"kicket.com\" width=\"166\" height=\"60\" \/><\/div>\n<\/div>\n<\/div>\n<\/div>\n<\/div>\n<\/div>\n<\/div>\n<p><\/main><\/div>\n<div class=\"region region-bottom\">\n<div class=\"layout-center\">\n<div class=\"layout-18col\">\n<div class=\"layout-18col__col-2 region-bottom__content\">\n<div id=\"block-menu-menu-footer-menu\" class=\"block block-menu first odd\" role=\"navigation\">\n<div class=\"content\">\n<hr \/>\n<p style=\"text-align: left;\"><span style=\"color: #808080;\"><em>\u00a9 Teatr \u017bydowski, realizacja \u2014 <a style=\"color: #808080;\" href=\"https:\/\/www.ratioweb.pl\/pl\" target=\"_blank\" rel=\"noopener noreferrer\" data-extlink=\"\">RatioWeb<span class=\"ext\"><span class=\"element-invisible\">(link is external)<\/span><\/span><\/a><\/em><\/span><\/p>\n<\/div>\n<\/div>\n<\/div>\n<\/div>\n<\/div>\n<\/div>\n<hr style=\"height: 15px; background: #d0e6fa; width: 100%;\" \/>\n<div id=\"content\" class=\"content-alignment\">\n<div id=\"watch-description\" class=\"yt-uix-button-panel\">\n<div id=\"watch-description-text\" style=\"text-align: center;\">\n<p><em>Zawarto\u015b\u0107 publikowanych artyku\u0142\u00f3w i materia\u0142\u00f3w nie reprezentuje pogl\u0105d\u00f3w ani opinii Reunion&#8217;68,<\/em><em><br \/>\nani te\u017c webmastera Blogu Reunion&#8217;68, chyba ze jest to wyra\u017anie zaznaczone.<br \/>\nTwoje uwagi, linki, w\u0142asne artyku\u0142y lub wiadomo\u015bci prze\u015blij na adres:<br \/>\n<\/em><span style=\"color: #000080;\"><strong><em><a style=\"color: #000080;\" href=\"mailto:webmaster@reunion68.com\"><span style=\"text-decoration: underline;\">webmaster@reunion68.com<\/span><\/a><\/em><\/strong><\/span><\/p>\n<\/div>\n<\/div>\n<\/div>\n<hr style=\"width: 100%;\" \/>\n<\/div>\n<\/div>\n","protected":false},"excerpt":{"rendered":"<p>&#8220;Widok\u00f3wka&#8221; &#8211; czytanie performatywne Teatr \u017bydowski im. Estery Rachel i Idy Kami\u0144skich Centrum Kultury Jidysz 2 marca o godz. 19:00 zapraszamy na Scen\u0119 Kameraln\u0105 Teatru \u017bydowskiego na czytanie performatywne.. &#8220;Widok\u00f3wka&#8221; &#8211; czytanie performatywne . . 22 marca o godz. 19:00 zapraszamy na Scen\u0119 Kameraln\u0105 Teatru \u017bydowskiego na czytanie performatywne. Scenariusz powsta\u0142 na podstawie \u201eWidok\u00f3wki\u201d Aleksandra [&hellip;]<\/p>\n","protected":false},"author":1,"featured_media":0,"comment_status":"closed","ping_status":"closed","sticky":false,"template":"","format":"standard","meta":[],"categories":[6],"tags":[26,24],"_links":{"self":[{"href":"https:\/\/www.reunion68.se\/index.php?rest_route=\/wp\/v2\/posts\/102748"}],"collection":[{"href":"https:\/\/www.reunion68.se\/index.php?rest_route=\/wp\/v2\/posts"}],"about":[{"href":"https:\/\/www.reunion68.se\/index.php?rest_route=\/wp\/v2\/types\/post"}],"author":[{"embeddable":true,"href":"https:\/\/www.reunion68.se\/index.php?rest_route=\/wp\/v2\/users\/1"}],"replies":[{"embeddable":true,"href":"https:\/\/www.reunion68.se\/index.php?rest_route=%2Fwp%2Fv2%2Fcomments&post=102748"}],"version-history":[{"count":21,"href":"https:\/\/www.reunion68.se\/index.php?rest_route=\/wp\/v2\/posts\/102748\/revisions"}],"predecessor-version":[{"id":102773,"href":"https:\/\/www.reunion68.se\/index.php?rest_route=\/wp\/v2\/posts\/102748\/revisions\/102773"}],"wp:attachment":[{"href":"https:\/\/www.reunion68.se\/index.php?rest_route=%2Fwp%2Fv2%2Fmedia&parent=102748"}],"wp:term":[{"taxonomy":"category","embeddable":true,"href":"https:\/\/www.reunion68.se\/index.php?rest_route=%2Fwp%2Fv2%2Fcategories&post=102748"},{"taxonomy":"post_tag","embeddable":true,"href":"https:\/\/www.reunion68.se\/index.php?rest_route=%2Fwp%2Fv2%2Ftags&post=102748"}],"curies":[{"name":"wp","href":"https:\/\/api.w.org\/{rel}","templated":true}]}}