{"id":102813,"date":"2023-03-12T17:00:43","date_gmt":"2023-03-12T15:00:43","guid":{"rendered":"http:\/\/www.reunion68.se\/?p=102813"},"modified":"2023-03-12T15:49:15","modified_gmt":"2023-03-12T13:49:15","slug":"18-00-78","status":"publish","type":"post","link":"https:\/\/www.reunion68.se\/?p=102813","title":{"rendered":"\u201eMarcowe opowie\u015bci z TSK\u017b w tle\u201d cz. 1,2,3,4,5"},"content":{"rendered":"<h5 style=\"text-align: center;\"><a href=\"https:\/\/www.youtube.com\/\" target=\"_blank\" rel=\"noopener noreferrer\"><img decoding=\"async\" class=\"center alignleft\" src=\"http:\/\/www.reunion68.com\/Biuletyn\/img\/tskz.png\" alt=\"\" width=\"35%\" \/><\/a><span style=\"text-decoration: underline; color: #000080;\"><span style=\"text-decoration: underline;\"><strong><a style=\"color: #000080; text-decoration: underline;\" href=\"https:\/\/www.youtube.com\/watch?v=UCbKv4cTkjg\" target=\"_blank\" rel=\"noopener noreferrer\">\u201eMarcowe opowie\u015bci z TSK\u017b w tle\u201d cz. 1,2,3,4,5<\/a><\/strong><\/span><\/span><\/h5>\n<p style=\"text-align: center;\"><span style=\"color: #000000;\"><strong><br \/>\nTowarzystwo Spo\u0142eczno-Kulturalne \u017byd\u00f3w w Polsce<\/strong><\/span><\/p>\n<hr style=\"height: 15px; background: #d0e6fa; width: 100%;\" \/>\n<div id=\"content\" class=\"content-alignment\">\n<div id=\"watch-description\" class=\"yt-uix-button-panel\">\n<div id=\"watch-description-text\" style=\"text-align: center;\">\n<p><iframe loading=\"lazy\" title=\"\u201eMarcowe opowie\u015bci z TSK\u017b w tle\u201d cz. 1\" src=\"https:\/\/www.youtube.com\/embed\/UCbKv4cTkjg\" width=\"680\" height=\"400\" frameborder=\"0\" allowfullscreen=\"allowfullscreen\"><\/iframe><\/p>\n<\/div>\n<\/div>\n<\/div>\n<hr \/>\n<div id=\"content\" class=\"content-alignment\">\n<div id=\"watch-description\" class=\"yt-uix-button-panel\">\n<div id=\"watch-description-text\" style=\"text-align: center;\">\n<p><iframe loading=\"lazy\" title=\"\u201eMarcowe opowie\u015bci z TSK\u017b w tle\u201d cz.2\" src=\"https:\/\/www.youtube.com\/embed\/1aMU0A94P2c\" width=\"680\" height=\"400\" frameborder=\"0\" allowfullscreen=\"allowfullscreen\"><\/iframe><\/p>\n<\/div>\n<\/div>\n<\/div>\n<hr \/>\n<div id=\"content\" class=\"content-alignment\">\n<div id=\"watch-description\" class=\"yt-uix-button-panel\">\n<div id=\"watch-description-text\" style=\"text-align: center;\">\n<p><iframe loading=\"lazy\" title=\"&quot;Marcowe opowie\u015bci z TSK\u017b w tle&quot; cz.3\" src=\"https:\/\/www.youtube.com\/embed\/0I9cJa8nF9s\" width=\"680\" height=\"400\" frameborder=\"0\" allowfullscreen=\"allowfullscreen\"><\/iframe><\/p>\n<\/div>\n<\/div>\n<\/div>\n<hr \/>\n<div id=\"content\" class=\"content-alignment\">\n<div id=\"watch-description\" class=\"yt-uix-button-panel\">\n<div id=\"watch-description-text\" style=\"text-align: center;\">\n<p><iframe loading=\"lazy\" title=\"&quot;Marcowe opowie\u015bci z TSK\u017b w tle&quot; cz.4\" src=\"https:\/\/www.youtube.com\/embed\/FFKPS1dX-fM\" width=\"680\" height=\"400\" frameborder=\"0\" allowfullscreen=\"allowfullscreen\"><\/iframe><\/p>\n<\/div>\n<\/div>\n<\/div>\n<hr \/>\n<div id=\"content\" class=\"content-alignment\">\n<div id=\"watch-description\" class=\"yt-uix-button-panel\">\n<div id=\"watch-description-text\" style=\"text-align: center;\">\n<p><iframe loading=\"lazy\" title=\"&quot;Marcowe opowie\u015bci z TSK\u017b w tle&quot; cz. 5\" src=\"https:\/\/www.youtube.com\/embed\/SA1Qi-2ijTk\" width=\"680\" height=\"400\" frameborder=\"0\" allowfullscreen=\"allowfullscreen\"><\/iframe><\/p>\n<\/div>\n<\/div>\n<\/div>\n<p style=\"text-align: left;\">.<br \/>\n<span style=\"color: #000080;\">\u201eMarcowe opowie\u015bci z TSK\u017b w tle\u201d to nowy cykl reporta\u017cy przygotowany we wsp\u00f3\u0142pracy z dziennikark\u0105 i varsavianistk\u0105 Hann\u0105 Dzieli\u0144sk\u0105 (Hank\u0105 Warszawiank\u0105). W reporta\u017cach nasi rozm\u00f3wcy opowiedzieli m.in. Czy czuj\u0105 si\u0119 bardziej \u017bydami czy Polakami? Gdzie toczy\u0142o si\u0119 \u017cycie \u017cydowskie w powojennej Polsce? Jak na nich oraz ich bliskich wp\u0142yn\u0119\u0142y wydarzenia \u201eMarca\u201968\u201d? a tak\u017ce jak potoczy\u0142y si\u0119 losy tych kt\u00f3rzy wyemigrowali na fali \u201ewydarze\u0144 marcowych\u201d oraz tych kt\u00f3rzy pozostali. Rozm\u00f3wcami Hanny Dzieli\u0144skiej s\u0105: R\u00f3\u017ca, Luba, Sabina, Lucyna, Ignacy, Artur, Marek, Rubin, Miko\u0142aj, Marcin, Edward, Larissa, Wojciech, Anatol i Jerzy. Wsparcia merytorycznego udzielili: Anna Gru\u017clewska, Tamara W\u0142odarczyk oraz Rados\u0142aw Ptaszy\u0144ski. W pierwszym odcinku przekonamy si\u0119, jak w tu\u017c powojennej rzeczywisto\u015bci odnajdywali si\u0119 ocaleni z Holocaustu; dlaczego najwi\u0119ksze skupiska \u017cydowskie powsta\u0142y na zachodzie kraju i jakich trzeba by\u0142o sposob\u00f3w, by w zgrzebnych latach czterdziestych i pi\u0119\u0107dziesi\u0105tych ca\u0142a Polska by\u0142a elegancka. W odcinku wyst\u0105pili: R\u00f3\u017ca Kr\u00f3l , Luba Zylber- Tarczy\u0144ska, Sabina Jasiecka, Miko\u0142aj Rozen, Edward Odoner, Lucyna Rojzen-Siedlecka, Rubin Kielersztajn , Jerzy Kichler, Anatol Kaszen, Marek Huf, Marcin Winterfeld, Ignacy Einhorn, Artur Hofman oraz Anna Gru\u017clewska, Tamara W\u0142odarczyk i Rados\u0142aw Ptaszy\u0144ski. Scenariusz i realizacja: Hanna Dzieli\u0144ska Zdj\u0119cia, d\u017awi\u0119k, monta\u017c: Szymon Zaj\u0105c T\u0142umaczenie na j\u0119zyk angielski: Klaudia Szczupak Aby uruchomi\u0107 napisy w j\u0119zyku angielskim wci\u015bnij (c) lub kliknij w ikon\u0119 &#8220;ustawienia&#8221;, a nast\u0119pnie wybierz opcj\u0119 &#8220;w\u0142\u0105cz napisy&#8221; Wi\u0119cej informacji na naszej stronie internetowej (<span class=\"yt-core-attributed-string--link-inherit-color\"><a class=\"yt-core-attributed-string__link yt-core-attributed-string__link--display-type yt-core-attributed-string__link--call-to-action-color\" style=\"color: #000080;\" tabindex=\"0\" href=\"https:\/\/www.youtube.com\/redirect?event=video_description&amp;redir_token=QUFFLUhqa2xfcHh0VFJ1UnBtOUlBQ19LZEJwSlRBOFQwd3xBQ3Jtc0trYlRmUHRxR3lPaGdJZVJqbHNmRF9QcXFsYVJlVHlaVFFIcU81cVowMXoyYm9GQmxzNDhIQk1mM0ZVcEdwSExzSl9HMGxteFFlaDFfd19JUnJycEZOdVczTEJ1eWVyT0NtQTVpcmFFdy1pY3pkWUdvcw&amp;q=https%3A%2F%2Fwww.tskz.pl%2F&amp;v=UCbKv4cTkjg\" target=\"_blank\" rel=\"nofollow noopener noreferrer\">https:\/\/www.tskz.pl<\/a><\/span>) oraz Facebooku (<span class=\"yt-core-attributed-string--link-inherit-color\"><a class=\"yt-core-attributed-string__link yt-core-attributed-string__link--display-type yt-core-attributed-string__link--call-to-action-color\" style=\"color: #000080;\" tabindex=\"0\" href=\"https:\/\/www.youtube.com\/redirect?event=video_description&amp;redir_token=QUFFLUhqbTk1dkZ3ZGFlUU4yMVhIMGVwZ3I2WVcxM1Z4QXxBQ3Jtc0traUp5cW1oNml2V3ctcmtGQXhIVWVXd1VZd3k4QjFFNGNqNGpsNnpVa2RJX1dPVVlVWklNems4VjE2aDhRZG5kTnZLMlRyc25lTXRPVDFnMWlfUDRMcUdiYTU2aXBvSl9JSkhOUU83Vk55RXFZWG5uYw&amp;q=https%3A%2F%2Fwww.facebook.com%2FTSKZwP%2F&amp;v=UCbKv4cTkjg\" target=\"_blank\" rel=\"nofollow noopener noreferrer\">https:\/\/www.facebook.com\/TSKZwP\/<\/a><\/span>) Hanna Dzieli\u0144ska (Hanka Warszawianka) \u2013 dziennikarka, kt\u00f3ra prac\u0119 w telewizji zmieni\u0142a na prac\u0119 przewodnika miejskiego. Autorka niebanalnych wycieczek, firmowych integracji (r\u00f3wnie\u017c online), wyk\u0142ad\u00f3w i wycieczek online, spersonalizowanych publikacji o Warszawie, ksi\u0105\u017cek i serii przewodnik\u00f3w dla dzieci \u201eDetektywi w wielkim mie\u015bcie\u201d. Popularyzatorka wiedzy o mie\u015bcie. Znajdziesz j\u0105 na <span class=\"yt-core-attributed-string--link-inherit-color\"><a class=\"yt-core-attributed-string__link yt-core-attributed-string__link--display-type yt-core-attributed-string__link--call-to-action-color\" style=\"color: #000080;\" tabindex=\"0\" href=\"https:\/\/www.youtube.com\/redirect?event=video_description&amp;redir_token=QUFFLUhqbnp0X0dDNTJCeHB4YkZvWV9aYnZJbEpuUklhQXxBQ3Jtc0trcWpSakk5MkIwZ3FnVlJMZHdhUS12WFZobVg1RzhtemZrSXFOMER1N1dzY3Y4Y1BtVTdDei1qcGR0LXNjQ1J4cW9IVF9QOWRYVzltTkNIemo3czJVdGVvUWlVekY0U2JJdUxTVGNmSnlXNUVXZGdlMA&amp;q=https%3A%2F%2Fwww.hankawarszawianka.com%2F&amp;v=UCbKv4cTkjg\" target=\"_blank\" rel=\"nofollow noopener noreferrer\">https:\/\/www.hankawarszawianka.com<\/a><\/span> Je\u015bli chcia\u0142by\u015b zg\u0142\u0119bi\u0107 wiedz\u0119 dotycz\u0105c\u0105 wydarze\u0144 \u201eMarca \u201868\u201d &#8211; pobierz Spacerowniki do samodzielnego eksplorowania Warszawy: \u201eZanim przyszed\u0142 Marzec\u201d, \u201eWarszawski Marzec\u201968\u201d <span class=\"yt-core-attributed-string--link-inherit-color\"><a class=\"yt-core-attributed-string__link yt-core-attributed-string__link--display-type yt-core-attributed-string__link--call-to-action-color\" style=\"color: #000080;\" tabindex=\"0\" href=\"https:\/\/www.youtube.com\/redirect?event=video_description&amp;redir_token=QUFFLUhqa1Y0WVlXSTFYd2oxSWZnelRzbHVyMWo3c1RTZ3xBQ3Jtc0ttNndRZWV1cXA2LWVtdUxsQ2pPcXlPb0UyT3k1NW5aaFU3aUhOWjhxNnlmWUpKZ1VqYVhXNENIcDkyWjNoMDVIQWlXN1pfdENKdXdaY2E5elROMDRiZmVfd19yMkdibm1zUVBSZnREeG1YaU4tX0drZw&amp;q=http%3A%2F%2Ftskz.pl%2Fodkrywamy-zatarte-slady-zydowskiej-warszawy-pobierz-spacerowniki%2F&amp;v=UCbKv4cTkjg\" target=\"_blank\" rel=\"nofollow noopener noreferrer\">http:\/\/tskz.pl\/odkrywamy-zatarte-slad&#8230;<\/a><\/span> Zrealizowano dzi\u0119ki dotacji Ministra Spraw Wewn\u0119trznych i Administracji<\/span><\/p>\n<hr style=\"height: 15px; background: #d0e6fa; width: 100%;\" \/>\n<div id=\"content\" class=\"content-alignment\">\n<div id=\"watch-description\" class=\"yt-uix-button-panel\">\n<div id=\"watch-description-text\" style=\"text-align: center;\">\n<p><em>Zawarto\u015b\u0107 publikowanych artyku\u0142\u00f3w i materia\u0142\u00f3w nie reprezentuje pogl\u0105d\u00f3w ani opinii Reunion&#8217;68,<\/em><em><br \/>\nani te\u017c webmastera Blogu Reunion&#8217;68, chyba ze jest to wyra\u017anie zaznaczone.<br \/>\nTwoje uwagi, linki, w\u0142asne artyku\u0142y lub wiadomo\u015bci prze\u015blij na adres:<br \/>\n<\/em><span style=\"color: #000080;\"><strong><em><a style=\"color: #000080;\" href=\"mailto:webmaster@reunion68.com\"><span style=\"text-decoration: underline;\">webmaster@reunion68.com<\/span><\/a><\/em><\/strong><\/span><\/p>\n<\/div>\n<\/div>\n<\/div>\n<hr style=\"width: 100%;\" \/>\n","protected":false},"excerpt":{"rendered":"<p>\u201eMarcowe opowie\u015bci z TSK\u017b w tle\u201d cz. 1,2,3,4,5 Towarzystwo Spo\u0142eczno-Kulturalne \u017byd\u00f3w w Polsce . \u201eMarcowe opowie\u015bci z TSK\u017b w tle\u201d to nowy cykl reporta\u017cy przygotowany we wsp\u00f3\u0142pracy z dziennikark\u0105 i varsavianistk\u0105 Hann\u0105 Dzieli\u0144sk\u0105 (Hank\u0105 Warszawiank\u0105). W reporta\u017cach nasi rozm\u00f3wcy opowiedzieli m.in. Czy czuj\u0105 si\u0119 bardziej \u017bydami czy Polakami? Gdzie toczy\u0142o si\u0119 \u017cycie \u017cydowskie w powojennej [&hellip;]<\/p>\n","protected":false},"author":1,"featured_media":0,"comment_status":"closed","ping_status":"closed","sticky":false,"template":"","format":"standard","meta":[],"categories":[6],"tags":[26,24],"_links":{"self":[{"href":"https:\/\/www.reunion68.se\/index.php?rest_route=\/wp\/v2\/posts\/102813"}],"collection":[{"href":"https:\/\/www.reunion68.se\/index.php?rest_route=\/wp\/v2\/posts"}],"about":[{"href":"https:\/\/www.reunion68.se\/index.php?rest_route=\/wp\/v2\/types\/post"}],"author":[{"embeddable":true,"href":"https:\/\/www.reunion68.se\/index.php?rest_route=\/wp\/v2\/users\/1"}],"replies":[{"embeddable":true,"href":"https:\/\/www.reunion68.se\/index.php?rest_route=%2Fwp%2Fv2%2Fcomments&post=102813"}],"version-history":[{"count":7,"href":"https:\/\/www.reunion68.se\/index.php?rest_route=\/wp\/v2\/posts\/102813\/revisions"}],"predecessor-version":[{"id":102832,"href":"https:\/\/www.reunion68.se\/index.php?rest_route=\/wp\/v2\/posts\/102813\/revisions\/102832"}],"wp:attachment":[{"href":"https:\/\/www.reunion68.se\/index.php?rest_route=%2Fwp%2Fv2%2Fmedia&parent=102813"}],"wp:term":[{"taxonomy":"category","embeddable":true,"href":"https:\/\/www.reunion68.se\/index.php?rest_route=%2Fwp%2Fv2%2Fcategories&post=102813"},{"taxonomy":"post_tag","embeddable":true,"href":"https:\/\/www.reunion68.se\/index.php?rest_route=%2Fwp%2Fv2%2Ftags&post=102813"}],"curies":[{"name":"wp","href":"https:\/\/api.w.org\/{rel}","templated":true}]}}