{"id":102835,"date":"2023-03-25T17:09:06","date_gmt":"2023-03-25T15:09:06","guid":{"rendered":"http:\/\/www.reunion68.se\/?p=102835"},"modified":"2023-03-24T15:33:07","modified_gmt":"2023-03-24T13:33:07","slug":"19-05-84","status":"publish","type":"post","link":"https:\/\/www.reunion68.se\/?p=102835","title":{"rendered":"Filozof w trzech s\u0142owach  Zygmunt Bauman: Izrael"},"content":{"rendered":"<p style=\"text-align: center;\"><img decoding=\"async\" class=\"aligncenter\" src=\"https:\/\/api.culture.pl\/sites\/default\/files\/styles\/1200_630\/public\/2021-07\/_bauman_grzegorz_lepiarz.jpg\" width=\"100%\"><span style=\"color: #808080;\"><em>Zygmunt Bauman, fot. Grzegorz Lepiarz<\/em><\/span><\/p>\n<hr>\n<h5 style=\"text-align: center;\"><a href=\"https:\/\/culture.pl\/\" target=\"_blank\" rel=\"noopener noreferrer\"><img decoding=\"async\" class=\"center alignleft\" src=\"http:\/\/www.reunion68.com\/Biuletyn\/img\/culture-2.png\" alt=\"\" width=\"35%\"><\/a><span style=\"text-decoration: underline; color: #000080;\"><span><strong><a style=\"color: #000080; text-decoration: underline;\" href=\"https:\/\/culture.pl\/pl\/artykul\/filozof-w-trzech-slowach-42-zygmunt-bauman-izrael\" target=\"_blank\" rel=\"noopener noreferrer\">Filozof w trzech s\u0142owach Zygmunt Bauman: Izrael<\/a><\/strong><\/span><\/span><\/h5>\n<p style=\"text-align: center;\"><span style=\"color: #000000;\"><strong>Piotr Nowak<\/strong><\/span><\/p>\n<hr style=\"height: 15px; background: #d0e6fa; width: 100%;\">\n<p style=\"text-align: left;\"><span style=\"color: #000080;\">Min\u0119\u0142o bez ma\u0142a 80 lat od zako\u0144czenia wojny \u015bwiatowej. Przez ten czas ocala\u0142ych od Zag\u0142ady \u017byd\u00f3w chroni\u0142a &#8220;tarcza nazizmu&#8221;. Skoro Hitler ostatecznie poha\u0144bi\u0142 antysemityzm \u2013 m\u00f3wiono \u2013 nikt przy zdrowych zmys\u0142ach nie b\u0119dzie na nich nastawa\u0142 ani ich atakowa\u0142 bez nara\u017cenia si\u0119 na ma\u0142o wybredny epitet pogrobowca niemieckich nazist\u00f3w. Ten stan rzeczy zmieni\u0142 si\u0119 za spraw\u0105 polityki lewicy, kt\u00f3ra postanowi\u0142a odkorkowa\u0107 butelk\u0119 ze z\u0142ym duchem antysemityzmu, uwolni\u0107 go i pu\u015bci\u0107 w \u015bwiat. Niech niszczy.<\/span><\/p>\n<p style=\"text-align: left;\"><span style=\"color: #000080;\">Na \u017byd\u00f3w zn\u00f3w zacz\u0119to \u0142ypa\u0107 z\u0142ym okiem, przygl\u0105daj\u0105c si\u0119 im coraz bardziej natarczywie. M\u00f3wi\u0142 o tym podczas uroczysto\u015bci 75. rocznicy wyzwolenia Auschwitz Ronald Lauder, przewodnicz\u0105cy \u015awiatowego Kongresu \u017byd\u00f3w. &#8220;\u017baden kraj \u2013 cytuj\u0119 jego s\u0142owa \u2013 nie przyj\u0105\u0142 \u017byd\u00f3w, kiedy o to b\u0142agali. Dlatego \u017bydzi potrzebuj\u0105 Izraela. Zbudowali \u017cyw\u0105 demokracj\u0119 w miejscu, w kt\u00f3rym demokracja nie istnieje. Tworzyli cud za cudem. \u017baden inny kraj na \u015bwiecie nie musia\u0142 tego robi\u0107. Za to ONZ, dziennikarze i przyw\u00f3dcy rz\u0105d\u00f3w oskar\u017caj\u0105 ich i pot\u0119piaj\u0105. Izrael jest stawiany pod pr\u0119gierzem tych samych k\u0142amstw, kt\u00f3re s\u0142yszeli\u015bmy o narodzie \u017cydowskim od wiek\u00f3w. Kiedy \u015bwiat zobaczy\u0142 komory gazowe i sterty cia\u0142, nikt nie chcia\u0142 by\u0107 wi\u0105zany z nazistami. A teraz? Nastroje anty\u017cydowskie zn\u00f3w si\u0119 pojawiaj\u0105 na \u015bwiecie. I zn\u00f3w pojawiaj\u0105 si\u0119 te same has\u0142a: \u017bydzi maj\u0105 w\u0142adz\u0119, stoj\u0105 nad \u015bwiatow\u0105 gospodark\u0105. S\u0142ycha\u0107 te g\u0142osy wsz\u0119dzie&#8221;.<\/span><\/p>\n<p style=\"text-align: left;\"><span style=\"color: #000080;\">Przez stulecia pot\u0119piano \u017byd\u00f3w za ich kosmopolityzm, d\u0105\u017cenie do rozmontowania pa\u0144stwa narodowego. Mia\u0142a za to odpowiada\u0107 rozproszona po ca\u0142ym \u015bwiecie rodzina Rothschild\u00f3w, zaanga\u017cowana w tysi\u0105ce sprzecznych i z pozoru wzajemnie znosz\u0105cych si\u0119 interes\u00f3w, jak te\u017c, po drugiej stronie barykady, Karol Marks z jego ide\u0105 zast\u0105pienia pa\u0144stwa aparatem administracji. Dzi\u015b jednak dezawuuje si\u0119 polityk\u0119 \u017cydowsk\u0105 za co\u015b odwrotnego. Widzi si\u0119 w niej ewidentne &#8220;zacofanie&#8221;, brak my\u015blenia post\u0119powego. Polityka Izraela wyra\u017ca si\u0119 w d\u0105\u017ceniu do stworzenia tworu krzykliwie anachronicznego, jakim jest pa\u0144stwo narodowe. &#8220;Upojeni suwerenn\u0105 pot\u0119g\u0105 \u2013 zauwa\u017ca ironicznie Alain Finkielkraut \u2013 przesi\u0105kni\u0119ci pa\u0144stwowo-narodowym bytem w czasach wielkiej, pokutnej dekonstrukcji pa\u0144stwa-narodu, s\u0105 \u017bydzi jedynym narodem, kt\u00f3ry \u017cyje w warunkach wolno\u015bci absolutnej. Co oznacza, \u017ce do z\u0142udzenia przypominaj\u0105 dawnych antysemit\u00f3w i z niezm\u0105conym spokojem zajmuj\u0105 ich miejsce&#8221;. Je\u017celi \u017bydzi, czy \u015bci\u015blej \u2013 Izraelczycy s\u0105 wsp\u00f3\u0142czesnymi &#8220;antysemitami&#8221;, kto w takim razie jest dzisiaj &#8220;\u017bydem&#8221;? Ot\u00f3\u017c &#8220;\u017bydami&#8221; s\u0105 Palesty\u0144czycy, kt\u00f3rzy, tak samo jak Izraelczycy, d\u0105\u017c\u0105 do stworzenia w\u0142asnej, jak najbardziej partykularnej, bo narodowej i religijnej, pa\u0144stwowo\u015bci. Ale tego si\u0119 im nie pami\u0119ta, a je\u015bli pami\u0119ta, to nie wyrzuca, tylko ignoruje. W\u0142a\u015bnie o tych podw\u00f3jnych standardach, tej hipokryzji \u015bwiatowych mocarstw m\u00f3wi\u0142 Lauder. W oczach \u015bwiata ofiarami s\u0105 wy\u0142\u0105cznie Palesty\u0144czycy. &#8220;Jednym s\u0142owem \u2013 kontynuuje swoj\u0105 my\u015bl Finkielkraut \u2013 tak bardzo troszczyli\u015bmy si\u0119 o Innego, \u017ce w rezultacie posta\u0107 Innego wymaza\u0142a posta\u0107 wroga. Palesty\u0144czycy nie s\u0105 ju\u017c wrogami Izraelczyk\u00f3w, lecz ich Innym. Wojna z wrogiem jest cz\u0119\u015bci\u0105 cz\u0142owiecze\u0144stwa. Wojna wypowiedziana Innemu jest zbrodni\u0105 przeciwko ludzko\u015bci&#8221;.<\/span><\/p>\n<p style=\"text-align: left;\"><span style=\"color: #000080;\">Tak w\u0142a\u015bnie na spraw\u0119 wojny palesty\u0144sko-\u017cydowskiej patrzy Zygmunt Bauman. W rozmowie z Arturem Domos\u0142awskim, do kt\u00f3rej dosz\u0142o na \u0142amach &#8220;Polityki&#8221; r\u00f3wno 10 lat temu, stwierdza on wyra\u017anie i autorytatywnie, \u017ce polityka fakt\u00f3w dokonanych stawia Izrael w rz\u0119dzie prawomocnych dziedzic\u00f3w tradycji hitlerowskiej. Dos\u0142ownie. &#8220;Czym\u017ce jest mur \u2013 pyta Bauman \u2013 wznoszony dzi\u015b wok\u00f3\u0142 teren\u00f3w okupowanych, je\u015bli nie pr\u00f3b\u0105 prze\u015bcigni\u0119cia zleceniodawc\u00f3w muru wok\u00f3\u0142 warszawskiego getta? Zadawanie cierpienia upadla i niszczy moralnie tych, co cierpienie zadaj\u0105 \u2013 a cierpi\u0105cych, wbrew wierzeniom, bynajmniej nie uszlachetnia&#8221;. Na pytanie Domos\u0142awskiego: &#8220;Czy znajduje pan jakie\u015b argumenty, by broni\u0107 czy cho\u0107by rozumie\u0107 tak\u0105 polityk\u0119?&#8221;, polski socjolog odpowiada: &#8220;Nie, nie wiem, gdzie je znale\u017a\u0107. Ale te\u017c ich nie szukam. Wierz\u0119, \u017ce szukanie jest bezcelowe, bo\u0107 &#8220;nieludzko\u015bci&#8221; cz\u0142owiek nie mo\u017ce uzasadni\u0107, nie trac\u0105c cz\u0142owiecze\u0144stwa&#8221;.<\/span><\/p>\n<p style=\"text-align: left;\"><span style=\"color: #000080;\">Co za brednie! Do\u015b\u0107 tego! \u2013 krzyczy Konstanty Gebert, publicysta &#8220;Gazety Wyborczej&#8221; i &#8220;Polityki&#8221;. &#8220;W ka\u017cdej normalnej sytuacji redakcja, kt\u00f3rej zaproponowano by taki pasztet, skierowa\u0142aby tekst do kosza, a autora wywiadu na odwyk. To prawda, trudno jest zrezygnowa\u0107 z wywiadu z jednym z najbardziej, i ca\u0142kiem zas\u0142u\u017cenie, popularnych my\u015blicieli \u015bwiata. Ale szacunek dla jego dorobku, o inteligencji czytelnik\u00f3w nie wspominaj\u0105c, nakazywa\u0142by nie przyjmowa\u0107 jako oczywisto\u015bci haniebnych bzdur Baumana&#8221;. Dla Geberta supozycje Baumana wpisuj\u0105 si\u0119 w nachaln\u0105, zerojedynkow\u0105 krytyk\u0119 polityki pa\u0144stwa Izrael, w kt\u00f3rym dostrzega on wy\u0142\u0105cznie agresora i \u2013 co gorsza \u2013 stra\u017cnika swoich w\u0142asnych, narodowych interes\u00f3w. Gebertowi kojarzy si\u0119 to ca\u0142kiem s\u0142usznie z komunistyczn\u0105 propagand\u0105 pot\u0119piaj\u0105c\u0105 wojn\u0119 sze\u015bciodniowa w 1968 roku. R\u00f3wnie\u017c wtedy w prasie peerelowskiej, w peerelowskich ksi\u0119garniach, zacz\u0119\u0142y ukazywa\u0107 si\u0119 publikacje pot\u0119piaj\u0105ce narodow\u0105 polityk\u0119 Izraela, w kt\u00f3rych zr\u00f3wnywano Moszego Dajana z Adolfem Hitlerem. Je\u015bli wi\u0119c pa\u0144stwo Izrael dziedziczy wprost po Hitlerze \u2013 stwierdza Gebert \u2013 Bauman jawi si\u0119 jako &#8220;Smierdiakow&#8221; polskich nacjonalist\u00f3w komunistycznych, bastard &#8220;natoli\u0144czyk\u00f3w&#8221;, kt\u00f3rzy w marcu 1968 roku podj\u0119li decyzj\u0119 o pozbyciu si\u0119 z Polski jego oraz reszty ocala\u0142ych z Szoa polskich \u017byd\u00f3w. W\u0142a\u015bciwa puenta w tek\u015bcie Konstantego Geberta pojawia si\u0119 na samym pocz\u0105tku, tote\u017c przytocz\u0119 j\u0105, zgodnie z zasadami chronologii, na ko\u0144cu swojego felietonu: &#8220;Profesor Zygmunt Bauman (\u2026) \u015bcigany marcow\u0105 nienawi\u015bci\u0105, wyje\u017cd\u017ca\u0142 w 1968 r. z Polski do Izraela. Wytrzyma\u0142 tam dwa lata i \u2013 jak cz\u0119\u015b\u0107 marcowych imigrant\u00f3w \u2013 uzna\u0142, \u017ce nie chce \u017cy\u0107 w pa\u0144stwie nacjonalistycznym i militarystycznym; wr\u00f3ci\u0142 do Europy, do Wielkiej Brytanii, gdzie \u017cyje do dzi\u015b&#8221;.<\/span><\/p>\n<p style=\"text-align: left;\"><span style=\"color: #000080;\">Zygmunt Bauman odwiedzi\u0142 Polsk\u0119 po raz ostatni w 2013 roku. Zmar\u0142 w 2017 w Leeds. Wielka Brytania, w kt\u00f3rej znalaz\u0142 sw\u00f3j dom, opu\u015bci\u0142a UE w 2020 roku.<\/span><\/p>\n<hr>\n<div class=\"image\" style=\"text-align: left;\"><img decoding=\"async\" class=\"alignleft\" title=\"Piotr Nowak, photo: Krzysztof Rosi\u0144ski\" src=\"https:\/\/api.culture.pl\/sites\/default\/files\/styles\/user_thumbnail\/public\/users\/nowak.jpeg?itok=3ZJ2QbGV\" alt=\"Piotr Nowak\"><span style=\"color: #808080;\"><em>Autor: <a class=\"\" style=\"color: #808080;\" href=\"https:\/\/culture.pl\/pl\/autor\/piotr-nowak\"><strong>Piotr Nowak<\/strong> &#8211; <\/a>Filo\u00adzof, pro\u00adfe\u00adsor zwy\u00adczajny, wyk\u0142ada filo\u00adzo\u00adfi\u0119 na Uni\u00adwer\u00adsy\u00adte\u00adcie w&nbsp;Bia\u00ad\u0142ym\u00adstoku i&nbsp;Uni\u00adwer\u00adsy\u00adte\u00adcie War\u00adszaw\u00adskim, autor wielu ksi\u0105\u00ad\u017cek, z&nbsp;kt\u00f3\u00adrych naj\u00adbar\u00addziej lubi \u201eUmie\u00adram, wi\u0119c jestem\u201d (z&nbsp;przedmow\u0105 pro\u00adfe\u00adsora Juliu\u00adsza Doma\u0144\u00adskiego). Sw\u00f3j sto\u00adsu\u00adnek do zba\u00adwie\u00adnia naj\u00adpe\u0142\u00adniej wyra\u00adzi\u0142 w&nbsp;przy\u00adgo\u00adto\u00adwa\u00adnym i&nbsp;prze\u00adt\u0142u\u00adma\u00adczo\u00adnym przez sie\u00adbie wybo\u00adrze pism Wasi\u00adlija Roza\u00adnowa \u201ePrzez \u015bmier\u0107\u201d. T\u0142u\u00admacz, redak\u00adtor, wydawca. Wyr\u00f3\u017c\u00adniony \u201eSkrzy\u00add\u0142ami Dedala\u201d (2019) za \u201ePrze\u00admoc i&nbsp;s\u0142owa. W&nbsp;kr\u0119gu filo\u00adzo\u00adfii poli\u00adtycz\u00adnej Han\u00adnah Arendt\u201d. Zast\u0119pca redak\u00adtora naczel\u00adnego w&nbsp;kwar\u00adtal\u00adniku filo\u00adzo\u00adficz\u00adnym Kro\u00adnos. Meta\u00adfi\u00adzyka \u2013 Reli\u00adgia \u2013 Kul\u00adtura. W&nbsp;TVP Kul\u00adtura pro\u00adwa\u00addzi autor\u00adskie pro\u00adgramy \u201eKro\u00adnos\u201d i&nbsp;\u201ePowi\u00addoki\u201d. Przez wi\u0119k\u00adszo\u015b\u0107 \u017cycia \u0107wi\u00adczy\u0142 judo w&nbsp;AZS-ie na Karo\u00adwej.<\/em><\/span><\/div>\n<hr style=\"height: 15px; background: #d0e6fa; width: 100%;\">\n<div id=\"content\" class=\"content-alignment\">\n<div id=\"watch-description\" class=\"yt-uix-button-panel\">\n<div id=\"watch-description-text\" style=\"text-align: center;\">\n<p><em>Zawarto\u015b\u0107 publikowanych artyku\u0142\u00f3w i materia\u0142\u00f3w nie reprezentuje pogl\u0105d\u00f3w ani opinii Reunion&#8217;68,<\/em><em><br \/>\nani te\u017c webmastera Blogu Reunion&#8217;68, chyba ze jest to wyra\u017anie zaznaczone.<br \/>\nTwoje uwagi, linki, w\u0142asne artyku\u0142y lub wiadomo\u015bci prze\u015blij na adres:<br \/>\n<\/em><span style=\"color: #000080;\"><strong><em><a style=\"color: #000080;\" href=\"mailto:webmaster@reunion68.com\"><span style=\"text-decoration: underline;\">webmaster@reunion68.com<\/span><\/a><\/em><\/strong><\/span><\/p>\n<\/div>\n<\/div>\n<\/div>\n<hr style=\"width: 100%;\">\n","protected":false},"excerpt":{"rendered":"<p>Zygmunt Bauman, fot. Grzegorz Lepiarz Filozof w trzech s\u0142owach Zygmunt Bauman: Izrael Piotr Nowak Min\u0119\u0142o bez ma\u0142a 80 lat od zako\u0144czenia wojny \u015bwiatowej. Przez ten czas ocala\u0142ych od Zag\u0142ady \u017byd\u00f3w chroni\u0142a &#8220;tarcza nazizmu&#8221;. Skoro Hitler ostatecznie poha\u0144bi\u0142 antysemityzm \u2013 m\u00f3wiono \u2013 nikt przy zdrowych zmys\u0142ach nie b\u0119dzie na nich nastawa\u0142 ani ich atakowa\u0142 bez nara\u017cenia [&hellip;]<\/p>\n","protected":false},"author":1,"featured_media":0,"comment_status":"closed","ping_status":"closed","sticky":false,"template":"","format":"standard","meta":[],"categories":[6],"tags":[26,24],"_links":{"self":[{"href":"https:\/\/www.reunion68.se\/index.php?rest_route=\/wp\/v2\/posts\/102835"}],"collection":[{"href":"https:\/\/www.reunion68.se\/index.php?rest_route=\/wp\/v2\/posts"}],"about":[{"href":"https:\/\/www.reunion68.se\/index.php?rest_route=\/wp\/v2\/types\/post"}],"author":[{"embeddable":true,"href":"https:\/\/www.reunion68.se\/index.php?rest_route=\/wp\/v2\/users\/1"}],"replies":[{"embeddable":true,"href":"https:\/\/www.reunion68.se\/index.php?rest_route=%2Fwp%2Fv2%2Fcomments&post=102835"}],"version-history":[{"count":11,"href":"https:\/\/www.reunion68.se\/index.php?rest_route=\/wp\/v2\/posts\/102835\/revisions"}],"predecessor-version":[{"id":102861,"href":"https:\/\/www.reunion68.se\/index.php?rest_route=\/wp\/v2\/posts\/102835\/revisions\/102861"}],"wp:attachment":[{"href":"https:\/\/www.reunion68.se\/index.php?rest_route=%2Fwp%2Fv2%2Fmedia&parent=102835"}],"wp:term":[{"taxonomy":"category","embeddable":true,"href":"https:\/\/www.reunion68.se\/index.php?rest_route=%2Fwp%2Fv2%2Fcategories&post=102835"},{"taxonomy":"post_tag","embeddable":true,"href":"https:\/\/www.reunion68.se\/index.php?rest_route=%2Fwp%2Fv2%2Ftags&post=102835"}],"curies":[{"name":"wp","href":"https:\/\/api.w.org\/{rel}","templated":true}]}}