{"id":102867,"date":"2023-03-14T17:09:35","date_gmt":"2023-03-14T15:09:35","guid":{"rendered":"http:\/\/www.reunion68.se\/?p=102867"},"modified":"2023-03-14T09:18:35","modified_gmt":"2023-03-14T07:18:35","slug":"20-09-82","status":"publish","type":"post","link":"https:\/\/www.reunion68.se\/?p=102867","title":{"rendered":"92,5% Palesty\u0144czyk\u00f3w zabitych w tym roku by\u0142o cz\u0142onkami grup terrorystycznych lub brali czynny udzia\u0142 w atakach"},"content":{"rendered":"<p><img decoding=\"async\" class=\"aligncenter\" src=\"https:\/\/blogger.googleusercontent.com\/img\/b\/R29vZ2xl\/AVvXsEjkrQM5ySMwCChmMOF3RMhWitfQvn6Ul117vV3uxzkiMeYGOEYrz5rcNvWirJ8mR9ngFKUgUq89CJ676fFczzwsCD-PGmEPLNwEfGT3O7l7v-232Ytz2nsTBjHPAlvHY82KQuFhrmoDrDAoOPUXAzb4EVUJ8FFEesX1vr_chNrrJyMNLhCPLx0\/s1080\/FrA8FcLXsAAWxMb.jpg\" width=\"100%\" \/><\/p>\n<hr \/>\n<h5 style=\"text-align: center;\"><a href=\"http:\/\/www.listyznaszegosadu.pl\/\" target=\"_blank\" rel=\"noopener noreferrer\"><img decoding=\"async\" class=\"center alignleft\" src=\"http:\/\/www.reunion68.com\/Biuletyn\/img\/z-naszego.jpg\" alt=\"\" width=\"50%\" \/><\/a><span style=\"text-decoration: underline; color: #000080;\"><span style=\"text-decoration: underline;\"><strong><a style=\"color: #000080; text-decoration: underline;\" href=\"http:\/\/www.listyznaszegosadu.pl\/syjonizm\/92-5-palestynczykalw-zabitych-w-tym-roku-bylo-czlonkami-grup-terrorystycznych-lub-brali-czynny-udzial-w-atakach\" target=\"_blank\" rel=\"noopener noreferrer\">92,5% Palesty\u0144czyk\u00f3w zabitych w tym roku by\u0142o cz\u0142onkami grup terrorystycznych lub brali czynny udzia\u0142 w atakach<\/a><\/strong><\/span><\/span><\/h5>\n<p style=\"text-align: center;\"><span style=\"color: #000000;\"><strong>Elder of Ziyon<br \/>\n<\/strong><span style=\"color: #808080;\">T\u0142umaczenie:<\/span><strong> Ma\u0142gorzata Koraszewska<\/strong><\/span><\/p>\n<hr style=\"height: 15px; background: #d0e6fa; width: 100%;\" \/>\n<div class=\"templateArticleIngress\">\n<p style=\"text-align: left;\"><span style=\"color: #000080;\">Podobnie jak w zesz\u0142ym roku, Adin Haykin dokumentuje\u00a0<strong><a style=\"color: #000080;\" href=\"about:blank\">ka\u017cdy przypadek Palesty\u0144czyka zabitego<\/a><\/strong>\u00a0przez si\u0142y izraelskie na Zachodnim Brzegu [w Judei i Samarii, MK] w tym roku i wyja\u015bnia okoliczno\u015bci.<\/span><\/p>\n<p style=\"text-align: left;\"><span style=\"color: #000080;\">Umie\u015bci\u0142em jego aktualny w\u0105tek w\u00a0<strong><a style=\"color: #000080;\" href=\"about:blank\">po\u015bcie w\u0105tk\u00f3w na Twitterze.<\/a><\/strong><\/span><\/p>\n<p style=\"text-align: left;\"><span style=\"color: #000080;\">Spo\u015br\u00f3d 80 zabitych w tym roku naliczy\u0142em sze\u015bciu, kt\u00f3rzy byli niezaanga\u017cowanymi cywilami.\u00a0(Licz\u0119 jako cywila ojca, kt\u00f3ry zosta\u0142 postrzelony podczas pr\u00f3by powstrzymania aresztowania syna).<\/span><\/p>\n<p style=\"text-align: left;\"><span style=\"color: #000080;\">Oznacza to, \u017ce 92,5% zabitych by\u0142o aktywnymi uczestnikami dzia\u0142a\u0144 wojennych z broni\u0105 w r\u0119ku.\u00a0Dotyczy to r\u00f3wnie\u017c\u00a0<strong>ka\u017cdego nieletniego<\/strong>\u00a0zabitego w tym roku.<\/span><\/p>\n<p style=\"text-align: left;\"><span style=\"color: #000080;\">Jest r\u00f3wnie\u017c ca\u0142kiem mo\u017cliwe, \u017ce niekt\u00f3rzy z wymienionych cywil\u00f3w zostali zabici przez palesty\u0144ski ogie\u0144, kt\u00f3ry, jak widzieli\u015bmy, by\u0142 do\u015b\u0107 chaotyczny.<\/span><\/p>\n<p><img decoding=\"async\" class=\"aligncenter\" src=\"https:\/\/blogger.googleusercontent.com\/img\/b\/R29vZ2xl\/AVvXsEjmK35v21UIucbNPRtbdupJzf949BaKStGnKUzSMAuuAnxf5HIUhYuKFfcUayV5Ppip9VGwI8CUOnFdDoq4CVaF6-0e53vlPJ_5Mbpsd9jQ2RpaFR-eeQ_MAMzYUDuesNwcOfFAFEo3FJ3JX12qL0HpgBkCGdKz_Zz4fSsW248rbgjIVHENKHw\/s1083\/windowguy.jpg\" width=\"100%\" \/><\/p>\n<p style=\"text-align: left;\"><span style=\"color: #000080;\">O ile wiem, nigdy w historii walk miejskich odsetek zabitych niewinnych cywil\u00f3w nie by\u0142 tak niski.<\/span><\/p>\n<p style=\"text-align: left;\"><span style=\"color: #000080;\">Dla kontrastu, ponad 50% zabitych w operacji Banner w Irlandii P\u00f3\u0142nocnej przez armi\u0119 brytyjsk\u0105 stanowili niezaanga\u017cowani cywile.<\/span><\/p>\n<p style=\"text-align: left;\"><span style=\"color: #000080;\">Zachodnie wojska w Iraku, Afganistanie i Syrii nigdy nie osi\u0105gn\u0119\u0142y niczego zbli\u017conego do tego rekordu.<\/span><\/p>\n<p style=\"text-align: left;\"><span style=\"color: #000080;\">Media g\u0142\u00f3wnego nurtu k\u0142ad\u0105 nacisk na niezaanga\u017cowane ofiary, tak jak oczywi\u015bcie powinny. Ale nie rozpatruj\u0105 ich \u015bmierci w kontek\u015bcie faktu, \u017ce IDF znacznie wykracza poza to, co jest uwa\u017cane za akceptowalne przez ka\u017cd\u0105 inn\u0105 armi\u0119 w dotychczasowej historii, zw\u0142aszcza gdy IDF cz\u0119sto dzia\u0142a w niezwykle trudnym \u015brodowisku, kiedy ze wszystkich stron atakuj\u0105 miotacze kamieni i bomby zapalaj\u0105ce.<\/span><\/p>\n<p style=\"text-align: left;\"><span style=\"color: #000080;\">Gdyby jakakolwiek inna armia znalaz\u0142a si\u0119 pod tym samym mikroskopem, co IDF, wygl\u0105da\u0142aby w por\u00f3wnaniu okropnie.<\/span><\/p>\n<p style=\"text-align: left;\"><span style=\"color: #000080;\">Na przyk\u0142ad \u201eNew York Times\u201d doni\u00f3s\u0142 w 2021 roku o ataku si\u0142 ameryka\u0144skich pi\u0119\u0107 lat wcze\u015bniej, o kt\u00f3rym nikt nie wiedzia\u0142:<\/span><\/p>\n<p style=\"text-align: left;\"><span style=\"color: #000080;\">Tu\u017c przed 3 nad ranem 19 lipca 2016 r. ameryka\u0144skie si\u0142y operacji specjalnych zbombardowa\u0142y trzy \u201emiejsca postojowe\u201d ISIS na obrze\u017cach Tochar, nadrzecznej wioski w p\u00f3\u0142nocnej Syrii. Zg\u0142osili \u015bmier\u0107 85 bojownik\u00f3w. W rzeczywisto\u015bci uderzyli w domy daleko od linii frontu, gdzie rolnicy, ich rodziny i inni miejscowi szukali nocnego schronienia przed bombardowaniami i ostrza\u0142em. Zgin\u0119\u0142o ponad 120 wie\u015bniak\u00f3w.<\/span><\/p>\n<p style=\"text-align: left;\"><span style=\"color: #000080;\">Czy pami\u0119tacie mo\u017ce, \u017ce czytali\u015bcie o tym incydencie lub dziesi\u0105tkach innych, kt\u00f3re zosta\u0142y odkryte w tej historii przy u\u017cyciu danych Pentagonu? Nie, sprawa znikn\u0119\u0142a z radar\u00f3w medi\u00f3w w mgnieniu oka.<\/span><\/p>\n<p style=\"text-align: left;\"><span style=\"color: #000080;\">Teraz wyobra\u017acie sobie tsunami relacji z wielu serwis\u00f3w informacyjnych, rezolucje ONZ i pot\u0119pienia ze strony ka\u017cdego kraju na planecie, kt\u00f3re powsta\u0142yby, gdyby Izrael zabi\u0142 120 cywil\u00f3w podczas nalotu i twierdzi\u0142, \u017ce by\u0142 to udany atak na dziesi\u0105tki bojownik\u00f3w.<\/span><\/p>\n<p style=\"text-align: left;\"><span style=\"color: #000080;\">To s\u0105 nie tylko podw\u00f3jne standardy. To jest traktowanie Izraela jako wyj\u0105tkowo z\u0142ego i ignorowanie o wiele, wiele gorszych rzeczy robionych przez \u201edobrych ludzi\u201d.<\/span><\/p>\n<p style=\"text-align: left;\"><span style=\"color: #000080;\">I na tym polega ca\u0142a sprawa. Krytycy Izraela nie chc\u0105, aby\u015bcie znali ten kontekst, kiedy oskar\u017caj\u0105 Izrael o zbrodnie wojenne. Nie chc\u0105, \u017ceby\u015bcie widzieli, jak Izrael wypada w por\u00f3wnaniu z innymi armiami. Nigdy nie tworz\u0105 modeli 3D ameryka\u0144skich bombardowa\u0144 przyj\u0119\u0107 weselnych.<\/span><\/p>\n<p style=\"text-align: left;\"><span style=\"color: #000080;\">Jest tylko jedno mo\u017cliwe wyt\u0142umaczenie, dlaczego Izrael znalaz\u0142 si\u0119 pod mikroskopem elektronowym za wykonywanie zdumiewaj\u0105cych wyczyn\u00f3w namierzania tylko terroryst\u00f3w, oraz praktycznie ignorowanie straszliwych b\u0142\u0119d\u00f3w, jakie pope\u0142nia ka\u017cda inna profesjonalna armia zachodnia. To nie jest \u201etroska o pieni\u0105dze podatnik\u00f3w\u201d, \u201eproblemy humanitarne\u201d ani \u017cadna z dziesi\u0105tek innych wym\u00f3wek u\u017cywanych do usprawiedliwienia tej obsesji na punkcie tego, jak Izrael walczy z terroryzmem. \u017badna z zachodnich armii, kt\u00f3re bez skrupu\u0142\u00f3w bombardowa\u0142y dziesi\u0105tki niewinnych ludzi, nie musia\u0142a obawia\u0107 si\u0119 bezpo\u015bredniego zagro\u017cenia, \u017ce kto\u015b prze\u015blizgnie si\u0119 przez nieszczeln\u0105 granic\u0119 i zaatakuje w\u0142asnych obywateli, kt\u00f3rzy mieszkaj\u0105 zaledwie kilka kilometr\u00f3w dalej.<\/span><\/p>\n<p style=\"text-align: left;\"><span style=\"color: #000080;\">Jedynym wyt\u0142umaczeniem jest antysemityzm.<\/span><\/p>\n<p style=\"text-align: left;\"><span style=\"color: #000080;\">Mo\u017ce nie jawny, neonazistowski, ale tej szalonej obsesji na punkcie znajdowania wszystkiego z\u0142ego w Izraelu broni\u0105cym si\u0119 przed prawdziwymi, bezpo\u015brednimi zagro\u017ceniami, ignoruj\u0105c codzienny palesty\u0144ski terror, nie da si\u0119 logicznie wyja\u015bni\u0107 w \u017caden inny spos\u00f3b ni\u017c stwierdzeniem, \u017ce zak\u0142ada si\u0119, \u017ce pa\u0144stwo \u017cydowskie jest automatycznie zbrodnicze, analogicznie do takiego samego za\u0142o\u017cenia wobec \u017byd\u00f3w, jakie panowa\u0142o przez tysi\u0105ce lat.<\/span><\/p>\n<p style=\"text-align: left;\"><span style=\"color: #000080;\">Naprawd\u0119 niezwyk\u0142\u0105 rzecz\u0105 jest to, \u017ce IDF, podobnie jak \u017bydzi na przestrzeni dziej\u00f3w, nie odpowiadaj\u0105, m\u00f3wi\u0105c, \u017ce r\u00f3wnie dobrze mog\u0105 zachowywa\u0107 si\u0119 w spos\u00f3b, o kt\u00f3ry s\u0105 oskar\u017cani. Zamiast tego nadal ulepszaj\u0105 swoje metody i d\u0105\u017c\u0105 do osi\u0105gni\u0119cia 100% rekordu zabijania tylko tych, kt\u00f3rzy aktywnie pr\u00f3buj\u0105 ich zabi\u0107 jako pierwsi. (W atakach na ira\u0144skie cele w Syrii s\u0105 bardzo blisko tych 100%).<\/span><\/p>\n<p style=\"text-align: left;\"><span style=\"color: #000080;\">IDF to naprawd\u0119 najbardziej moralna armia na \u015bwiecie. \u017badna inna armia nawet nie jest blisko.<\/span><\/p>\n<hr style=\"height: 15px; background: #d0e6fa; width: 100%;\" \/>\n<div id=\"content\" class=\"content-alignment\">\n<div id=\"watch-description\" class=\"yt-uix-button-panel\">\n<div id=\"watch-description-text\" style=\"text-align: center;\">\n<p><em>Zawarto\u015b\u0107 publikowanych artyku\u0142\u00f3w i materia\u0142\u00f3w nie reprezentuje pogl\u0105d\u00f3w ani opinii Reunion&#8217;68,<\/em><em><br \/>\nani te\u017c webmastera Blogu Reunion&#8217;68, chyba ze jest to wyra\u017anie zaznaczone.<br \/>\nTwoje uwagi, linki, w\u0142asne artyku\u0142y lub wiadomo\u015bci prze\u015blij na adres:<br \/>\n<\/em><span style=\"color: #000080;\"><strong><em><a style=\"color: #000080;\" href=\"mailto:webmaster@reunion68.com\"><span style=\"text-decoration: underline;\">webmaster@reunion68.com<\/span><\/a><\/em><\/strong><\/span><\/p>\n<\/div>\n<\/div>\n<\/div>\n<hr style=\"width: 100%;\" \/>\n<\/div>\n","protected":false},"excerpt":{"rendered":"<p>92,5% Palesty\u0144czyk\u00f3w zabitych w tym roku by\u0142o cz\u0142onkami grup terrorystycznych lub brali czynny udzia\u0142 w atakach Elder of Ziyon T\u0142umaczenie: Ma\u0142gorzata Koraszewska Podobnie jak w zesz\u0142ym roku, Adin Haykin dokumentuje\u00a0ka\u017cdy przypadek Palesty\u0144czyka zabitego\u00a0przez si\u0142y izraelskie na Zachodnim Brzegu [w Judei i Samarii, MK] w tym roku i wyja\u015bnia okoliczno\u015bci. Umie\u015bci\u0142em jego aktualny w\u0105tek w\u00a0po\u015bcie w\u0105tk\u00f3w [&hellip;]<\/p>\n","protected":false},"author":1,"featured_media":0,"comment_status":"closed","ping_status":"closed","sticky":false,"template":"","format":"standard","meta":[],"categories":[6],"tags":[26,24],"_links":{"self":[{"href":"https:\/\/www.reunion68.se\/index.php?rest_route=\/wp\/v2\/posts\/102867"}],"collection":[{"href":"https:\/\/www.reunion68.se\/index.php?rest_route=\/wp\/v2\/posts"}],"about":[{"href":"https:\/\/www.reunion68.se\/index.php?rest_route=\/wp\/v2\/types\/post"}],"author":[{"embeddable":true,"href":"https:\/\/www.reunion68.se\/index.php?rest_route=\/wp\/v2\/users\/1"}],"replies":[{"embeddable":true,"href":"https:\/\/www.reunion68.se\/index.php?rest_route=%2Fwp%2Fv2%2Fcomments&post=102867"}],"version-history":[{"count":6,"href":"https:\/\/www.reunion68.se\/index.php?rest_route=\/wp\/v2\/posts\/102867\/revisions"}],"predecessor-version":[{"id":102877,"href":"https:\/\/www.reunion68.se\/index.php?rest_route=\/wp\/v2\/posts\/102867\/revisions\/102877"}],"wp:attachment":[{"href":"https:\/\/www.reunion68.se\/index.php?rest_route=%2Fwp%2Fv2%2Fmedia&parent=102867"}],"wp:term":[{"taxonomy":"category","embeddable":true,"href":"https:\/\/www.reunion68.se\/index.php?rest_route=%2Fwp%2Fv2%2Fcategories&post=102867"},{"taxonomy":"post_tag","embeddable":true,"href":"https:\/\/www.reunion68.se\/index.php?rest_route=%2Fwp%2Fv2%2Ftags&post=102867"}],"curies":[{"name":"wp","href":"https:\/\/api.w.org\/{rel}","templated":true}]}}