{"id":102914,"date":"2023-03-16T17:09:38","date_gmt":"2023-03-16T15:09:38","guid":{"rendered":"http:\/\/www.reunion68.se\/?p=102914"},"modified":"2023-03-16T10:26:50","modified_gmt":"2023-03-16T08:26:50","slug":"22-09-78","status":"publish","type":"post","link":"https:\/\/www.reunion68.se\/?p=102914","title":{"rendered":"Unia Europejska i administracja Bidena akceptuj\u0105 palesty\u0144skie k\u0142amstwa"},"content":{"rendered":"<p style=\"text-align: center;\"><img decoding=\"async\" class=\"aligncenter\" src=\"https:\/\/www.gatestoneinstitute.org\/pics\/4575.jpg\" width=\"100%\" \/><span style=\"color: #808080;\"><em>To odmowa przyw\u00f3dc\u00f3w palesty\u0144skich zaakceptowania prawa Izraela do istnienia jako ojczyzny narodu \u017cydowskiego zaostrza napi\u0119cia mi\u0119dzy Izraelczykami i \u017bydami. To masowa kampania palesty\u0144skich przyw\u00f3dc\u00f3w pod\u017cegania przeciwko Izraelowi i \u017bydom oraz ci\u0105g\u0142e gloryfikowanie terroryst\u00f3w zaostrza napi\u0119cia mi\u0119dzy Izraelczykami i Palesty\u0144czykami. Na zdj\u0119ciu: prezydent Autonomii Palesty\u0144skiej Mahmoud Abbas przemawia na szczycie Ligi Arabskiej w Kairze, 12 lutego 2023 r. (Zdj\u0119cie: Ahmad Hassan\/AFP via Getty Images)<\/em><\/span><\/p>\n<hr \/>\n<h5 style=\"text-align: center;\"><a href=\"https:\/\/pl.gatestoneinstitute.org\/\" target=\"_blank\" rel=\"noopener noreferrer\"><img decoding=\"async\" class=\"center alignleft\" src=\"https:\/\/pl.gatestoneinstitute.org\/images\/gatestone-logo-1000.gif\" alt=\"\" width=\"35%\" \/><\/a><span style=\"text-decoration: underline; color: #000080;\"><strong><a style=\"color: #000080; text-decoration: underline;\" href=\"https:\/\/pl.gatestoneinstitute.org\/19485\/ue-biden-akceptuja-palestynskie-klamstwa\" target=\"_blank\" rel=\"noopener noreferrer\">Unia Europejska i administracja Bidena akceptuj\u0105 palesty\u0144skie k\u0142amstwa<\/a><\/strong><\/span><\/h5>\n<p style=\"text-align: center;\"><span style=\"color: #000000;\"><strong>Bassam Tawil<br \/>\n<\/strong><span style=\"color: #808080;\"><em>T\u0142umaczenie: <\/em><\/span><strong>Ma\u0142gorzata Koraszewska<\/strong><\/span><\/p>\n<hr style=\"height: 15px; background: #d0e6fa; width: 100%;\" \/>\n<p style=\"text-align: left;\"><span style=\"color: #000080;\">Autonomia Palesty\u0144ska i jej przyw\u00f3dca, Mahmoud Abbas, nadal przekr\u0119ca, przeinacza i przepisuje histori\u0119 \u017byd\u00f3w w ramach trwaj\u0105cej kampanii\u00a0<a style=\"color: #000080;\" href=\"blank\" target=\"_blank\" rel=\"noopener noreferrer\">delegitymizacji<\/a>\u00a0pa\u0144stwa Izrael i narodu \u017cydowskiego. Kampania ma na celu zanegowanie i odrzucenie zwi\u0105zku mi\u0119dzy \u017bydami a Ziemi\u0105 Izraela oraz szerzenie nienawi\u015bci do Izraela i \u017byd\u00f3w.<\/span><\/p>\n<p style=\"text-align: left;\"><span style=\"color: #000080;\">Ta kampania \u2013 kt\u00f3ra przynajmniej w Europie trwa od dziesi\u0119cioleci \u2013 jest ca\u0142kowicie ignorowana zar\u00f3wno przez Uni\u0119 Europejsk\u0105, jak i administracj\u0119 Bidena, kt\u00f3rej przedstawiciele s\u0105 zbyt zaj\u0119ci atakowaniem Izraela, by to zauwa\u017cy\u0107. Przymykaj\u0105c oczy na palesty\u0144skie k\u0142amstwa, fabrykacje i antysemityzm, administracja Bidena i UE wysy\u0142aj\u0105 Palesty\u0144czykom komunikat, \u017ce dalsze demonizowanie Izraela i \u017byd\u00f3w jest ca\u0142kowicie w porz\u0105dku.<\/span><\/p>\n<p style=\"text-align: left;\"><span style=\"color: #000080;\">12 lutego Abbas wzi\u0105\u0142 udzia\u0142 w\u00a0<a style=\"color: #000080;\" href=\"blank\" target=\"_blank\" rel=\"noopener noreferrer\">konferencji<\/a>\u00a0w siedzibie Ligi Arabskiej w stolicy Egiptu Kairze. Konferencja, w kt\u00f3rej uczestniczyli prezydent Egiptu Abdel Fattah al-Sisi i kr\u00f3l Jordanii Abdullah II, mia\u0142a na celu om\u00f3wienie sposob\u00f3w wspierania Arab\u00f3w mieszkaj\u0105cych w stolicy Izraela, Jerozolimie.<\/span><\/p>\n<p style=\"text-align: left;\"><span style=\"color: #000080;\">Przemawiaj\u0105c na tej konferencji, Abbas\u00a0<a style=\"color: #000080;\" href=\"blank\" target=\"_blank\" rel=\"noopener noreferrer\">powt\u00f3rzy\u0142<\/a>\u00a0swoje fa\u0142szywe twierdzenie, \u017ce nie ma \u017cadnego zwi\u0105zku mi\u0119dzy \u017bydami a Jerozolim\u0105, jak r\u00f3wnie\u017c Zachodni\u0105 \u015acian\u0105 Wzg\u00f3rza \u015awi\u0105tynnego, cz\u0119\u015bci\u0105 muru oporowego Drugiej \u015awi\u0105tyni Salomona, kt\u00f3ra zosta\u0142a zniszczona w 67 roku n.e. \u2013 ponad 500 lat przed narodzinami islamskiego proroka Mahometa w 571 roku n.e. \u2013 a teraz muzu\u0142manie twierdz\u0105, \u017ce jest to cz\u0119\u015b\u0107 ich Wzg\u00f3rza \u015awi\u0105tynnego\/Haram al-Szarif. Abbas ponownie ujawni\u0142 swoje antysemickie oblicze, argumentuj\u0105c, \u017ce Izrael zosta\u0142 stworzony, poniewa\u017c Europejczycy chcieli pozby\u0107 si\u0119 \u017byd\u00f3w mieszkaj\u0105cych w ich krajach, podczas gdy w rzeczywisto\u015bci \u017bydzi nieprzerwanie mieszkali na obszarze, najpierw znanym jako Kanaan, kt\u00f3ry obejmowa\u0142 Jude\u0119, od co najmniej\u00a0<a style=\"color: #000080;\" href=\"blank\" target=\"_blank\" rel=\"noopener noreferrer\">1550 p.n.e<\/a>., kiedy Jerycho zosta\u0142o zr\u00f3wnane z ziemi\u0105.<\/span><\/p>\n<p style=\"text-align: left;\"><span style=\"color: #000080;\"><a style=\"color: #000080;\" href=\"blank\" target=\"_blank\" rel=\"noopener noreferrer\">Wed\u0142ug<\/a>\u00a0Abbasa, Palesty\u0144czycy s\u0105 jedynymi, kt\u00f3rzy maj\u0105 prawa do Jerozolimy i jej \u015bwi\u0119tych miejsc, w\u0142\u0105cznie ze \u015acian\u0105 Zachodni\u0105, nazywan\u0105 przez muzu\u0142man\u00f3w \u015acian\u0105 Al-Buraka:<\/span><\/p>\n<blockquote>\n<p style=\"text-align: left;\"><strong>&#8220;Na tej konferencji mamy mo\u017cliwo\u015b\u0107 przedstawienia prawdziwej, udokumentowanej relacji o b\u0142ogos\u0142awionym meczecie Al-Aksa, w tym o \u015bcianie Al-Buraka [\u015aciana Zachodnia], relacji, kt\u00f3ra obala sfabrykowan\u0105 relacj\u0119, na kt\u00f3rej opiera si\u0119 okupacja. My [Palesty\u0144czycy] mamy prawo do Palestyny, Jerozolimy i b\u0142ogos\u0142awionego meczetu Al-Aksa. Tylko my mamy religijne, historyczne i legalne prawo do \u015aciany Al-Buraka, kt\u00f3ry jest, jak powiedzieli\u015bmy wcze\u015bniej, cz\u0119\u015bci\u0105 meczetu Al-Aksa i jest wa\u017cn\u0105 w\u0142asno\u015bci\u0105 islamu&#8221;.<\/strong><\/p>\n<\/blockquote>\n<p style=\"text-align: left;\"><span style=\"color: #000080;\">Abbas stwierdzi\u0142 nast\u0119pnie, \u017ce pomys\u0142 ustanowienia pa\u0144stwa Izrael nie mia\u0142 nic wsp\u00f3lnego z realizacj\u0105 licz\u0105cego dwa tysi\u0105ce lat marzenia \u017byd\u00f3w o swobodnym \u017cyciu we w\u0142asnej ojczy\u017anie. Zamiast tego, przekonywa\u0142 Abbas, Izrael zosta\u0142 stworzony z dw\u00f3ch prostych powod\u00f3w: Europejczycy chcieli pozby\u0107 si\u0119 \u017byd\u00f3w \u017cyj\u0105cych w ich krajach; oraz mieli s\u0142u\u017cy\u0107 interesom &#8220;mocarstw kolonialnych&#8221; na Bliskim Wschodzie.<\/span><\/p>\n<p style=\"text-align: left;\"><span style=\"color: #000080;\">Zdaniem Abbasa brytyjska Deklaracja Balfoura z 1917 r., kt\u00f3ra wspiera\u0142a ustanowienie &#8220;narodowego domu narodu \u017cydowskiego&#8221; w Palestynie, by\u0142a niczym innym jak &#8220;spiskiem\u00a0<a style=\"color: #000080;\" href=\"blank\" target=\"_blank\" rel=\"noopener noreferrer\">prowadzonym<\/a>\u00a0przez Wielk\u0105 Brytani\u0119 i Stany Zjednoczone w celu pozbycia si\u0119 \u017byd\u00f3w z Europy z jednej strony, i za\u0142o\u017cenia tego, co nazywano ich ojczyzn\u0105 narodow\u0105 w Palestynie, by s\u0142u\u017cy\u0142o jako plac\u00f3wka zabezpieczaj\u0105ca interesy kraj\u00f3w kolonialnych, z drugiej&#8221;.<\/span><\/p>\n<p style=\"text-align: left;\"><span style=\"color: #000080;\">Dwa dni po tej najnowszej pr\u00f3bie Abbasa napisania historii na nowo i zaprzeczenia jakiemukolwiek \u017cydowskiemu zwi\u0105zkowi z ziemi\u0105 Izraela, jego przyjaciele z administracji Bidena i niekt\u00f3rych kraj\u00f3w europejskich wydali wsp\u00f3lne\u00a0<a style=\"color: #000080;\" href=\"blank\" target=\"_blank\" rel=\"noopener noreferrer\">o\u015bwiadczenie<\/a>, w kt\u00f3rym zaatakowali Izrael za realizacj\u0119 plan\u00f3w budowy nowych dom\u00f3w dla \u017cydowskich rodzin na Zachodnim Brzegu:<\/span><\/p>\n<blockquote>\n<p style=\"text-align: left;\"><strong>&#8220;My \u2013 ministrowie spraw zagranicznych Francji, Niemiec i W\u0142och, minister spraw zagranicznych Wielkiej Brytanii i sekretarz stanu Stan\u00f3w Zjednoczonych \u2013 jeste\u015bmy g\u0142\u0119boko zaniepokojeni o\u015bwiadczeniem rz\u0105du izraelskiego, \u017ce chce budowa\u0107 prawie 10 tysi\u0119cy jednostek osadniczych&#8230; Stanowczo sprzeciwiamy si\u0119 tym jednostronnym dzia\u0142aniom, kt\u00f3re s\u0142u\u017c\u0105 jedynie zaostrzeniu napi\u0119\u0107 mi\u0119dzy Izraelczykami a Palesty\u0144czykami i os\u0142abiaj\u0105 wysi\u0142ki na rzecz osi\u0105gni\u0119cia wynegocjowanego rozwi\u0105zania w postaci dw\u00f3ch pa\u0144stw. Nadal uwa\u017cnie monitorujemy rozw\u00f3j sytuacji w terenie, kt\u00f3ry wp\u0142ywa na \u017cywotno\u015b\u0107 rozwi\u0105zania w postaci dw\u00f3ch pa\u0144stw i stabilno\u015b\u0107 w ca\u0142ym regionie&#8221;.<\/strong><\/p>\n<\/blockquote>\n<p style=\"text-align: left;\"><span style=\"color: #000080;\">Nie trzeba dodawa\u0107, \u017ce o\u015bwiadczenie Francji, Niemiec, W\u0142och, Wielkiej Brytanii i USA ca\u0142kowicie zignorowa\u0142o trwaj\u0105c\u0105 kampani\u0119 Abbasa maj\u0105c\u0105 na celu oczernianie Izraela, demonizowanie \u017byd\u00f3w, zaprzeczanie ich historii i prawom do Izraela i \u015aciany Zachodniej. W rzeczywisto\u015bci UE wsp\u00f3\u0142pracuje z Palesty\u0144czykami, aby przej\u0105\u0107 jak najwi\u0119cej ziemi, aby stworzy\u0107 &#8220;fakty dokonane w terenie&#8221; w du\u017cym regionie &#8220;Obszaru C&#8221;, kt\u00f3ry oficjalnie jest pod kontrol\u0105 Izraela.<\/span><\/p>\n<p style=\"text-align: left;\"><span style=\"color: #000080;\">O\u015bwiadczenie ca\u0142kowicie ignoruje tak\u017ce gloryfikacj\u0119 terroryst\u00f3w przez palesty\u0144skich przyw\u00f3dc\u00f3w i palesty\u0144ski program &#8220;p\u0142acy za zab\u00f3jstwa&#8221;, kt\u00f3ry zach\u0119ca Palesty\u0144czyk\u00f3w do mordowania \u017byd\u00f3w przez nagradzanie\u00a0<a style=\"color: #000080;\" href=\"blank\" target=\"_blank\" rel=\"noopener noreferrer\">morderc\u00f3w<\/a>\u00a0i ich rodzin.<\/span><\/p>\n<p style=\"text-align: left;\"><span style=\"color: #000080;\">Dla UE i administracji Bidena budowa nowych dom\u00f3w przez rodziny \u017cydowskie stanowi wi\u0119ksze niebezpiecze\u0144stwo ni\u017c antysemickie uwagi i ludob\u00f3jcza retoryka\u00a0<a style=\"color: #000080;\" href=\"blank\" target=\"_blank\" rel=\"noopener noreferrer\">Abbasa<\/a>\u00a0innych Palesty\u0144czyk\u00f3w (na przyk\u0142ad\u00a0<a style=\"color: #000080;\" href=\"blank\" target=\"_blank\" rel=\"noopener noreferrer\">tutaj<\/a>,\u00a0<a style=\"color: #000080;\" href=\"blank\" target=\"_blank\" rel=\"noopener noreferrer\">tutaj<\/a>\u00a0i\u00a0<a style=\"color: #000080;\" href=\"blank\" target=\"_blank\" rel=\"noopener noreferrer\">tutaj<\/a>).<\/span><\/p>\n<p style=\"text-align: left;\"><span style=\"color: #000080;\">Przedstawiciele Francji, Niemiec, W\u0142och, Wielkiej Brytanii i USA k\u0142ami\u0105 wszystkim w \u017cywe oczy, twierdz\u0105c, \u017ce budowa nowych dom\u00f3w dla \u017byd\u00f3w &#8220;zaostrzy napi\u0119cia mi\u0119dzy Izraelczykami a Palesty\u0144czykami i podwa\u017cy wysi\u0142ki na rzecz osi\u0105gni\u0119cia wynegocjowanego rozwi\u0105zania w postaci dw\u00f3ch pa\u0144stw&#8221;.<\/span><\/p>\n<p style=\"text-align: left;\"><a href=\"blank\" target=\"_blank\" rel=\"noopener noreferrer\"><span style=\"color: #000080;\">To odmowa<\/span><\/a><span style=\"color: #000080;\">\u00a0przyw\u00f3dc\u00f3w palesty\u0144skich zaakceptowania prawa Izraela do istnienia jako ojczyzny narodu \u017cydowskiego zaostrza napi\u0119cia mi\u0119dzy Palesty\u0144czykami i \u017bydami. To masowa kampania palesty\u0144skich przyw\u00f3dc\u00f3w pod\u017cegania przeciwko Izraelowi i \u017bydom oraz ci\u0105g\u0142e\u00a0<a style=\"color: #000080;\" href=\"blank\" target=\"_blank\" rel=\"noopener noreferrer\">gloryfikowanie<\/a>\u00a0terroryst\u00f3w zaostrza napi\u0119cia mi\u0119dzy Izraelczykami i Palesty\u0144czykami. To tak\u017ce te nieustanne wysi\u0142ki przyw\u00f3dc\u00f3w palesty\u0144skich, by wymaza\u0107 \u017cydowsk\u0105 histori\u0119, s\u0105 odpowiedzialne za narastaj\u0105ce napi\u0119cia.<\/span><\/p>\n<p style=\"text-align: left;\"><span style=\"color: #000080;\">Przedstawiciele W\u0142och, Niemiec, Francji, Wielkiej Brytanii i USA wiedz\u0105, \u017ce konflikt izraelsko-arabski zacz\u0105\u0142 si\u0119 na d\u0142ugo przed budow\u0105 cho\u0107by jednego domu dla \u017byd\u00f3w na Zachodnim Brzegu.<\/span><\/p>\n<p style=\"text-align: left;\"><span style=\"color: #000080;\">Wystarczy, by pos\u0142uchali, co sam Abbas powiedzia\u0142 w Kairze, gdzie da\u0142 jasno do zrozumienia, \u017ce problem Arab\u00f3w z Izraelem zacz\u0105\u0142 si\u0119 ju\u017c w 1917 r., kiedy \u017bydom obiecano w\u0142asn\u0105 ojczyzn\u0119. Kiedy Abbas stwierdza, \u017ce Arabowie maj\u0105 wy\u0142\u0105czne prawa do Jerozolimy i Palestyny, w rzeczywisto\u015bci m\u00f3wi, \u017ce Izrael nie ma prawa istnie\u0107.<\/span><\/p>\n<p style=\"text-align: left;\"><span style=\"color: #000080;\">W przeciwie\u0144stwie do Europejczyk\u00f3w i administracji Bidena, g\u0142\u00f3wny sprzeciw Abbasa nie dotyczy budowy kilku tysi\u0119cy mieszka\u0144 dla rodzin \u017cydowskich. G\u0142\u00f3wny zarzut Abbasa dotyczy \u017byd\u00f3w przenosz\u0105cych si\u0119 z Europy i innych cz\u0119\u015bci \u015bwiata do w\u0142asnej ojczyzny. G\u0142\u00f3wnym zarzutem Abbasa jest to, \u017ce \u017bydzi twierdz\u0105, i\u017c maj\u0105 religijne, historyczne i legalne prawa do Jerozolimy, Ziemi Izraela i \u015aciany Zachodniej.<\/span><\/p>\n<p style=\"text-align: left;\"><span style=\"color: #000080;\">Przez ignorowanie s\u0142\u00f3w Abbasa, ci, kt\u00f3rzy wydali wsp\u00f3lne o\u015bwiadczenie pot\u0119piaj\u0105ce Izrael za zamiar budowy nowych mieszka\u0144 dla rodzin \u017cydowskich, s\u0105 wsp\u00f3\u0142winni palesty\u0144skiej kampanii k\u0142amstw i fabrykacji dotycz\u0105cej \u017cydowskiej historii i praw.<\/span><\/p>\n<p style=\"text-align: left;\"><span style=\"color: #000080;\">Przez brak pot\u0119pienia palesty\u0144skiego przyw\u00f3dcy za jego k\u0142amstwa, wypaczenia i pod\u017ceganie, politycy z W\u0142och, Niemiec, Francji, Wielkiej Brytanii i administracji Bidena ponownie demonstruj\u0105 swoje nieugi\u0119te uprzedzenia wobec Izraela.<\/span><\/p>\n<p style=\"text-align: left;\"><span style=\"color: #000080;\">Pozwalaj\u0105 przyw\u00f3dcom palesty\u0144skim na dalsze szerzenie k\u0142amstw i fabrykacji na temat Izraela i narodu \u017cydowskiego. To \u2013 nie budowanie dom\u00f3w dla \u017byd\u00f3w \u2013 jest prawdziwym zagro\u017ceniem dla &#8220;rozwi\u0105zania wynegocjowanego&#8221; mi\u0119dzy Izraelczykami i Palesty\u0144czykami.<\/span><\/p>\n<p style=\"text-align: left;\"><span style=\"color: #000080;\">Jak\u00a0<a style=\"color: #000080;\" href=\"blank\" target=\"_blank\" rel=\"noopener noreferrer\">zauwa\u017cy\u0142o<\/a>\u00a0centrum wywiadu i informacji o terroryzmie Meir Amit:<\/span><\/p>\n<blockquote>\n<p style=\"text-align: left;\"><strong>&#8220;Celem przek\u0142amywania historii przez Palesty\u0144czyk\u00f3w, utrwalania nie\u015bcis\u0142o\u015bci i celowego zniekszta\u0142cania nazw, podawania b\u0142\u0119dnych dat i wprowadzania element\u00f3w antysemickich jest poddawanie w w\u0105tpliwo\u015b\u0107 i zaprzeczanie istnieniu narodu \u017cydowskiego i jego historycznych powi\u0105za\u0144 z Ziemi\u0105 Izraela, szerzenie nienawi\u015bci do Izraela i \u017byd\u00f3w i sabotowanie wszelkiej szansy na znacz\u0105cy dialog mi\u0119dzy Izraelem a Palesty\u0144czykami&#8221;.<\/strong><\/p>\n<\/blockquote>\n<p style=\"text-align: left;\"><span style=\"color: #000080;\">Abbas wyg\u0142asza\u0142 podobne\u00a0<a style=\"color: #000080;\" href=\"blank\" target=\"_blank\" rel=\"noopener noreferrer\">o\u015bwiadczenia<\/a>\u00a0o Izraelu i \u017bydach w przesz\u0142o\u015bci. W 2018 roku\u00a0<a style=\"color: #000080;\" href=\"blank\" target=\"_blank\" rel=\"noopener noreferrer\">powiedzia\u0142<\/a>\u00a0w przem\u00f3wieniu przed Palesty\u0144sk\u0105 Rad\u0105 Narodow\u0105 w Ramallah, faktycznej stolicy Autonomii Palesty\u0144skiej, \u017ce Europejczycy nienawidz\u0105 \u017byd\u00f3w z powodu ich dzia\u0142alno\u015bci spo\u0142ecznej i bankowej, w tym odsetek od po\u017cyczek.\u00a0<a style=\"color: #000080;\" href=\"blank\" target=\"_blank\" rel=\"noopener noreferrer\">Wed\u0142ug<\/a>\u00a0Abbasa pa\u0144stwo Izrael jest projektem kolonialnym i obcym cia\u0142em, kt\u00f3re zosta\u0142o osadzone w regionie przez kraje chrze\u015bcija\u0144skie, kt\u00f3re nienawidzi\u0142y \u017byd\u00f3w i chcia\u0142y si\u0119 ich pozby\u0107.<\/span><\/p>\n<p style=\"text-align: left;\"><span style=\"color: #000080;\">Czas, aby UE i administracja Bidena obudzi\u0142y si\u0119 i zrozumia\u0142y, \u017ce palesty\u0144scy przyw\u00f3dcy nie s\u0105 zainteresowani pokojem z Izraelem. Interesuje ich pok\u00f3j\u00a0<i>bez<\/i>\u00a0Izraela. Palesty\u0144czycy nie rozr\u00f3\u017cniaj\u0105 \u017byda mieszkaj\u0105cego na Zachodnim Brzegu od \u017byda mieszkaj\u0105cego w Tel Awiwie lub Jerozolimie.<\/span><\/p>\n<p style=\"text-align: left;\"><span style=\"color: #000080;\">Przyw\u00f3dcy palesty\u0144scy s\u0105 cz\u0119\u015bci\u0105 problemu, a nie cz\u0119\u015bci\u0105 rozwi\u0105zania. Cz\u0119\u015bci\u0105 problemu s\u0105 r\u00f3wnie\u017c podw\u00f3jne standardy stosowane przez UE i administracj\u0119 Bidena oraz brak postrzegania rzeczywisto\u015bci takiej, jaka ona jest, a nie takiej, jak\u0105 oni sobie tego \u017cycz\u0105. Dopiero gdy UE i administracja Bidena to uwzgl\u0119dni\u0105, b\u0119dzie mo\u017cna zacz\u0105\u0107 m\u00f3wi\u0107 o perspektywach rozwi\u0105zania konfliktu izraelsko-palesty\u0144skiego w drodze negocjacji.<\/span><\/p>\n<hr \/>\n<p style=\"text-align: left;\"><span style=\"color: #808080;\"><i><strong>Bassam Tawil &#8211;<\/strong> muzu\u0142ma\u0144ski badacz i publicysta mieszkaj\u0105cy na Bliskim Wschodzie.<\/i><\/span><\/p>\n<hr style=\"height: 15px; background: #d0e6fa; width: 100%;\" \/>\n<div id=\"content\" class=\"content-alignment\">\n<div id=\"watch-description\" class=\"yt-uix-button-panel\">\n<div id=\"watch-description-text\" style=\"text-align: center;\">\n<p><em>Zawarto\u015b\u0107 publikowanych artyku\u0142\u00f3w i materia\u0142\u00f3w nie reprezentuje pogl\u0105d\u00f3w ani opinii Reunion&#8217;68,<\/em><em><br \/>\nani te\u017c webmastera Blogu Reunion&#8217;68, chyba ze jest to wyra\u017anie zaznaczone.<br \/>\nTwoje uwagi, linki, w\u0142asne artyku\u0142y lub wiadomo\u015bci prze\u015blij na adres:<br \/>\n<\/em><span style=\"color: #000080;\"><strong><em><a style=\"color: #000080;\" href=\"mailto:webmaster@reunion68.com\"><span style=\"text-decoration: underline;\">webmaster@reunion68.com<\/span><\/a><\/em><\/strong><\/span><\/p>\n<\/div>\n<\/div>\n<\/div>\n<hr style=\"width: 100%;\" \/>\n","protected":false},"excerpt":{"rendered":"<p>To odmowa przyw\u00f3dc\u00f3w palesty\u0144skich zaakceptowania prawa Izraela do istnienia jako ojczyzny narodu \u017cydowskiego zaostrza napi\u0119cia mi\u0119dzy Izraelczykami i \u017bydami. To masowa kampania palesty\u0144skich przyw\u00f3dc\u00f3w pod\u017cegania przeciwko Izraelowi i \u017bydom oraz ci\u0105g\u0142e gloryfikowanie terroryst\u00f3w zaostrza napi\u0119cia mi\u0119dzy Izraelczykami i Palesty\u0144czykami. Na zdj\u0119ciu: prezydent Autonomii Palesty\u0144skiej Mahmoud Abbas przemawia na szczycie Ligi Arabskiej w Kairze, 12 lutego [&hellip;]<\/p>\n","protected":false},"author":1,"featured_media":0,"comment_status":"closed","ping_status":"closed","sticky":false,"template":"","format":"standard","meta":[],"categories":[6],"tags":[26,24],"_links":{"self":[{"href":"https:\/\/www.reunion68.se\/index.php?rest_route=\/wp\/v2\/posts\/102914"}],"collection":[{"href":"https:\/\/www.reunion68.se\/index.php?rest_route=\/wp\/v2\/posts"}],"about":[{"href":"https:\/\/www.reunion68.se\/index.php?rest_route=\/wp\/v2\/types\/post"}],"author":[{"embeddable":true,"href":"https:\/\/www.reunion68.se\/index.php?rest_route=\/wp\/v2\/users\/1"}],"replies":[{"embeddable":true,"href":"https:\/\/www.reunion68.se\/index.php?rest_route=%2Fwp%2Fv2%2Fcomments&post=102914"}],"version-history":[{"count":5,"href":"https:\/\/www.reunion68.se\/index.php?rest_route=\/wp\/v2\/posts\/102914\/revisions"}],"predecessor-version":[{"id":102923,"href":"https:\/\/www.reunion68.se\/index.php?rest_route=\/wp\/v2\/posts\/102914\/revisions\/102923"}],"wp:attachment":[{"href":"https:\/\/www.reunion68.se\/index.php?rest_route=%2Fwp%2Fv2%2Fmedia&parent=102914"}],"wp:term":[{"taxonomy":"category","embeddable":true,"href":"https:\/\/www.reunion68.se\/index.php?rest_route=%2Fwp%2Fv2%2Fcategories&post=102914"},{"taxonomy":"post_tag","embeddable":true,"href":"https:\/\/www.reunion68.se\/index.php?rest_route=%2Fwp%2Fv2%2Ftags&post=102914"}],"curies":[{"name":"wp","href":"https:\/\/api.w.org\/{rel}","templated":true}]}}