{"id":102934,"date":"2023-03-18T17:09:16","date_gmt":"2023-03-18T15:09:16","guid":{"rendered":"http:\/\/www.reunion68.se\/?p=102934"},"modified":"2023-03-18T08:47:15","modified_gmt":"2023-03-18T06:47:15","slug":"23-09-83","status":"publish","type":"post","link":"https:\/\/www.reunion68.se\/?p=102934","title":{"rendered":"Mordercza obsesja UE na punkcie Izraela"},"content":{"rendered":"<p style=\"text-align: center;\"><img decoding=\"async\" class=\"aligncenter\" src=\"https:\/\/upload.wikimedia.org\/wikipedia\/commons\/thumb\/d\/d5\/Khan_al-Ahmar_school_building%2C_2015.jpg\/1920px-Khan_al-Ahmar_school_building%2C_2015.jpg\" width=\"100%\" \/><span style=\"color: #808080;\"><em>Wygl\u0105da na to, \u017ce UE sfinansowa\u0142a dos\u0142ownie tysi\u0105ce nielegalnych palesty\u0144skich budynk\u00f3w modu\u0142owych na terytorium, kt\u00f3re zgodnie z prawem podlega wy\u0142\u0105cznie izraelskiej jurysdykcji. W ten spos\u00f3b UE zach\u0119ca Palesty\u0144czyk\u00f3w do anga\u017cowania si\u0119 w jednostronne dzia\u0142ania z naruszeniem porozumie\u0144 podpisanych mi\u0119dzy Palesty\u0144czykami a Izraelem. Na zdj\u0119ciu: nielegalne palesty\u0144skie obozowisko Chan Al-Ahmar, po\u0142o\u017cone kilka metr\u00f3w od autostrady \u0142\u0105cz\u0105cej Jerozolim\u0119 z Morzem Martwym i Dolin\u0105 Jordanu. (\u0179r\u00f3d\u0142o obrazu: TrickyH\/Wikimedia Commons)<\/em><\/span><\/p>\n<hr \/>\n<h5 style=\"text-align: center;\"><a href=\"http:\/\/www.listyznaszegosadu.pl\/\" target=\"_blank\" rel=\"noopener noreferrer\"><img decoding=\"async\" class=\"center alignleft\" src=\"http:\/\/www.reunion68.com\/Biuletyn\/img\/z-naszego.jpg\" alt=\"\" width=\"50%\" \/><\/a><span style=\"text-decoration: underline; color: #000080;\"><strong><a style=\"color: #000080; text-decoration: underline;\" href=\"http:\/\/www.listyznaszegosadu.pl\/notatki\/mordercza-obsesja-ue-na-punkcie-izraela\" target=\"_blank\" rel=\"noopener noreferrer\">Mordercza obsesja UE na punkcie Izraela<\/a><\/strong><\/span><\/h5>\n<p style=\"text-align: center;\"><span style=\"color: #000000;\"><strong>Bassam Tawil<\/strong><\/span><\/p>\n<p style=\"text-align: center;\"><span style=\"color: #000000;\"><span style=\"color: #808080;\">T\u0142umaczenie: <\/span><strong>Ma\u0142gorzata Koraszewska<\/strong><\/span><\/p>\n<hr style=\"height: 15px; background: #d0e6fa; width: 100%;\" \/>\n<div class=\"templateArticleIngress\">\n<p style=\"text-align: left;\"><span style=\"color: #000080;\">Specjalny Przedstawiciel Unii Europejskiej ds. Procesu Pokojowego na Bliskim Wschodzie, Sven Koopmans,\u00a0<a style=\"color: #000080;\" href=\"blank\" target=\"_blank\" rel=\"noopener noreferrer\">o\u015bwiadczy\u0142<\/a>\u00a017 lutego: \u201eUE chce budowa\u0107 silniejsze wi\u0119zi z Izraelem, ale stosunki pozostaj\u0105 niestety obci\u0105\u017cone budow\u0105 nielegalnych osiedli na ziemi palesty\u0144skiej\u201d.<\/span><\/p>\n<p style=\"text-align: left;\"><span style=\"color: #000080;\">Tym, co Koopmans zapomnia\u0142 powiedzie\u0107, jest fakt, \u017ce to Palesty\u0144czycy zbudowali dos\u0142ownie dziesi\u0105tki tysi\u0119cy nielegalnych struktur na Zachodnim Brzegu, w Obszarze C, kt\u00f3re zgodnie z Porozumieniami z Oslo znajduje si\u0119 pod pe\u0142nym izraelskim nadzorem nad bezpiecze\u0144stwem i cywiln\u0105 jurysdykcj\u0105.<\/span><\/p>\n<\/div>\n<div class=\"templateArticleBrodtext\">\n<p style=\"text-align: left;\"><span style=\"color: #000080;\">Koopmans zapomnia\u0142 te\u017c wspomnie\u0107, \u017ce UE pomaga Autonomii Palesty\u0144skiej (AP) w nielegalnej budowie na masow\u0105 skal\u0119, toruj\u0105c drog\u0119 do faktycznej aneksji terytorium.<\/span><\/p>\n<p style=\"text-align: left;\"><span style=\"color: #000080;\">Tytu\u0142em wst\u0119pu: Na mocy porozumie\u0144 z Oslo Zachodni Brzeg [Judea i Samaria, MK] zosta\u0142 podzielony na trzy strefy \u2014 niepoetycko nazwane Obszarami A, B i C \u2014 na czas negocjacji w sprawie trwa\u0142ego rozwi\u0105zania kwestii granic.\u00a0Obszar A znajduje si\u0119 pod pe\u0142n\u0105 kontrol\u0105 Palesty\u0144czyk\u00f3w, Obszar B jest pod kontrol\u0105 Palesty\u0144czyk\u00f3w poza sprawami bezpiecze\u0144stwa.\u00a0Obszar C jest oficjalnie obszarem izraelskim, kt\u00f3ry wci\u0105\u017c wymaga negocjacji.<\/span><\/p>\n<p style=\"text-align: left;\"><span style=\"color: #000080;\">UE nie ingeruje w \u017cadne inne miejsce na planecie poza Obszarem C \u2013 nie w sprawy Kurd\u00f3w, Asyryjczyk\u00f3w, Jazyd\u00f3w, Ujgur\u00f3w, Kaszmirczyk\u00f3w, Tybeta\u0144czyk\u00f3w lub Grek\u00f3w cypryjskich.\u00a0Palesty\u0144czycy nadal s\u0105\u00a0<em>jedyn\u0105<\/em>\u00a0grup\u0105 na unijnej li\u015bcie lud\u00f3w, gdzie mo\u017cna ingerowa\u0107.\u00a0Wydaje si\u0119, \u017ce ta nadmierna uwaga wynika nie tyle z mi\u0142o\u015bci do Palesty\u0144czyk\u00f3w, ile z nienawi\u015bci do Izraela.<\/span><\/p>\n<p style=\"text-align: left;\"><span style=\"color: #000080;\">Wys\u0142annicy kilku kraj\u00f3w UE\u00a0<a style=\"color: #000080;\" href=\"blank\" target=\"_blank\" rel=\"noopener noreferrer\">wyrazili<\/a>\u00a0ostatnio zaniepokojenie \u201ejednostronnymi dzia\u0142aniami\u201d Izraela, a na pocz\u0105tku tego roku Josep Borell, wysoki przedstawiciel UE do spraw zagranicznych i polityki bezpiecze\u0144stwa,\u00a0<a style=\"color: #000080;\" href=\"blank\" target=\"_blank\" rel=\"noopener noreferrer\">wezwa\u0142<\/a>\u00a0Izrael do unikania \u201ejednostronnych dzia\u0142a\u0144\u201d, w tym osadnictwa i wyburzania nielegalnych struktur palesty\u0144skich, zw\u0142aszcza na Zachodnim Brzegu w rejonie Hebronu.<\/span><\/p>\n<p style=\"text-align: left;\"><span style=\"color: #000080;\">Kiedy Palesty\u0144czycy narzekaj\u0105 na \u201ejednostronne dzia\u0142ania\u201d, maj\u0105 na my\u015bli izraelskie \u015brodki antyterrorystyczne i budow\u0119 nowych dom\u00f3w dla rodzin \u017cydowskich.\u00a0Palesty\u0144czycy nie chc\u0105, aby izraelskie si\u0142y bezpiecze\u0144stwa \u015bciga\u0142y terroryst\u00f3w.\u00a0Nie chc\u0105 te\u017c widzie\u0107, jak Izrael buduje domy dla \u017byd\u00f3w.<\/span><\/p>\n<p style=\"text-align: left;\"><span style=\"color: #000080;\">Jednak ministerstwo wywiadu Izraela stwierdzi\u0142o\u00a0w niedawno odtajnionym\u00a0<a style=\"color: #000080;\" href=\"blank\" target=\"_blank\" rel=\"noopener noreferrer\">raporcie<\/a>, \u017ce<\/span><\/p>\n<blockquote>\n<p style=\"text-align: left;\"><strong>\u201ezagraniczne rz\u0105dy przekaza\u0142y\u00a0<em>setki milion\u00f3w euro<\/em>\u00a0palesty\u0144skim projektom na Obszarze C w Judei i Samarii\u2026 Takie finansowanie jest sprzeczne z prawem mi\u0119dzynarodowym i odpowiednimi umowami\u2026 Raport\u00a0<a href=\"blank\" target=\"_blank\" rel=\"noopener noreferrer\">opisuje<\/a>, jak Palesty\u0144czycy wykorzystuj\u0105 fundusze UE do\u00a0<em>budowy tysi\u0105ce nielegalnych budowli i zagarniaj\u0105 du\u017ce po\u0142acie grunt\u00f3w rolnych.<\/em>\u00a0\u201d\u00a0[Kursywa dodana]<\/strong><\/p>\n<\/blockquote>\n<p style=\"text-align: left;\"><span style=\"color: #000080;\">Wygl\u0105da na to, \u017ce UE sfinansowa\u0142a\u00a0<a style=\"color: #000080;\" href=\"blank\" target=\"_blank\" rel=\"noopener noreferrer\">dos\u0142ownie<\/a>\u00a0tysi\u0105ce\u00a0<a style=\"color: #000080;\" href=\"blank\" target=\"_blank\" rel=\"noopener noreferrer\">nielegalnych<\/a>\u00a0palesty\u0144skich budynk\u00f3w modu\u0142owych na terytorium, kt\u00f3re zgodnie z prawem podlega izraelskiej jurysdykcji.\u00a0Co wi\u0119cej, UE nigdy nie ukrywa\u0142a swojej polityki wspierania Palesty\u0144czyk\u00f3w w ich wysi\u0142kach zmierzaj\u0105cych do nielegalnego zajmowania ziemi i budowy nielegalnych struktur w Obszarze C Izraela.<\/span><\/p>\n<p style=\"text-align: left;\"><span style=\"color: #000080;\">Ostatnio UE bardziej koncentruje si\u0119 na gruntach rolnych: za znacznie mniejsz\u0105 inwestycj\u0119 mo\u017cna zdoby\u0107 znacznie\u00a0<a style=\"color: #000080;\" href=\"blank\" target=\"_blank\" rel=\"noopener noreferrer\">wi\u0119kszy obszar<\/a>.<\/span><\/p>\n<p style=\"text-align: left;\"><span style=\"color: #000080;\">W 2012 r. UE\u00a0po raz pierwszy\u00a0<a style=\"color: #000080;\" href=\"text=Area%20C%20is%20part%20of,in%20line%20with%20international%20law\" target=\"_blank\" rel=\"noopener noreferrer\">opracowa\u0142a\u00a0<\/a>wszechstronn\u0105 polityk\u0119 dotycz\u0105c\u0105 Obszaru C wraz z zestawem konkretnych posuni\u0119\u0107 i dzia\u0142a\u0144.<\/span><\/p>\n<p style=\"text-align: left;\"><span style=\"color: #000080;\">W latach 2016-2019 UE\u00a0<a style=\"color: #000080;\" href=\"text=Area%20C%20is%20part%20of,in%20line%20with%20international%20law\" target=\"_blank\" rel=\"noopener noreferrer\">przekaza\u0142a<\/a>\u00a0\u0142\u0105cznie 33 mln euro (35 mln dolar\u00f3w) na \u201epomoc humanitarn\u0105 i rozwojow\u0105 w celu wsparcia Palesty\u0144czyk\u00f3w mieszkaj\u0105cych w Obszarze C\u201d.<\/span><\/p>\n<p style=\"text-align: left;\"><span style=\"color: #000080;\">UE\u00a0<a style=\"color: #000080;\" href=\"text=Area%20C%20is%20part%20of,in%20line%20with%20international%20law\" target=\"_blank\" rel=\"noopener noreferrer\">twierdzi,<\/a>\u00a0\u017ce wsp\u00f3\u0142pracuje r\u00f3wnie\u017c z Autonomi\u0105 Palesty\u0144sk\u0105 w celu \u201erozwoju\u201d Obszaru C. UE dodaje, \u017ce \u201ewspiera projekty promuj\u0105ce rozw\u00f3j gospodarczy i popraw\u0119 jako\u015bci \u017cycia spo\u0142eczno\u015bci palesty\u0144skich w Obszarze C w obszarach sektora prywatnego, \u015brodowiska i rolnictwa\u201d.<\/span><\/p>\n<p style=\"text-align: left;\"><span style=\"color: #000080;\">UE otwarcie przyznaje, \u017ce pomaga Palesty\u0144czykom w \u0142amaniu prawa poprzez budowanie nielegalnych struktur na obszarze, kt\u00f3ry oficjalnie znajduje si\u0119 pod pe\u0142n\u0105 suwerenno\u015bci\u0105 Izraela.<\/span><\/p>\n<p style=\"text-align: left;\"><span style=\"color: #000080;\">W ten spos\u00f3b UE zach\u0119ca Palesty\u0144czyk\u00f3w do anga\u017cowania si\u0119 w jednostronne dzia\u0142ania z naruszeniem porozumie\u0144 podpisanych mi\u0119dzy Palesty\u0144czykami a Izraelem.<\/span><\/p>\n<p style=\"text-align: left;\"><span style=\"color: #000080;\">To ta sama UE, kt\u00f3ra nadal ostrzega Izrael, by nie podejmowa\u0142 \u017cadnych \u201ejednostronnych dzia\u0142a\u0144\u201d i nadal krytykuje Izrael za budowanie i rozszerzanie \u201enielegalnych\u201d osiedli na Zachodnim Brzegu.<\/span><\/p>\n<p style=\"text-align: left;\"><span style=\"color: #000080;\">Izraelska organizacja pozarz\u0105dowa Regavim\u00a0<a style=\"color: #000080;\" href=\"blank\" target=\"_blank\" rel=\"noopener noreferrer\">udokumentowa\u0142a<\/a>\u00a0\u201e5535 nowych nielegalnych budowli zbudowanych w 2022 roku, w por\u00f3wnaniu do 3076 budowli w tym samym okresie w 2021 roku\u201d \u2013 w ci\u0105gu jednego roku prawie dwukrotno\u015b\u0107.<\/span><\/p>\n<p style=\"text-align: left;\"><span style=\"color: #000080;\">W ci\u0105gu ostatnich kilku lat w Jerozolimie i na Zachodnim Brzegu wzniesiono niezliczone palesty\u0144skie domy modu\u0142owe finansowane przez UE.\u00a0Powiewaj\u0105 nad nimi flagi UE i s\u0105\u00a0<a style=\"color: #000080;\" href=\"blank\" target=\"_blank\" rel=\"noopener noreferrer\">ozdobione<\/a>\u00a0setkami unijnych znak\u00f3w i naklejek.<\/span><\/p>\n<p style=\"text-align: left;\"><span style=\"color: #000080;\">Wed\u0142ug Regavim\u00a0od 2022 roku UE zbudowa\u0142a\u00a0<a style=\"color: #000080;\" href=\"blank\" target=\"_blank\" rel=\"noopener noreferrer\">81 317 nielegalnych konstrukcji<\/a>\u00a0w Obszarze C.<\/span><\/p>\n<blockquote>\n<p style=\"text-align: left;\"><strong>\u201eOpr\u00f3cz tej nielegalnej budowy na masow\u0105 skal\u0119, rozproszonej na ogromnym obszarze geograficznym, dodatkowe zjawiska podsycaj\u0105\u00a0<em>de facto<\/em>\u00a0aneksj\u0119 terytorium przez Autonomi\u0119 Palesty\u0144sk\u0105, masowe nielegalne projekty rolne na izraelskiej ziemi pa\u0144stwowej, wojna prawna finansowana przez zagraniczne koncerny\u2026 i skoordynowana kampania nacisk\u00f3w mi\u0119dzynarodowych. Wszystko to s\u0105 elementy wykalkulowanej strategii, realizowanej pod auspicjami Autonomii Palesty\u0144skiej, kt\u00f3rej deklarowanym celem jest stworzenie fakt\u00f3w w terenie wspieraj\u0105cych jednostronn\u0105 deklaracj\u0119 pa\u0144stwowo\u015bci palesty\u0144skiej, zadaj\u0105c powa\u017cny cios interesom narodowym Izraela i jego bezpiecze\u0144stwu&#8221;.<\/strong><\/p>\n<\/blockquote>\n<p style=\"text-align: left;\"><span style=\"color: #000080;\">Zaanga\u017cowanie UE w ekspansj\u0119 nielegalnego osadnictwa palesty\u0144skiego w obszarze C trwa przy ca\u0142kowitym lekcewa\u017ceniu porozumie\u0144 z Oslo, kt\u00f3rych UE rzekomo przestrzega.<\/span><\/p>\n<p style=\"text-align: left;\"><span style=\"color: #000080;\">\u201eCelem jest stworzenie ci\u0105g\u0142ych osad palesty\u0144skich na Zachodnim Brzegu, a tym samym izolowanie i duszenie spo\u0142eczno\u015bci izraelskich\u201d \u2013\u00a0<a style=\"color: #000080;\" href=\"blank\" target=\"_blank\" rel=\"noopener noreferrer\">napisa\u0142<\/a>\u00a0w 2019 r. Hillel Frisch, profesor nauk politycznych i historii Bliskiego Wschodu na Uniwersytecie Bar-Ilan.<\/span><\/p>\n<blockquote>\n<p style=\"text-align: left;\"><strong>\u201ePo raz pierwszy w 100-letnim konflikcie mi\u0119dzy ruchem syjonistycznym (a p\u00f3\u017aniej pa\u0144stwem Izrael) a palesty\u0144skimi Arabami, Palesty\u0144czycy przewy\u017cszaj\u0105 \u017byd\u00f3w w strategicznym zasiedlaniu, na kt\u00f3re ruch syjonistyczny mia\u0142 monopol. Autonomia Palesty\u0144ska osi\u0105ga to pod auspicjami UE\u201d.<\/strong><\/p>\n<\/blockquote>\n<p style=\"text-align: left;\"><span style=\"color: #000080;\">W kwietniu 2012 r. Ministerstwo Samorz\u0105du Lokalnego Autonomii Palesty\u0144skiej opublikowa\u0142o strategiczny plan dzia\u0142ania zatytu\u0142owany \u201ePlanowanie wsparcia dla spo\u0142eczno\u015bci palesty\u0144skich w Obszarze C\u201d.\u00a0UE\u00a0<a style=\"color: #000080;\" href=\"blank\" target=\"_blank\" rel=\"noopener noreferrer\">og\u0142osi\u0142a<\/a>\u00a0swoje poparcie dla tego planu w oficjalnym dokumencie zatytu\u0142owanym \u201eZagospodarowanie przestrzenne i dost\u0119p do podstawowej infrastruktury w Obszarze C\u201d.<\/span><\/p>\n<p style=\"text-align: left;\"><span style=\"color: #000080;\">Frisch wskaza\u0142, \u017ce ju\u017c w 2016 roku UE\u00a0<a style=\"color: #000080;\" href=\"blank\" target=\"_blank\" rel=\"noopener noreferrer\">wyda\u0142a<\/a>\u00a0\u0142\u0105cznie 10,5 miliona euro [11 milion\u00f3w dolar\u00f3w] na sporz\u0105dzenie i wdro\u017cenie plan\u00f3w zagospodarowania przestrzennego dla 90 palesty\u0144skich osiedli oraz na wsparcie projekt\u00f3w zagospodarowania przestrzennego w Obszarze C we wsp\u00f3\u0142pracy z Autonomi\u0105 Palesty\u0144sk\u0105.<\/span><\/p>\n<blockquote>\n<p style=\"text-align: left;\"><strong>\u201eG\u0142\u00f3wny cel AP-UE jest jasny: stworzy\u0107 ci\u0105g\u0142e osiedlenie arabskie od po\u0142udnia do p\u00f3\u0142nocy Zachodniego Brzegu, jednocze\u015bnie udaremniaj\u0105c izraelskie plany stworzenia ci\u0105g\u0142ych dzielnic od Ma\u2019ale Adumim do Jerozolimy (plan E-1).<\/strong><\/p>\n<p style=\"text-align: left;\"><strong>Dotychczasowe osi\u0105gni\u0119cia Autonomii Palesty\u0144skiej by\u0142y znacz\u0105ce. Podczas gdy nowe izraelskie budownictwo maleje do zera na obszarach na wsch\u00f3d od Jerozolimy, Autonomii Palesty\u0144skiej, z pomoc\u0105 Europy, uda\u0142o si\u0119 zbudowa\u0107 domy dla dziesi\u0105tk\u00f3w tysi\u0119cy\u2026 na przestrzeni nie wi\u0119kszej ni\u017c dziewi\u0119\u0107 kilometr\u00f3w kwadratowych. Liczba ta jest ponad dwukrotnie wi\u0119ksza ni\u017c liczba mieszka\u0144c\u00f3w Ma&#8217;ale Adumim i innych izraelskich miejscowo\u015bci w okolicy.<\/strong><\/p>\n<p style=\"text-align: left;\"><strong>Na wsch\u00f3d od Ma\u2019ale Adumim, Autonomia Palesty\u0144ska i UE zidentyfikowa\u0142y prowizoryczne obozowiska Beduin\u00f3w, z kt\u00f3rych najbardziej znanym jest al-Chan al-Ahmar, jako g\u0142\u00f3wn\u0105 bro\u0144 do przekszta\u0142cenia Obszaru C w pa\u0144stwo palesty\u0144skie. Te szybko rozwijaj\u0105ce si\u0119 obozowiska znajduj\u0105 si\u0119 w pobli\u017cu g\u0142\u00f3wnych autostrad i s\u0105 pozbawione system\u00f3w kanalizacyjnych i zorganizowanej utylizacji \u015bmieci. W\u0142adze izraelskie wyznaczy\u0142y obszar na po\u0142udnie od Abu Dis, kt\u00f3ry zapewnia\u0142by wszystkie te udogodnienia, jednak Autonomia Palesty\u0144ska i UE nadal wspieraj\u0105 obozowiska Beduin\u00f3w\u201d.<\/strong><\/p>\n<\/blockquote>\n<p style=\"text-align: left;\"><span style=\"color: #000080;\">Chan al-Ahmar by\u0142by g\u0142\u00f3wn\u0105 broni\u0105, poniewa\u017c znajduje si\u0119 w odleg\u0142o\u015bci kilku metr\u00f3w od autostrady \u0142\u0105cz\u0105cej Jerozolim\u0119 z Morzem Martwym i Dolin\u0105 Jordanu.\u00a0Palesty\u0144czycy chc\u0105, aby Chan al-Ahmar sta\u0142 si\u0119 osad\u0105 palesty\u0144sk\u0105, kt\u00f3ra odci\u0119\u0142aby Jerozolim\u0119 od tych teren\u00f3w, a nast\u0119pnie chc\u0105 otoczy\u0107 miasto palesty\u0144skimi osiedlami.<\/span><\/p>\n<p style=\"text-align: left;\"><span style=\"color: #000080;\">UE i Palesty\u0144czycy dzia\u0142aj\u0105 zgodnie z\u00a0<a style=\"color: #000080;\" href=\"blank\" target=\"_blank\" rel=\"noopener noreferrer\">programem<\/a>\u00a0uruchomionym w 2009 roku przez by\u0142ego premiera Autonomii Palesty\u0144skiej Salama Fajjada.<\/span><\/p>\n<p style=\"text-align: left;\"><span style=\"color: #000080;\">\u201ePlan Fajjada\u201d z 2009 r. (oficjalnie zatytu\u0142owany \u201ePalestyna: zako\u0144czenie okupacji, ustanowienie pa\u0144stwa\u201d) by\u0142 \u2013 i pozostaje \u2013 propozycj\u0105 stworzenia fakt\u00f3w w terenie, kt\u00f3re sko\u0144czy\u0142yby jako pa\u0144stwo palesty\u0144skie, gdyby negocjacje si\u0119 nie powiod\u0142y, pomijaj\u0105c w ten spos\u00f3b konieczno\u015b\u0107 negocjowania z Izraelem zgodnie z ustaleniami zawartymi w porozumieniach z Oslo.<\/span><\/p>\n<p style=\"text-align: left;\"><span style=\"color: #000080;\">Haczyk w tym, \u017ce je\u015bli Palesty\u0144czycy wierz\u0105, \u017ce mog\u0105 otrzyma\u0107 pa\u0144stwo od jakiego\u015b podmiotu zewn\u0119trznego, takiego jak UE, bez \u017cadnych koszt\u00f3w dla nich samych, to dlaczego mieliby w og\u00f3le zawraca\u0107 sobie g\u0142ow\u0119 negocjacjami?\u00a0W rzeczywisto\u015bci przez lata unikali przyst\u0119powania do sto\u0142u negocjacyjnego, prawdopodobnie w nadziei na w\u0142a\u015bnie tak\u0105 gratk\u0119.<\/span><\/p>\n<p style=\"text-align: left;\"><span style=\"color: #000080;\">Beduini Jahalin byli doskona\u0142ym sposobem na ustanowienie pozaprawnego przycz\u00f3\u0142ka.<\/span><\/p>\n<p style=\"text-align: left;\"><span style=\"color: #000080;\">Autonomii Palesty\u0144skiej nie interesowa\u0142o to, co le\u017cy w interesie Beduin\u00f3w Jahalin.\u00a0Tym, co by\u0142o wa\u017cne dla Autonomii Palesty\u0144skiej, by\u0142a ziemia \u2013 wzi\u0105\u0107 j\u0105 w posiadanie, a nast\u0119pnie sprawi\u0107, by wszystko, co na niej zbudowano, wydawa\u0142o si\u0119 nieodwracalne.\u00a0Tak wi\u0119c, podczas gdy AP i UE nadal m\u00f3wi\u0105 o wynegocjowanej ugodzie dla Obszaru C (Obszary A i B s\u0105 ju\u017c pod kontrol\u0105 Palesty\u0144czyk\u00f3w), nielegalne budowy w Obszarze C, kt\u00f3ry jest oficjalnie pod administracj\u0105 Izraela, z ostatecznymi granicami do wynegocjowania, stanowi\u0105 nowe fakty w terenie i oczywi\u015bcie zach\u0119caj\u0105 Palesty\u0144czyk\u00f3w do\u00a0<em>nienegocjowania<\/em>.\u00a0Dlaczego mieliby to robi\u0107, skoro mog\u0105 dosta\u0107 wszystko, czego chc\u0105, po prostu bior\u0105c to?<\/span><\/p>\n<p style=\"text-align: left;\"><span style=\"color: #000080;\">Przy pomocy hojnego wsparcia pa\u0144stw cz\u0142onkowskich UE i kraj\u00f3w arabskich Autonomia Palesty\u0144ska uruchomi\u0142a r\u00f3wnie\u017c\u00a0<a style=\"color: #000080;\" href=\"blank\" target=\"_blank\" rel=\"noopener noreferrer\">szereg<\/a>\u00a0\u201einicjatyw nacjonalistycznych\u201d, koncentruj\u0105c si\u0119 na obszarach wiejskich i niezamieszka\u0142ych cz\u0119\u015bciach Obszaru C. Podj\u0119to skoordynowane dzia\u0142ania w obszarach strategicznych, kt\u00f3re mia\u0142yby najwi\u0119kszy wp\u0142yw na roszczenia Palestyny do suwerenno\u015bci\u00a0<em>de facto<\/em><\/span><\/p>\n<p style=\"text-align: left;\"><span style=\"color: #000080;\"><a style=\"color: #000080;\" href=\"blank\" target=\"_blank\" rel=\"noopener noreferrer\">Wed\u0142ug<\/a>\u00a0Naomi Kahn, mi\u0119dzynarodowej dyrektorki Regavim:<\/span><\/p>\n<blockquote><p><strong>\u201eEuropejczycy p\u0142ac\u0105 za planowanie. P\u0142ac\u0105 za in\u017cynieri\u0119. P\u0142ac\u0105 za wsparcie prawne. P\u0142ac\u0105 za infrastruktur\u0119. P\u0142ac\u0105 za budow\u0119, chocia\u017c wiedz\u0105, \u017ce jest to nielegalne i w kontrakty w\u0142\u0105czaj\u0105 klauzule o mo\u017cliwym zburzeniu. Wpisuj\u0105 tak\u017ce w kontrakty reprezentacj\u0119 prawn\u0105, je\u015bli i kiedy dojdzie do s\u0105du, poniewa\u017c jest to nielegalne\u201d.<\/strong><\/p><\/blockquote>\n<p style=\"text-align: left;\"><span style=\"color: #000080;\">Jednostronny plan Fajjada polegaj\u0105cy na stworzeniu fakt\u00f3w dokonanych w terenie jest ca\u0142kowicie sprzeczny z porozumieniami z Oslo, kt\u00f3re\u00a0<a style=\"color: #000080;\" href=\"blank\" target=\"_blank\" rel=\"noopener noreferrer\">stanowi\u0105<\/a>, \u017ce \u201e\u017cadna ze stron nie zainicjuje ani nie podejmie \u017cadnych krok\u00f3w, kt\u00f3re zmieni\u0105 status Zachodniego Brzegu i Strefy Gazy w oczekiwaniu na wynik negocjacji o ostateczny status&#8221;.<\/span><\/p>\n<p style=\"text-align: left;\"><span style=\"color: #000080;\">\u201eJednostronne stanowienie fakt\u00f3w przez Palesty\u0144czyk\u00f3w w terenie ca\u0142kowicie podwa\u017ca stanowisko Izraela w sprawie jakiegokolwiek wynegocjowanego porozumienia\u201d \u2013 ostrzeg\u0142\u00a0Regavim.\u00a0UE wydaje si\u0119 jednak wyra\u017anie zdecydowana na kontynuowanie nielegalnego planu Fajjada, by pom\u00f3c Palesty\u0144czykom w ich zaw\u0142aszczaniu ziemi i nielegalnej budowie na masow\u0105 skal\u0119.<\/span><\/p>\n<p style=\"text-align: left;\"><span style=\"color: #000080;\">Pod koniec ubieg\u0142ego roku tajny\u00a0<a style=\"color: #000080;\" href=\"blank\" target=\"_blank\" rel=\"noopener noreferrer\">dokument<\/a>\u00a0misji UE we wschodniej Jerozolimie pokaza\u0142, \u017ce Bruksela r\u00f3wnie\u017c aktywnie wsp\u00f3\u0142pracuje z Autonomi\u0105 Palesty\u0144sk\u0105 i w jej imieniu w celu przej\u0119cia Obszaru C Zachodniego Brzegu.\u00a0Wed\u0142ug tego dokumentu:<\/span><\/p>\n<blockquote>\n<p style=\"text-align: left;\"><strong>\u201eProgram UE dla Obszaru C ma na celu wspieranie odporno\u015bci [palesty\u0144skich] ludzi, us\u0142ug i instytucji, wzmocnienie palesty\u0144skiej obecno\u015bci w Obszarze C oraz ochron\u0119 praw Palesty\u0144czyk\u00f3w mieszkaj\u0105cych w Obszarze C\u201d.<\/strong><\/p>\n<\/blockquote>\n<p style=\"text-align: left;\"><span style=\"color: #800000;\"><strong>Czas zwr\u00f3ci\u0107 uwag\u0119 na ob\u0142udn\u0105 z\u0142o\u015bliwo\u015b\u0107 urz\u0119dnik\u00f3w UE, takich jak Sven Koopmans, kt\u00f3rzy nadal oskar\u017caj\u0105 Izrael o podejmowanie \u201ejednostronnych dzia\u0142a\u0144\u201d i budowanie \u201enielegalnych\u201d osiedli.\u00a0Koopmans i inni wysocy urz\u0119dnicy UE najwyra\u017aniej wiedz\u0105, \u017ce dzia\u0142aj\u0105 nielegalnie: robi\u0105 wszystko, co w ich mocy, aby ukry\u0107 fakt, \u017ce aktywnie pomagaj\u0105 Palesty\u0144czykom w \u0142amaniu prawa i \u0142amaniu porozumie\u0144 podpisanych z Izraelem.<\/strong><\/span><\/p>\n<p style=\"text-align: left;\"><span style=\"color: #000080;\">Tak jak Izrael nie wtr\u0105ca si\u0119 w wewn\u0119trzne sprawy pa\u0144stw cz\u0142onkowskich UE, tak nadszed\u0142 czas, aby po\u0142o\u017cy\u0107 kres truj\u0105cej ingerencji UE w konflikt izraelsko-palesty\u0144ski.<\/span><\/p>\n<p style=\"text-align: left;\"><span style=\"color: #000080;\">Przy okazji UE mo\u017ce r\u00f3wnie\u017c chcie\u0107 rozwa\u017cy\u0107 prawdziwe \u017ar\u00f3d\u0142o swojej \u015bmierciono\u015bnej obsesji na punkcie Izraela.<\/span><\/p>\n<\/div>\n<hr \/>\n<p style=\"text-align: left;\"><span style=\"color: #808080;\"><em>*Bassam Tawil jest muzu\u0142ma\u0144skim badaczem i publicyst\u0105 mieszkaj\u0105cym na Bliskim Wschodzie.<\/em><\/span><\/p>\n<hr style=\"height: 15px; background: #d0e6fa; width: 100%;\" \/>\n<div id=\"content\" class=\"content-alignment\">\n<div id=\"watch-description\" class=\"yt-uix-button-panel\">\n<div id=\"watch-description-text\" style=\"text-align: center;\">\n<p><em>Zawarto\u015b\u0107 publikowanych artyku\u0142\u00f3w i materia\u0142\u00f3w nie reprezentuje pogl\u0105d\u00f3w ani opinii Reunion&#8217;68,<\/em><em><br \/>\nani te\u017c webmastera Blogu Reunion&#8217;68, chyba ze jest to wyra\u017anie zaznaczone.<br \/>\nTwoje uwagi, linki, w\u0142asne artyku\u0142y lub wiadomo\u015bci prze\u015blij na adres:<br \/>\n<\/em><span style=\"color: #000080;\"><strong><em><a style=\"color: #000080;\" href=\"mailto:webmaster@reunion68.com\"><span style=\"text-decoration: underline;\">webmaster@reunion68.com<\/span><\/a><\/em><\/strong><\/span><\/p>\n<\/div>\n<\/div>\n<\/div>\n<hr style=\"width: 100%;\" \/>\n","protected":false},"excerpt":{"rendered":"<p>Wygl\u0105da na to, \u017ce UE sfinansowa\u0142a dos\u0142ownie tysi\u0105ce nielegalnych palesty\u0144skich budynk\u00f3w modu\u0142owych na terytorium, kt\u00f3re zgodnie z prawem podlega wy\u0142\u0105cznie izraelskiej jurysdykcji. W ten spos\u00f3b UE zach\u0119ca Palesty\u0144czyk\u00f3w do anga\u017cowania si\u0119 w jednostronne dzia\u0142ania z naruszeniem porozumie\u0144 podpisanych mi\u0119dzy Palesty\u0144czykami a Izraelem. Na zdj\u0119ciu: nielegalne palesty\u0144skie obozowisko Chan Al-Ahmar, po\u0142o\u017cone kilka metr\u00f3w od autostrady \u0142\u0105cz\u0105cej [&hellip;]<\/p>\n","protected":false},"author":1,"featured_media":0,"comment_status":"closed","ping_status":"closed","sticky":false,"template":"","format":"standard","meta":[],"categories":[6],"tags":[26,24],"_links":{"self":[{"href":"https:\/\/www.reunion68.se\/index.php?rest_route=\/wp\/v2\/posts\/102934"}],"collection":[{"href":"https:\/\/www.reunion68.se\/index.php?rest_route=\/wp\/v2\/posts"}],"about":[{"href":"https:\/\/www.reunion68.se\/index.php?rest_route=\/wp\/v2\/types\/post"}],"author":[{"embeddable":true,"href":"https:\/\/www.reunion68.se\/index.php?rest_route=\/wp\/v2\/users\/1"}],"replies":[{"embeddable":true,"href":"https:\/\/www.reunion68.se\/index.php?rest_route=%2Fwp%2Fv2%2Fcomments&post=102934"}],"version-history":[{"count":9,"href":"https:\/\/www.reunion68.se\/index.php?rest_route=\/wp\/v2\/posts\/102934\/revisions"}],"predecessor-version":[{"id":102955,"href":"https:\/\/www.reunion68.se\/index.php?rest_route=\/wp\/v2\/posts\/102934\/revisions\/102955"}],"wp:attachment":[{"href":"https:\/\/www.reunion68.se\/index.php?rest_route=%2Fwp%2Fv2%2Fmedia&parent=102934"}],"wp:term":[{"taxonomy":"category","embeddable":true,"href":"https:\/\/www.reunion68.se\/index.php?rest_route=%2Fwp%2Fv2%2Fcategories&post=102934"},{"taxonomy":"post_tag","embeddable":true,"href":"https:\/\/www.reunion68.se\/index.php?rest_route=%2Fwp%2Fv2%2Ftags&post=102934"}],"curies":[{"name":"wp","href":"https:\/\/api.w.org\/{rel}","templated":true}]}}