{"id":103127,"date":"2023-03-26T17:09:51","date_gmt":"2023-03-26T15:09:51","guid":{"rendered":"http:\/\/www.reunion68.se\/?p=103127"},"modified":"2023-03-25T08:50:49","modified_gmt":"2023-03-25T06:50:49","slug":"31-09-46","status":"publish","type":"post","link":"https:\/\/www.reunion68.se\/?p=103127","title":{"rendered":"Gdy tylko @Amnesty rozpocz\u0119\u0142a kampani\u0119 \u201eapartheidu\u201d, przestali wspomina\u0107 o liba\u0144skiej\/jorda\u0144skiej dyskryminacji Palesty\u0144czyk\u00f3w"},"content":{"rendered":"<p style=\"text-align: center;\"><img decoding=\"async\" class=\"aligncenter\" src=\"https:\/\/blogger.googleusercontent.com\/img\/b\/R29vZ2xl\/AVvXsEjYR151LQvMOw_LZPptt9npnyNaL1GmHMiIhrQSP4Ury4XySXljAg6d4iLsWtacCVz9TUNWRyBckvJ4jCnu49LICg4c2F9b0Sk1gglM1NPAbrhUcH53sN8MusHSnpNrugnyD8Q6lQQv5F1lYyclH75hLth-rMQaqVdNwKadxWmI8s142Q1b8Hg\/w640-h400\/lebcamp.png\" width=\"100%\"><span style=\"color: #808080;\"><em>Jeden z licznych oboz\u00f3w dla &#8220;uchod\u017ac\u00f3w&#8221; palesty\u0144skich w Libanie.<\/em><\/span><\/p>\n<hr>\n<h5 style=\"text-align: center;\"><a href=\"http:\/\/www.listyznaszegosadu.pl\/\" target=\"_blank\" rel=\"noopener noreferrer\"><img decoding=\"async\" class=\"center alignleft\" src=\"http:\/\/www.reunion68.com\/Biuletyn\/img\/z-naszego.jpg\" alt=\"\" width=\"50%\"><\/a><span style=\"text-decoration: underline; color: #000080;\"><strong><a style=\"color: #000080; text-decoration: underline;\" href=\"http:\/\/www.listyznaszegosadu.pl\/brunatna-fala\/gdy-tylko-amnesty-rozpoczela-kampanie-a-apartheidu-przestali-wspominac-o-libanskiej-jordanskiej-dyskryminacji-palestynczykalw\" target=\"_blank\" rel=\"noopener noreferrer\">Gdy tylko @Amnesty rozpocz\u0119\u0142a kampani\u0119 \u201eapartheidu\u201d, przestali wspomina\u0107 o liba\u0144skiej\/jorda\u0144skiej dyskryminacji Palesty\u0144czyk\u00f3w<\/a><\/strong><\/span><\/h5>\n<p style=\"text-align: center;\"><span style=\"color: #000000;\"><strong>Elder of Ziyon<br \/>\n<\/strong><span style=\"color: #808080;\"><em>T\u0142umaczenie: <\/em><\/span><strong>Ma\u0142gorzata Koraszewska<\/strong><\/span><\/p>\n<hr style=\"height: 15px; background: #d0e6fa; width: 100%;\">\n<div class=\"templateArticleIngress\" style=\"text-align: left;\"><span style=\"color: #000080;\">W 2007 roku Amnesty International napisa\u0142a&nbsp;<strong><a style=\"color: #000080;\" href=\"about:blank\">5-stronicowy raport<\/a><\/strong>&nbsp;opisuj\u0105cy instytucjonaln\u0105 i prawn\u0105 dyskryminacj\u0119 palesty\u0144skich Arab\u00f3w w Libanie.<\/span><\/div>\n<div class=\"templateArticleBrodtext\">\n<p style=\"text-align: left;\"><span style=\"color: #000080;\">Sko\u0144czy\u0142o si\u0119 na tych zaleceniach dla rz\u0105du liba\u0144skiego:<\/span><\/p>\n<p style=\"text-align: left;\"><span style=\"color: #000080;\">W tym celu w\u0142adze liba\u0144skie powinny:&nbsp;<\/span><\/p>\n<ul>\n<li><strong>\u00d8 pilnie uchyli\u0107 lub zrewidowa\u0107 wszystkie prawa i przepisy, kt\u00f3re bezpo\u015brednio dyskryminuj\u0105 uchod\u017ac\u00f3w palesty\u0144skich;&nbsp;&nbsp;<\/strong><\/li>\n<li><strong>\u00d8 podj\u0105\u0107 natychmiastowe kroki w celu poprawy warunk\u00f3w w obozach i zbiorowiskach;&nbsp;<\/strong><\/li>\n<li><strong>\u00d8 bezzw\u0142ocznie zarejestrowa\u0107 wszystkich uchod\u017ac\u00f3w palesty\u0144skich bez dowod\u00f3w to\u017csamo\u015bci podlegaj\u0105cych jurysdykcji liba\u0144skiej;&nbsp;<\/strong><\/li>\n<li><strong>\u00d8 po\u0142o\u017cy\u0107 kres dyskryminacji Palesty\u0144czyk\u00f3w na rynku pracy;&nbsp;<\/strong><\/li>\n<li><strong>\u00d8 zapewni\u0107 wszystkim dost\u0119p do odpowiedniej opieki zdrowotnej;&nbsp;<\/strong><\/li>\n<li><strong>\u00d8 zapewni\u0107 wszystkim dzieciom r\u00f3wny dost\u0119p do edukacji.&nbsp;&nbsp;<\/strong><\/li>\n<\/ul>\n<p style=\"text-align: left;\"><span style=\"color: #000080;\">Ten raport, 16 lat temu, by\u0142 ostatnim, kt\u00f3ry Amnesty po\u015bwi\u0119ci\u0142a trudnej sytuacji Palesty\u0144czyk\u00f3w w Libanie.&nbsp;<\/span><\/p>\n<p style=\"text-align: left;\"><span style=\"color: #000080;\">Od tamtej pory nic si\u0119 nie zmieni\u0142o.&nbsp;Dyskryminuj\u0105ce prawa nadal obowi\u0105zuj\u0105, Palesty\u0144czycy nadal nie mog\u0105 posiada\u0107 ziemi, nadal maj\u0105 zakaz wykonywania wielu zawod\u00f3w, nadal nie maj\u0105 dost\u0119pu do liba\u0144skiej opieki zdrowotnej, urodzone dzieci nie otrzymuj\u0105 obywatelstwa.&nbsp;<\/span><\/p>\n<p style=\"text-align: left;\"><span style=\"color: #000080;\">Wed\u0142ug jakiejkolwiek definicji, w\u0142\u0105czaj\u0105c w to w\u0142asn\u0105 definicj\u0119 Amnesty International, jest to apartheid wobec Palesty\u0144czyk\u00f3w w Libanie.&nbsp;Ale Amnesty nigdy tak tego nie nazywa i od pierwszej dekady tego stulecia nie uzna\u0142a tej kwestii za wart\u0105 dalszego raportu.<\/span><\/p>\n<p style=\"text-align: left;\"><span style=\"color: #000080;\">Amnesty pokr\u00f3tce wspomina\u0142a o arabskiej dyskryminacji Palesty\u0144czyk\u00f3w w swoich rocznych raportach dotycz\u0105cych wszystkich kraj\u00f3w.&nbsp;Z ich raportu rocznego za 2014 r.:<\/span><\/p>\n<p style=\"text-align: left;\"><span style=\"color: #000080;\">Tysi\u0105ce d\u0142ugoterminowych uchod\u017ac\u00f3w palesty\u0144skich nadal mieszka w obozach i na nieformalnych skupiskach w Libanie, cz\u0119sto w n\u0119dznych warunkach.&nbsp;Spotkaj\u0105 si\u0119 z dyskryminuj\u0105cymi prawami i regulacjami, na przyk\u0142ad odmawianie im prawa do dziedziczenia maj\u0105tku, prawa do pracy w oko\u0142o 20 zawodach i innych podstawowych praw.&nbsp;<\/span><\/p>\n<p style=\"text-align: left;\"><span style=\"color: #000080;\"><strong>I na rok 2019:<\/strong><\/span><\/p>\n<p style=\"text-align: left;\"><span style=\"color: #000080;\">Liban nadal go\u015bci\u0142 dziesi\u0105tki tysi\u0119cy d\u0142ugoterminowych uchod\u017ac\u00f3w palesty\u0144skich, kt\u00f3rzy nadal podlegaj\u0105 dyskryminuj\u0105cym przepisom wykluczaj\u0105cym ich z posiadania lub dziedziczenia w\u0142asno\u015bci, dost\u0119pu do publicznej edukacji i us\u0142ug zdrowotnych oraz wykonywania co najmniej 36 zawod\u00f3w.&nbsp;Co najmniej 3000 palesty\u0144skich uchod\u017ac\u00f3w, kt\u00f3rzy nie posiadaj\u0105 oficjalnych dokument\u00f3w to\u017csamo\u015bci, spotka\u0142o si\u0119 z dalszymi ograniczeniami, odmawiaj\u0105c im prawa do rejestrowania urodze\u0144, ma\u0142\u017ce\u0144stw i zgon\u00f3w.<\/span><\/p>\n<p style=\"text-align: left;\"><strong>rok 2020:<\/strong><\/p>\n<p style=\"text-align: left;\"><span style=\"color: #000080;\">Ponad 470 tysi\u0119cy uchod\u017ac\u00f3w palesty\u0144skich zosta\u0142o zarejestrowanych w UN Relief and Works Agency, agencji ONZ ds. uchod\u017ac\u00f3w palesty\u0144skich, w tym 29 tysi\u0119cy palesty\u0144skich uchod\u017ac\u00f3w z Syrii. Szacuje si\u0119, \u017ce 180 tysi\u0119cy z nich nadal mieszka w kraju, nadal podlega dyskryminuj\u0105cym prawom, wykluczaj\u0105cym ich z posiadania lub dziedziczenia w\u0142asno\u015bci, dost\u0119pu do publicznej edukacji i us\u0142ug zdrowotnych oraz z pracy w co najmniej 36 zawodach.<\/span><\/p>\n<p style=\"text-align: left;\"><span style=\"color: #000080;\">Ale kiedy spojrzy si\u0119 na <strong><a style=\"color: #000080;\" href=\"about:blank\">wpis dotycz\u0105cy Libanu w ostatnim&nbsp;<\/a><a style=\"color: #000080;\" href=\"about:blank\">rocznym raporcie<\/a><\/strong>&nbsp;Amnesty, obejmuj\u0105cym rok 2021,&nbsp;<strong>nie ma tam ani s\u0142owa o dyskryminacji i z\u0142ym traktowaniu Palesty\u0144czyk\u00f3w w Libanie.<\/strong><\/span><\/p>\n<p style=\"text-align: left;\"><span style=\"color: #000080;\">Nic si\u0119 nie zmieni\u0142o.&nbsp;Nadal istniej\u0105 przepe\u0142nione obozy, nadal obowi\u0105zuj\u0105 dyskryminuj\u0105ce prawa.&nbsp;Decyzja Amnesty, by nie wspomina\u0107 o tym, co by\u0142o do tej pory w ka\u017cdym raporcie rocznym, musi by\u0107 celowa.&nbsp;<\/span><\/p>\n<p style=\"text-align: left;\"><span style=\"color: #000080;\">Mo\u017ce to zwyk\u0142y b\u0142\u0105d urz\u0119dniczy, przeoczenie, godna ubolewania pomy\u0142ka?<\/span><\/p>\n<p style=\"text-align: left;\"><span style=\"color: #000080;\">Sp\u00f3jrzmy na doroczne raporty Amnesty dotycz\u0105ce Jordanii w kwestii mieszkaj\u0105cych tam Palesty\u0144czyk\u00f3w nieb\u0119d\u0105cych obywatelami.<\/span><\/p>\n<p><strong>Rok 2019:<\/strong><\/p>\n<p style=\"text-align: left;\"><span style=\"color: #000080;\">14 pa\u017adziernika Ministerstwo Pracy podnios\u0142o z 11 do 39 liczb\u0119 zawod\u00f3w zabronionych obywatelom spoza Jordanii poszukuj\u0105cym pracy. W\u015br\u00f3d nich byli d\u0142ugoterminowi uchod\u017acy palesty\u0144scy nieposiadaj\u0105cy obywatelstwa jorda\u0144skiego, z kt\u00f3rych wi\u0119kszo\u015b\u0107 pochodzi\u0142a ze Strefy Gazy; nadal odmawiano im r\u00f3wnie\u017c innych podstawowych praw i us\u0142ug.<\/span><\/p>\n<p style=\"text-align: left;\"><strong>Rok 2020:<\/strong><\/p>\n<p style=\"text-align: left;\"><span style=\"color: #000080;\">Palesty\u0144scy uchod\u017acy ze Strefy Gazy nadal byli pozbawieni podstawowych praw i us\u0142ug, poniewa\u017c nie maj\u0105 obywatelstwa jorda\u0144skiego.<\/span><span style=\"color: #000080;\">Ale w najnowszym&nbsp;<strong><a style=\"color: #000080;\" href=\"about:blank\">raporcie z 2021 r<\/a><\/strong>. nie ma ani s\u0142owa o jorda\u0144skiej dyskryminacji setek tysi\u0119cy Palesty\u0144czyk\u00f3w, kt\u00f3rzy nie s\u0105 obywatelami.&nbsp;A oni nadal cierpi\u0105 z powodu tej samej dyskryminacji, co rok i dekady wcze\u015bniej.<\/span><\/p>\n<p style=\"text-align: left;\"><span style=\"color: #000080;\">Dlaczego Amnesty mia\u0142aby usuwa\u0107 wszelkie wzmianki o \u0142amaniu praw cz\u0142owieka przez Arab\u00f3w wobec Palesty\u0144czyk\u00f3w w swoim raporcie z 2021 r., skoro wspomniano o nich w poprzednich raportach, a ich sytuacja nie uleg\u0142a poprawie?<\/span><\/p>\n<p style=\"text-align: left;\"><span style=\"color: #000080;\">Oto dlaczego.<\/span><\/p>\n<p style=\"text-align: left;\"><span style=\"color: #000080;\">Amnesty opublikowa\u0142a sw\u00f3j roczny raport za 2021 r. w marcu 2022 r. By\u0142o to wkr\u00f3tce po tym, jak Amnesty opublikowa\u0142a sw\u00f3j raport, w kt\u00f3rym&nbsp;<strong><a style=\"color: #000080;\" href=\"about:blank\">fa\u0142szywie oskar\u017cy\u0142a Izrael<\/a><\/strong>&nbsp;o \u201eapartheid\u201d wobec Palesty\u0144czyk\u00f3w.&nbsp;<\/span><\/p>\n<p style=\"text-align: left;\"><span style=\"color: #000080;\">Gdy tylko Amnesty opublikowa\u0142a sw\u00f3j antyizraelski raport, w kt\u00f3ry zainwestowa\u0142a tak wiele godzin pracy i tyle pieni\u0119dzy, usun\u0119\u0142a wszelkie wzmianki o tym, \u017ce Jordania i Liban traktuj\u0105 swoich palesty\u0144skich mieszka\u0144c\u00f3w znacznie gorzej ni\u017c Izrael!<\/span><\/p>\n<p style=\"text-align: left;\"><span style=\"color: #000080;\">Jest ma\u0142o prawdopodobne, aby by\u0142 to zbieg okoliczno\u015bci.&nbsp;Znies\u0142awienie Izraela przez Amnesty zosta\u0142oby os\u0142abione przez wzmiank\u0119 o tym, jak narody arabskie oficjalnie dyskryminuj\u0105 Palesty\u0144czyk\u00f3w, kt\u00f3rzy mieszkaj\u0105 w ich granicach od dziesi\u0119cioleci.&nbsp;Nie chcieli, aby ludzie wskazywali na ich w\u0142asne raporty pokazuj\u0105ce, \u017ce Arabowie naprawd\u0119 s\u0105 winni apartheidu wobec Palesty\u0144czyk\u00f3w, z dyskryminuj\u0105cymi prawami wymierzonymi specjalnie w nich.&nbsp;Rok 2022 by\u0142 rokiem, kt\u00f3ry Amnesty po\u015bwi\u0119ci\u0142a atakowaniu Izraela \u2013 nawet&nbsp;<strong><a style=\"color: #000080;\" href=\"about:blank\">tworzeniu koszulek i gad\u017cet\u00f3w<\/a><\/strong>&nbsp;oraz zach\u0119caniu do \u201ewyczyn\u00f3w kaskaderskich\u201d, aby uzyska\u0107 rozg\u0142os dla ich krucjaty.&nbsp;<\/span><\/p>\n<\/div>\n<p><img decoding=\"async\" class=\"aligncenter\" src=\"https:\/\/blogger.googleusercontent.com\/img\/b\/R29vZ2xl\/AVvXsEghM_-n28u_nVS980SjMt6R1GKmZ2RE2-gbOwQBf7SZzelNQjYsomWdKQo790ilM3IWbYgeqzEofHz8VXA0OxDQfl1yUVh_yEt2EmVh5n-RpYK3Y3GmzGvEhAof9pwm9FJYY6nUBhgPSd_kwClqo7eyu9Z7XNYhvVdXV4D3SmtMPLR32YoPK7s\/s320\/stunt.png\" width=\"100%\"><\/p>\n<div class=\"webnewsArticleImageContainer \">\n<div><span class=\"templateArticleBildtext\"><strong>Zorganizujcie cyrk medialny<\/strong><\/span><\/p>\n<p style=\"text-align: left;\"><span style=\"color: #000080;\">21 marca Amnesty International UK zorganizowa\u0142a cyrk przed izraelsk\u0105 ambasad\u0105, gdzie zamienili\u015bmy nazw\u0119 ulicy na \u201eAleja Apartheidu\u201d, podczas gdy palesty\u0144scy aktywi\u015bci wyzywaj\u0105co ta\u0144czyli dabk\u0119. Dlaczego nie mieliby\u015bcie zorganizowa\u0107 w\u0142asnego cyrku, kt\u00f3ry zainteresuje lokalne media? Mo\u017cecie da\u0107 upust wyobra\u017ani, na przyk\u0142ad:<\/span><\/p>\n<ul>\n<li style=\"text-align: left;\"><strong>Stw\u00f3rzcie s\u0142owo \u201eApartheid\u201d z Lego, balon\u00f3w, cegie\u0142 lub innego materia\u0142u i zr\u00f3bcie zdj\u0119cia lub sfilmujcie, jak je niszczycie.<\/strong><\/li>\n<li style=\"text-align: left;\"><strong>Przy pomocy fitness app zr\u00f3bcie tras\u0119 rowerow\u0105 lub do biegu, kt\u00f3ra b\u0119dzie s\u0142owami \u201eZako\u0144czy\u0107 apartheid\u201d.<\/strong><\/li>\n<\/ul>\n<p style=\"text-align: left;\"><span style=\"color: #000080;\">Zdj\u0119cia lub wideo z obu wydarze\u0144 zamie\u015b\u0107cie w mediach spo\u0142eczno\u015bciowych i wy\u015blijcie do lokalnej prasy z informacj\u0105 o naszej kampanii.]<\/span><\/p>\n<\/div>\n<\/div>\n<div class=\"templateArticleBrodtext\">\n<p style=\"text-align: left;\"><span style=\"color: #000080;\">Amnesty International nie informuje trze\u017awo o oskar\u017ceniach o \u0142amanie praw cz\u0142owieka przez Izrael.&nbsp;Z entuzjazmem promuje antyizraelsk\u0105 kampani\u0119.&nbsp;Wzmianka, \u017ce ich rodacy, Arabowie, traktuj\u0105 Palesty\u0144czyk\u00f3w gorzej ni\u017c \u201erasistowski, \u017cydowski suprematysta\u201d Izrael, zaszkodzi\u0142aby temu przes\u0142aniu.&nbsp;<\/span><\/p>\n<p style=\"text-align: left;\"><span style=\"color: #000080;\">Wi\u0119c&nbsp;<strong>wymazali wszystkie naruszenia praw cz\u0142owieka wobec Palesty\u0144czyk\u00f3w, za kt\u00f3re nie mogli obwinia\u0107 Izraela.&nbsp;<\/strong><\/span><\/p>\n<p style=\"text-align: left;\"><span style=\"color: #000080;\">Co dowodzi, \u017ce Amnesty nie jest bezstronnym arbitrem praw cz\u0142owieka, za jakiego si\u0119 podaje.&nbsp;Przynajmniej je\u015bli chodzi o Bliski Wsch\u00f3d, jest to antyizraelski kana\u0142 propagandowy.&nbsp;Rado\u015bnie rzuca Palesty\u0144czyk\u00f3w w Libanie i Jordanii wilkom na po\u017carcie.&nbsp;Dla nich demonizowanie Izraela jest o wiele wa\u017cniejsz\u0105 misj\u0105 ni\u017c zwyk\u0142e prawa cz\u0142owieka.<\/span><\/p>\n<\/div>\n<hr style=\"height: 15px; background: #d0e6fa; width: 100%;\">\n<div id=\"content\" class=\"content-alignment\">\n<div id=\"watch-description\" class=\"yt-uix-button-panel\">\n<div id=\"watch-description-text\" style=\"text-align: center;\">\n<p><em>Zawarto\u015b\u0107 publikowanych artyku\u0142\u00f3w i materia\u0142\u00f3w nie reprezentuje pogl\u0105d\u00f3w ani opinii Reunion&#8217;68,<\/em><em><br \/>\nani te\u017c webmastera Blogu Reunion&#8217;68, chyba ze jest to wyra\u017anie zaznaczone.<br \/>\nTwoje uwagi, linki, w\u0142asne artyku\u0142y lub wiadomo\u015bci prze\u015blij na adres:<br \/>\n<\/em><span style=\"color: #000080;\"><strong><em><a style=\"color: #000080;\" href=\"mailto:webmaster@reunion68.com\"><span style=\"text-decoration: underline;\">webmaster@reunion68.com<\/span><\/a><\/em><\/strong><\/span><\/p>\n<\/div>\n<\/div>\n<\/div>\n<hr style=\"width: 100%;\">\n","protected":false},"excerpt":{"rendered":"<p>Jeden z licznych oboz\u00f3w dla &#8220;uchod\u017ac\u00f3w&#8221; palesty\u0144skich w Libanie. Gdy tylko @Amnesty rozpocz\u0119\u0142a kampani\u0119 \u201eapartheidu\u201d, przestali wspomina\u0107 o liba\u0144skiej\/jorda\u0144skiej dyskryminacji Palesty\u0144czyk\u00f3w Elder of Ziyon T\u0142umaczenie: Ma\u0142gorzata Koraszewska W 2007 roku Amnesty International napisa\u0142a&nbsp;5-stronicowy raport&nbsp;opisuj\u0105cy instytucjonaln\u0105 i prawn\u0105 dyskryminacj\u0119 palesty\u0144skich Arab\u00f3w w Libanie. Sko\u0144czy\u0142o si\u0119 na tych zaleceniach dla rz\u0105du liba\u0144skiego: W tym celu w\u0142adze liba\u0144skie [&hellip;]<\/p>\n","protected":false},"author":1,"featured_media":0,"comment_status":"closed","ping_status":"closed","sticky":false,"template":"","format":"standard","meta":[],"categories":[6],"tags":[26,24],"_links":{"self":[{"href":"https:\/\/www.reunion68.se\/index.php?rest_route=\/wp\/v2\/posts\/103127"}],"collection":[{"href":"https:\/\/www.reunion68.se\/index.php?rest_route=\/wp\/v2\/posts"}],"about":[{"href":"https:\/\/www.reunion68.se\/index.php?rest_route=\/wp\/v2\/types\/post"}],"author":[{"embeddable":true,"href":"https:\/\/www.reunion68.se\/index.php?rest_route=\/wp\/v2\/users\/1"}],"replies":[{"embeddable":true,"href":"https:\/\/www.reunion68.se\/index.php?rest_route=%2Fwp%2Fv2%2Fcomments&post=103127"}],"version-history":[{"count":8,"href":"https:\/\/www.reunion68.se\/index.php?rest_route=\/wp\/v2\/posts\/103127\/revisions"}],"predecessor-version":[{"id":103140,"href":"https:\/\/www.reunion68.se\/index.php?rest_route=\/wp\/v2\/posts\/103127\/revisions\/103140"}],"wp:attachment":[{"href":"https:\/\/www.reunion68.se\/index.php?rest_route=%2Fwp%2Fv2%2Fmedia&parent=103127"}],"wp:term":[{"taxonomy":"category","embeddable":true,"href":"https:\/\/www.reunion68.se\/index.php?rest_route=%2Fwp%2Fv2%2Fcategories&post=103127"},{"taxonomy":"post_tag","embeddable":true,"href":"https:\/\/www.reunion68.se\/index.php?rest_route=%2Fwp%2Fv2%2Ftags&post=103127"}],"curies":[{"name":"wp","href":"https:\/\/api.w.org\/{rel}","templated":true}]}}