{"id":103260,"date":"2023-04-02T17:05:26","date_gmt":"2023-04-02T15:05:26","guid":{"rendered":"http:\/\/www.reunion68.se\/?p=103260"},"modified":"2023-04-02T13:25:07","modified_gmt":"2023-04-02T11:25:07","slug":"08-00-82","status":"publish","type":"post","link":"https:\/\/www.reunion68.se\/?p=103260","title":{"rendered":"Israel&#8217;s AG opposes a National Guard under Ben-Gvir&#8217;s control"},"content":{"rendered":"<h5 style=\"text-align: center;\"><a href=\"https:\/\/www.jpost.com\/\" target=\"_blank\" rel=\"noopener noreferrer\"><img decoding=\"async\" class=\"center alignleft\" src=\"http:\/\/www.reunion68.com\/Biuletyn\/img\/jpost.png\" alt=\"\" width=\"35%\" \/><\/a><span style=\"text-decoration: underline; color: #000080;\"><strong><a style=\"color: #000080; text-decoration: underline;\" href=\"https:\/\/www.jpost.com\/breaking-news\/article-736150\" target=\"_blank\" rel=\"noopener noreferrer\">Israel&#8217;s AG opposes a National Guard under Ben-Gvir&#8217;s control<\/a><\/strong><\/span><\/h5>\n<p style=\"text-align: center;\"><span style=\"color: #000000;\"><strong> JERUSALEM POST STAFF<\/strong><\/span><\/p>\n<hr style=\"height: 15px; background: #d0e6fa; width: 100%;\" \/>\n<h5 style=\"text-align: center;\"><strong>The legal impediment is reportedly over the overlapping of duties with the Israel Police.<\/strong><\/h5>\n<h5 style=\"text-align: center;\">.<\/h5>\n<p style=\"text-align: center;\">\n<img decoding=\"async\" class=\"aligncenter\" src=\"https:\/\/images.jpost.com\/image\/upload\/f_auto,fl_lossy\/t_JD_ArticleMainImageFaceDetect\/529458\" width=\"100%\" \/><span style=\"color: #808080;\"><em>LEFT: Attorney-General Gali Baharav-Miara RIGHT: National Security Minister Itamar Ben-Gvir \/\u00a0 (photo credit: Canva, YONATAN SINDEL\/FLASH90)<\/em><\/span><\/p>\n<p style=\"text-align: left;\"><a href=\"https:\/\/www.jpost.com\/israel-news\/article-734067\"><span style=\"color: #000080;\">Attorney-General Gali Baharav-Miara<\/span><\/a><span style=\"color: #000080;\">\u00a0and Israel\u00a0<a style=\"color: #000080;\" href=\"https:\/\/www.jpost.com\/israel-news\/article-736121\">Police Chief Kobi Shabtai<\/a>\u00a0are against the establishment of a National Guard under the control of the National Security Ministry, Israeli media reported on Sunday morning.<\/span><\/p>\n<p style=\"text-align: left;\"><span style=\"color: #000080;\">\u00a0Baharav-Miara reportedly argued that\u00a0there is a legal impediment over the overlapping of duties between such a National Guard and the Israel Police, N12 said.<\/span><\/p>\n<p style=\"text-align: left;\"><span style=\"color: #000080;\">Ben-Gvir attacked Baharav-Miara for her opposition to the National Guard plan, which he argued was needed to restore order in the streets. Ben-Gvir said that Baharav-Miara didn&#8217;t understand her role as Attorney-General.<\/span><\/p>\n<p style=\"text-align: left;\"><span style=\"color: #000080;\">&#8220;Almost two years have passed since the [Operation] Guardian of the Walls events where we saw how the police didn&#8217;t succeed in responding quickly and smoothly, in those days it was clear why there is a need for a National Guard to deal with exactly the same problems,&#8221; said Ben-Gvir. &#8220;There is no one to take care of the security in the Arab sector which is plagued by murders. Our wonderful police officers do as much as they can to provide security and service to citizens, but they are overloaded with work and unable to get to everything, every police officer who goes on duty has dozens of tasks, it&#8217;s crazy. That&#8217;s why we need the\u00a0<a style=\"color: #000080;\" href=\"https:\/\/www.jpost.com\/israel-news\/politics-and-diplomacy\/article-735580\">National Guard<\/a>.&#8221;<\/span><\/p>\n<blockquote id=\"blockquote_cite_e105ba19-e98c-3d37-0a41-ded05e87aa55\" class=\"blockquote_cite center\"><p><b>&#8220;There is no one to take care of the security in the Arab sector which is plagued by murders.&#8221;<\/b><\/p>\n<p><cite>National Security Minister Itamar Ben-Gvir<\/cite><\/p><\/blockquote>\n<div class=\"fake-br-for-article-body\"><\/div>\n<p style=\"text-align: left;\"><span style=\"color: #000080;\">Shabtai warned that the establishment of the new system would damage the function of internal state security and the ability for police to fulfill their responsibilities.<\/span><\/p>\n<p style=\"text-align: left;\"><span style=\"color: #000080;\">&#8220;Establishing an additional security body in the State of Israel, especially one whose areas of responsibility and activity overlap with those of the Israel Police, is a decision that has dramatic consequences for the internal security of the State of Israel,&#8221; Shabtai said according to Maariv.<\/span><\/p>\n<p style=\"text-align: left;\"><span style=\"color: #000080;\">Shabtai said that the reasons for establishing an expanded National Guard were unclear, saying that it was a waste of resources for an unproven model in which staff engaged in the same activities. Overlapping duties would create power struggles, a lack of responsibility and a lack of chain of command.<\/span><\/p>\n<p style=\"text-align: left;\"><span style=\"color: #000080;\">Ben-Gvir responded to the police chief by calming that the senior police officers didn&#8217;t want a National Guard over ego issues and that the police had been asked to present a plan on the matter three months ago.<\/span><\/p>\n<p style=\"text-align: left;\"><span style=\"color: #000080;\">The duties that the National Guard would address, according to the National Security Ministry statement, would be &#8220;personal security,&#8221; illegal weapons, crime wars and &#8220;agricultural terrorism.&#8221;<\/span><\/p>\n<p style=\"text-align: left;\"><span style=\"color: #000080;\">Likud MK Boaz Bismuth dismissed the police chief&#8217;s warning, saying that Ben-Gvir wouldn&#8217;t be able to do whatever he wanted with the National Guard, and the Prime Minister Benjamin Netanyahu was still in charge.<\/span><\/p>\n<p style=\"text-align: left;\"><span style=\"color: #000080;\">Labor MK Gilad Kariv said that Ben-Gvir had prevented Shabtai from presenting his opinion on the National Guard at the recent cabinet meeting.<\/span><\/p>\n<p style=\"text-align: left;\"><span style=\"color: #000080;\">Former Israel Police chief Moshe Karadi had attacked Ben-Gvir on Saturday as a danger to the state and expressed concern over the fate of the Israel Police and IDF.<\/span><\/p>\n<p style=\"text-align: left;\"><span style=\"color: #000080;\">March saw a power struggle between Ben-Gvir, police brass, and the atorney-general. While Ben-Gvir has the legal authority to create general policy for the police, the Attorney-General warned on March 16 that he had crossed the line in issuing direct orders to officers during ongoing operations for the judicial reform protests. The High Court of Justice barred Ben-Gvir from issuing a direct order to the police on March 19.<\/span><\/p>\n<p style=\"text-align: left;\"><span style=\"color: #000080;\">Ben-Gvir&#8217;s ability to establish general policy and principles for the Police was established in December 27 as part of the first part of the controversial &#8220;Police law.&#8221;<\/span><\/p>\n<h5 style=\"text-align: left;\"><strong>Government will discuss implementation<\/strong><\/h5>\n<p style=\"text-align: left;\"><span style=\"color: #000080;\">On Sunday morning the government is set to discuss the implementation of a deal between Ben-Gvir and\u00a0<a style=\"color: #000080;\" href=\"https:\/\/www.jpost.com\/israel-news\/article-736129\">Prime Minister Benjamin Netanyahu<\/a>, which would give the Otzmah Yehudit leader control of the security body in return for support for a pause in judicial reform legislation.<\/span><\/p>\n<hr style=\"height: 15px; background: #d0e6fa; width: 100%;\" \/>\n<div id=\"content\" class=\"content-alignment\">\n<div id=\"watch-description\" class=\"yt-uix-button-panel\">\n<div id=\"watch-description-text\" style=\"text-align: center;\">\n<p><em>Zawarto\u015b\u0107 publikowanych artyku\u0142\u00f3w i materia\u0142\u00f3w nie reprezentuje pogl\u0105d\u00f3w ani opinii Reunion&#8217;68,<\/em><em><br \/>\nani te\u017c webmastera Blogu Reunion&#8217;68, chyba ze jest to wyra\u017anie zaznaczone.<br \/>\nTwoje uwagi, linki, w\u0142asne artyku\u0142y lub wiadomo\u015bci prze\u015blij na adres:<br \/>\n<\/em><span style=\"color: #000080;\"><strong><em><a style=\"color: #000080;\" href=\"mailto:webmaster@reunion68.com\"><span style=\"text-decoration: underline;\">webmaster@reunion68.com<\/span><\/a><\/em><\/strong><\/span><\/p>\n<\/div>\n<\/div>\n<\/div>\n<hr style=\"width: 100%;\" \/>\n","protected":false},"excerpt":{"rendered":"<p>Israel&#8217;s AG opposes a National Guard under Ben-Gvir&#8217;s control JERUSALEM POST STAFF The legal impediment is reportedly over the overlapping of duties with the Israel Police. . LEFT: Attorney-General Gali Baharav-Miara RIGHT: National Security Minister Itamar Ben-Gvir \/\u00a0 (photo credit: Canva, YONATAN SINDEL\/FLASH90) Attorney-General Gali Baharav-Miara\u00a0and Israel\u00a0Police Chief Kobi Shabtai\u00a0are against the establishment of a [&hellip;]<\/p>\n","protected":false},"author":1,"featured_media":0,"comment_status":"closed","ping_status":"closed","sticky":false,"template":"","format":"standard","meta":[],"categories":[3],"tags":[26,24],"_links":{"self":[{"href":"https:\/\/www.reunion68.se\/index.php?rest_route=\/wp\/v2\/posts\/103260"}],"collection":[{"href":"https:\/\/www.reunion68.se\/index.php?rest_route=\/wp\/v2\/posts"}],"about":[{"href":"https:\/\/www.reunion68.se\/index.php?rest_route=\/wp\/v2\/types\/post"}],"author":[{"embeddable":true,"href":"https:\/\/www.reunion68.se\/index.php?rest_route=\/wp\/v2\/users\/1"}],"replies":[{"embeddable":true,"href":"https:\/\/www.reunion68.se\/index.php?rest_route=%2Fwp%2Fv2%2Fcomments&post=103260"}],"version-history":[{"count":7,"href":"https:\/\/www.reunion68.se\/index.php?rest_route=\/wp\/v2\/posts\/103260\/revisions"}],"predecessor-version":[{"id":103284,"href":"https:\/\/www.reunion68.se\/index.php?rest_route=\/wp\/v2\/posts\/103260\/revisions\/103284"}],"wp:attachment":[{"href":"https:\/\/www.reunion68.se\/index.php?rest_route=%2Fwp%2Fv2%2Fmedia&parent=103260"}],"wp:term":[{"taxonomy":"category","embeddable":true,"href":"https:\/\/www.reunion68.se\/index.php?rest_route=%2Fwp%2Fv2%2Fcategories&post=103260"},{"taxonomy":"post_tag","embeddable":true,"href":"https:\/\/www.reunion68.se\/index.php?rest_route=%2Fwp%2Fv2%2Ftags&post=103260"}],"curies":[{"name":"wp","href":"https:\/\/api.w.org\/{rel}","templated":true}]}}