{"id":103268,"date":"2023-04-02T17:09:34","date_gmt":"2023-04-02T15:09:34","guid":{"rendered":"http:\/\/www.reunion68.se\/?p=103268"},"modified":"2023-04-02T13:37:55","modified_gmt":"2023-04-02T11:37:55","slug":"09-09-73","status":"publish","type":"post","link":"https:\/\/www.reunion68.se\/?p=103268","title":{"rendered":"Zmar\u0142 prof. Pawe\u0142 \u015apiewak, wieloletni dyrektor \u017bIH"},"content":{"rendered":"<p><img decoding=\"async\" class=\"aligncenter\" src=\"https:\/\/www.jhi.pl\/storage\/image\/core_files\/2021\/1\/4\/dc409bbfd765032572fe7e72e35c47f6\/jpg\/jhi\/header\/JHI_thumbnail_1.webp\" width=\"100%\"><\/p>\n<hr>\n<h5 style=\"text-align: center;\"><a href=\"https:\/\/www.jhi.pl\/\" target=\"_blank\" rel=\"noopener noreferrer\"><img decoding=\"async\" class=\"center alignleft\" src=\"http:\/\/www.reunion68.com\/Biuletyn\/img\/zih-1.png\" alt=\"\" width=\"35%\"><\/a><span style=\"text-decoration: underline; color: #000080;\"><strong><a style=\"color: #000080; text-decoration: underline;\" href=\"https:\/\/www.jhi.pl\/artykuly\/zmarl-prof-pawel-spiewak-wieloletni-dyrektor-zih,6794\" target=\"_blank\" rel=\"noopener noreferrer\">Zmar\u0142 prof. Pawe\u0142 \u015apiewak, wieloletni dyrektor \u017bIH<\/a><\/strong><\/span><\/h5>\n<p style=\"text-align: center;\"><span style=\"color: #000000;\"><strong> \u017bydowski Instytut Historyczny<\/strong><\/span><\/p>\n<hr style=\"height: 15px; background: #d0e6fa; width: 100%;\">\n<h4 style=\"text-align: center;\"><span style=\"color: #808080;\"><strong>W czwartek 30 marca wieczorem dotar\u0142a do nas smutna wie\u015b\u0107 o \u015bmierci prof. Paw\u0142a \u015apiewaka, socjologa, historyka idei, publicysty i dyrektora \u017bydowskiego Instytutu Historycznego w latach 2011\u20122020.<\/strong><\/span><\/h4>\n<p>.<\/p>\n<p style=\"text-align: center;\"><em><img decoding=\"async\" class=\"aligncenter\" src=\"https:\/\/www.jhi.pl\/storage\/image\/core_files\/2023\/3\/31\/ae4069fa7575feaf2b38b763b7d4abe1\/png\/jhi\/normal_big\/obraz_2023-03-30_213804757%20%E2%80%93%20ze%20zmianami.webp\" width=\"100%\"><span style=\"color: #808080;\">fot. Marta Ku\u015bmierz<\/span><\/em><\/p>\n<p><strong><span class=\"x193iq5w xeuugli x13faqbe x1vvkbs x1xmvt09 x1lliihq x1s928wv xhkezso x1gmr53x x1cpjm7i x1fgarty x1943h6x xudqn12 x3x7a5m x6prxxf xvq8zen xo1l8bm xzsf02u\" dir=\"auto\">Pogrzeb prof. Paw\u0142a \u015apiewaka odby\u0142 si\u0119 w niedziel\u0119 2 kwietnia 2023 roku o godzinie 13:00 na cmentarzu \u017cydowskim przy ul. Okopowej w Warszawie.&nbsp;<\/span><\/strong><\/p>\n<p style=\"text-align: left;\"><span style=\"color: #000080;\">Pawe\u0142 \u015apiewak urodzi\u0142 si\u0119 w 1951 roku, by\u0142 synem poetki, pisarki i t\u0142umaczki Anny Kamie\u0144skiej i Jana \u015apiewaka, poety i t\u0142umacza. Studiowa\u0142 socjologi\u0119 na Uniwersytecie Warszawskim, w 1984 roku uzyska\u0142 stopie\u0144 doktora, a w roku 2000 roku zosta\u0142 doktorem habilitowanym nauk humanistycznych. Dzia\u0142a\u0142 w NSZZ \u201eSolidarno\u015b\u0107&#8221;, by\u0142 wyk\u0142adowc\u0105 akademickim, a w latach 2005-2007 pos\u0142em na Sejm. W 2011 roku zosta\u0142 dyrektorem \u017bydowskiego Instytutu Historycznego i pe\u0142ni\u0142 t\u0119 funkcj\u0119 do 2020 roku.<\/span><\/p>\n<p style=\"text-align: left;\"><span class=\"x193iq5w xeuugli x13faqbe x1vvkbs x1xmvt09 x1lliihq x1s928wv xhkezso x1gmr53x x1cpjm7i x1fgarty x1943h6x xudqn12 x3x7a5m x6prxxf xvq8zen xo1l8bm xzsf02u\" dir=\"auto\"><span style=\"color: #000080;\">Trzy lata temu opowiada\u0142 Oldze Drendzie o wyj\u0105tkowo\u015bci miejsca i zespo\u0142u, kt\u00f3rym kierowa\u0142: \u201eKa\u017cdy tworzy wsp\u00f3lne dobro, pracuj\u0105c na rzecz Instytutu, a nie tylko dla siebie. Silnie uto\u017csamiaj\u0105c si\u0119 z naszym wsp\u00f3lnym dzie\u0142em. [&#8230;] To miejsce sta\u0142o si\u0119 przez te kilka d\u0142ugich lat moim \u017cyciem. Oswoi\u0142em je za pomoc\u0105 rodzinnego, d\u0119bowego sto\u0142u. Bardzo mnie ta praca zmieni\u0142a&#8221;. \u017byczy\u0142 \u017bydowskiemu Instytutowi Historycznemu, \u017ceby \u201edobrze trwa\u0142 i dobrze \u015bwieci\u0142\u201d.<\/span><\/span><\/p>\n<p><span style=\"color: #000080;\">Baruch Dajan ha-Emet, niech b\u0119dzie b\u0142ogos\u0142awiony S\u0119dzia Prawdy<\/span>.<\/p>\n<hr style=\"height: 15px; background: #d0e6fa; width: 100%;\">\n<h4 style=\"text-align: center;\"><span style=\"color: #808080;\"><strong>Wspomnienie o prof. Pawle \u015apiewaku<\/strong><\/span><\/h4>\n<p>Autor: prof. dr hab. Andrzej \u017bbikowski<\/p>\n<p style=\"text-align: center;\"><img decoding=\"async\" class=\"aligncenter\" src=\"https:\/\/www.jhi.pl\/storage\/image\/core_files\/2023\/3\/31\/e38e0e85a5f48cdf438dcf1ed1af269c\/jpg\/jhi\/normal_big\/2H2A5331.webp\" width=\"100%\"><span style=\"color: #808080;\"><em>fot. Marta Ku\u015bmierz<\/em><\/span><\/p>\n<p><span style=\"color: #000080;\">Paw\u0142a pozna\u0142em w 1985 b\u0105d\u017a 1986 r., gdy zaczyna\u0142em prac\u0119 w \u017bydowskim Instytucie Historycznym, by\u0142 m\u0119\u017cem mojej kole\u017canki Heleny Datner. Lepiej poznali\u015bmy si\u0119 kilka lat p\u00f3\u017aniej, gdy poprosi\u0142 mnie o przygotowanie do druku wspomnie\u0144 uczestnika buntu z obozie zag\u0142ady w Treblince, a p\u00f3\u017aniej powstania warszawskiego Samuela Willenberga. Dzi\u015b my\u015bl\u0119, \u017ce w\u0142a\u015bnie praca nad t\u0105 ksi\u0105\u017ck\u0105 u\u015bwiadomi\u0142a nam konieczno\u015b\u0107 podj\u0119cia kompleksowych bada\u0144 nad Zag\u0142ad\u0105 polskich \u017byd\u00f3w i losem mieszka\u0144c\u00f3w getta warszawskiego. Zaprzyja\u017anili\u015bmy z Samuelem i jego \u017con\u0105, wsp\u00f3lnie organizowali\u015bmy p\u00f3\u017aniej coroczne uroczysto\u015bci w rocznic\u0119 buntu w Treblince 2 sierpnia.<\/span><\/p>\n<p><span style=\"color: #000080;\">Badaniami nad gettem warszawskim zaj\u0119li\u015bmy si\u0119 rzeczywi\u015bcie intensywnie, gdy Pawe\u0142 zosta\u0142 w 2011 roku dyrektorem \u017bIH-u. Dyrektorem by\u0142 zreszt\u0105 nie\u0142atwym, wiele wymagaj\u0105cym, ale r\u00f3wnocze\u015bnie niezwykle inspiruj\u0105cym. Pawe\u0142 odmieni\u0142 Instytut, zatrudni\u0142 m\u0142odych ludzi o du\u017cych kompetencjach w kwestiach wystawienniczych, medialnych, technicznych. Ochoczo popar\u0142 rozbudowanie dzia\u0142u naukowego, co umo\u017cliwi\u0142o nam znaczne przyspieszenie edycji \u017ar\u00f3de\u0142 z Archiwum Ringelbluma. Ci m\u0142odzi wtedy doktoranci to dzi\u015b wybitni, uznani w \u015bwiecie badacze. Do czasu obj\u0119cia przez Paw\u0142a stanowiska dyrektora wydali\u015bmy cztery tomy, gdy odchodzi\u0142, na p\u00f3\u0142kach sta\u0142o ju\u017c ich trzydzie\u015bci par\u0119.<\/span><\/p>\n<p><span style=\"color: #000080;\">Dzi\u0119ki wg\u0142\u0119bieniu si\u0119 w opowie\u015bci zachowane w Archiwum mogli\u015bmy podej\u015b\u0107 w nowatorski spos\u00f3b do analizy \u017cycia spo\u0142ecznego, religijnego i kulturalnego w getcie warszawskim. Na seminarium po\u015bwi\u0119conym gettu pod kierunkiem Paw\u0142a wypracowali\u015bmy scenariusz nowej sta\u0142ej wystawy po\u015bwi\u0119conej Oneg Szabat i Emanuelowi Ringelblumowi. Jej pok\u0142osiem by\u0142o kilka wystaw czasowych, na kt\u00f3rych pokazali\u015bmy, jak dzieje getta odcisn\u0119\u0142y si\u0119 na sztukach plastycznych i literaturze.<\/span><\/p>\n<p><span style=\"color: #000080;\">Pawe\u0142 kontynuowa\u0142 prac\u0119 naukow\u0105, sporo publikowa\u0142, dzia\u0142a\u0142 na polu spo\u0142ecznym. Moim zdaniem najwi\u0119kszym osi\u0105gni\u0119ciem Paw\u0142a okaza\u0142a si\u0119 organizacja marsz\u00f3w ulicznych w rocznic\u0119 rozpocz\u0119cia 22 lipca 1942 roku wielkiej deportacji z getta do obozu \u015bmierci w Treblince. Co roku w marszu i towarzysz\u0105cych mu uroczysto\u015bciach bierze udzia\u0142 kilka tysi\u0119cy Warszawiak\u00f3w.<\/span><\/p>\n<p><span style=\"color: #000080;\">Pawle, obiecuj\u0119, \u017ce b\u0119dziemy kontynuowa\u0107 Twoje inicjatywy.<\/span><\/p>\n<p style=\"text-align: right;\"><span style=\"color: #000080;\">Andrzej \u017bbikowski<\/span><\/p>\n<hr style=\"height: 15px; background: #d0e6fa; width: 100%;\">\n<div id=\"content\" class=\"content-alignment\">\n<div id=\"watch-description\" class=\"yt-uix-button-panel\">\n<div id=\"watch-description-text\" style=\"text-align: center;\">\n<p><em>Zawarto\u015b\u0107 publikowanych artyku\u0142\u00f3w i materia\u0142\u00f3w nie reprezentuje pogl\u0105d\u00f3w ani opinii Reunion&#8217;68,<\/em><em><br \/>\nani te\u017c webmastera Blogu Reunion&#8217;68, chyba ze jest to wyra\u017anie zaznaczone.<br \/>\nTwoje uwagi, linki, w\u0142asne artyku\u0142y lub wiadomo\u015bci prze\u015blij na adres:<br \/>\n<\/em><span style=\"color: #000080;\"><strong><em><a style=\"color: #000080;\" href=\"mailto:webmaster@reunion68.com\"><span style=\"text-decoration: underline;\">webmaster@reunion68.com<\/span><\/a><\/em><\/strong><\/span><\/p>\n<\/div>\n<\/div>\n<\/div>\n<hr style=\"width: 100%;\">\n","protected":false},"excerpt":{"rendered":"<p>Zmar\u0142 prof. Pawe\u0142 \u015apiewak, wieloletni dyrektor \u017bIH \u017bydowski Instytut Historyczny W czwartek 30 marca wieczorem dotar\u0142a do nas smutna wie\u015b\u0107 o \u015bmierci prof. Paw\u0142a \u015apiewaka, socjologa, historyka idei, publicysty i dyrektora \u017bydowskiego Instytutu Historycznego w latach 2011\u20122020. . fot. Marta Ku\u015bmierz Pogrzeb prof. Paw\u0142a \u015apiewaka odby\u0142 si\u0119 w niedziel\u0119 2 kwietnia 2023 roku o godzinie [&hellip;]<\/p>\n","protected":false},"author":1,"featured_media":0,"comment_status":"closed","ping_status":"closed","sticky":false,"template":"","format":"standard","meta":[],"categories":[6],"tags":[26,24],"_links":{"self":[{"href":"https:\/\/www.reunion68.se\/index.php?rest_route=\/wp\/v2\/posts\/103268"}],"collection":[{"href":"https:\/\/www.reunion68.se\/index.php?rest_route=\/wp\/v2\/posts"}],"about":[{"href":"https:\/\/www.reunion68.se\/index.php?rest_route=\/wp\/v2\/types\/post"}],"author":[{"embeddable":true,"href":"https:\/\/www.reunion68.se\/index.php?rest_route=\/wp\/v2\/users\/1"}],"replies":[{"embeddable":true,"href":"https:\/\/www.reunion68.se\/index.php?rest_route=%2Fwp%2Fv2%2Fcomments&post=103268"}],"version-history":[{"count":7,"href":"https:\/\/www.reunion68.se\/index.php?rest_route=\/wp\/v2\/posts\/103268\/revisions"}],"predecessor-version":[{"id":103291,"href":"https:\/\/www.reunion68.se\/index.php?rest_route=\/wp\/v2\/posts\/103268\/revisions\/103291"}],"wp:attachment":[{"href":"https:\/\/www.reunion68.se\/index.php?rest_route=%2Fwp%2Fv2%2Fmedia&parent=103268"}],"wp:term":[{"taxonomy":"category","embeddable":true,"href":"https:\/\/www.reunion68.se\/index.php?rest_route=%2Fwp%2Fv2%2Fcategories&post=103268"},{"taxonomy":"post_tag","embeddable":true,"href":"https:\/\/www.reunion68.se\/index.php?rest_route=%2Fwp%2Fv2%2Ftags&post=103268"}],"curies":[{"name":"wp","href":"https:\/\/api.w.org\/{rel}","templated":true}]}}