{"id":103432,"date":"2023-04-21T17:00:33","date_gmt":"2023-04-21T15:00:33","guid":{"rendered":"http:\/\/www.reunion68.se\/?p=103432"},"modified":"2023-04-14T14:23:05","modified_gmt":"2023-04-14T12:23:05","slug":"14-00-84","status":"publish","type":"post","link":"https:\/\/www.reunion68.se\/?p=103432","title":{"rendered":"Trailer Drops for Holocaust Miniseries About Dutch Secretary Who Hid Anne Frank\u2019s Family From Nazis"},"content":{"rendered":"<h5 style=\"text-align: center;\"><a href=\"https:\/\/www.algemeiner.com\/\" target=\"_blank\" rel=\"noopener noreferrer\"><img decoding=\"async\" class=\"center alignleft\" src=\"http:\/\/www.reunion68.com\/Biuletyn\/img\/algem.png\" alt=\"\" width=\"35%\"><\/a><span style=\"text-decoration: underline; color: #000080;\"><span><strong><a style=\"color: #000080; text-decoration: underline;\" href=\"https:\/\/www.algemeiner.com\/2023\/04\/05\/trailer-drops-for-holocaust-miniseries-about-dutch-secretary-who-hid-anne-franks-family-from-nazis\/\" target=\"_blank\" rel=\"noopener noreferrer\">Trailer Drops for Holocaust Miniseries About Dutch Secretary Who Hid Anne Frank\u2019s Family From Nazis<\/a><\/strong><\/span><\/span><\/h5>\n<p style=\"text-align: center;\"><span style=\"color: #000000;\"><strong>Shiryn Ghermezian<\/strong><\/span><\/p>\n<hr style=\"height: 15px; background: #d0e6fa; width: 100%;\">\n<p style=\"text-align: center;\"><img decoding=\"async\" class=\"aligncenter\" src=\"https:\/\/www.algemeiner.com\/wp-content\/uploads\/2023\/01\/ASmallLight_Ep101_Sc154_Day11_0112_R-1.jpg\" width=\"100%\"><span style=\"color: #808080;\"><em>Jan and Miep Gies, played by Joe Cole and Bel Powley, are visited by Mr. Van Pels, played by Andy Nyman. Photo: National Geographic for Disney\/Dusan Martincek<\/em><\/span><\/p>\n<p style=\"text-align: left;\"><span style=\"color: #000080;\">National Geographic released on Tuesday a trailer for its upcoming limited series based on the true story of Miep Gies, the secretary of Otto Frank in the Netherlands who helped hide the Frank family and keep them safe from the Nazis during the Holocaust.<\/span><\/p>\n<p style=\"text-align: left;\"><span style=\"color: #000080;\"><em>A Small Light&nbsp;<\/em>stars BAFTA-nominated actress Bel Powley as Gies a young, married woman who was asked by her boss, Otto \u2014 played by Emmy-nominated actor Liev Schreiber \u2014 if he would help hide his family from the Nazis and she agreed without hesitation. For the next two years, Gies and her husband, played by Joe Cole, with the help of several others, watched over the Franks, as well as the van Pels and Pfeffer families hiding in the secret annex in Amsterdam during World War II.<\/span><\/p>\n<p style=\"text-align: left;\"><span style=\"color: #000080;\">Gies also held on to Anne\u2019s diary, kept it hidden from the Nazis and returned it to Otto after the war. He later published his daughter\u2019s diary and it became an international best-seller.<\/span><\/p>\n<p style=\"text-align: left;\"><span style=\"color: #000080;\">\u201cTold with a modern sensibility,&nbsp;<em>A Small Light<\/em>&nbsp;shakes the cobwebs off history and makes Miep\u2019s story feel relevant, forcing audiences to ask themselves what they would have done in Miep\u2019s shoes; and in modern times, asking if they would have the courage to stand up to hatred,\u201d National Geographic said in a released statement. \u201cSome stood by; Miep stood up.\u201d<\/span><\/p>\n<p style=\"text-align: left;\"><span style=\"color: #000080;\">The series title comes from something Gies said after the war about her heroic efforts: \u201cI don\u2019t like being called a hero because no one should ever think you have to be special to help others. Even an ordinary secretary or a housewife or a teenager can turn on a small light in a dark room.\u201d<\/span><\/p>\n<p style=\"text-align: left;\"><span style=\"color: #000080;\">\u201cWhen we first heard the remarkable story of Miep Gies we were gripped and deeply moved,\u201d said Carolyn Bernstein, EVP of scripted and documentary films at National Geographic. \u201cWe were also convinced that this limited series about an everyday superhero \u2013 one that most people around the world have never heard of \u2013 needed an unprecedented rollout. We are determined to bring<em>&nbsp;A Small Light<\/em>&nbsp;to the largest global audience possible and hope this ambitious rollout across multiple networks and streaming platforms allows audiences to fall in love with and be inspired by Miep just as we have.\u201d<\/span><\/p>\n<p style=\"text-align: left;\"><span style=\"color: #000080;\"><em>A Small Light,&nbsp;<\/em>produced by ABC Signature and Keshet Studios, premieres May 1 on National Geographic and will begin streaming the next day on Disney+ and Hulu as well as on the Nat Geo TV and ABC apps. New episodes air every Monday. Nat Geo WILD and Lifetime will also air the first two episodes and on May 6 Freeform will encore the premiere episodes.<\/span><\/p>\n<p style=\"text-align: left;\"><span style=\"color: #000080;\">Watch the trailer for&nbsp;<em>A Small Light<\/em>&nbsp;below.<\/span><\/p>\n<div id=\"content\" class=\"content-alignment\">\n<div id=\"watch-description\" class=\"yt-uix-button-panel\">\n<div id=\"watch-description-text\" style=\"text-align: center;\">\n<p><iframe loading=\"lazy\" title=\"A Small Light | Official Trailer | National Geographic\" src=\"https:\/\/www.youtube.com\/embed\/nsuk8ThvnpM\" width=\"680\" height=\"400\" frameborder=\"0\" allowfullscreen=\"allowfullscreen\"><\/iframe><\/p>\n<\/div>\n<\/div>\n<\/div>\n<hr style=\"height: 15px; background: #d0e6fa; width: 100%;\">\n<div id=\"content\" class=\"content-alignment\">\n<div id=\"watch-description\" class=\"yt-uix-button-panel\">\n<div id=\"watch-description-text\" style=\"text-align: center;\">\n<p><em>Zawarto\u015b\u0107 publikowanych artyku\u0142\u00f3w i materia\u0142\u00f3w nie reprezentuje pogl\u0105d\u00f3w ani opinii Reunion&#8217;68,<\/em><em><br \/>\nani te\u017c webmastera Blogu Reunion&#8217;68, chyba ze jest to wyra\u017anie zaznaczone.<br \/>\nTwoje uwagi, linki, w\u0142asne artyku\u0142y lub wiadomo\u015bci prze\u015blij na adres:<br \/>\n<\/em><span style=\"color: #000080;\"><strong><em><a style=\"color: #000080;\" href=\"mailto:webmaster@reunion68.com\"><span style=\"text-decoration: underline;\">webmaster@reunion68.com<\/span><\/a><\/em><\/strong><\/span><\/p>\n<\/div>\n<\/div>\n<\/div>\n<hr style=\"width: 100%;\">\n","protected":false},"excerpt":{"rendered":"<p>Trailer Drops for Holocaust Miniseries About Dutch Secretary Who Hid Anne Frank\u2019s Family From Nazis Shiryn Ghermezian Jan and Miep Gies, played by Joe Cole and Bel Powley, are visited by Mr. Van Pels, played by Andy Nyman. Photo: National Geographic for Disney\/Dusan Martincek National Geographic released on Tuesday a trailer for its upcoming limited [&hellip;]<\/p>\n","protected":false},"author":1,"featured_media":0,"comment_status":"closed","ping_status":"closed","sticky":false,"template":"","format":"standard","meta":[],"categories":[6],"tags":[26,24],"_links":{"self":[{"href":"https:\/\/www.reunion68.se\/index.php?rest_route=\/wp\/v2\/posts\/103432"}],"collection":[{"href":"https:\/\/www.reunion68.se\/index.php?rest_route=\/wp\/v2\/posts"}],"about":[{"href":"https:\/\/www.reunion68.se\/index.php?rest_route=\/wp\/v2\/types\/post"}],"author":[{"embeddable":true,"href":"https:\/\/www.reunion68.se\/index.php?rest_route=\/wp\/v2\/users\/1"}],"replies":[{"embeddable":true,"href":"https:\/\/www.reunion68.se\/index.php?rest_route=%2Fwp%2Fv2%2Fcomments&post=103432"}],"version-history":[{"count":7,"href":"https:\/\/www.reunion68.se\/index.php?rest_route=\/wp\/v2\/posts\/103432\/revisions"}],"predecessor-version":[{"id":103588,"href":"https:\/\/www.reunion68.se\/index.php?rest_route=\/wp\/v2\/posts\/103432\/revisions\/103588"}],"wp:attachment":[{"href":"https:\/\/www.reunion68.se\/index.php?rest_route=%2Fwp%2Fv2%2Fmedia&parent=103432"}],"wp:term":[{"taxonomy":"category","embeddable":true,"href":"https:\/\/www.reunion68.se\/index.php?rest_route=%2Fwp%2Fv2%2Fcategories&post=103432"},{"taxonomy":"post_tag","embeddable":true,"href":"https:\/\/www.reunion68.se\/index.php?rest_route=%2Fwp%2Fv2%2Ftags&post=103432"}],"curies":[{"name":"wp","href":"https:\/\/api.w.org\/{rel}","templated":true}]}}