{"id":103486,"date":"2023-05-19T17:09:30","date_gmt":"2023-05-19T15:09:30","guid":{"rendered":"http:\/\/www.reunion68.se\/?p=103486"},"modified":"2023-05-11T11:20:40","modified_gmt":"2023-05-11T09:20:40","slug":"17-09-73","status":"publish","type":"post","link":"https:\/\/www.reunion68.se\/?p=103486","title":{"rendered":"\u017bart niech si\u0119 \u017cartem odciska, a przed fejkami uczmy broni\u0107 si\u0119 za m\u0142odu"},"content":{"rendered":"<p><img decoding=\"async\" src=\"https:\/\/studioopinii.pl\/wp-content\/uploads\/2023\/03\/ebe25c9c-6b56-4180-8fa4-617861a50327.jpg\" width=\"100%\"><\/p>\n<h5 style=\"text-align: center;\"><a href=\"https:\/\/studioopinii.pl\/\" target=\"_blank\" rel=\"noopener noreferrer\"><img decoding=\"async\" class=\"center alignleft\" src=\"http:\/\/www.reunion68.com\/Biuletyn\/img\/studio.png\" alt=\"\" width=\"35%\"><\/a><span style=\"text-decoration: underline; color: #000080;\"><strong><a style=\"color: #000080; text-decoration: underline;\" href=\"https:\/\/studioopinii.pl\/archiwa\/233409\" target=\"_blank\" rel=\"noopener noreferrer\">\u017bart niech si\u0119 \u017cartem odciska, a przed fejkami uczmy broni\u0107 si\u0119 za m\u0142odu<\/a><\/strong><\/span><\/h5>\n<p style=\"text-align: center;\"><span style=\"color: #000000;\"><strong>Andrzej Koraszewski<\/strong><\/span><\/p>\n<hr style=\"height: 15px; background: #d0e6fa; width: 100%;\">\n<p style=\"text-align: left;\"><img decoding=\"async\" class=\"alignright\" src=\"https:\/\/studioopinii.pl\/wp-content\/uploads\/2023\/03\/zrodlo-zdjecia-pixabay-com.jpeg\" width=\"50%\"><span style=\"color: #000080;\">S\u0105d w&nbsp;Poznaniu nakaza\u0142 wszystkim mediom (niezale\u017cnie od&nbsp;ich linii generalnej)&nbsp;<strong>redukcj\u0119 przymiotnik\u00f3w o&nbsp;co&nbsp;najmniej po\u0142ow\u0119.&nbsp;<\/strong>Kilka gazet przeprowadzi\u0142o ju\u017c program pilota\u017cowy, kt\u00f3ry&nbsp;pokazuje, \u017ce&nbsp;znaczna cz\u0119\u015b\u0107 personelu pisz\u0105cego nie&nbsp;nadaje si\u0119 do&nbsp;pracy w&nbsp;nowych warunkach i&nbsp;ta&nbsp;pozornie tylko&nbsp;techniczna rewolucja grozi\u0142aby dramatycznym kryzysem polskich medi\u00f3w. Niekt\u00f3rzy wyk\u0142adowcy dziennikarstwa uwa\u017caj\u0105, \u017ce&nbsp;jest to&nbsp;zamach ze&nbsp;strony s\u0105du na&nbsp;wolno\u015b\u0107 s\u0142owa.<\/span><\/p>\n<p style=\"text-align: left;\"><span style=\"color: #000080;\">Wypowiedzia\u0142 si\u0119 w&nbsp;tej&nbsp;sprawie&nbsp;<strong>minister Zbigniew Ziobro<\/strong>, kt\u00f3rego&nbsp;zdaniem tego rodzaju nakaz stanowi\u0142yby nadmiern\u0105 polityzacj\u0119 s\u0105d\u00f3w i&nbsp;wyrazi\u0142 nadziej\u0119, \u017ce&nbsp;s\u0105d wy\u017cszej instancji uniewa\u017cni ten wyrok.&nbsp;<strong>Stanis\u0142aw Michalkiewicz<\/strong>&nbsp;napisa\u0142 na&nbsp;\u0142amach \u201eOdrzeczy.pl\u201d, \u017ce&nbsp;pozna\u0144ski s\u0105d wprowadza w&nbsp;Polsce \u017cydowskie porz\u0105dki i&nbsp;\u017ce&nbsp;on&nbsp;z&nbsp;pewno\u015bci\u0105 nigdy si\u0119 do&nbsp;takich polece\u0144 nie&nbsp;zastosuje. Pos\u0142anka, a&nbsp;zarazem dziennikarka,&nbsp;<strong>Joanna Lichocka<\/strong>&nbsp;napisa\u0142a na&nbsp;swoim koncie Twittera, \u017ce&nbsp;opozycja nied\u0142ugo zacznie cenzurowa\u0107 mow\u0119 cia\u0142a, dodaj\u0105c w&nbsp;kolejnych tweetach, \u017ce&nbsp;ju\u017c wcze\u015bniej s\u0105d jej niewinne przetarcie oka \u015brodkowym palcem przet\u0142umaczy\u0142 na&nbsp;ukrai\u0144ski.<\/span><\/p>\n<p style=\"text-align: left;\"><span style=\"color: #000080;\"><strong>Najpowa\u017cniejszy niepok\u00f3j wyrazi\u0142o stowarzyszenie psycholog\u00f3w.<\/strong>&nbsp;Zrzeszeni w&nbsp;tym stowarzyszeniu naukowcy stwierdzili, \u017ce&nbsp;tego rodzaju regulacja nara\u017ca ca\u0142\u0105 grup\u0119 zawodow\u0105 na&nbsp;powa\u017cny stres, depresje, a&nbsp;nawet ryzyko samob\u00f3jstw.<\/span><\/p>\n<p style=\"text-align: left;\"><span style=\"color: #000080;\">G\u0142os zabra\u0142a r\u00f3wnie\u017c&nbsp;<strong>Kaja Godek<\/strong>&nbsp;pisz\u0105c, \u017ce&nbsp;opozycja podj\u0119\u0142a pr\u00f3b\u0119 zamachu stanu i&nbsp;pozbawienia ludzi mo\u017cliwo\u015bci dzielenia si\u0119 swoimi s\u0105dami, o&nbsp;brudnych, zdradzieckich, zak\u0142amanych, nieuczciwych i&nbsp;skrajnie lewackich czynach przeciwnik\u00f3w katolickiej moralno\u015bci.<\/span><\/p>\n<p style=\"text-align: left;\"><span style=\"color: #000080;\">Nie&nbsp;zgodzi\u0142 si\u0119 z&nbsp;tym stwierdzeniem pan&nbsp;<strong>Janusz Dyskalkulia,<\/strong>&nbsp;g\u0142\u00f3wny sygnatariusz pozwu do&nbsp;s\u0105du z\u0142o\u017conego w&nbsp;imieniu Stowarzyszenia Obywateli Niepospolitych, podkre\u015blaj\u0105c, \u017ce&nbsp;wyrok dotyczy zar\u00f3wno dziennikarzy medi\u00f3w opozycyjnych, jak i&nbsp;medi\u00f3w wspieraj\u0105cych Polsk\u0105 Zjednoczon\u0105 Prawic\u0119 Religijn\u0105, bowiem wszystkie media nadmiarem przymiotnik\u00f3w obra\u017caj\u0105 zar\u00f3wno uczucia, jak i&nbsp;inteligencj\u0119 polskiego spo\u0142ecze\u0144stwa i&nbsp;s\u0105&nbsp;wyrazem dziennikarstwa antysemiotycznego, w&nbsp;kt\u00f3rym&nbsp;znaki przestaj\u0105 cokolwiek znaczy\u0107.<\/span><\/p>\n<p style=\"text-align: left;\"><span style=\"color: #000080;\">To&nbsp;o\u015bwiadczenie wywo\u0142a\u0142o gniewn\u0105 reakcj\u0119 kurator&nbsp;<strong>Barbary Nowak<\/strong>, kt\u00f3ra&nbsp;stwierdzi\u0142a, \u017ce:<\/span><\/p>\n<blockquote>\n<p style=\"text-align: left;\"><strong>\u201eDzi\u015b w&nbsp;Polsce jest sprawa, kt\u00f3ra&nbsp;mo\u017ce po\u0142\u0105czy\u0107 przynajmniej cz\u0119\u015b\u0107 prawicy i&nbsp;lewicy, sprawa adopcji samego serca polskiej mowy, jej przymiotnik\u00f3w, tej&nbsp;cz\u0119\u015bci mowy, kt\u00f3ra&nbsp;s\u0142u\u017cy nam do&nbsp;komunikacji, do&nbsp;informowania, co&nbsp;o&nbsp;sobie my\u015blimy i&nbsp;co&nbsp;ca\u0142ym sercem czujemy. Zamiast trudu wyra\u017cania naszych najg\u0142\u0119bszych uczu\u0107, zostaliby\u015bmy skazani na&nbsp;suche i&nbsp;nieludzkie fakty. Uwa\u017cam, \u017ce&nbsp;powinni\u015bmy wej\u015b\u0107 na&nbsp;drog\u0119 s\u0105dow\u0105 przeciwko zdrajcom, szkaluj\u0105cym spo\u0142ecze\u0144stwo i&nbsp;oszczerczo pomawiaj\u0105cym nasz katolicki nar\u00f3d o&nbsp;jaki\u015b antysemiotyzm. Tacy ludzie powinni zosta\u0107 pozbawieni obywatelstwa i&nbsp;wydaleni z&nbsp;kraju. Nie&nbsp;ma&nbsp;i&nbsp;nie&nbsp;mo\u017ce by\u0107 zgody na&nbsp;deptanie narodowych tradycji i&nbsp;niszczenie ducha naszej mowy\u201d.<\/strong><\/p>\n<\/blockquote>\n<p><span style=\"color: #000080;\">O\u015bwiadczenie <\/span><strong style=\"color: #000080;\">Episkopatu Polski<\/strong><span style=\"color: #000080;\">&nbsp;daje do&nbsp;zrozumienia, \u017ce&nbsp;jest to&nbsp;sprawa, kt\u00f3ra&nbsp;ma&nbsp;na&nbsp;celu u\u0142atwienie dalszego oczerniania \u015bwi\u0119tego Jana Paw\u0142a II&nbsp;i&nbsp;wszyscy wierni powinni si\u0119 stanowczo temu przeciwstawi\u0107.<\/span><\/p>\n<p style=\"text-align: left;\"><span style=\"color: #000080;\">Po&nbsp;tym o\u015bwiadczeniu pracownicy stacji benzynowych koncernu Orlen og\u0142osili strajk przeciw ograniczaniu wolno\u015bci s\u0142owa i&nbsp;w&nbsp;obronie Konstytucji, co&nbsp;zaniepokoi\u0142o prezydenta, kt\u00f3ry&nbsp;postanowi\u0142 w&nbsp;tej&nbsp;sytuacji zmieni\u0107 zdj\u0119cie na&nbsp;swoim profilu.<\/span><\/p>\n<p style=\"text-align: left;\"><span style=\"color: #000080;\">Profesor&nbsp;<strong>Miodek<\/strong>&nbsp;uspakaja zaniepokojonych \u2013 nie, s\u0142owo k\u2026. nie&nbsp;jest przymiotnikiem.<\/span><\/p>\n<p class=\"has-medium-font-size\" style=\"text-align: left;\"><span style=\"color: #000080;\">Dobrzy\u0144, 1 kwietnia 2023&nbsp;r.<\/span><\/p>\n<hr style=\"height: 15px; background: #d0e6fa; width: 100%;\">\n<div id=\"content\" class=\"content-alignment\">\n<div id=\"watch-description\" class=\"yt-uix-button-panel\">\n<div id=\"watch-description-text\" style=\"text-align: center;\">\n<p><em>Zawarto\u015b\u0107 publikowanych artyku\u0142\u00f3w i materia\u0142\u00f3w nie reprezentuje pogl\u0105d\u00f3w ani opinii Reunion&#8217;68,<\/em><em><br \/>\nani te\u017c webmastera Blogu Reunion&#8217;68, chyba ze jest to wyra\u017anie zaznaczone.<br \/>\nTwoje uwagi, linki, w\u0142asne artyku\u0142y lub wiadomo\u015bci prze\u015blij na adres:<br \/>\n<\/em><span style=\"color: #000080;\"><strong><em><a style=\"color: #000080;\" href=\"mailto:webmaster@reunion68.com\"><span style=\"text-decoration: underline;\">webmaster@reunion68.com<\/span><\/a><\/em><\/strong><\/span><\/p>\n<\/div>\n<\/div>\n<\/div>\n<hr style=\"width: 100%;\">\n","protected":false},"excerpt":{"rendered":"<p>\u017bart niech si\u0119 \u017cartem odciska, a przed fejkami uczmy broni\u0107 si\u0119 za m\u0142odu Andrzej Koraszewski S\u0105d w&nbsp;Poznaniu nakaza\u0142 wszystkim mediom (niezale\u017cnie od&nbsp;ich linii generalnej)&nbsp;redukcj\u0119 przymiotnik\u00f3w o&nbsp;co&nbsp;najmniej po\u0142ow\u0119.&nbsp;Kilka gazet przeprowadzi\u0142o ju\u017c program pilota\u017cowy, kt\u00f3ry&nbsp;pokazuje, \u017ce&nbsp;znaczna cz\u0119\u015b\u0107 personelu pisz\u0105cego nie&nbsp;nadaje si\u0119 do&nbsp;pracy w&nbsp;nowych warunkach i&nbsp;ta&nbsp;pozornie tylko&nbsp;techniczna rewolucja grozi\u0142aby dramatycznym kryzysem polskich medi\u00f3w. Niekt\u00f3rzy wyk\u0142adowcy dziennikarstwa uwa\u017caj\u0105, \u017ce&nbsp;jest [&hellip;]<\/p>\n","protected":false},"author":1,"featured_media":0,"comment_status":"closed","ping_status":"closed","sticky":false,"template":"","format":"standard","meta":[],"categories":[6],"tags":[26,24],"_links":{"self":[{"href":"https:\/\/www.reunion68.se\/index.php?rest_route=\/wp\/v2\/posts\/103486"}],"collection":[{"href":"https:\/\/www.reunion68.se\/index.php?rest_route=\/wp\/v2\/posts"}],"about":[{"href":"https:\/\/www.reunion68.se\/index.php?rest_route=\/wp\/v2\/types\/post"}],"author":[{"embeddable":true,"href":"https:\/\/www.reunion68.se\/index.php?rest_route=\/wp\/v2\/users\/1"}],"replies":[{"embeddable":true,"href":"https:\/\/www.reunion68.se\/index.php?rest_route=%2Fwp%2Fv2%2Fcomments&post=103486"}],"version-history":[{"count":8,"href":"https:\/\/www.reunion68.se\/index.php?rest_route=\/wp\/v2\/posts\/103486\/revisions"}],"predecessor-version":[{"id":103660,"href":"https:\/\/www.reunion68.se\/index.php?rest_route=\/wp\/v2\/posts\/103486\/revisions\/103660"}],"wp:attachment":[{"href":"https:\/\/www.reunion68.se\/index.php?rest_route=%2Fwp%2Fv2%2Fmedia&parent=103486"}],"wp:term":[{"taxonomy":"category","embeddable":true,"href":"https:\/\/www.reunion68.se\/index.php?rest_route=%2Fwp%2Fv2%2Fcategories&post=103486"},{"taxonomy":"post_tag","embeddable":true,"href":"https:\/\/www.reunion68.se\/index.php?rest_route=%2Fwp%2Fv2%2Ftags&post=103486"}],"curies":[{"name":"wp","href":"https:\/\/api.w.org\/{rel}","templated":true}]}}