{"id":103640,"date":"2023-04-17T17:09:47","date_gmt":"2023-04-17T15:09:47","guid":{"rendered":"http:\/\/www.reunion68.se\/?p=103640"},"modified":"2023-04-17T17:19:26","modified_gmt":"2023-04-17T15:19:26","slug":"24-09-84","status":"publish","type":"post","link":"https:\/\/www.reunion68.se\/?p=103640","title":{"rendered":"Live Broadcast of Holocaust Remembrance Day 2023 Opening Ceremony at Yad Vashem"},"content":{"rendered":"<p>&#8220;&gt;<img decoding=\"async\" class=\"center alignleft\" src=\"http:\/\/www.reunion68.com\/Biuletyn\/img\/Holocaust.png\" alt=\"\" width=\"100%\"><\/p>\n<hr>\n<h5 style=\"text-align: center;\"><a href=\"https:\/\/youtu.be\/\" target=\"_blank\" rel=\"noopener noreferrer\"><img decoding=\"async\" class=\"center alignleft\" src=\"http:\/\/www.reunion68.com\/Biuletyn\/img\/youtube.png\" alt=\"\" width=\"15%\"><\/a><span style=\"text-decoration: underline; color: #000080;\"><span style=\"text-decoration: underline;\"><strong><a style=\"color: #000080; text-decoration: underline;\" href=\"https:\/\/youtu.be\/GxAU8Al5UHM\" target=\"_blank\" rel=\"noopener noreferrer\">Live Broadcast of Holocaust Remembrance Day 2023 Opening Ceremony at Yad Vashem<\/a><\/strong><\/span><\/span><\/h5>\n<p style=\"text-align: center;\"><span style=\"color: #000000;\"><strong><img decoding=\"async\" src=\"https:\/\/yt3.ggpht.com\/ytc\/AGIKgqOxwlbZpQ14CzYUVOuvTX_BK9iHwhEXI3ERgmtAuQ=s48-c-k-c0x00ffffff-no-rj\" width=\"10%&quot;\"> Yad Vashem<\/strong><\/span><\/p>\n<hr style=\"height: 15px; background: #d0e6fa; width: 100%;\">\n<p style=\"text-align: center;\"><strong>The central state ceremony, marking the start of Holocaust Martyrs&#8217; and Heroes&#8217; Remembrance Day in Israel, will be held at Yad Vashem on Wednesday night, April 17th at 20:00 (UTC +3). The ceremony will be held in the presence of the President of the State of Israel and the Prime Minister, dignitaries and Holocaust survivors.<\/strong><br \/>\n.<\/p>\n<div id=\"content\" class=\"content-alignment\">\n<div id=\"watch-description\" class=\"yt-uix-button-panel\">\n<div id=\"watch-description-text\" style=\"text-align: center;\">\n<p><iframe loading=\"lazy\" title=\"Live Broadcast of Holocaust Remembrance Day 2023 Opening Ceremony at Yad Vashem\" src=\"https:\/\/www.youtube.com\/embed\/GxAU8Al5UHM\" width=\"680\" height=\"400\" frameborder=\"0\" allowfullscreen=\"allowfullscreen\"><\/iframe><\/p>\n<\/div>\n<\/div>\n<\/div>\n<hr style=\"height: 15px; background: #d0e6fa; width: 100%;\">\n<div id=\"content\" class=\"content-alignment\">\n<div id=\"watch-description\" class=\"yt-uix-button-panel\">\n<div id=\"watch-description-text\" style=\"text-align: center;\">\n<p><em>Zawarto\u015b\u0107 publikowanych artyku\u0142\u00f3w i materia\u0142\u00f3w nie reprezentuje pogl\u0105d\u00f3w ani opinii Reunion&#8217;68,<\/em><em><br \/>\nani te\u017c webmastera Blogu Reunion&#8217;68, chyba ze jest to wyra\u017anie zaznaczone.<br \/>\nTwoje uwagi, linki, w\u0142asne artyku\u0142y lub wiadomo\u015bci prze\u015blij na adres:<br \/>\n<\/em><span style=\"color: #000080;\"><strong><em><a style=\"color: #000080;\" href=\"mailto:webmaster@reunion68.com\"><span style=\"text-decoration: underline;\">webmaster@reunion68.com<\/span><\/a><\/em><\/strong><\/span><\/p>\n<\/div>\n<\/div>\n<\/div>\n<hr style=\"width: 100%;\">\n","protected":false},"excerpt":{"rendered":"<p>&#8220;&gt; Live Broadcast of Holocaust Remembrance Day 2023 Opening Ceremony at Yad Vashem Yad Vashem The central state ceremony, marking the start of Holocaust Martyrs&#8217; and Heroes&#8217; Remembrance Day in Israel, will be held at Yad Vashem on Wednesday night, April 17th at 20:00 (UTC +3). The ceremony will be held in the presence of [&hellip;]<\/p>\n","protected":false},"author":1,"featured_media":0,"comment_status":"closed","ping_status":"closed","sticky":false,"template":"","format":"standard","meta":[],"categories":[3],"tags":[26,24],"_links":{"self":[{"href":"https:\/\/www.reunion68.se\/index.php?rest_route=\/wp\/v2\/posts\/103640"}],"collection":[{"href":"https:\/\/www.reunion68.se\/index.php?rest_route=\/wp\/v2\/posts"}],"about":[{"href":"https:\/\/www.reunion68.se\/index.php?rest_route=\/wp\/v2\/types\/post"}],"author":[{"embeddable":true,"href":"https:\/\/www.reunion68.se\/index.php?rest_route=\/wp\/v2\/users\/1"}],"replies":[{"embeddable":true,"href":"https:\/\/www.reunion68.se\/index.php?rest_route=%2Fwp%2Fv2%2Fcomments&post=103640"}],"version-history":[{"count":6,"href":"https:\/\/www.reunion68.se\/index.php?rest_route=\/wp\/v2\/posts\/103640\/revisions"}],"predecessor-version":[{"id":103667,"href":"https:\/\/www.reunion68.se\/index.php?rest_route=\/wp\/v2\/posts\/103640\/revisions\/103667"}],"wp:attachment":[{"href":"https:\/\/www.reunion68.se\/index.php?rest_route=%2Fwp%2Fv2%2Fmedia&parent=103640"}],"wp:term":[{"taxonomy":"category","embeddable":true,"href":"https:\/\/www.reunion68.se\/index.php?rest_route=%2Fwp%2Fv2%2Fcategories&post=103640"},{"taxonomy":"post_tag","embeddable":true,"href":"https:\/\/www.reunion68.se\/index.php?rest_route=%2Fwp%2Fv2%2Ftags&post=103640"}],"curies":[{"name":"wp","href":"https:\/\/api.w.org\/{rel}","templated":true}]}}