{"id":103655,"date":"2023-04-20T17:09:49","date_gmt":"2023-04-20T15:09:49","guid":{"rendered":"http:\/\/www.reunion68.se\/?p=103655"},"modified":"2023-04-20T09:36:23","modified_gmt":"2023-04-20T07:36:23","slug":"24-05-87","status":"publish","type":"post","link":"https:\/\/www.reunion68.se\/?p=103655","title":{"rendered":"Pomniki oporu. Sztuka wobec powstania w getcie warszawskim (1943-1956) | program wydarze\u0144 towarzysz\u0105cych"},"content":{"rendered":"<p><img decoding=\"async\" src=\"https:\/\/www.jhi.pl\/storage\/image\/core_files\/2021\/1\/4\/dc409bbfd765032572fe7e72e35c47f6\/jpg\/jhi\/header\/JHI_thumbnail_1.webp\" width=\"100%\"><\/p>\n<hr>\n<h5 style=\"text-align: center;\"><a href=\"https:\/\/www.jhi.pl\/\" target=\"_blank\" rel=\"noopener noreferrer\"><img decoding=\"async\" class=\"center alignleft\" src=\"http:\/\/www.reunion68.com\/Biuletyn\/img\/zih-1.png\" alt=\"\" width=\"35%\"><\/a><span style=\"text-decoration: underline; color: #000080;\"><span style=\"text-decoration: underline;\"><strong><a style=\"color: #000080; text-decoration: underline;\" href=\"https:\/\/www.jhi.pl\/artykuly\/pomniki-oporu-sztuka-wobec-powstania-w-getcie-warszawskim-1943-1956--program-wydarzen-towarzyszacych,6878\" target=\"_blank\" rel=\"noopener noreferrer\">Pomniki oporu. Sztuka wobec powstania w getcie warszawskim (1943-1956) | program wydarze\u0144 towarzysz\u0105cych<\/a><\/strong><\/span><\/span><\/h5>\n<p style=\"text-align: center;\"><span style=\"color: #000000;\"><strong>\u017bydowski Instytut Historyczny<\/strong><\/span><\/p>\n<hr style=\"height: 15px; background: #d0e6fa; width: 100%;\">\n<h4 class=\"description-box\" style=\"text-align: center;\"><span style=\"color: #808080;\"><strong>Przedstawiamy ramowy program wydarze\u0144 towarzysz\u0105cych wystawie czasowej \u201ePomniki oporu. Sztuka wobec powstania w getcie warszawskim (1943-1956)&#8221;, kt\u00f3r\u0105 mo\u017cna ogl\u0105da\u0107 w \u017bydowskim Instytucie Historycznym od 21 kwietnia do 1 pa\u017adziernika 2023 roku.<\/strong><\/span><br \/>\n.<\/h4>\n<div class=\"news-details__top-thumb\"><picture class=\"image no-zoom\"><source srcset=\"https:\/\/www.jhi.pl\/storage\/image\/core_files\/2023\/4\/14\/72b6c5175d5d6364e20e2dc96e2662e3\/png\/jhi\/normal_big\/Grafiki%20na%20stron\u0119(12).png\" media=\"(max-width: 600px)\"><source srcset=\"https:\/\/www.jhi.pl\/storage\/image\/core_files\/2023\/4\/14\/72b6c5175d5d6364e20e2dc96e2662e3\/png\/jhi\/normal_big\/Grafiki%20na%20stron\u0119(12).webp\" type=\"image\/webp\" media=\"(max-width: 600px)\"><source srcset=\"https:\/\/www.jhi.pl\/storage\/image\/core_files\/2023\/4\/14\/72b6c5175d5d6364e20e2dc96e2662e3\/png\/jhi\/normal_big\/Grafiki%20na%20stron\u0119(12).png\" media=\"(max-width: 1024px)\"><source srcset=\"https:\/\/www.jhi.pl\/storage\/image\/core_files\/2023\/4\/14\/72b6c5175d5d6364e20e2dc96e2662e3\/png\/jhi\/normal_big\/Grafiki%20na%20stron\u0119(12).webp\" type=\"image\/webp\" media=\"(max-width: 1024px)\"><source srcset=\"https:\/\/www.jhi.pl\/storage\/image\/core_files\/2023\/4\/14\/72b6c5175d5d6364e20e2dc96e2662e3\/png\/jhi\/normal_big\/Grafiki%20na%20stron\u0119(12).webp\" type=\"image\/webp\"><img decoding=\"async\" src=\"https:\/\/www.jhi.pl\/storage\/image\/core_files\/2023\/4\/14\/72b6c5175d5d6364e20e2dc96e2662e3\/png\/jhi\/normal_big\/Grafiki%20na%20stron%C4%99(12).png\" alt=\"Grafiki na stron\u0119(12).png\" width=\"100%&quot;\" data-title=\"\"><\/picture><\/div>\n<div class=\"news_content\">\n<div class=\"content-view clearfix\">\n<table>\n<tbody>\n<tr>\n<td><strong>Data<\/strong><\/td>\n<td><strong>Temat<\/strong><\/td>\n<td><strong>Go\u015bcie\/Prowadz\u0105cy<\/strong><\/td>\n<td><strong>Format<\/strong><\/td>\n<\/tr>\n<tr>\n<td>26 kwietnia, \u015broda, 17:00<\/td>\n<td><strong><a href=\"https:\/\/www.jhi.pl\/wydarzenia\/trakt-pamieci-walki-i-meczenstwa-zydow--spacer,1717\">Trakt pami\u0119ci walki i m\u0119cze\u0144stwa \u017byd\u00f3w.&nbsp; Spacer<\/a><\/strong><\/td>\n<td>Wydarzenie Dzia\u0142u Edukacji<\/td>\n<td>Obowi\u0105zuj\u0105 zapisy na dwa tygodnie przed wydarzeniem pod adresem:&nbsp;<a href=\"mailto:rezerwacja@jhi.pl\">rezerwacja@jhi.pl<\/a><\/td>\n<\/tr>\n<tr>\n<td>13 maja, sobota, Noc Muze\u00f3w, 19:00-23:00<\/td>\n<td><strong>Oprowadzanie kuratorskie<\/strong><\/td>\n<td>Marta Kape\u0142u\u015b, Micha\u0142 Krasicki, Piotr S\u0142odkowski<\/td>\n<td>Obowi\u0105zuj\u0105 zapisy na dwa tygodnie przed wydarzeniem pod adresem:&nbsp;<a href=\"mailto:rezerwacja@jhi.pl\">rezerwacja@jhi.pl<\/a><\/td>\n<\/tr>\n<tr>\n<td>17 maja, \u015broda, 18:00<\/td>\n<td><strong>Impresja o Dzielnicy P\u00f3\u0142nocnej. Spacer<\/strong><\/td>\n<td>Zesp\u00f3\u0142 Dzia\u0142u Edukacji<\/td>\n<td>Obowi\u0105zuj\u0105 zapisy na dwa tygodnie przed wydarzeniem pod adresem:&nbsp;<a href=\"mailto:rezerwacja@jhi.pl\">rezerwacja@jhi.pl<\/a><\/td>\n<\/tr>\n<tr>\n<td>18 maja, czwartek, 18:00<\/td>\n<td><strong>Promocja katalogu wystawy czasowej&nbsp;<em>\u0179r\u00f3d\u0142a artystyczne do studi\u00f3w nad pami\u0119ci\u0105 o powstaniu&nbsp;<\/em><em>w getcie warszawskim 1943-1956<\/em><\/strong><\/td>\n<td>Marta Kape\u0142u\u015b, Micha\u0142 Krasicki, Piotr S\u0142odkowski<\/td>\n<td>Na \u017cywo w \u017bydowskim Instytucie Historycznym, transmisja online<\/td>\n<\/tr>\n<tr>\n<td>23 maja, wtorek, 18:00<\/td>\n<td><strong>Oprowadzanie kuratorskie<\/strong><\/td>\n<td>Piotr S\u0142odkowski<\/td>\n<td>Obowi\u0105zuj\u0105 zapisy na dwa tygodnie przed wydarzeniem pod adresem:&nbsp;<a href=\"mailto:rezerwacja@jhi.pl\">rezerwacja@jhi.pl<\/a><\/td>\n<\/tr>\n<tr>\n<td>25 maja, czwartek, 18:00<\/td>\n<td><strong>Korzenie i znaki pami\u0119ci w przestrzeni osiedla-pomnika<\/strong><\/td>\n<td>Beata Chom\u0105towska<\/td>\n<td>Na \u017cywo w \u017bydowskim Instytucie Historycznym, transmisja online<\/td>\n<\/tr>\n<tr>\n<td>28 maja, niedziela, 11:00<\/td>\n<td><strong>Oprowadzanie autorskie<\/strong><\/td>\n<td>Agnieszka Szewczyk<\/td>\n<td>Obowi\u0105zuj\u0105 zapisy na dwa tygodnie przed wydarzeniem pod adresem:&nbsp;<a href=\"mailto:rezerwacja@jhi.pl\">rezerwacja@jhi.pl<\/a><\/td>\n<\/tr>\n<tr>\n<td>30 maja, wtorek, 18:00<\/td>\n<td><strong>Oprowadzanie autorskie<\/strong><\/td>\n<td>Sylwia Chutnik<\/td>\n<td>Obowi\u0105zuj\u0105 zapisy na dwa tygodnie przed wydarzeniem pod adresem:&nbsp;<a href=\"mailto:rezerwacja@jhi.pl\">rezerwacja@jhi.pl<\/a><\/td>\n<\/tr>\n<tr>\n<td>1 czerwca, czwartek, 18:00<\/td>\n<td><strong>\u201eS\u0105 \u0142zy rzeczy i jest tych rzeczy \u2013 krzyk\u201d. Materialna codzienno\u015b\u0107 w getcie<\/strong><\/td>\n<td>Karolina Sulej<\/td>\n<td>Na \u017cywo w \u017bydowskim Instytucie Historycznym, transmisja online<\/td>\n<\/tr>\n<tr>\n<td>4 czerwca, niedziela, 11:00<\/td>\n<td><strong>Oprowadzanie kuratorskie<\/strong><\/td>\n<td>Micha\u0142 Krasicki<\/td>\n<td>Obowi\u0105zuj\u0105 zapisy na dwa tygodnie przed wydarzeniem pod adresem:&nbsp;<a href=\"mailto:rezerwacja@jhi.pl\">rezerwacja@jhi.pl<\/a><\/td>\n<\/tr>\n<tr>\n<td>7 czerwca, \u015broda, 18:00<\/td>\n<td><strong>Niezatarte \u015blady getta. Spacer<br \/>\n<\/strong><\/td>\n<td>Zesp\u00f3\u0142 Dzia\u0142u Edukacji<\/td>\n<td>Obowi\u0105zuj\u0105 zapisy na dwa tygodnie przed wydarzeniem pod adresem:&nbsp;<a href=\"mailto:rezerwacja@jhi.pl\">rezerwacja@jhi.pl<\/a><\/td>\n<\/tr>\n<tr>\n<td>18 czerwca, niedziela, 11:00<\/td>\n<td><strong>Oprowadzanie kuratorskie<\/strong><\/td>\n<td>Marta Kape\u0142u\u015b<\/td>\n<td>Obowi\u0105zuj\u0105 zapisy na dwa tygodnie przed wydarzeniem pod adresem:&nbsp;<a href=\"mailto:rezerwacja@jhi.pl\">rezerwacja@jhi.pl<\/a><\/td>\n<\/tr>\n<tr>\n<td>21 czerwca, \u015broda, 18:00<\/td>\n<td><strong>Historycy, pisarki, listonosz \u2013 \u015bladem grupy Oneg Szabat. Spacer<br \/>\n<\/strong><\/td>\n<td>Wydarzenie Dzia\u0142u Edukacji<\/td>\n<td>Obowi\u0105zuj\u0105 zapisy na dwa tygodnie przed wydarzeniem pod adresem:&nbsp;<a href=\"mailto:rezerwacja@jhi.pl\">rezerwacja@jhi.pl<\/a><\/td>\n<\/tr>\n<tr>\n<td>22 czerwca, czwartek, 18:00<\/td>\n<td><strong>Pisarze patrz\u0105 na getto \u2013 o obrazach powstania w getcie i Zag\u0142ady w literaturze polskiej&nbsp;<\/strong><\/td>\n<td>Justyna Sobolewska, Piotr Pazi\u0144ski<\/td>\n<td>Na \u017cywo w \u017bydowskim Instytucie Historycznym, transmisja online<\/td>\n<\/tr>\n<tr>\n<td>29 czerwca, czwartek, 18:00<\/td>\n<td><strong>Promocja ksi\u0105\u017cki&nbsp;<em>Antologia spojrze\u0144. Getto warszawskie \u2013 fotografie i filmy<\/em><\/strong><\/td>\n<td>Agnieszka Kajczyk, Anna Du\u0144czyk-Szulc<\/td>\n<td>Na \u017cywo w \u017bydowskim Instytucie Historycznym, transmisja online<\/td>\n<\/tr>\n<tr>\n<td>9 lipca, niedziela, 11:00<\/td>\n<td><strong>Oprowadzanie w j\u0119zyku angielskim<br \/>\n<\/strong><\/td>\n<td><\/td>\n<td>Obowi\u0105zuj\u0105 zapisy na dwa tygodnie przed wydarzeniem pod adresem:&nbsp;<a href=\"mailto:rezerwacja@jhi.pl\">rezerwacja@jhi.pl<\/a><\/td>\n<\/tr>\n<tr>\n<td>12 lipca, \u015broda, 18:00<\/td>\n<td><strong>Trakt pami\u0119ci walki i m\u0119cze\u0144stwa \u017byd\u00f3w<\/strong><\/td>\n<td>Zesp\u00f3\u0142 Dzia\u0142u Edukacji<\/td>\n<td>Obowi\u0105zuj\u0105 zapisy na dwa tygodnie przed wydarzeniem pod adresem:&nbsp;<a href=\"mailto:rezerwacja@jhi.pl\">rezerwacja@jhi.pl<\/a><\/td>\n<\/tr>\n<tr>\n<td>23 lipca, niedziela, 11:00<\/td>\n<td><strong>Oprowadzanie&nbsp;<\/strong><\/td>\n<td><\/td>\n<td>Obowi\u0105zuj\u0105 zapisy na dwa tygodnie przed wydarzeniem pod adresem:&nbsp;<a href=\"mailto:rezerwacja@jhi.pl\">rezerwacja@jhi.pl<\/a><\/td>\n<\/tr>\n<tr>\n<td>6 sierpnia, niedziela, 11:00<\/td>\n<td><strong>Oprowadzanie&nbsp;<\/strong><\/td>\n<td><\/td>\n<td>Obowi\u0105zuj\u0105 zapisy na dwa tygodnie przed wydarzeniem pod adresem:&nbsp;<a href=\"mailto:rezerwacja@jhi.pl\">rezerwacja@jhi.pl<\/a><\/td>\n<\/tr>\n<tr>\n<td>27 sierpnia, niedziela, 11:00<\/td>\n<td><strong>Oprowadzanie w j\u0119zyku angielskim<br \/>\n<\/strong><\/td>\n<td><\/td>\n<td>Obowi\u0105zuj\u0105 zapisy na dwa tygodnie przed wydarzeniem pod adresem:&nbsp;<a href=\"mailto:rezerwacja@jhi.pl\">rezerwacja@jhi.pl<\/a><\/td>\n<\/tr>\n<tr>\n<td>30 sierpnia, 18:00<\/td>\n<td><strong>Warszawa Emanuela Ringelbluma. Spacer<br \/>\n<\/strong><\/td>\n<td>Zesp\u00f3\u0142 Dzia\u0142u Edukacji<\/td>\n<td>Obowi\u0105zuj\u0105 zapisy na dwa tygodnie przed wydarzeniem pod adresem:&nbsp;<a href=\"mailto:rezerwacja@jhi.pl\">rezerwacja@jhi.pl<\/a><\/td>\n<\/tr>\n<tr>\n<td>14 wrze\u015bnia, czwartek, 18:00<\/td>\n<td><strong>Powstanie w getcie warszawskim we wczesnej historiografii \u017cydowskiej<\/strong><\/p>\n<p><strong>&nbsp;<\/strong><\/td>\n<td>Ewa Ko\u017ami\u0144ska-Frejlak<\/td>\n<td>Na \u017cywo w \u017bydowskim Instytucie Historycznym, transmisja online<\/td>\n<\/tr>\n<\/tbody>\n<\/table>\n<p><a href=\"https:\/\/www.jhi.pl\/wystawy\/pomniki-oporu-sztuka-wobec-powstania-w-getcie-warszawskim-1945-1956,386\">Wi\u0119cej informacji o wystawie.<\/a><\/p>\n<p>Na wszystkie wydarzenia towarzysz\u0105ce wystawie wst\u0119p wolny.<\/p>\n<p>Godziny otwarcia:&nbsp;<a href=\"http:\/\/www.jhi.pl\/instytut\/wizyta\">www.jhi.pl\/instytut\/wizyta<\/a><\/p>\n<p>Bilety online na wystaw\u0119:&nbsp;<a href=\"http:\/\/www.tickets.jhi.pl\/\">www.tickets.jhi.pl<\/a><\/p>\n<p>W poniedzia\u0142ki wst\u0119p na wystaw\u0119&nbsp;\u201ePomniki oporu. Sztuka wobec powstania w getcie warszawskim (1943-1956)&#8221; jest darmowy.<\/p>\n<p>_______<\/p>\n<p>Organizator:<img decoding=\"async\" loading=\"lazy\" src=\"https:\/\/www.jhi.pl\/storage\/image\/core_files\/2023\/4\/12\/b44a9dfc757fafd2cf699483e4725442\/png\/jhi\/preview\/organizator%20PL.png\" alt=\"organizator PL.png [38.29 KB]\" width=\"100%\" height=\"126\"><\/p>\n<\/div>\n<\/div>\n<hr style=\"height: 15px; background: #d0e6fa; width: 100%;\">\n<div id=\"content\" class=\"content-alignment\">\n<div id=\"watch-description\" class=\"yt-uix-button-panel\">\n<div id=\"watch-description-text\" style=\"text-align: center;\">\n<p><em>Zawarto\u015b\u0107 publikowanych artyku\u0142\u00f3w i materia\u0142\u00f3w nie reprezentuje pogl\u0105d\u00f3w ani opinii Reunion&#8217;68,<\/em><em><br \/>\nani te\u017c webmastera Blogu Reunion&#8217;68, chyba ze jest to wyra\u017anie zaznaczone.<br \/>\nTwoje uwagi, linki, w\u0142asne artyku\u0142y lub wiadomo\u015bci prze\u015blij na adres:<br \/>\n<\/em><span style=\"color: #000080;\"><strong><em><a style=\"color: #000080;\" href=\"mailto:webmaster@reunion68.com\"><span style=\"text-decoration: underline;\">webmaster@reunion68.com<\/span><\/a><\/em><\/strong><\/span><\/p>\n<\/div>\n<\/div>\n<\/div>\n<hr style=\"width: 100%;\">\n","protected":false},"excerpt":{"rendered":"<p>Pomniki oporu. Sztuka wobec powstania w getcie warszawskim (1943-1956) | program wydarze\u0144 towarzysz\u0105cych \u017bydowski Instytut Historyczny Przedstawiamy ramowy program wydarze\u0144 towarzysz\u0105cych wystawie czasowej \u201ePomniki oporu. Sztuka wobec powstania w getcie warszawskim (1943-1956)&#8221;, kt\u00f3r\u0105 mo\u017cna ogl\u0105da\u0107 w \u017bydowskim Instytucie Historycznym od 21 kwietnia do 1 pa\u017adziernika 2023 roku. . Data Temat Go\u015bcie\/Prowadz\u0105cy Format 26 kwietnia, \u015broda, [&hellip;]<\/p>\n","protected":false},"author":1,"featured_media":0,"comment_status":"closed","ping_status":"closed","sticky":false,"template":"","format":"standard","meta":[],"categories":[6],"tags":[26,24],"_links":{"self":[{"href":"https:\/\/www.reunion68.se\/index.php?rest_route=\/wp\/v2\/posts\/103655"}],"collection":[{"href":"https:\/\/www.reunion68.se\/index.php?rest_route=\/wp\/v2\/posts"}],"about":[{"href":"https:\/\/www.reunion68.se\/index.php?rest_route=\/wp\/v2\/types\/post"}],"author":[{"embeddable":true,"href":"https:\/\/www.reunion68.se\/index.php?rest_route=\/wp\/v2\/users\/1"}],"replies":[{"embeddable":true,"href":"https:\/\/www.reunion68.se\/index.php?rest_route=%2Fwp%2Fv2%2Fcomments&post=103655"}],"version-history":[{"count":10,"href":"https:\/\/www.reunion68.se\/index.php?rest_route=\/wp\/v2\/posts\/103655\/revisions"}],"predecessor-version":[{"id":103729,"href":"https:\/\/www.reunion68.se\/index.php?rest_route=\/wp\/v2\/posts\/103655\/revisions\/103729"}],"wp:attachment":[{"href":"https:\/\/www.reunion68.se\/index.php?rest_route=%2Fwp%2Fv2%2Fmedia&parent=103655"}],"wp:term":[{"taxonomy":"category","embeddable":true,"href":"https:\/\/www.reunion68.se\/index.php?rest_route=%2Fwp%2Fv2%2Fcategories&post=103655"},{"taxonomy":"post_tag","embeddable":true,"href":"https:\/\/www.reunion68.se\/index.php?rest_route=%2Fwp%2Fv2%2Ftags&post=103655"}],"curies":[{"name":"wp","href":"https:\/\/api.w.org\/{rel}","templated":true}]}}