{"id":103663,"date":"2023-04-18T17:05:16","date_gmt":"2023-04-18T15:05:16","guid":{"rendered":"http:\/\/www.reunion68.se\/?p=103663"},"modified":"2023-04-18T07:42:11","modified_gmt":"2023-04-18T05:42:11","slug":"25-09-79","status":"publish","type":"post","link":"https:\/\/www.reunion68.se\/?p=103663","title":{"rendered":"\u2018Holocaust distortion is rising worldwide\u2019"},"content":{"rendered":"<h5 style=\"text-align: center;\"><a href=\"https:\/\/www.jns.org\/\" target=\"_blank\" rel=\"noopener noreferrer\"><img decoding=\"async\" class=\"center alignleft\" src=\"http:\/\/www.reunion68.com\/Biuletyn\/img\/jns-1.png\" alt=\"\" width=\"35%\" \/><\/a><span style=\"text-decoration: underline; color: #000080;\"><span><strong><a style=\"color: #000080; text-decoration: underline;\" href=\"https:\/\/www.jns.org\/holocaust-distortion-is-rising-worldwide\/\" target=\"_blank\" rel=\"noopener noreferrer\">\u2018Holocaust distortion is rising worldwide\u2019<\/a><\/strong><\/span><\/span><\/h5>\n<p style=\"text-align: center;\"><span style=\"color: #000000;\"><strong> ETGAR LEFKOVITS<\/strong><\/span><\/p>\n<hr style=\"height: 15px; background: #d0e6fa; width: 100%;\" \/>\n<h4 style=\"text-align: center;\"><span style=\"color: #808080;\"><strong>Yad Vashem chairman Dani Dayan sits down with JNS for an interview ahead of Israel\u2019s Holocaust Remembrance Day.<\/strong><\/span><br \/>\n.<\/h4>\n<p style=\"text-align: center;\">\n<img decoding=\"async\" class=\"aligncenter\" src=\"https:\/\/cdn.jns.org\/uploads\/2023\/04\/Massacre_of_Jews_in_Lietukis_garage-880x495.jpeg\" width=\"100%\" \/><span style=\"color: #808080;\"><em>Lithuanians massacre Jews at the Liet\u016bkis garage during the Kaunas pogrom, June 27, 1941. Credit: Vilna Gaon State Jewish Museum.<\/em><\/span><\/p>\n<p style=\"text-align: left;\"><span style=\"color: #000080;\">Holocaust distortion and trivialization and banalization are on the rise around the globe, even as outright denial is relegated to the fringes of society, the head of Yad Vashem says.<\/span><\/p>\n<p style=\"text-align: left;\"><span style=\"color: #000080;\">The remarks come at a time when multiple European countries seek to whitewash their roles in World War II by highlighting the heroes among their countrymen while obscuring or outright denying the actions of collaborators who participated in the murder of six million Jews.<\/span><\/p>\n<p style=\"text-align: left;\"><span style=\"color: #000080;\">\u201cThe good news is that outright Holocaust denial is today marginal,\u201d Dani Dayan, the chairman of Yad Vashem, said in an interview with JNS ahead of Israel\u2019s Holocaust Remembrance Day on Monday evening\/Tuesday daytime. \u201cNo serious person will deny that the Holocaust happened except in lunatic fringes on social media [for example] in Iran or Malaysia.\u201d<\/span><\/p>\n<p style=\"text-align: left;\"><span style=\"color: #000080;\">\u201cOn the other hand, we see a very worrying rise in Holocaust distortion which is no less disturbing,\u201d he added.<\/span><\/p>\n<p style=\"text-align: left;\"><span style=\"color: #000080;\">Dayan said that multiple governments and groups in European countries are actively promoting an outright \u201chistorical fallacy\u201d whereby their countries only helped Jews during the Holocaust while denying their people\u2019s collaboration with Germany.<\/span><\/p>\n<p style=\"text-align: left;\"><span style=\"color: #000080;\">\u201cThey highlight the Righteous Among the Nations while obscuring or denying that there were many more collaborators than righteous,\u201d he said, referring to the honor bestowed by Yad Vashem upon non-Jews who saved Jews at the risk of their own lives.<\/span><\/p>\n<p style=\"text-align: left;\"><span style=\"color: #000080;\">\u201cThis distortion is an affront to the victims,\u201d Dayan said.<\/span><\/p>\n<p style=\"text-align: left;\"><span style=\"color: #000080;\">He listed multiple \u201cWestern as well as Eastern\u201d European countries where this is happening: France, where last year a Jewish presidential candidate\u2014\u00c9ric Zemmour\u2014promoted the historical fallacy that the collaborationist Vichy regime was favorable to the Jews; Poland, which denies the widespread collaboration with the Nazis, something Dayan called \u201cvery problematic\u201d; Bulgaria, which highlights the salvation of its Jews but neglects the crimes it committed against foreign Jews, as well as leaders of the Baltic states, who, like many others, highlight their Righteous countrymen while ignoring the greater reality.<\/span><\/p>\n<p style=\"text-align: left;\"><span style=\"color: #000080;\">\u201cMost European countries do not excel in looking into their past and recognizing their sins,\u201d Dayan said. \u201cThe easy way, the pleasant way, to remember the Shoah is to commemorate the Righteous. Nations should not only look into the good that some did [also] but into the horrendous acts that some of their people did.<\/span><\/p>\n<p style=\"text-align: left;\"><span style=\"color: #000080;\">\u201cOur mission is to bring countries to fully recognize their actions in the Shoah\u2014to honor the good and to repent the bad,\u201d he said.<\/span><\/p>\n<h4 style=\"text-align: left;\"><strong>Trivialization and banalization<\/strong><\/h4>\n<p style=\"text-align: left;\"><span style=\"color: #000080;\">In the interview, Dayan also called out the trivialization and banalization of the Shoah that was rampant during the COVID-19 pandemic, with \u201coutrageous comparisons\u201d drawn between the green passes of those vaccinated and the yellow stars the Nazis forced the Jews to wear, as well as in the Russian war in Ukraine where, he said, both sides misuse the Shoah for their propaganda.<\/span><\/p>\n<p style=\"text-align: left;\"><span style=\"color: #000080;\">He cited both the Russian narrative that Moscow had to \u201cde-Nazify Ukraine,\u201d and the Ukrainian retort that Israel should help them as they supposedly assisted the Jews during the Shoah, when, in fact, there was widespread collaboration by Ukrainians in the slaughter of the Jews.<\/span><\/p>\n<p style=\"text-align: left;\"><span style=\"color: #000080;\">\u201cWe see that awareness of Shoah is growing but we have to be sure this awareness is not misused to distort and trivialize the Shoah in a propaganda war,\u201d Dayan said.<\/span><\/p>\n<h4 style=\"text-align: left;\"><strong>Antisemitism in the U.S.<\/strong><\/h4>\n<p style=\"text-align: left;\"><span style=\"color: #000080;\">Dayan, previously Israel\u2019s consul general in New York, said that he was surprised how antisemitism has taken hold in the U.S., a subject he thought would be low on his agenda during his time in a country that does not have the same history of antisemitism as Europe.<\/span><\/p>\n<p style=\"text-align: left;\"><span style=\"color: #000080;\">He said that a synergy had been created between four streams of antisemitism in the U.S.: neo-Nazi white supremacists; ideological Black antisemitism; hooligan antisemitism; and antisemitism thinly veiled as anti-Israel rhetoric.<\/span><\/p>\n<h4 style=\"text-align: left;\"><strong>Lessons of the past<\/strong><\/h4>\n<p style=\"text-align: left;\"><span style=\"color: #000080;\">Dayan said that while the situation today was emphatically not that of Germany in the 1930s, we have a responsibility to learn from the past.<\/span><\/p>\n<p style=\"text-align: left;\"><span style=\"color: #000080;\">\u201cWe have the experience they lacked,\u201d he said. \u201cWe don\u2019t have the privilege to say it can\u2019t happen, because it happened. They were entitled to that terrible naivete; we are not.\u201d<\/span><\/p>\n<p style=\"text-align: left;\"><span style=\"color: #000080;\">Dayan said that the message he shares with foreign dignitaries is that \u201cNever again\u201d is now.<\/span><\/p>\n<p style=\"text-align: left;\"><span style=\"color: #000080;\">\u201cAntisemitism must be confronted and stopped immediately before it develops into monstrous dimensions and then it will be too late to stop,\u201d he said. \u201cWhen you say \u2018Never Again,\u2019 then if you mean it, never is now.\u201d<\/span><\/p>\n<hr style=\"height: 15px; background: #d0e6fa; width: 100%;\" \/>\n<div id=\"content\" class=\"content-alignment\">\n<div id=\"watch-description\" class=\"yt-uix-button-panel\">\n<div id=\"watch-description-text\" style=\"text-align: center;\">\n<p><em>Zawarto\u015b\u0107 publikowanych artyku\u0142\u00f3w i materia\u0142\u00f3w nie reprezentuje pogl\u0105d\u00f3w ani opinii Reunion&#8217;68,<\/em><em><br \/>\nani te\u017c webmastera Blogu Reunion&#8217;68, chyba ze jest to wyra\u017anie zaznaczone.<br \/>\nTwoje uwagi, linki, w\u0142asne artyku\u0142y lub wiadomo\u015bci prze\u015blij na adres:<br \/>\n<\/em><span style=\"color: #000080;\"><strong><em><a style=\"color: #000080;\" href=\"mailto:webmaster@reunion68.com\"><span style=\"text-decoration: underline;\">webmaster@reunion68.com<\/span><\/a><\/em><\/strong><\/span><\/p>\n<\/div>\n<\/div>\n<\/div>\n<hr style=\"width: 100%;\" \/>\n","protected":false},"excerpt":{"rendered":"<p>\u2018Holocaust distortion is rising worldwide\u2019 ETGAR LEFKOVITS Yad Vashem chairman Dani Dayan sits down with JNS for an interview ahead of Israel\u2019s Holocaust Remembrance Day. . Lithuanians massacre Jews at the Liet\u016bkis garage during the Kaunas pogrom, June 27, 1941. Credit: Vilna Gaon State Jewish Museum. Holocaust distortion and trivialization and banalization are on the [&hellip;]<\/p>\n","protected":false},"author":1,"featured_media":0,"comment_status":"closed","ping_status":"closed","sticky":false,"template":"","format":"standard","meta":[],"categories":[6],"tags":[26,24],"_links":{"self":[{"href":"https:\/\/www.reunion68.se\/index.php?rest_route=\/wp\/v2\/posts\/103663"}],"collection":[{"href":"https:\/\/www.reunion68.se\/index.php?rest_route=\/wp\/v2\/posts"}],"about":[{"href":"https:\/\/www.reunion68.se\/index.php?rest_route=\/wp\/v2\/types\/post"}],"author":[{"embeddable":true,"href":"https:\/\/www.reunion68.se\/index.php?rest_route=\/wp\/v2\/users\/1"}],"replies":[{"embeddable":true,"href":"https:\/\/www.reunion68.se\/index.php?rest_route=%2Fwp%2Fv2%2Fcomments&post=103663"}],"version-history":[{"count":6,"href":"https:\/\/www.reunion68.se\/index.php?rest_route=\/wp\/v2\/posts\/103663\/revisions"}],"predecessor-version":[{"id":103672,"href":"https:\/\/www.reunion68.se\/index.php?rest_route=\/wp\/v2\/posts\/103663\/revisions\/103672"}],"wp:attachment":[{"href":"https:\/\/www.reunion68.se\/index.php?rest_route=%2Fwp%2Fv2%2Fmedia&parent=103663"}],"wp:term":[{"taxonomy":"category","embeddable":true,"href":"https:\/\/www.reunion68.se\/index.php?rest_route=%2Fwp%2Fv2%2Fcategories&post=103663"},{"taxonomy":"post_tag","embeddable":true,"href":"https:\/\/www.reunion68.se\/index.php?rest_route=%2Fwp%2Fv2%2Ftags&post=103663"}],"curies":[{"name":"wp","href":"https:\/\/api.w.org\/{rel}","templated":true}]}}