{"id":103745,"date":"2023-04-22T17:05:49","date_gmt":"2023-04-22T15:05:49","guid":{"rendered":"http:\/\/www.reunion68.se\/?p=103745"},"modified":"2023-04-21T19:05:16","modified_gmt":"2023-04-21T17:05:16","slug":"28-00-81","status":"publish","type":"post","link":"https:\/\/www.reunion68.se\/?p=103745","title":{"rendered":"\u2018Incredibly Disturbing\u2019: ADL Calls on Israel to Reconsider New York Consul General Nomination"},"content":{"rendered":"<h5 style=\"text-align: center;\"><a href=\"https:\/\/www.algemeiner.com\/\" target=\"_blank\" rel=\"noopener noreferrer\"><img decoding=\"async\" class=\"center alignleft\" src=\"http:\/\/www.reunion68.com\/Biuletyn\/img\/algem.png\" alt=\"\" width=\"35%\" \/><\/a><span style=\"text-decoration: underline; color: #000080;\"><span><strong><a style=\"color: #000080; text-decoration: underline;\" href=\"https:\/\/www.algemeiner.com\/2023\/04\/21\/incredibly-disturbing-adl-calls-on-israel-to-reconsider-new-york-consul-general-nomination\/\" target=\"_blank\" rel=\"noopener noreferrer\">\u2018Incredibly Disturbing\u2019: ADL Calls on Israel to Reconsider New York Consul General Nomination<\/a><\/strong><\/span><\/span><\/h5>\n<p style=\"text-align: center;\"><span style=\"color: #000000;\"><strong>Andrew Bernard<\/strong><\/span><\/p>\n<hr style=\"height: 15px; background: #d0e6fa; width: 100%;\" \/>\n<p style=\"text-align: center;\"><img decoding=\"async\" class=\"aligncenter\" src=\"https:\/\/www.algemeiner.com\/wp-content\/uploads\/2023\/04\/FqSq_X7WIAM8C3i.jpg\" width=\"100%\" \/><span style=\"color: #808080;\"><em>Likud MK May Golan (L) with Israeli Prime Minister Benjamin Netanyahu, 3 March, 2023 (Photo: Twitter)<\/em><\/span><\/p>\n<p style=\"text-align: left;\"><span style=\"color: #000080;\">The Anti-Defamation League (ADL) in a statement to The Algemeiner called for the Israeli government to reconsider the nomination of Likud MK and minister-without-portfolio May Golan as Israel\u2019s Consul General in New York over past comments she has made about asylum seekers and her description of herself as a \u201cproud racist.\u201d<\/span><\/p>\n<p style=\"text-align: left;\"><span style=\"color: #000080;\">\u201cMinister May Golan\u2019s racist comments about African asylum seekers in Israel and others are incredibly disturbing and raise deep concerns about her fitness to serve as a diplomat in any locale, let alone in a city as diverse and vibrant as New York,\u201d the ADL said in a written statement. \u201cWe hope the Israeli government will reconsider her potential nomination.\u201d<\/span><\/p>\n<p style=\"text-align: left;\"><span style=\"color: #000080;\">The US State Department on Thursday also condemned comments made by Golan, who has also previously said that she does not eat at restaurants with African asylum seekers for fear of catching AIDS.<\/span><\/p>\n<p style=\"text-align: left;\"><span style=\"color: #000080;\">\u201cWe would condemn such kind of rhetoric and believe that such kind of language is also particularly damaging when it\u2019s amplified in leadership positions,\u201d State Department Deputy Spokesperson Vedant Patel told The Algemeiner at a press briefing.<\/span><\/p>\n<p style=\"text-align: left;\"><span style=\"color: #000080;\">Patel said the State Department would not comment on her credentialing as Israel\u2019s Consul General in New York.<\/span><\/p>\n<p style=\"text-align: left;\"><span style=\"color: #000080;\">Golan in a statement on Twitter Thursday confirmed that she was being considered for the Consul Generalship and said she would represent mainstream views and work with the leaders of all US Jewish organizations.<\/span><\/p>\n<p style=\"text-align: left;\"><span style=\"color: #000080;\">\u201cI am very flattetrd [sic] to be considered for the post of Israel\u2019s consul general in NY,\u201d she wrote. \u201cI want to assure everyone that if I will be appointed, I will represent 100% the mainstream policies of PM Netanyahu and the Likud party to which I belong. I am completely committed to the unity of the Jewish people, and that is the exact policy that I will follow. If appointed, I will work with the leaders of all the Jewish organizations \u2013 as part of the effort to strengthen the great partnership between Israel and the American Jewish communities.\u201d<\/span><\/p>\n<p style=\"text-align: left;\"><span style=\"color: #000080;\">Golan has a long history of incendiary statements that some liberal Jewish and Israel-advocacy groups said could undermine her ability to perform her duties as Consul General of New York, a key liaison between the State of Israel and one of the world\u2019s largest Jewish communities.<\/span><\/p>\n<p style=\"text-align: left;\"><span style=\"color: #000080;\">Golan\u2019s office did not immediately respond to a request from\u00a0The Algemeiner for comment.<\/span><\/p>\n<p style=\"text-align: left;\"><span style=\"color: #000080;\">David Halperin, the CEO of Israel Policy Forum, a nonpartisan nonprofit that supports the two-state solution and which last month\u00a0<a style=\"color: #000080;\" href=\"https:\/\/www.algemeiner.com\/2023\/03\/13\/israeli-finance-minister-faces-cold-us-reception-over-palestinian-comments\/\" target=\"_blank\" rel=\"noopener noreferrer\">urged Jewish groups not to meet with Israeli finance minister Bezalel Smotrich<\/a>\u00a0because of his views, told\u00a0<i>The Algemeiner<\/i>\u00a0that while he wasn\u2019t ready to make the same recommendation about Golan, her nomination signals a further rupture between the government of Benjamin Netanyahu and the American Jewish community.<\/span><\/p>\n<p style=\"text-align: left;\"><span style=\"color: #000080;\">\u201cThis just seems like a supremely and, frankly, obviously bad idea,\u201d Halperin said. \u201cThis is the kind of appointment that you make if you\u2019re unconcerned about further strains in the American Jewish community. It\u2019s an appointment that would likely further strain relations with American Jews and do Israel no favors when it comes to favorability of Israel among many Americans.\u201d<\/span><\/p>\n<p style=\"text-align: left;\"><span style=\"color: #000080;\">Rabbi Rick Jacobs,\u00a0President of the Union for Reform Judaism, said on Twitter Thursday that Golan\u2019s appointment would undermine the relationship of Israel with American Jews.\u00a0<\/span><\/p>\n<p style=\"text-align: left;\"><span style=\"color: #000080;\">\u201cWe need a thoughtful, diplomatic, morally credible new consul general in NY,\u201d he said in a tweet addressed to Prime Minister Netanyahu. \u201cMay Golan is none of those. Her brand of Zionism is antithetical to the majority of our community. She will harm not help Israel\u2019s cause.\u201d<\/span><\/p>\n<p style=\"text-align: left;\"><span style=\"color: #000080;\">The Republican Jewish Committee (RJC) did not respond to The Algemeiner\u2019s request for comment.<\/span><\/p>\n<p style=\"text-align: left;\"><span style=\"color: #000080;\">A staunch advocate of the Netanyahu government\u2019s\u00a0<a style=\"color: #000080;\" href=\"https:\/\/www.algemeiner.com\/2023\/03\/27\/biden-administration-welcomes-pause-on-israeli-judicial-reform-package\/\" target=\"_blank\" rel=\"noopener noreferrer\">controversial judicial reform package<\/a>, in 2022 Golan had one of her videos removed from TikTok when she said the Israeli Supreme Court\u2019s decisions on asylum seekers made it culpable for the rape of a woman in Tel Aviv and that the Israeli judiciary rendered Israel a \u201cfake democracy.\u201d<\/span><\/p>\n<p style=\"text-align: left;\"><span style=\"color: #000080;\">\u201cThe word \u2018racist\u2019 has just lost all meaning to me,\u201d she told Fox News\u2019 Sean Hannity in a 2016 interview. \u201cI think I, and the rest of the people of Israel, have the right to protect their homes and its borders and when they\u2019re bringing so many Muslim infiltrators just in the way of trying to change this Jewish country and to have the left radicals get voted in the seats in the parliament then you know that something is very wrong.\u201d<\/span><\/p>\n<hr style=\"height: 15px; background: #d0e6fa; width: 100%;\" \/>\n<div id=\"content\" class=\"content-alignment\">\n<div id=\"watch-description\" class=\"yt-uix-button-panel\">\n<div id=\"watch-description-text\" style=\"text-align: center;\">\n<p><em>Zawarto\u015b\u0107 publikowanych artyku\u0142\u00f3w i materia\u0142\u00f3w nie reprezentuje pogl\u0105d\u00f3w ani opinii Reunion&#8217;68,<\/em><em><br \/>\nani te\u017c webmastera Blogu Reunion&#8217;68, chyba ze jest to wyra\u017anie zaznaczone.<br \/>\nTwoje uwagi, linki, w\u0142asne artyku\u0142y lub wiadomo\u015bci prze\u015blij na adres:<br \/>\n<\/em><span style=\"color: #000080;\"><strong><em><a style=\"color: #000080;\" href=\"mailto:webmaster@reunion68.com\"><span style=\"text-decoration: underline;\">webmaster@reunion68.com<\/span><\/a><\/em><\/strong><\/span><\/p>\n<\/div>\n<\/div>\n<\/div>\n<hr style=\"width: 100%;\" \/>\n","protected":false},"excerpt":{"rendered":"<p>\u2018Incredibly Disturbing\u2019: ADL Calls on Israel to Reconsider New York Consul General Nomination Andrew Bernard Likud MK May Golan (L) with Israeli Prime Minister Benjamin Netanyahu, 3 March, 2023 (Photo: Twitter) The Anti-Defamation League (ADL) in a statement to The Algemeiner called for the Israeli government to reconsider the nomination of Likud MK and minister-without-portfolio [&hellip;]<\/p>\n","protected":false},"author":1,"featured_media":0,"comment_status":"closed","ping_status":"closed","sticky":false,"template":"","format":"standard","meta":[],"categories":[6],"tags":[26,24],"_links":{"self":[{"href":"https:\/\/www.reunion68.se\/index.php?rest_route=\/wp\/v2\/posts\/103745"}],"collection":[{"href":"https:\/\/www.reunion68.se\/index.php?rest_route=\/wp\/v2\/posts"}],"about":[{"href":"https:\/\/www.reunion68.se\/index.php?rest_route=\/wp\/v2\/types\/post"}],"author":[{"embeddable":true,"href":"https:\/\/www.reunion68.se\/index.php?rest_route=\/wp\/v2\/users\/1"}],"replies":[{"embeddable":true,"href":"https:\/\/www.reunion68.se\/index.php?rest_route=%2Fwp%2Fv2%2Fcomments&post=103745"}],"version-history":[{"count":4,"href":"https:\/\/www.reunion68.se\/index.php?rest_route=\/wp\/v2\/posts\/103745\/revisions"}],"predecessor-version":[{"id":103761,"href":"https:\/\/www.reunion68.se\/index.php?rest_route=\/wp\/v2\/posts\/103745\/revisions\/103761"}],"wp:attachment":[{"href":"https:\/\/www.reunion68.se\/index.php?rest_route=%2Fwp%2Fv2%2Fmedia&parent=103745"}],"wp:term":[{"taxonomy":"category","embeddable":true,"href":"https:\/\/www.reunion68.se\/index.php?rest_route=%2Fwp%2Fv2%2Fcategories&post=103745"},{"taxonomy":"post_tag","embeddable":true,"href":"https:\/\/www.reunion68.se\/index.php?rest_route=%2Fwp%2Fv2%2Ftags&post=103745"}],"curies":[{"name":"wp","href":"https:\/\/api.w.org\/{rel}","templated":true}]}}